{"id":170463,"date":"2024-08-12T09:39:55","date_gmt":"2024-08-12T13:39:55","guid":{"rendered":"https:\/\/news.canadamotorjobs.com\/?p=170463"},"modified":"2024-08-12T09:46:18","modified_gmt":"2024-08-12T13:46:18","slug":"mercedes-amg-gt-2024","status":"publish","type":"post","link":"https:\/\/news.canadamotorjobs.com\/fr\/mercedes-amg-gt-2024\/","title":{"rendered":"Mercedes AMG GT 2024"},"content":{"rendered":"<\/p>\n<p>\u00c0 plus de 250 000 $, vous ne serez pas surpris d\u2019apprendre que l\u2019AMG GT est un mod\u00e8le d\u2019exception. Le V8 4,0 litres turbo sous le capot est un monstre de performance. Mais, \u00e0 la fin de notre essai d\u2019une semaine, il nous restait un petit go\u00fbt d\u2019amertume dans la bouche que nous avons mis un certain temps \u00e0 comprendre.<\/p>\n<h3>Une base connue<\/h3>\n<p>\nLa deuxi\u00e8me g\u00e9n\u00e9ration partage d\u00e9sormais la plupart de ses fondations avec la d\u00e9capotable SL et prend donc des proportions plus g\u00e9n\u00e9reuses, ce qui n\u2019est pas n\u00e9cessairement une bonne chose. Elle a grandi dans presque toutes les dimensions, et bien qu&#8217;elle reste toujours une b\u00eate de plaisir, l&#8217;exp\u00e9rience de conduite a \u00e9volu\u00e9. Alors que la premi\u00e8re GT se moulait litt\u00e9ralement au conducteur, la nouvelle<\/p>\n<h3><strong>Un gabarit en plein essor<\/strong><\/h3>\n<p>\nL&#8217;ancienne GT s&#8217;enveloppait litt\u00e9ralement autour du conducteur, mais cette Allemande semble avoir succomb\u00e9 aux tentations des bratwursts au fil des g\u00e9n\u00e9rations. La nouvelle GT est plus longue de 17 cm, plus large de 4,5 cm et plus haute de 6,6 cm que son pr\u00e9d\u00e9cesseur. Elle a \u00e9galement pris du poids, avec 248 kg de plus que le mod\u00e8le de base pr\u00e9c\u00e9dent, atteignant d\u00e9sormais les 1925 kg. Un poids difficile \u00e0 justifier pour une voiture de sport, m\u00eame aussi performante. C\u2019est vrai qu\u2019il y a certains avantages \u00e0 cette nouvelle stature. L&#8217;habitacle est moins compact et offre d\u00e9sormais suffisamment d&#8217;espace pour un si\u00e8ge arri\u00e8re optionnel de style Porsche 911 pratique pour un surplus de bagages. Le coffre passe de 283 \u00e0 311 litres, et peut m\u00eame atteindre 680 litres avec la banquette arri\u00e8re rabattable, sans frais suppl\u00e9mentaires. Un espace surprenant pour une voiture de ce type.<\/p>\n<h3><strong>On passe en 4 roues motrices<\/strong><\/h3>\n<p>\nL\u2019embonpoint passe aussi en 2024 par le choix d\u2019une transmission int\u00e9grale. Bien qu&#8217;elle n&#8217;ait jamais \u00e9t\u00e9 propos\u00e9e sur la premi\u00e8re g\u00e9n\u00e9ration, elle est d\u00e9sormais de s\u00e9rie, tout comme la direction de l&#8217;essieu arri\u00e8re. Sous le capot, le V8 biturbo de 4,0 litres d\u00e9veloppe toujours 577 chevaux et 590 lb-pi de couple, comme sur la SL63, et il est coupl\u00e9 \u00e0 la m\u00eame transmission automatique \u00e0 neuf rapports. L\u2019ajout de toute cette technologie dans la conduite se traduit par une tenue de route qui transcende les lois de la gravit\u00e9. En plus de vous amener dans un tonnerre m\u00e9canique de 0 \u00e0 100 km\/h en 3 secondes tout juste, la voiture prend une courbe comme si vous \u00e9tiez sur un rail. Il faut toutefois s\u2019habituer \u00e0 l\u2019acc\u00e9l\u00e9rateur qui semble monter sur un bloc en ciment. Les r\u00e9actions des turbos sont aussi brutales que soudaines. Il faudra aussi vous faire \u00e0 l\u2019inconfort constant de la suspension tr\u00e8s s\u00e8che, m\u00eame en mode confort. Si la route que vous fr\u00e9quentez n\u2019est pas du calibre d\u2019une table de billard, votre dos prendra les coups. Disons qu\u2019\u00e0 notre 3<sup>e<\/sup> journ\u00e9e, nous avions appris \u00e0 g\u00e9rer l\u2019acc\u00e9l\u00e9rateur et \u00e0 faire un peu de slalom entre les imperfections de la route pour m\u00e9nager la colonne vert\u00e9brale. Il faut aussi apprendre \u00e0 g\u00e9rer le caract\u00e8re fougueux de la b\u00eate. Si l\u2019acc\u00e9l\u00e9rateur n\u2019est pas enfonc\u00e9 avec mod\u00e9ration, vous allez constamment vous \u00e9crasez dans le fond de votre si\u00e8ge, ce qui admettons le, n\u2019est pas d\u00e9sagr\u00e9able en soi.<\/p>\n<h3><strong>Comportement routier et sensations contrast\u00e9es<\/strong><\/h3>\n<p>\nLa direction est \u00e9galement plus lourde que l\u2019ancien mod\u00e8le, et la suspension d\u00e9j\u00e0 limite en mode confort, devient inconfortable en mode sport et nous n\u2019avons pas encore abord\u00e9 les mode sport + et Race. Cependant, la vraie d\u00e9ception dynamique vient de la bo\u00eete automatique \u00e0 neuf rapports qui est la m\u00eame que la SL. C\u2019est un peu comme si vous donniez une paire de sandale \u00e0 Andr\u00e9 De Grasse pour courir un 100 m\u00e8tres. Un peu lente \u00e0 r\u00e9gir \u00e0 la mise en marche, elle devient violente une fois lanc\u00e9e. Mercedes par le pass\u00e9 avait des bo\u00eetes \u00e0 rapports courts, plus sportives pour ses mod\u00e8les AMG. On se demande pourquoi cette approche n\u2019a pas \u00e9t\u00e9 privil\u00e9gi\u00e9 dans ce cas-ci. Cela dit la performance demeure hors-norme. Vous allez atteindre 1,06 g dans les virages, avec une r\u00e9partition du poids plus ax\u00e9e sur l&#8217;arri\u00e8re, mais d\u00e9sormais, la balance est invers\u00e9e avec 54 % du poids sur l&#8217;avant. Sentir l&#8217;avant tirer en sortie de virage est une exp\u00e9rience nouvelle.<\/p>\n<h3>Un habitacle \u00e0 l\u2019image de la SL<\/h3>\n<p>\nSans surprise, la GT l\u2019essentiel des \u00e9l\u00e9ments de la SL. La faible hauteur et les portes longues rendent l&#8217;entr\u00e9e et la sortie un peu acrobatiques, mais cela fait partie du charme des sportives. Notre mod\u00e8le \u00e0 l\u2019essai n\u2019avait pas de banquette, mais un surplus d\u2019espace pour un sac de plage ou deux. Il faut quelques minutes pour trouver une bonne position de conduite en raison du capot interminable devant. Heureusement, les cam\u00e9ras panoramique rendent le stationnement ou les man\u0153uvres dans des espaces restreints relativement faciles.<\/p>\n<h3>Une techno \u00e0 la hauteur<\/h3>\n<p>\nVous avez droit \u00e0 la plus r\u00e9cente version\u00a0 MBUX de la marque, calquer sur la SL. Tout est reli\u00e9 \u00e0 l&#8217;\u00e9cran tactile, et ce n&#8217;est pas le syst\u00e8me le plus intuitif, alors pr\u00e9voyez du temps pour vous y faire. Le syst\u00e8me en soi est assez bon, mais il peut \u00eatre lent \u00e0 se charger au d\u00e9marrage de la voiture. Le syst\u00e8me de navigation du coup\u00e9 AMG GT est impressionnant. L&#8217;\u00e9cran large permet d&#8217;afficher une carte grande et facile \u00e0 lire. Les indications tournant par tournant sont simples \u00e0 entrer et faciles \u00e0 suivre, et vous pouvez afficher la carte sur l&#8217;\u00e9cran central ou sur le tableau de bord. Les commandes vocales permettent de faire des choses comme entrer des adresses ou rechercher des stations-service pour fournie en carburant ce goinfre de V8. L&#8217;AMG GT est \u00e9quip\u00e9e de la connexion sans fil Apple CarPlay et Android Auto. Il y a quatre ports USB-C et un chargeur sans fil, ce qui est plus que ce qu&#8217;offrent la plupart des coup\u00e9s. Le syst\u00e8me audio Burmester de s\u00e9rie \u00e9tablit une r\u00e9f\u00e9rence pour la cat\u00e9gorie. Nous passerons sous silence les nombreuses aides \u00e0 la conduite qui sont toujours redoutable d\u2019efficacit\u00e9 chez Mercedes<\/p>\n<h3><strong>Conclusion <\/strong><\/h3>\n<p>\nLa nouvelle AMG GT est \u00e0 la fois aussi sauvage et plus civilis\u00e9e que l&#8217;ancienne, ce que certains appr\u00e9cieront et d\u2019autres d\u00e9ploreront. Son espace int\u00e9rieur accru et quelques mises \u00e0 jour technologiques sont les bienvenues. Cette deuxi\u00e8me g\u00e9n\u00e9ration est bien plus vivable au quotidien que sa pr\u00e9d\u00e9cesseure, mais elle son temp\u00e9rament rebel.<\/p>\n<p>\u00a0<\/p>\n<h3><strong>Forces<\/strong><\/h3>\n<p>\nPerformance d\u00e9coiffante,<\/p>\n<p>allure diaboliquement s\u00e9duisante<\/p>\n<p>quatre roues motrices.<\/p>\n<h3><strong>Faiblesses<\/strong><\/h3>\n<p>\nPlus grande et plus lourde qu&#8217;avant,<\/p>\n<p>transmission lente<\/p>\n<p>Dieu que c\u2019est cher<\/p>\n<p>\u00a0<\/p>\n<p>Le texte <a rel=\"nofollow\" href=\"https:\/\/annuelauto.ca\/mercedes-amg-gt-2024\/\">Mercedes AMG GT 2024<\/a> provient de <a rel=\"nofollow\" href=\"https:\/\/annuelauto.ca\">L&#8217;annuel de l&#8217;automobile &#8211; Actualit\u00e9 automobile<\/a><\/p>\n<p><\/p>\n","protected":false},"excerpt":{"rendered":"<p>\u00c0 plus de 250 000 $, vous ne serez pas surpris d\u2019apprendre que l\u2019AMG GT est un mod\u00e8le d\u2019exception. Le V8 4,0 litres turbo sous le capot est un monstre de performance. Mais, \u00e0 la fin de notre essai d\u2019une semaine, il nous restait un petit go\u00fbt d\u2019amertume dans la bouche que nous avons mis [&hellip;]<\/p>\n","protected":false},"author":8,"featured_media":170465,"comment_status":"close","ping_status":"closed","sticky":false,"template":"","format":"standard","meta":{"_monsterinsights_skip_tracking":false,"_monsterinsights_sitenote_active":false,"_monsterinsights_sitenote_note":"","_monsterinsights_sitenote_category":0,"footnotes":""},"categories":[101],"tags":[],"yoast_head":"<!-- This site is optimized with the Yoast SEO plugin v23.2 - https:\/\/yoast.com\/wordpress\/plugins\/seo\/ -->\n<title>Mercedes AMG GT 2024 - CanadaMotorJobs.com<\/title>\n<meta name=\"description\" content=\"Mercedes AMG GT 2024 - Benoit Charette - Annuel automobile - CanadaMotorJobs.com.\" \/>\n<meta name=\"robots\" content=\"index, follow, max-snippet:-1, max-image-preview:large, max-video-preview:-1\" \/>\n<meta property=\"og:locale\" content=\"fr_CA\" \/>\n<meta property=\"og:type\" content=\"article\" \/>\n<meta property=\"og:title\" content=\"Mercedes AMG GT 2024 - CanadaMotorJobs.com\" \/>\n<meta property=\"og:description\" content=\"Mercedes AMG GT 2024 - Benoit Charette - Annuel automobile - CanadaMotorJobs.com.\" \/>\n<meta property=\"og:url\" content=\"https:\/\/news.canadamotorjobs.com\/fr\/mercedes-amg-gt-2024\/\" \/>\n<meta property=\"og:site_name\" content=\"CanadaMotorJobs.com\" \/>\n<meta property=\"article:publisher\" content=\"https:\/\/www.facebook.com\/canadamotorjobs\/\" \/>\n<meta property=\"article:published_time\" content=\"2024-08-12T13:39:55+00:00\" \/>\n<meta property=\"article:modified_time\" content=\"2024-08-12T13:46:18+00:00\" \/>\n<meta property=\"og:image\" content=\"https:\/\/news.canadamotorjobs.com\/wp-content\/uploads\/2024\/08\/Mercedes-Benz-AMG_GT_Coupe-2024-1280-a4d8e78a30e2f7902e0b0251255d543488.jpg\" \/>\n\t<meta property=\"og:image:width\" content=\"1280\" \/>\n\t<meta property=\"og:image:height\" content=\"960\" \/>\n\t<meta property=\"og:image:type\" content=\"image\/jpeg\" \/>\n<meta name=\"author\" content=\"Benoit Charette\" \/>\n<meta name=\"twitter:card\" content=\"summary_large_image\" \/>\n<meta name=\"twitter:creator\" content=\"@canadamotorjobs\" \/>\n<meta name=\"twitter:site\" content=\"@canadamotorjobs\" \/>\n<meta name=\"twitter:label1\" content=\"\u00c9crit par\" \/>\n\t<meta name=\"twitter:data1\" content=\"Benoit Charette\" \/>\n\t<meta name=\"twitter:label2\" content=\"Estimation du temps de lecture\" \/>\n\t<meta name=\"twitter:data2\" content=\"6 minutes\" \/>\n<!-- \/ Yoast SEO plugin. -->","yoast_head_json":{"title":"Mercedes AMG GT 2024 - CanadaMotorJobs.com","description":"Mercedes AMG GT 2024 - Benoit Charette - Annuel automobile - CanadaMotorJobs.com.","robots":{"index":"index","follow":"follow","max-snippet":"max-snippet:-1","max-image-preview":"max-image-preview:large","max-video-preview":"max-video-preview:-1"},"og_locale":"fr_CA","og_type":"article","og_title":"Mercedes AMG GT 2024 - CanadaMotorJobs.com","og_description":"Mercedes AMG GT 2024 - Benoit Charette - Annuel automobile - CanadaMotorJobs.com.","og_url":"https:\/\/news.canadamotorjobs.com\/fr\/mercedes-amg-gt-2024\/","og_site_name":"CanadaMotorJobs.com","article_publisher":"https:\/\/www.facebook.com\/canadamotorjobs\/","article_published_time":"2024-08-12T13:39:55+00:00","article_modified_time":"2024-08-12T13:46:18+00:00","og_image":[{"width":1280,"height":960,"url":"https:\/\/news.canadamotorjobs.com\/wp-content\/uploads\/2024\/08\/Mercedes-Benz-AMG_GT_Coupe-2024-1280-a4d8e78a30e2f7902e0b0251255d543488.jpg","type":"image\/jpeg"}],"author":"Benoit Charette","twitter_card":"summary_large_image","twitter_creator":"@canadamotorjobs","twitter_site":"@canadamotorjobs","twitter_misc":{"\u00c9crit par":"Benoit Charette","Estimation du temps de lecture":"6 minutes"},"schema":{"@context":"https:\/\/schema.org","@graph":[{"@type":"Article","@id":"https:\/\/news.canadamotorjobs.com\/fr\/mercedes-amg-gt-2024\/#article","isPartOf":{"@id":"https:\/\/news.canadamotorjobs.com\/fr\/mercedes-amg-gt-2024\/"},"author":{"name":"Benoit Charette","@id":"https:\/\/news.canadamotorjobs.com\/#\/schema\/person\/51793d1f87d44011d7bcc2ed99269a90"},"headline":"Mercedes AMG GT 2024","datePublished":"2024-08-12T13:39:55+00:00","dateModified":"2024-08-12T13:46:18+00:00","mainEntityOfPage":{"@id":"https:\/\/news.canadamotorjobs.com\/fr\/mercedes-amg-gt-2024\/"},"wordCount":1196,"publisher":{"@id":"https:\/\/news.canadamotorjobs.com\/#organization"},"image":{"@id":"https:\/\/news.canadamotorjobs.com\/fr\/mercedes-amg-gt-2024\/#primaryimage"},"thumbnailUrl":"https:\/\/news.canadamotorjobs.com\/wp-content\/uploads\/2024\/08\/Mercedes-Benz-AMG_GT_Coupe-2024-1280-a4d8e78a30e2f7902e0b0251255d543488.jpg","articleSection":["Annuel automobile"],"inLanguage":"fr-CA"},{"@type":"WebPage","@id":"https:\/\/news.canadamotorjobs.com\/fr\/mercedes-amg-gt-2024\/","url":"https:\/\/news.canadamotorjobs.com\/fr\/mercedes-amg-gt-2024\/","name":"Mercedes AMG GT 2024 - CanadaMotorJobs.com","isPartOf":{"@id":"https:\/\/news.canadamotorjobs.com\/#website"},"primaryImageOfPage":{"@id":"https:\/\/news.canadamotorjobs.com\/fr\/mercedes-amg-gt-2024\/#primaryimage"},"image":{"@id":"https:\/\/news.canadamotorjobs.com\/fr\/mercedes-amg-gt-2024\/#primaryimage"},"thumbnailUrl":"https:\/\/news.canadamotorjobs.com\/wp-content\/uploads\/2024\/08\/Mercedes-Benz-AMG_GT_Coupe-2024-1280-a4d8e78a30e2f7902e0b0251255d543488.jpg","datePublished":"2024-08-12T13:39:55+00:00","dateModified":"2024-08-12T13:46:18+00:00","description":"Mercedes AMG GT 2024 - Benoit Charette - Annuel automobile - CanadaMotorJobs.com.","breadcrumb":{"@id":"https:\/\/news.canadamotorjobs.com\/fr\/mercedes-amg-gt-2024\/#breadcrumb"},"inLanguage":"fr-CA","potentialAction":[{"@type":"ReadAction","target":["https:\/\/news.canadamotorjobs.com\/fr\/mercedes-amg-gt-2024\/"]}]},{"@type":"ImageObject","inLanguage":"fr-CA","@id":"https:\/\/news.canadamotorjobs.com\/fr\/mercedes-amg-gt-2024\/#primaryimage","url":"https:\/\/news.canadamotorjobs.com\/wp-content\/uploads\/2024\/08\/Mercedes-Benz-AMG_GT_Coupe-2024-1280-a4d8e78a30e2f7902e0b0251255d543488.jpg","contentUrl":"https:\/\/news.canadamotorjobs.com\/wp-content\/uploads\/2024\/08\/Mercedes-Benz-AMG_GT_Coupe-2024-1280-a4d8e78a30e2f7902e0b0251255d543488.jpg","width":1280,"height":960},{"@type":"BreadcrumbList","@id":"https:\/\/news.canadamotorjobs.com\/fr\/mercedes-amg-gt-2024\/#breadcrumb","itemListElement":[{"@type":"ListItem","position":1,"name":"Home","item":"https:\/\/news.canadamotorjobs.com\/fr\/blog\/"},{"@type":"ListItem","position":2,"name":"Mercedes AMG GT 2024"}]},{"@type":"WebSite","@id":"https:\/\/news.canadamotorjobs.com\/#website","url":"https:\/\/news.canadamotorjobs.com\/","name":"CanadaMotorJobs.com","description":"Automotive Jobs","publisher":{"@id":"https:\/\/news.canadamotorjobs.com\/#organization"},"potentialAction":[{"@type":"SearchAction","target":{"@type":"EntryPoint","urlTemplate":"https:\/\/news.canadamotorjobs.com\/?s={search_term_string}"},"query-input":"required name=search_term_string"}],"inLanguage":"fr-CA"},{"@type":"Organization","@id":"https:\/\/news.canadamotorjobs.com\/#organization","name":"Canada Motor Jobs","url":"https:\/\/news.canadamotorjobs.com\/","logo":{"@type":"ImageObject","inLanguage":"fr-CA","@id":"https:\/\/news.canadamotorjobs.com\/#\/schema\/logo\/image\/","url":"https:\/\/news.canadamotorjobs.com\/wp-content\/uploads\/2022\/10\/logo-canada-motor-jobs-1.png","contentUrl":"https:\/\/news.canadamotorjobs.com\/wp-content\/uploads\/2022\/10\/logo-canada-motor-jobs-1.png","width":800,"height":400,"caption":"Canada Motor Jobs"},"image":{"@id":"https:\/\/news.canadamotorjobs.com\/#\/schema\/logo\/image\/"},"sameAs":["https:\/\/www.facebook.com\/canadamotorjobs\/","https:\/\/x.com\/canadamotorjobs","https:\/\/www.instagram.com\/canadamotorjobs\/","https:\/\/www.linkedin.com\/company\/canadamotorjobs"]},{"@type":"Person","@id":"https:\/\/news.canadamotorjobs.com\/#\/schema\/person\/51793d1f87d44011d7bcc2ed99269a90","name":"Benoit Charette","image":{"@type":"ImageObject","inLanguage":"fr-CA","@id":"https:\/\/news.canadamotorjobs.com\/#\/schema\/person\/image\/","url":"https:\/\/secure.gravatar.com\/avatar\/45f3d2eebcccd909668d7ce7ea7267b6?s=96&d=mm&r=g","contentUrl":"https:\/\/secure.gravatar.com\/avatar\/45f3d2eebcccd909668d7ce7ea7267b6?s=96&d=mm&r=g","caption":"Benoit Charette"},"description":"Benoit Charette \/ Propri\u00e9taire et r\u00e9dacteur en chef Benoit Charette pratique le journalisme automobile depuis bient\u00f4t 30 ans. Il a fait ses classes au c\u00f4t\u00e9 de Daniel H\u00e9raud et au Carnet de route de 1992 \u00e0 2001. Il est fondateur, copropri\u00e9taire et r\u00e9dacteur en chef de L\u2019Annuel de l\u2019automobile, qu\u2019il publie depuis 2001. Il a anim\u00e9 les \u00e9missions RPM et RPM+ sur V et les L\u00e9gendes de la route sur Historia. \u00c0 la radio depuis 1986, il reprend l\u2019antenne cette ann\u00e9e sur les ondes de Cogeco et participe pour la deuxi\u00e8me ann\u00e9e \u00e0 l\u2019\u00e9mission Passion Auto sur RDS en plus de mettre en ligne le site Web officiel de L\u2019Annuel de l\u2019automobile sur annuelauto.ca.","sameAs":["https:\/\/annuelauto.ca\/"],"url":"https:\/\/news.canadamotorjobs.com\/fr\/author\/benoit-charette\/"}]}},"_links":{"self":[{"href":"https:\/\/news.canadamotorjobs.com\/fr\/wp-json\/wp\/v2\/posts\/170463"}],"collection":[{"href":"https:\/\/news.canadamotorjobs.com\/fr\/wp-json\/wp\/v2\/posts"}],"about":[{"href":"https:\/\/news.canadamotorjobs.com\/fr\/wp-json\/wp\/v2\/types\/post"}],"author":[{"embeddable":true,"href":"https:\/\/news.canadamotorjobs.com\/fr\/wp-json\/wp\/v2\/users\/8"}],"replies":[{"embeddable":true,"href":"https:\/\/news.canadamotorjobs.com\/fr\/wp-json\/wp\/v2\/comments?post=170463"}],"version-history":[{"count":2,"href":"https:\/\/news.canadamotorjobs.com\/fr\/wp-json\/wp\/v2\/posts\/170463\/revisions"}],"predecessor-version":[{"id":170467,"href":"https:\/\/news.canadamotorjobs.com\/fr\/wp-json\/wp\/v2\/posts\/170463\/revisions\/170467"}],"wp:featuredmedia":[{"embeddable":true,"href":"https:\/\/news.canadamotorjobs.com\/fr\/wp-json\/wp\/v2\/media\/170465"}],"wp:attachment":[{"href":"https:\/\/news.canadamotorjobs.com\/fr\/wp-json\/wp\/v2\/media?parent=170463"}],"wp:term":[{"taxonomy":"category","embeddable":true,"href":"https:\/\/news.canadamotorjobs.com\/fr\/wp-json\/wp\/v2\/categories?post=170463"},{"taxonomy":"post_tag","embeddable":true,"href":"https:\/\/news.canadamotorjobs.com\/fr\/wp-json\/wp\/v2\/tags?post=170463"}],"curies":[{"name":"wp","href":"https:\/\/api.w.org\/{rel}","templated":true}]}}