{"id":170432,"date":"2024-08-12T08:04:12","date_gmt":"2024-08-12T12:04:12","guid":{"rendered":"https:\/\/news.canadamotorjobs.com\/?p=170432"},"modified":"2024-08-12T08:14:32","modified_gmt":"2024-08-12T12:14:32","slug":"mg-prevoit-de-construire-des-installations-au-mexique","status":"publish","type":"post","link":"https:\/\/news.canadamotorjobs.com\/fr\/mg-prevoit-de-construire-des-installations-au-mexique\/","title":{"rendered":"MG pr\u00e9voit de construire des installations au Mexique"},"content":{"rendered":"<\/p>\n<h3><strong>Retour potentiel de MG aux \u00c9tats-Unis<\/strong><\/h3>\n<p>\nLes plus anciens d&#8217;entre nous se souviennent de Morris Garages (MG). Cette petite compagnie britannique devenue Chinoise est absente march\u00e9 nord-am\u00e9ricain depuis un certain temps, mais il se pourrait que l&#8217;ancienne marque britannique y fasse son retour. Selon un rapport r\u00e9cent d&#8217;Automotive News, MG envisage de construire des installations au Mexique, le plus grand partenaire commercial des \u00c9tats-Unis en 2023. Le constructeur du roadster \u00e9lectrique Cyberster a annonc\u00e9 cette semaine son intention de construire une usine de fabrication et un centre de recherche et d\u00e9veloppement dans le pays. Cependant, le constructeur d\u00e9tenu par SAIC n&#8217;a pas sp\u00e9cifiquement mentionn\u00e9 la possibilit\u00e9 de vendre des voitures aux \u00c9tats-Unis ou au Canada ; les installations mexicaines serviront \u00e0 renforcer la pr\u00e9sence de la marque en Am\u00e9rique latine et centrale.<\/p>\n<h3><strong>L&#8217;importance du Mexique<\/strong><\/h3>\n<p>\nLe Mexique est une base de production cl\u00e9 pour les constructeurs de v\u00e9hicules \u00e9lectriques, en particulier pour ceux qui souhaitent vendre des voitures dans la r\u00e9gion. Il est \u00e9galement un site strat\u00e9gique pour les entreprises qui n&#8217;ont pas encore de pr\u00e9sence aux \u00c9tats-Unis, servant de pont entre les deux march\u00e9s. De plus, les v\u00e9hicules \u00e9lectriques fabriqu\u00e9s au Mexique ont un avantage lorsqu&#8217;ils franchissent la fronti\u00e8re nord. En vertu de l&#8217;Inflation Reduction Act de Biden, les v\u00e9hicules \u00e9lectriques construits au Mexique (si toutes les conditions sont remplies) peuvent b\u00e9n\u00e9ficier de cr\u00e9dits d&#8217;imp\u00f4t qui contribuent \u00e0 r\u00e9duire leur prix, les rendant ainsi plus attractifs pour les acheteurs am\u00e9ricains. Il est \u00e9vident que les constructeurs automobiles veulent tirer parti de cet avantage fiscal \u2013 Audi en est un exemple, ayant r\u00e9cemment annonc\u00e9 un investissement important dans son usine mexicaine. Le constructeur chinois BYD a \u00e9galement annonc\u00e9 plus t\u00f4t cette ann\u00e9e la construction d&#8217;une usine au Mexique, bien qu&#8217;il ait imm\u00e9diatement d\u00e9menti toute rumeur de vente de voitures aux \u00c9tats-Unis.<\/p>\n<h3><strong>La connexion chinoise<\/strong><\/h3>\n<p>\nIl reste \u00e0 voir si MG utilisera son investissement mexicain pour revenir sur le march\u00e9 nord-am\u00e9ricain. Ce mouvement permettrait \u00e9galement au constructeur de contourner la campagne de Biden contre les produits fabriqu\u00e9s en Chine, en particulier le tarif de 102 % impos\u00e9 aux produits import\u00e9s de la R\u00e9publique populaire. Il est \u00e9galement important de noter que MG est essentiellement un constructeur chinois. Bien que la marque ait des racines britanniques, elle est g\u00e9r\u00e9e et exploit\u00e9e par SAIC Motor \u2013 l&#8217;un des plus grands constructeurs d&#8217;\u00c9tat chinois \u2013 depuis 2007. Son si\u00e8ge est \u00e0 Shanghai, bien qu&#8217;elle dispose \u00e9galement d&#8217;installations de production en Chine, en Tha\u00eflande et en Inde. Un projet de production de voitures en Europe est \u00e9galement en pr\u00e9paration.<\/p>\n<p>Avec des renseignements d&#8217;Automotive News<\/p>\n<p>Le texte <a rel=\"nofollow\" href=\"https:\/\/annuelauto.ca\/mg-prevoit-de-construire-des-installations-au-mexique\/\">MG pr\u00e9voit de construire des installations au Mexique<\/a> provient de <a rel=\"nofollow\" href=\"https:\/\/annuelauto.ca\">L&#8217;annuel de l&#8217;automobile &#8211; Actualit\u00e9 automobile<\/a><\/p>\n<p><\/p>\n","protected":false},"excerpt":{"rendered":"<p>Retour potentiel de MG aux \u00c9tats-Unis Les plus anciens d&#8217;entre nous se souviennent de Morris Garages (MG). Cette petite compagnie britannique devenue Chinoise est absente march\u00e9 nord-am\u00e9ricain depuis un certain temps, mais il se pourrait que l&#8217;ancienne marque britannique y fasse son retour. Selon un rapport r\u00e9cent d&#8217;Automotive News, MG envisage de construire des installations [&hellip;]<\/p>\n","protected":false},"author":8,"featured_media":170434,"comment_status":"close","ping_status":"closed","sticky":false,"template":"","format":"standard","meta":{"_monsterinsights_skip_tracking":false,"_monsterinsights_sitenote_active":false,"_monsterinsights_sitenote_note":"","_monsterinsights_sitenote_category":0,"footnotes":""},"categories":[101],"tags":[],"yoast_head":"<!-- This site is optimized with the Yoast SEO plugin v23.2 - https:\/\/yoast.com\/wordpress\/plugins\/seo\/ -->\n<title>MG pr\u00e9voit de construire des installations au Mexique - CanadaMotorJobs.com<\/title>\n<meta name=\"description\" content=\"MG pr\u00e9voit de construire des installations au Mexique - Benoit Charette - Annuel automobile - CanadaMotorJobs.com.\" \/>\n<meta name=\"robots\" content=\"index, follow, max-snippet:-1, max-image-preview:large, max-video-preview:-1\" \/>\n<meta property=\"og:locale\" content=\"fr_CA\" \/>\n<meta property=\"og:type\" content=\"article\" \/>\n<meta property=\"og:title\" content=\"MG pr\u00e9voit de construire des installations au Mexique - CanadaMotorJobs.com\" \/>\n<meta property=\"og:description\" content=\"MG pr\u00e9voit de construire des installations au Mexique - Benoit Charette - Annuel automobile - CanadaMotorJobs.com.\" \/>\n<meta property=\"og:url\" content=\"https:\/\/news.canadamotorjobs.com\/fr\/mg-prevoit-de-construire-des-installations-au-mexique\/\" \/>\n<meta property=\"og:site_name\" content=\"CanadaMotorJobs.com\" \/>\n<meta property=\"article:publisher\" content=\"https:\/\/www.facebook.com\/canadamotorjobs\/\" \/>\n<meta property=\"article:published_time\" content=\"2024-08-12T12:04:12+00:00\" \/>\n<meta property=\"article:modified_time\" content=\"2024-08-12T12:14:32+00:00\" \/>\n<meta property=\"og:image\" content=\"https:\/\/news.canadamotorjobs.com\/wp-content\/uploads\/2024\/08\/MG-Cyberster-Front-scaled-1.jpg\" \/>\n\t<meta property=\"og:image:width\" content=\"2560\" \/>\n\t<meta property=\"og:image:height\" content=\"1707\" \/>\n\t<meta property=\"og:image:type\" content=\"image\/jpeg\" \/>\n<meta name=\"author\" content=\"Benoit Charette\" \/>\n<meta name=\"twitter:card\" content=\"summary_large_image\" \/>\n<meta name=\"twitter:creator\" content=\"@canadamotorjobs\" \/>\n<meta name=\"twitter:site\" content=\"@canadamotorjobs\" \/>\n<meta name=\"twitter:label1\" content=\"\u00c9crit par\" \/>\n\t<meta name=\"twitter:data1\" content=\"Benoit Charette\" \/>\n\t<meta name=\"twitter:label2\" content=\"Estimation du temps de lecture\" \/>\n\t<meta name=\"twitter:data2\" content=\"2 minutes\" \/>\n<!-- \/ Yoast SEO plugin. -->","yoast_head_json":{"title":"MG pr\u00e9voit de construire des installations au Mexique - CanadaMotorJobs.com","description":"MG pr\u00e9voit de construire des installations au Mexique - Benoit Charette - Annuel automobile - CanadaMotorJobs.com.","robots":{"index":"index","follow":"follow","max-snippet":"max-snippet:-1","max-image-preview":"max-image-preview:large","max-video-preview":"max-video-preview:-1"},"og_locale":"fr_CA","og_type":"article","og_title":"MG pr\u00e9voit de construire des installations au Mexique - CanadaMotorJobs.com","og_description":"MG pr\u00e9voit de construire des installations au Mexique - Benoit Charette - Annuel automobile - CanadaMotorJobs.com.","og_url":"https:\/\/news.canadamotorjobs.com\/fr\/mg-prevoit-de-construire-des-installations-au-mexique\/","og_site_name":"CanadaMotorJobs.com","article_publisher":"https:\/\/www.facebook.com\/canadamotorjobs\/","article_published_time":"2024-08-12T12:04:12+00:00","article_modified_time":"2024-08-12T12:14:32+00:00","og_image":[{"width":2560,"height":1707,"url":"https:\/\/news.canadamotorjobs.com\/wp-content\/uploads\/2024\/08\/MG-Cyberster-Front-scaled-1.jpg","type":"image\/jpeg"}],"author":"Benoit Charette","twitter_card":"summary_large_image","twitter_creator":"@canadamotorjobs","twitter_site":"@canadamotorjobs","twitter_misc":{"\u00c9crit par":"Benoit Charette","Estimation du temps de lecture":"2 minutes"},"schema":{"@context":"https:\/\/schema.org","@graph":[{"@type":"Article","@id":"https:\/\/news.canadamotorjobs.com\/fr\/mg-prevoit-de-construire-des-installations-au-mexique\/#article","isPartOf":{"@id":"https:\/\/news.canadamotorjobs.com\/fr\/mg-prevoit-de-construire-des-installations-au-mexique\/"},"author":{"name":"Benoit Charette","@id":"https:\/\/news.canadamotorjobs.com\/#\/schema\/person\/51793d1f87d44011d7bcc2ed99269a90"},"headline":"MG pr\u00e9voit de construire des installations au Mexique","datePublished":"2024-08-12T12:04:12+00:00","dateModified":"2024-08-12T12:14:32+00:00","mainEntityOfPage":{"@id":"https:\/\/news.canadamotorjobs.com\/fr\/mg-prevoit-de-construire-des-installations-au-mexique\/"},"wordCount":499,"publisher":{"@id":"https:\/\/news.canadamotorjobs.com\/#organization"},"image":{"@id":"https:\/\/news.canadamotorjobs.com\/fr\/mg-prevoit-de-construire-des-installations-au-mexique\/#primaryimage"},"thumbnailUrl":"https:\/\/news.canadamotorjobs.com\/wp-content\/uploads\/2024\/08\/MG-Cyberster-Front-scaled-1.jpg","articleSection":["Annuel automobile"],"inLanguage":"fr-CA"},{"@type":"WebPage","@id":"https:\/\/news.canadamotorjobs.com\/fr\/mg-prevoit-de-construire-des-installations-au-mexique\/","url":"https:\/\/news.canadamotorjobs.com\/fr\/mg-prevoit-de-construire-des-installations-au-mexique\/","name":"MG pr\u00e9voit de construire des installations au Mexique - CanadaMotorJobs.com","isPartOf":{"@id":"https:\/\/news.canadamotorjobs.com\/#website"},"primaryImageOfPage":{"@id":"https:\/\/news.canadamotorjobs.com\/fr\/mg-prevoit-de-construire-des-installations-au-mexique\/#primaryimage"},"image":{"@id":"https:\/\/news.canadamotorjobs.com\/fr\/mg-prevoit-de-construire-des-installations-au-mexique\/#primaryimage"},"thumbnailUrl":"https:\/\/news.canadamotorjobs.com\/wp-content\/uploads\/2024\/08\/MG-Cyberster-Front-scaled-1.jpg","datePublished":"2024-08-12T12:04:12+00:00","dateModified":"2024-08-12T12:14:32+00:00","description":"MG pr\u00e9voit de construire des installations au Mexique - Benoit Charette - Annuel automobile - CanadaMotorJobs.com.","breadcrumb":{"@id":"https:\/\/news.canadamotorjobs.com\/fr\/mg-prevoit-de-construire-des-installations-au-mexique\/#breadcrumb"},"inLanguage":"fr-CA","potentialAction":[{"@type":"ReadAction","target":["https:\/\/news.canadamotorjobs.com\/fr\/mg-prevoit-de-construire-des-installations-au-mexique\/"]}]},{"@type":"ImageObject","inLanguage":"fr-CA","@id":"https:\/\/news.canadamotorjobs.com\/fr\/mg-prevoit-de-construire-des-installations-au-mexique\/#primaryimage","url":"https:\/\/news.canadamotorjobs.com\/wp-content\/uploads\/2024\/08\/MG-Cyberster-Front-scaled-1.jpg","contentUrl":"https:\/\/news.canadamotorjobs.com\/wp-content\/uploads\/2024\/08\/MG-Cyberster-Front-scaled-1.jpg","width":2560,"height":1707},{"@type":"BreadcrumbList","@id":"https:\/\/news.canadamotorjobs.com\/fr\/mg-prevoit-de-construire-des-installations-au-mexique\/#breadcrumb","itemListElement":[{"@type":"ListItem","position":1,"name":"Home","item":"https:\/\/news.canadamotorjobs.com\/fr\/blog\/"},{"@type":"ListItem","position":2,"name":"MG pr\u00e9voit de construire des installations au Mexique"}]},{"@type":"WebSite","@id":"https:\/\/news.canadamotorjobs.com\/#website","url":"https:\/\/news.canadamotorjobs.com\/","name":"CanadaMotorJobs.com","description":"Automotive Jobs","publisher":{"@id":"https:\/\/news.canadamotorjobs.com\/#organization"},"potentialAction":[{"@type":"SearchAction","target":{"@type":"EntryPoint","urlTemplate":"https:\/\/news.canadamotorjobs.com\/?s={search_term_string}"},"query-input":"required name=search_term_string"}],"inLanguage":"fr-CA"},{"@type":"Organization","@id":"https:\/\/news.canadamotorjobs.com\/#organization","name":"Canada Motor Jobs","url":"https:\/\/news.canadamotorjobs.com\/","logo":{"@type":"ImageObject","inLanguage":"fr-CA","@id":"https:\/\/news.canadamotorjobs.com\/#\/schema\/logo\/image\/","url":"https:\/\/news.canadamotorjobs.com\/wp-content\/uploads\/2022\/10\/logo-canada-motor-jobs-1.png","contentUrl":"https:\/\/news.canadamotorjobs.com\/wp-content\/uploads\/2022\/10\/logo-canada-motor-jobs-1.png","width":800,"height":400,"caption":"Canada Motor Jobs"},"image":{"@id":"https:\/\/news.canadamotorjobs.com\/#\/schema\/logo\/image\/"},"sameAs":["https:\/\/www.facebook.com\/canadamotorjobs\/","https:\/\/x.com\/canadamotorjobs","https:\/\/www.instagram.com\/canadamotorjobs\/","https:\/\/www.linkedin.com\/company\/canadamotorjobs"]},{"@type":"Person","@id":"https:\/\/news.canadamotorjobs.com\/#\/schema\/person\/51793d1f87d44011d7bcc2ed99269a90","name":"Benoit Charette","image":{"@type":"ImageObject","inLanguage":"fr-CA","@id":"https:\/\/news.canadamotorjobs.com\/#\/schema\/person\/image\/","url":"https:\/\/secure.gravatar.com\/avatar\/45f3d2eebcccd909668d7ce7ea7267b6?s=96&d=mm&r=g","contentUrl":"https:\/\/secure.gravatar.com\/avatar\/45f3d2eebcccd909668d7ce7ea7267b6?s=96&d=mm&r=g","caption":"Benoit Charette"},"description":"Benoit Charette \/ Propri\u00e9taire et r\u00e9dacteur en chef Benoit Charette pratique le journalisme automobile depuis bient\u00f4t 30 ans. Il a fait ses classes au c\u00f4t\u00e9 de Daniel H\u00e9raud et au Carnet de route de 1992 \u00e0 2001. Il est fondateur, copropri\u00e9taire et r\u00e9dacteur en chef de L\u2019Annuel de l\u2019automobile, qu\u2019il publie depuis 2001. Il a anim\u00e9 les \u00e9missions RPM et RPM+ sur V et les L\u00e9gendes de la route sur Historia. \u00c0 la radio depuis 1986, il reprend l\u2019antenne cette ann\u00e9e sur les ondes de Cogeco et participe pour la deuxi\u00e8me ann\u00e9e \u00e0 l\u2019\u00e9mission Passion Auto sur RDS en plus de mettre en ligne le site Web officiel de L\u2019Annuel de l\u2019automobile sur annuelauto.ca.","sameAs":["https:\/\/annuelauto.ca\/"],"url":"https:\/\/news.canadamotorjobs.com\/fr\/author\/benoit-charette\/"}]}},"_links":{"self":[{"href":"https:\/\/news.canadamotorjobs.com\/fr\/wp-json\/wp\/v2\/posts\/170432"}],"collection":[{"href":"https:\/\/news.canadamotorjobs.com\/fr\/wp-json\/wp\/v2\/posts"}],"about":[{"href":"https:\/\/news.canadamotorjobs.com\/fr\/wp-json\/wp\/v2\/types\/post"}],"author":[{"embeddable":true,"href":"https:\/\/news.canadamotorjobs.com\/fr\/wp-json\/wp\/v2\/users\/8"}],"replies":[{"embeddable":true,"href":"https:\/\/news.canadamotorjobs.com\/fr\/wp-json\/wp\/v2\/comments?post=170432"}],"version-history":[{"count":2,"href":"https:\/\/news.canadamotorjobs.com\/fr\/wp-json\/wp\/v2\/posts\/170432\/revisions"}],"predecessor-version":[{"id":170436,"href":"https:\/\/news.canadamotorjobs.com\/fr\/wp-json\/wp\/v2\/posts\/170432\/revisions\/170436"}],"wp:featuredmedia":[{"embeddable":true,"href":"https:\/\/news.canadamotorjobs.com\/fr\/wp-json\/wp\/v2\/media\/170434"}],"wp:attachment":[{"href":"https:\/\/news.canadamotorjobs.com\/fr\/wp-json\/wp\/v2\/media?parent=170432"}],"wp:term":[{"taxonomy":"category","embeddable":true,"href":"https:\/\/news.canadamotorjobs.com\/fr\/wp-json\/wp\/v2\/categories?post=170432"},{"taxonomy":"post_tag","embeddable":true,"href":"https:\/\/news.canadamotorjobs.com\/fr\/wp-json\/wp\/v2\/tags?post=170432"}],"curies":[{"name":"wp","href":"https:\/\/api.w.org\/{rel}","templated":true}]}}