{"id":170413,"date":"2024-08-11T09:31:47","date_gmt":"2024-08-11T13:31:47","guid":{"rendered":"https:\/\/news.canadamotorjobs.com\/?p=170413"},"modified":"2024-08-11T09:46:50","modified_gmt":"2024-08-11T13:46:50","slug":"la-fin-du-ram-classic-amenera-la-suppression-de-2-450-emplois","status":"publish","type":"post","link":"https:\/\/news.canadamotorjobs.com\/fr\/la-fin-du-ram-classic-amenera-la-suppression-de-2-450-emplois\/","title":{"rendered":"La fin du Ram Classic am\u00e8nera la suppression de 2 450 emplois"},"content":{"rendered":"<\/p>\n<p>Stellantis, la maison m\u00e8re de Chrysler, pr\u00e9voit de supprimer jusqu&#8217;\u00e0 2 450 postes \u00e0 son usine de Warren Truck, situ\u00e9e pr\u00e8s de D\u00e9troit, alors que la production du c\u00e9l\u00e8bre camion Ram 1500 Classic touche \u00e0 sa fin.<\/p>\n<h3><strong>R\u00e9duction des effectifs d\u00e8s le 8 octobre<\/strong><\/h3>\n<p>\nLes licenciements entreront en vigueur d\u00e8s le 8 octobre, a annonc\u00e9 l&#8217;entreprise. L&#8217;usine passera d&#8217;un fonctionnement en deux \u00e9quipes \u00e0 une seule pour l&#8217;assemblage g\u00e9n\u00e9ral. La production du Jeep Wagoneer, \u00e9galement fabriqu\u00e9 sur ce site, se poursuivra sur une seule \u00e9quipe.<\/p>\n<h3><strong>Nouveau focus sur le Ram 1500 Tradesman<\/strong><\/h3>\n<p>\nAlors que la production du Ram 1500 Classic se termine, Stellantis concentre d\u00e9sormais ses efforts sur le Ram 1500 Tradesman, fabriqu\u00e9 dans son usine de Sterling Heights. &#8220;Nous avons lanc\u00e9 le nouveau Ram 1500 Tradesman 2025 avec une valeur exceptionnelle et des technologies adapt\u00e9es aux flottes commerciales, am\u00e9liorant ainsi le suivi et les syst\u00e8mes de s\u00e9curit\u00e9,&#8221; a d\u00e9clar\u00e9 une porte-parole de l&#8217;entreprise.<\/p>\n<h3><strong>Mesures d&#8217;accompagnement pour les salari\u00e9s concern\u00e9s<\/strong><\/h3>\n<p>\nL&#8217;usine compte environ 3 700 travailleurs repr\u00e9sent\u00e9s par le syndicat United Auto Workers (UAW). Les membres du syndicat touch\u00e9s par les suppressions d&#8217;emplois recevront 52 semaines d&#8217;indemnit\u00e9s de ch\u00f4mage compl\u00e9mentaire et 52 semaines d&#8217;assistance \u00e0 la transition, financ\u00e9es par l&#8217;entreprise, ainsi que deux ans de couverture sant\u00e9.<\/p>\n<h3><strong>Contexte et mesures de r\u00e9duction des co\u00fbts<\/strong><\/h3>\n<p>\nStellantis avait sign\u00e9 de nouveaux accords avec le UAW l&#8217;automne dernier, apr\u00e8s une gr\u00e8ve historique de six semaines. La semaine derni\u00e8re, la soci\u00e9t\u00e9 a \u00e9galement propos\u00e9 une nouvelle s\u00e9rie de d\u00e9parts volontaires \u00e0 ses salari\u00e9s aux \u00c9tats-Unis, dans le cadre des mesures de r\u00e9duction des co\u00fbts mises en place par le PDG Carlos Tavares.<\/p>\n<p>Lors de la Journ\u00e9e des investisseurs en juin, Tavares avait \u00e9voqu\u00e9 des faiblesses dans au moins deux usines am\u00e9ricaines, sans toutefois les nommer.<\/p>\n<p>Avec des renseignements de Reuters<\/p>\n<p>Le texte <a rel=\"nofollow\" href=\"https:\/\/annuelauto.ca\/la-fin-du-ram-classic-amenera-la-suppression-de-2-450-emplois\/\">La fin du Ram Classic am\u00e8nera la suppression de 2 450 emplois<\/a> provient de <a rel=\"nofollow\" href=\"https:\/\/annuelauto.ca\">L&#8217;annuel de l&#8217;automobile &#8211; Actualit\u00e9 automobile<\/a><\/p>\n<p><\/p>\n","protected":false},"excerpt":{"rendered":"<p>Stellantis, la maison m\u00e8re de Chrysler, pr\u00e9voit de supprimer jusqu&#8217;\u00e0 2 450 postes \u00e0 son usine de Warren Truck, situ\u00e9e pr\u00e8s de D\u00e9troit, alors que la production du c\u00e9l\u00e8bre camion Ram 1500 Classic touche \u00e0 sa fin. R\u00e9duction des effectifs d\u00e8s le 8 octobre Les licenciements entreront en vigueur d\u00e8s le 8 octobre, a annonc\u00e9 [&hellip;]<\/p>\n","protected":false},"author":8,"featured_media":170415,"comment_status":"close","ping_status":"closed","sticky":false,"template":"","format":"standard","meta":{"_monsterinsights_skip_tracking":false,"_monsterinsights_sitenote_active":false,"_monsterinsights_sitenote_note":"","_monsterinsights_sitenote_category":0,"footnotes":""},"categories":[101],"tags":[],"yoast_head":"<!-- This site is optimized with the Yoast SEO plugin v23.2 - https:\/\/yoast.com\/wordpress\/plugins\/seo\/ -->\n<title>La fin du Ram Classic am\u00e8nera la suppression de 2 450 emplois - CanadaMotorJobs.com<\/title>\n<meta name=\"description\" content=\"La fin du Ram Classic am\u00e8nera la suppression de 2 450 emplois - Benoit Charette - Annuel automobile - CanadaMotorJobs.com.\" \/>\n<meta name=\"robots\" content=\"index, follow, max-snippet:-1, max-image-preview:large, max-video-preview:-1\" \/>\n<meta property=\"og:locale\" content=\"fr_CA\" \/>\n<meta property=\"og:type\" content=\"article\" \/>\n<meta property=\"og:title\" content=\"La fin du Ram Classic am\u00e8nera la suppression de 2 450 emplois - CanadaMotorJobs.com\" \/>\n<meta property=\"og:description\" content=\"La fin du Ram Classic am\u00e8nera la suppression de 2 450 emplois - Benoit Charette - Annuel automobile - CanadaMotorJobs.com.\" \/>\n<meta property=\"og:url\" content=\"https:\/\/news.canadamotorjobs.com\/fr\/la-fin-du-ram-classic-amenera-la-suppression-de-2-450-emplois\/\" \/>\n<meta property=\"og:site_name\" content=\"CanadaMotorJobs.com\" \/>\n<meta property=\"article:publisher\" content=\"https:\/\/www.facebook.com\/canadamotorjobs\/\" \/>\n<meta property=\"article:published_time\" content=\"2024-08-11T13:31:47+00:00\" \/>\n<meta property=\"article:modified_time\" content=\"2024-08-11T13:46:50+00:00\" \/>\n<meta property=\"og:image\" content=\"https:\/\/news.canadamotorjobs.com\/wp-content\/uploads\/2024\/08\/2023-Ram-1500-Classic.jpg\" \/>\n\t<meta property=\"og:image:width\" content=\"1000\" \/>\n\t<meta property=\"og:image:height\" content=\"640\" \/>\n\t<meta property=\"og:image:type\" content=\"image\/jpeg\" \/>\n<meta name=\"author\" content=\"Benoit Charette\" \/>\n<meta name=\"twitter:card\" content=\"summary_large_image\" \/>\n<meta name=\"twitter:creator\" content=\"@canadamotorjobs\" \/>\n<meta name=\"twitter:site\" content=\"@canadamotorjobs\" \/>\n<meta name=\"twitter:label1\" content=\"\u00c9crit par\" \/>\n\t<meta name=\"twitter:data1\" content=\"Benoit Charette\" \/>\n\t<meta name=\"twitter:label2\" content=\"Estimation du temps de lecture\" \/>\n\t<meta name=\"twitter:data2\" content=\"2 minutes\" \/>\n<!-- \/ Yoast SEO plugin. -->","yoast_head_json":{"title":"La fin du Ram Classic am\u00e8nera la suppression de 2 450 emplois - CanadaMotorJobs.com","description":"La fin du Ram Classic am\u00e8nera la suppression de 2 450 emplois - Benoit Charette - Annuel automobile - CanadaMotorJobs.com.","robots":{"index":"index","follow":"follow","max-snippet":"max-snippet:-1","max-image-preview":"max-image-preview:large","max-video-preview":"max-video-preview:-1"},"og_locale":"fr_CA","og_type":"article","og_title":"La fin du Ram Classic am\u00e8nera la suppression de 2 450 emplois - CanadaMotorJobs.com","og_description":"La fin du Ram Classic am\u00e8nera la suppression de 2 450 emplois - Benoit Charette - Annuel automobile - CanadaMotorJobs.com.","og_url":"https:\/\/news.canadamotorjobs.com\/fr\/la-fin-du-ram-classic-amenera-la-suppression-de-2-450-emplois\/","og_site_name":"CanadaMotorJobs.com","article_publisher":"https:\/\/www.facebook.com\/canadamotorjobs\/","article_published_time":"2024-08-11T13:31:47+00:00","article_modified_time":"2024-08-11T13:46:50+00:00","og_image":[{"width":1000,"height":640,"url":"https:\/\/news.canadamotorjobs.com\/wp-content\/uploads\/2024\/08\/2023-Ram-1500-Classic.jpg","type":"image\/jpeg"}],"author":"Benoit Charette","twitter_card":"summary_large_image","twitter_creator":"@canadamotorjobs","twitter_site":"@canadamotorjobs","twitter_misc":{"\u00c9crit par":"Benoit Charette","Estimation du temps de lecture":"2 minutes"},"schema":{"@context":"https:\/\/schema.org","@graph":[{"@type":"Article","@id":"https:\/\/news.canadamotorjobs.com\/fr\/la-fin-du-ram-classic-amenera-la-suppression-de-2-450-emplois\/#article","isPartOf":{"@id":"https:\/\/news.canadamotorjobs.com\/fr\/la-fin-du-ram-classic-amenera-la-suppression-de-2-450-emplois\/"},"author":{"name":"Benoit Charette","@id":"https:\/\/news.canadamotorjobs.com\/#\/schema\/person\/51793d1f87d44011d7bcc2ed99269a90"},"headline":"La fin du Ram Classic am\u00e8nera la suppression de 2 450 emplois","datePublished":"2024-08-11T13:31:47+00:00","dateModified":"2024-08-11T13:46:50+00:00","mainEntityOfPage":{"@id":"https:\/\/news.canadamotorjobs.com\/fr\/la-fin-du-ram-classic-amenera-la-suppression-de-2-450-emplois\/"},"wordCount":362,"publisher":{"@id":"https:\/\/news.canadamotorjobs.com\/#organization"},"image":{"@id":"https:\/\/news.canadamotorjobs.com\/fr\/la-fin-du-ram-classic-amenera-la-suppression-de-2-450-emplois\/#primaryimage"},"thumbnailUrl":"https:\/\/news.canadamotorjobs.com\/wp-content\/uploads\/2024\/08\/2023-Ram-1500-Classic.jpg","articleSection":["Annuel automobile"],"inLanguage":"fr-CA"},{"@type":"WebPage","@id":"https:\/\/news.canadamotorjobs.com\/fr\/la-fin-du-ram-classic-amenera-la-suppression-de-2-450-emplois\/","url":"https:\/\/news.canadamotorjobs.com\/fr\/la-fin-du-ram-classic-amenera-la-suppression-de-2-450-emplois\/","name":"La fin du Ram Classic am\u00e8nera la suppression de 2 450 emplois - CanadaMotorJobs.com","isPartOf":{"@id":"https:\/\/news.canadamotorjobs.com\/#website"},"primaryImageOfPage":{"@id":"https:\/\/news.canadamotorjobs.com\/fr\/la-fin-du-ram-classic-amenera-la-suppression-de-2-450-emplois\/#primaryimage"},"image":{"@id":"https:\/\/news.canadamotorjobs.com\/fr\/la-fin-du-ram-classic-amenera-la-suppression-de-2-450-emplois\/#primaryimage"},"thumbnailUrl":"https:\/\/news.canadamotorjobs.com\/wp-content\/uploads\/2024\/08\/2023-Ram-1500-Classic.jpg","datePublished":"2024-08-11T13:31:47+00:00","dateModified":"2024-08-11T13:46:50+00:00","description":"La fin du Ram Classic am\u00e8nera la suppression de 2 450 emplois - Benoit Charette - Annuel automobile - CanadaMotorJobs.com.","breadcrumb":{"@id":"https:\/\/news.canadamotorjobs.com\/fr\/la-fin-du-ram-classic-amenera-la-suppression-de-2-450-emplois\/#breadcrumb"},"inLanguage":"fr-CA","potentialAction":[{"@type":"ReadAction","target":["https:\/\/news.canadamotorjobs.com\/fr\/la-fin-du-ram-classic-amenera-la-suppression-de-2-450-emplois\/"]}]},{"@type":"ImageObject","inLanguage":"fr-CA","@id":"https:\/\/news.canadamotorjobs.com\/fr\/la-fin-du-ram-classic-amenera-la-suppression-de-2-450-emplois\/#primaryimage","url":"https:\/\/news.canadamotorjobs.com\/wp-content\/uploads\/2024\/08\/2023-Ram-1500-Classic.jpg","contentUrl":"https:\/\/news.canadamotorjobs.com\/wp-content\/uploads\/2024\/08\/2023-Ram-1500-Classic.jpg","width":1000,"height":640},{"@type":"BreadcrumbList","@id":"https:\/\/news.canadamotorjobs.com\/fr\/la-fin-du-ram-classic-amenera-la-suppression-de-2-450-emplois\/#breadcrumb","itemListElement":[{"@type":"ListItem","position":1,"name":"Home","item":"https:\/\/news.canadamotorjobs.com\/fr\/blog\/"},{"@type":"ListItem","position":2,"name":"La fin du Ram Classic am\u00e8nera la suppression de 2 450 emplois"}]},{"@type":"WebSite","@id":"https:\/\/news.canadamotorjobs.com\/#website","url":"https:\/\/news.canadamotorjobs.com\/","name":"CanadaMotorJobs.com","description":"Automotive Jobs","publisher":{"@id":"https:\/\/news.canadamotorjobs.com\/#organization"},"potentialAction":[{"@type":"SearchAction","target":{"@type":"EntryPoint","urlTemplate":"https:\/\/news.canadamotorjobs.com\/?s={search_term_string}"},"query-input":"required name=search_term_string"}],"inLanguage":"fr-CA"},{"@type":"Organization","@id":"https:\/\/news.canadamotorjobs.com\/#organization","name":"Canada Motor Jobs","url":"https:\/\/news.canadamotorjobs.com\/","logo":{"@type":"ImageObject","inLanguage":"fr-CA","@id":"https:\/\/news.canadamotorjobs.com\/#\/schema\/logo\/image\/","url":"https:\/\/news.canadamotorjobs.com\/wp-content\/uploads\/2022\/10\/logo-canada-motor-jobs-1.png","contentUrl":"https:\/\/news.canadamotorjobs.com\/wp-content\/uploads\/2022\/10\/logo-canada-motor-jobs-1.png","width":800,"height":400,"caption":"Canada Motor Jobs"},"image":{"@id":"https:\/\/news.canadamotorjobs.com\/#\/schema\/logo\/image\/"},"sameAs":["https:\/\/www.facebook.com\/canadamotorjobs\/","https:\/\/x.com\/canadamotorjobs","https:\/\/www.instagram.com\/canadamotorjobs\/","https:\/\/www.linkedin.com\/company\/canadamotorjobs"]},{"@type":"Person","@id":"https:\/\/news.canadamotorjobs.com\/#\/schema\/person\/51793d1f87d44011d7bcc2ed99269a90","name":"Benoit Charette","image":{"@type":"ImageObject","inLanguage":"fr-CA","@id":"https:\/\/news.canadamotorjobs.com\/#\/schema\/person\/image\/","url":"https:\/\/secure.gravatar.com\/avatar\/45f3d2eebcccd909668d7ce7ea7267b6?s=96&d=mm&r=g","contentUrl":"https:\/\/secure.gravatar.com\/avatar\/45f3d2eebcccd909668d7ce7ea7267b6?s=96&d=mm&r=g","caption":"Benoit Charette"},"description":"Benoit Charette \/ Propri\u00e9taire et r\u00e9dacteur en chef Benoit Charette pratique le journalisme automobile depuis bient\u00f4t 30 ans. Il a fait ses classes au c\u00f4t\u00e9 de Daniel H\u00e9raud et au Carnet de route de 1992 \u00e0 2001. Il est fondateur, copropri\u00e9taire et r\u00e9dacteur en chef de L\u2019Annuel de l\u2019automobile, qu\u2019il publie depuis 2001. Il a anim\u00e9 les \u00e9missions RPM et RPM+ sur V et les L\u00e9gendes de la route sur Historia. \u00c0 la radio depuis 1986, il reprend l\u2019antenne cette ann\u00e9e sur les ondes de Cogeco et participe pour la deuxi\u00e8me ann\u00e9e \u00e0 l\u2019\u00e9mission Passion Auto sur RDS en plus de mettre en ligne le site Web officiel de L\u2019Annuel de l\u2019automobile sur annuelauto.ca.","sameAs":["https:\/\/annuelauto.ca\/"],"url":"https:\/\/news.canadamotorjobs.com\/fr\/author\/benoit-charette\/"}]}},"_links":{"self":[{"href":"https:\/\/news.canadamotorjobs.com\/fr\/wp-json\/wp\/v2\/posts\/170413"}],"collection":[{"href":"https:\/\/news.canadamotorjobs.com\/fr\/wp-json\/wp\/v2\/posts"}],"about":[{"href":"https:\/\/news.canadamotorjobs.com\/fr\/wp-json\/wp\/v2\/types\/post"}],"author":[{"embeddable":true,"href":"https:\/\/news.canadamotorjobs.com\/fr\/wp-json\/wp\/v2\/users\/8"}],"replies":[{"embeddable":true,"href":"https:\/\/news.canadamotorjobs.com\/fr\/wp-json\/wp\/v2\/comments?post=170413"}],"version-history":[{"count":2,"href":"https:\/\/news.canadamotorjobs.com\/fr\/wp-json\/wp\/v2\/posts\/170413\/revisions"}],"predecessor-version":[{"id":170417,"href":"https:\/\/news.canadamotorjobs.com\/fr\/wp-json\/wp\/v2\/posts\/170413\/revisions\/170417"}],"wp:featuredmedia":[{"embeddable":true,"href":"https:\/\/news.canadamotorjobs.com\/fr\/wp-json\/wp\/v2\/media\/170415"}],"wp:attachment":[{"href":"https:\/\/news.canadamotorjobs.com\/fr\/wp-json\/wp\/v2\/media?parent=170413"}],"wp:term":[{"taxonomy":"category","embeddable":true,"href":"https:\/\/news.canadamotorjobs.com\/fr\/wp-json\/wp\/v2\/categories?post=170413"},{"taxonomy":"post_tag","embeddable":true,"href":"https:\/\/news.canadamotorjobs.com\/fr\/wp-json\/wp\/v2\/tags?post=170413"}],"curies":[{"name":"wp","href":"https:\/\/api.w.org\/{rel}","templated":true}]}}