{"id":170390,"date":"2024-08-10T14:07:24","date_gmt":"2024-08-10T18:07:24","guid":{"rendered":"https:\/\/news.canadamotorjobs.com\/?p=170390"},"modified":"2024-08-10T14:18:58","modified_gmt":"2024-08-10T18:18:58","slug":"toyota-canada-entreprend-la-traversee-du-pays-pour-feter-ses-60-ans","status":"publish","type":"post","link":"https:\/\/news.canadamotorjobs.com\/fr\/toyota-canada-entreprend-la-traversee-du-pays-pour-feter-ses-60-ans\/","title":{"rendered":"Toyota Canada entreprend la travers\u00e9e du pays pour f\u00eater ses 60\u00a0ans"},"content":{"rendered":"<\/p>\n<p>L\u2019ann\u00e9e\u00a02024 marque le 60<sup>e<\/sup>\u00a0anniversaire de l\u2019arriv\u00e9e de Toyota au Canada. C\u2019est en effet en 1964 que le constructeur japonais octroyait \u00e0 la Canadian Motor Industries les droits de distribution de ses produits Toyota au pays.<\/p>\n<p>En 1965, Toyota va \u00e9couler 755\u00a0mod\u00e8les, un chiffre qui sera appel\u00e9 \u00e0 cro\u00eetre rapidement avec l\u2019arriv\u00e9e de mod\u00e8les comme la Corolla en 1967, une ann\u00e9e apr\u00e8s son lancement au Japon.<\/p>\n<h3>La Canadian Motor Industries va devenir Toyota Canada en 1980.<\/h3>\n<p>\nNous aurons l\u2019occasion de revenir sur l\u2019histoire de Toyota au Canada lors des prochaines semaines. Aujourd\u2019hui, on s\u2019int\u00e9resse \u00e0 la fa\u00e7on dont la compagnie va c\u00e9l\u00e9brer ses 60\u00a0ans au pays, soit avec un p\u00e9riple qui va la mener de Saint-Jean, au Nouveau-Brunswick, \u00e0 Victoria, en Colombie-Britannique.<\/p>\n<p>Au passage, le convoi va s\u2019arr\u00eater \u00e0 Halifax, Montr\u00e9al, Toronto, North Bay, Sault Sainte-Marie, Thunder Bay, Winnipeg, Saskatoon, Edmonton, Calgary, Vancouver et Victoria, entre autres.<\/p>\n<p>Et si l\u2019on prend le temps de vous en parler, c\u2019est que nous allons prendre la route avec Toyota, en compagnie de repr\u00e9sentants de l\u2019entreprise, et d\u2019autres journalistes r\u00e9partis \u00e0 travers le pays. En tout, six segments ont \u00e9t\u00e9 pr\u00e9vus, avec une rotation du personnel et des membres des m\u00e9dias.<\/p>\n<p>Nous aurons l\u2019occasion de faire le trajet entre Saint-Jean et Halifax (segment\u00a01, du 12 au 14\u00a0ao\u00fbt), puis entre Montr\u00e9al et Winnipeg (segments\u00a03 et 4, du 18 au 24\u00a0ao\u00fbt). Le tout va se faire au volant de v\u00e9hicules Toyota, bien entendu, y compris certaines des nouveaut\u00e9s de la marque, dont le Land Cruiser et la familiale Crown Signia.<\/p>\n<p>Nous allons \u00e9videmment profiter de l\u2019\u00e9v\u00e9nement pour vous livrer de courts essais routiers de ces mod\u00e8les, afin d\u2019analyser leur comportement lors de notre p\u00e9riple (confort, consommation, qualit\u00e9 de la cha\u00eene audio, espace de chargement, etc.).<\/p>\n<p>Ce que nous allons \u00e9galement faire, c\u2019est vous offrir un compte rendu quotidien de ce voyage, afin surtout de vous faire d\u00e9couvrir certaines r\u00e9gions du pays o\u00f9 vous n\u2019avez peut-\u00eatre pas eu la chance de mettre les pieds.<\/p>\n<h3>Le ton sera l\u00e9ger.<\/h3>\n<p>\nCependant, il le sera moins par moment, car on compte \u00e9galement s\u2019asseoir avec les repr\u00e9sentants de la compagnie pour examiner certains dossiers plus \u00e9pineux avec eux. Le parcours de Toyota n\u2019a pas \u00e9t\u00e9 sans faille depuis quelques ann\u00e9es, notamment en mati\u00e8re de fiabilit\u00e9 et de pratiques, et vous m\u00e9ritez des pr\u00e9cisions.<\/p>\n<p>Bref, il sera beaucoup question de Toyota au cours des prochaines semaines. Et si vous avez des questions que vous aimeriez que l\u2019on pose aux dirigeants, n\u2019h\u00e9sitez pas \u00e0 nous les transmettre\u2009; nous allons agir comme courroie de transmission.<\/p>\n<p>On se donne rendez-vous en d\u00e9but de semaine.<\/p>\n<p>\u00a0<\/p>\n<p>Le texte <a rel=\"nofollow\" href=\"https:\/\/annuelauto.ca\/toyota-canada-entreprend-la-traversee-du-pays-pour-feter-ses-60-ans\/\">Toyota Canada entreprend la travers\u00e9e du pays pour f\u00eater ses 60\u00a0ans<\/a> provient de <a rel=\"nofollow\" href=\"https:\/\/annuelauto.ca\">L&#8217;annuel de l&#8217;automobile &#8211; Actualit\u00e9 automobile<\/a><\/p>\n<p><\/p>\n","protected":false},"excerpt":{"rendered":"<p>L\u2019ann\u00e9e\u00a02024 marque le 60e\u00a0anniversaire de l\u2019arriv\u00e9e de Toyota au Canada. C\u2019est en effet en 1964 que le constructeur japonais octroyait \u00e0 la Canadian Motor Industries les droits de distribution de ses produits Toyota au pays. En 1965, Toyota va \u00e9couler 755\u00a0mod\u00e8les, un chiffre qui sera appel\u00e9 \u00e0 cro\u00eetre rapidement avec l\u2019arriv\u00e9e de mod\u00e8les comme la [&hellip;]<\/p>\n","protected":false},"author":8,"featured_media":170392,"comment_status":"close","ping_status":"closed","sticky":false,"template":"","format":"standard","meta":{"_monsterinsights_skip_tracking":false,"_monsterinsights_sitenote_active":false,"_monsterinsights_sitenote_note":"","_monsterinsights_sitenote_category":0,"footnotes":""},"categories":[101],"tags":[],"yoast_head":"<!-- This site is optimized with the Yoast SEO plugin v23.2 - https:\/\/yoast.com\/wordpress\/plugins\/seo\/ -->\n<title>Toyota Canada entreprend la travers\u00e9e du pays pour f\u00eater ses 60\u00a0ans - CanadaMotorJobs.com<\/title>\n<meta name=\"description\" content=\"Toyota Canada entreprend la travers\u00e9e du pays pour f\u00eater ses 60\u00a0ans - Benoit Charette - Annuel automobile - CanadaMotorJobs.com.\" \/>\n<meta name=\"robots\" content=\"index, follow, max-snippet:-1, max-image-preview:large, max-video-preview:-1\" \/>\n<meta property=\"og:locale\" content=\"fr_CA\" \/>\n<meta property=\"og:type\" content=\"article\" \/>\n<meta property=\"og:title\" content=\"Toyota Canada entreprend la travers\u00e9e du pays pour f\u00eater ses 60\u00a0ans - CanadaMotorJobs.com\" \/>\n<meta property=\"og:description\" content=\"Toyota Canada entreprend la travers\u00e9e du pays pour f\u00eater ses 60\u00a0ans - Benoit Charette - Annuel automobile - CanadaMotorJobs.com.\" \/>\n<meta property=\"og:url\" content=\"https:\/\/news.canadamotorjobs.com\/fr\/toyota-canada-entreprend-la-traversee-du-pays-pour-feter-ses-60-ans\/\" \/>\n<meta property=\"og:site_name\" content=\"CanadaMotorJobs.com\" \/>\n<meta property=\"article:publisher\" content=\"https:\/\/www.facebook.com\/canadamotorjobs\/\" \/>\n<meta property=\"article:published_time\" content=\"2024-08-10T18:07:24+00:00\" \/>\n<meta property=\"article:modified_time\" content=\"2024-08-10T18:18:58+00:00\" \/>\n<meta property=\"og:image\" content=\"https:\/\/news.canadamotorjobs.com\/wp-content\/uploads\/2024\/08\/Jdjh.webp_.png\" \/>\n\t<meta property=\"og:image:width\" content=\"1200\" \/>\n\t<meta property=\"og:image:height\" content=\"744\" \/>\n\t<meta property=\"og:image:type\" content=\"image\/png\" \/>\n<meta name=\"author\" content=\"Benoit Charette\" \/>\n<meta name=\"twitter:card\" content=\"summary_large_image\" \/>\n<meta name=\"twitter:creator\" content=\"@canadamotorjobs\" \/>\n<meta name=\"twitter:site\" content=\"@canadamotorjobs\" \/>\n<meta name=\"twitter:label1\" content=\"\u00c9crit par\" \/>\n\t<meta name=\"twitter:data1\" content=\"Benoit Charette\" \/>\n\t<meta name=\"twitter:label2\" content=\"Estimation du temps de lecture\" \/>\n\t<meta name=\"twitter:data2\" content=\"2 minutes\" \/>\n<!-- \/ Yoast SEO plugin. -->","yoast_head_json":{"title":"Toyota Canada entreprend la travers\u00e9e du pays pour f\u00eater ses 60\u00a0ans - CanadaMotorJobs.com","description":"Toyota Canada entreprend la travers\u00e9e du pays pour f\u00eater ses 60\u00a0ans - Benoit Charette - Annuel automobile - CanadaMotorJobs.com.","robots":{"index":"index","follow":"follow","max-snippet":"max-snippet:-1","max-image-preview":"max-image-preview:large","max-video-preview":"max-video-preview:-1"},"og_locale":"fr_CA","og_type":"article","og_title":"Toyota Canada entreprend la travers\u00e9e du pays pour f\u00eater ses 60\u00a0ans - CanadaMotorJobs.com","og_description":"Toyota Canada entreprend la travers\u00e9e du pays pour f\u00eater ses 60\u00a0ans - Benoit Charette - Annuel automobile - CanadaMotorJobs.com.","og_url":"https:\/\/news.canadamotorjobs.com\/fr\/toyota-canada-entreprend-la-traversee-du-pays-pour-feter-ses-60-ans\/","og_site_name":"CanadaMotorJobs.com","article_publisher":"https:\/\/www.facebook.com\/canadamotorjobs\/","article_published_time":"2024-08-10T18:07:24+00:00","article_modified_time":"2024-08-10T18:18:58+00:00","og_image":[{"width":1200,"height":744,"url":"https:\/\/news.canadamotorjobs.com\/wp-content\/uploads\/2024\/08\/Jdjh.webp_.png","type":"image\/png"}],"author":"Benoit Charette","twitter_card":"summary_large_image","twitter_creator":"@canadamotorjobs","twitter_site":"@canadamotorjobs","twitter_misc":{"\u00c9crit par":"Benoit Charette","Estimation du temps de lecture":"2 minutes"},"schema":{"@context":"https:\/\/schema.org","@graph":[{"@type":"Article","@id":"https:\/\/news.canadamotorjobs.com\/fr\/toyota-canada-entreprend-la-traversee-du-pays-pour-feter-ses-60-ans\/#article","isPartOf":{"@id":"https:\/\/news.canadamotorjobs.com\/fr\/toyota-canada-entreprend-la-traversee-du-pays-pour-feter-ses-60-ans\/"},"author":{"name":"Benoit Charette","@id":"https:\/\/news.canadamotorjobs.com\/#\/schema\/person\/51793d1f87d44011d7bcc2ed99269a90"},"headline":"Toyota Canada entreprend la travers\u00e9e du pays pour f\u00eater ses 60\u00a0ans","datePublished":"2024-08-10T18:07:24+00:00","dateModified":"2024-08-10T18:18:58+00:00","mainEntityOfPage":{"@id":"https:\/\/news.canadamotorjobs.com\/fr\/toyota-canada-entreprend-la-traversee-du-pays-pour-feter-ses-60-ans\/"},"wordCount":514,"publisher":{"@id":"https:\/\/news.canadamotorjobs.com\/#organization"},"image":{"@id":"https:\/\/news.canadamotorjobs.com\/fr\/toyota-canada-entreprend-la-traversee-du-pays-pour-feter-ses-60-ans\/#primaryimage"},"thumbnailUrl":"https:\/\/news.canadamotorjobs.com\/wp-content\/uploads\/2024\/08\/Jdjh.webp_.png","articleSection":["Annuel automobile"],"inLanguage":"fr-CA"},{"@type":"WebPage","@id":"https:\/\/news.canadamotorjobs.com\/fr\/toyota-canada-entreprend-la-traversee-du-pays-pour-feter-ses-60-ans\/","url":"https:\/\/news.canadamotorjobs.com\/fr\/toyota-canada-entreprend-la-traversee-du-pays-pour-feter-ses-60-ans\/","name":"Toyota Canada entreprend la travers\u00e9e du pays pour f\u00eater ses 60\u00a0ans - CanadaMotorJobs.com","isPartOf":{"@id":"https:\/\/news.canadamotorjobs.com\/#website"},"primaryImageOfPage":{"@id":"https:\/\/news.canadamotorjobs.com\/fr\/toyota-canada-entreprend-la-traversee-du-pays-pour-feter-ses-60-ans\/#primaryimage"},"image":{"@id":"https:\/\/news.canadamotorjobs.com\/fr\/toyota-canada-entreprend-la-traversee-du-pays-pour-feter-ses-60-ans\/#primaryimage"},"thumbnailUrl":"https:\/\/news.canadamotorjobs.com\/wp-content\/uploads\/2024\/08\/Jdjh.webp_.png","datePublished":"2024-08-10T18:07:24+00:00","dateModified":"2024-08-10T18:18:58+00:00","description":"Toyota Canada entreprend la travers\u00e9e du pays pour f\u00eater ses 60\u00a0ans - Benoit Charette - Annuel automobile - CanadaMotorJobs.com.","breadcrumb":{"@id":"https:\/\/news.canadamotorjobs.com\/fr\/toyota-canada-entreprend-la-traversee-du-pays-pour-feter-ses-60-ans\/#breadcrumb"},"inLanguage":"fr-CA","potentialAction":[{"@type":"ReadAction","target":["https:\/\/news.canadamotorjobs.com\/fr\/toyota-canada-entreprend-la-traversee-du-pays-pour-feter-ses-60-ans\/"]}]},{"@type":"ImageObject","inLanguage":"fr-CA","@id":"https:\/\/news.canadamotorjobs.com\/fr\/toyota-canada-entreprend-la-traversee-du-pays-pour-feter-ses-60-ans\/#primaryimage","url":"https:\/\/news.canadamotorjobs.com\/wp-content\/uploads\/2024\/08\/Jdjh.webp_.png","contentUrl":"https:\/\/news.canadamotorjobs.com\/wp-content\/uploads\/2024\/08\/Jdjh.webp_.png","width":1200,"height":744},{"@type":"BreadcrumbList","@id":"https:\/\/news.canadamotorjobs.com\/fr\/toyota-canada-entreprend-la-traversee-du-pays-pour-feter-ses-60-ans\/#breadcrumb","itemListElement":[{"@type":"ListItem","position":1,"name":"Home","item":"https:\/\/news.canadamotorjobs.com\/fr\/blog\/"},{"@type":"ListItem","position":2,"name":"Toyota Canada entreprend la travers\u00e9e du pays pour f\u00eater ses 60\u00a0ans"}]},{"@type":"WebSite","@id":"https:\/\/news.canadamotorjobs.com\/#website","url":"https:\/\/news.canadamotorjobs.com\/","name":"CanadaMotorJobs.com","description":"Automotive Jobs","publisher":{"@id":"https:\/\/news.canadamotorjobs.com\/#organization"},"potentialAction":[{"@type":"SearchAction","target":{"@type":"EntryPoint","urlTemplate":"https:\/\/news.canadamotorjobs.com\/?s={search_term_string}"},"query-input":"required name=search_term_string"}],"inLanguage":"fr-CA"},{"@type":"Organization","@id":"https:\/\/news.canadamotorjobs.com\/#organization","name":"Canada Motor Jobs","url":"https:\/\/news.canadamotorjobs.com\/","logo":{"@type":"ImageObject","inLanguage":"fr-CA","@id":"https:\/\/news.canadamotorjobs.com\/#\/schema\/logo\/image\/","url":"https:\/\/news.canadamotorjobs.com\/wp-content\/uploads\/2022\/10\/logo-canada-motor-jobs-1.png","contentUrl":"https:\/\/news.canadamotorjobs.com\/wp-content\/uploads\/2022\/10\/logo-canada-motor-jobs-1.png","width":800,"height":400,"caption":"Canada Motor Jobs"},"image":{"@id":"https:\/\/news.canadamotorjobs.com\/#\/schema\/logo\/image\/"},"sameAs":["https:\/\/www.facebook.com\/canadamotorjobs\/","https:\/\/x.com\/canadamotorjobs","https:\/\/www.instagram.com\/canadamotorjobs\/","https:\/\/www.linkedin.com\/company\/canadamotorjobs"]},{"@type":"Person","@id":"https:\/\/news.canadamotorjobs.com\/#\/schema\/person\/51793d1f87d44011d7bcc2ed99269a90","name":"Benoit Charette","image":{"@type":"ImageObject","inLanguage":"fr-CA","@id":"https:\/\/news.canadamotorjobs.com\/#\/schema\/person\/image\/","url":"https:\/\/secure.gravatar.com\/avatar\/45f3d2eebcccd909668d7ce7ea7267b6?s=96&d=mm&r=g","contentUrl":"https:\/\/secure.gravatar.com\/avatar\/45f3d2eebcccd909668d7ce7ea7267b6?s=96&d=mm&r=g","caption":"Benoit Charette"},"description":"Benoit Charette \/ Propri\u00e9taire et r\u00e9dacteur en chef Benoit Charette pratique le journalisme automobile depuis bient\u00f4t 30 ans. Il a fait ses classes au c\u00f4t\u00e9 de Daniel H\u00e9raud et au Carnet de route de 1992 \u00e0 2001. Il est fondateur, copropri\u00e9taire et r\u00e9dacteur en chef de L\u2019Annuel de l\u2019automobile, qu\u2019il publie depuis 2001. Il a anim\u00e9 les \u00e9missions RPM et RPM+ sur V et les L\u00e9gendes de la route sur Historia. \u00c0 la radio depuis 1986, il reprend l\u2019antenne cette ann\u00e9e sur les ondes de Cogeco et participe pour la deuxi\u00e8me ann\u00e9e \u00e0 l\u2019\u00e9mission Passion Auto sur RDS en plus de mettre en ligne le site Web officiel de L\u2019Annuel de l\u2019automobile sur annuelauto.ca.","sameAs":["https:\/\/annuelauto.ca\/"],"url":"https:\/\/news.canadamotorjobs.com\/fr\/author\/benoit-charette\/"}]}},"_links":{"self":[{"href":"https:\/\/news.canadamotorjobs.com\/fr\/wp-json\/wp\/v2\/posts\/170390"}],"collection":[{"href":"https:\/\/news.canadamotorjobs.com\/fr\/wp-json\/wp\/v2\/posts"}],"about":[{"href":"https:\/\/news.canadamotorjobs.com\/fr\/wp-json\/wp\/v2\/types\/post"}],"author":[{"embeddable":true,"href":"https:\/\/news.canadamotorjobs.com\/fr\/wp-json\/wp\/v2\/users\/8"}],"replies":[{"embeddable":true,"href":"https:\/\/news.canadamotorjobs.com\/fr\/wp-json\/wp\/v2\/comments?post=170390"}],"version-history":[{"count":2,"href":"https:\/\/news.canadamotorjobs.com\/fr\/wp-json\/wp\/v2\/posts\/170390\/revisions"}],"predecessor-version":[{"id":170394,"href":"https:\/\/news.canadamotorjobs.com\/fr\/wp-json\/wp\/v2\/posts\/170390\/revisions\/170394"}],"wp:featuredmedia":[{"embeddable":true,"href":"https:\/\/news.canadamotorjobs.com\/fr\/wp-json\/wp\/v2\/media\/170392"}],"wp:attachment":[{"href":"https:\/\/news.canadamotorjobs.com\/fr\/wp-json\/wp\/v2\/media?parent=170390"}],"wp:term":[{"taxonomy":"category","embeddable":true,"href":"https:\/\/news.canadamotorjobs.com\/fr\/wp-json\/wp\/v2\/categories?post=170390"},{"taxonomy":"post_tag","embeddable":true,"href":"https:\/\/news.canadamotorjobs.com\/fr\/wp-json\/wp\/v2\/tags?post=170390"}],"curies":[{"name":"wp","href":"https:\/\/api.w.org\/{rel}","templated":true}]}}