{"id":170344,"date":"2024-08-09T07:57:01","date_gmt":"2024-08-09T11:57:01","guid":{"rendered":"https:\/\/news.canadamotorjobs.com\/?p=170344"},"modified":"2024-08-09T07:59:44","modified_gmt":"2024-08-09T11:59:44","slug":"tesla-commence-les-ventes-de-son-cybertruck-au-canada","status":"publish","type":"post","link":"https:\/\/news.canadamotorjobs.com\/fr\/tesla-commence-les-ventes-de-son-cybertruck-au-canada\/","title":{"rendered":"Tesla commence les ventes de son Cybertruck au Canada"},"content":{"rendered":"<\/p>\n<p>La demande pour ce pick-up \u00e9lectrique a consid\u00e9rablement diminu\u00e9 aux \u00c9tats-Unis au point de rumeurs d&#8217;abandon de la Founation Series. Cependant, le constructeur de v\u00e9hicules \u00e9lectriques n&#8217;a pas encore dit son dernier mot et a d\u00e9j\u00e0 commenc\u00e9 \u00e0 d\u00e9ployer plusieurs strat\u00e9gies pour relancer l&#8217;int\u00e9r\u00eat avant de prendre une d\u00e9cision d\u00e9finitive.<\/p>\n<h3>Nouvelles ventes au Canada et au Mexique<\/h3>\n<p>\nTesla a lanc\u00e9 les ventes de son <strong>Cybertruck<\/strong> au Mexique et au Canada, une initiative visant \u00e0 \u00e9largir son march\u00e9 au-del\u00e0 des fronti\u00e8res am\u00e9ricaines. Aux \u00c9tats-Unis, les clients peuvent d\u00e9sormais commander un Cybertruck sans avoir besoin de faire une r\u00e9servation pr\u00e9alable. Cette strat\u00e9gie pourrait indiquer que Tesla tente de maximiser les ventes de la <strong>Foundation Series<\/strong> avant de la retirer du catalogue.<\/p>\n<h3><strong>Une demande en d\u00e9clin malgr\u00e9 l&#8217;augmentation de la production<\/strong><\/h3>\n<p>\nLes premiers signes d&#8217;un possible abandon de la Foundation Series sont apparus en juin, lorsque la demande pour le Cybertruck a commenc\u00e9 \u00e0 ralentir alors que la production montait en puissance. Lors de l&#8217;assembl\u00e9e des actionnaires du 13 juin, Elon Musk a mentionn\u00e9 que Tesla pourrait commencer \u00e0 accepter les commandes pour les versions r\u00e9guli\u00e8res du Cybertruck d\u00e8s le troisi\u00e8me trimestre. Alors que nous sommes d\u00e9j\u00e0 \u00e0 la mi-trimestre, Tesla continue d&#8217;exploiter les derni\u00e8res possibilit\u00e9s de vente avant de potentiellement abandonner la <strong>Foundation Series<\/strong>.<\/p>\n<h3>Invitation \u00e0 configurer et commandes imm\u00e9diates<\/h3>\n<p>\n<strong>Une configuration multiple pour les d\u00e9tenteurs de r\u00e9servation<\/strong><br \/>\nD\u00e9but ao\u00fbt, de nombreux d\u00e9tenteurs de r\u00e9servation ont rapport\u00e9 avoir \u00e9t\u00e9 invit\u00e9s \u00e0 configurer plusieurs Cybertrucks. Matthew Donegan-Ryan, qui avait r\u00e9serv\u00e9 &#8220;une vingtaine&#8221; de Cybertrucks apr\u00e8s leur pr\u00e9sentation, a indiqu\u00e9 que la moiti\u00e9 de ces v\u00e9hicules \u00e9taient d\u00e9sormais pr\u00eats \u00e0 \u00eatre configur\u00e9s. Cependant, il n&#8217;a choisi de configurer qu&#8217;un seul mod\u00e8le, une d\u00e9cision que beaucoup pourraient \u00e9galement prendre.<\/p>\n<h3><strong>Tesla teste de nouveaux march\u00e9s et offre des essais sur route<\/strong><\/h3>\n<p>\nD\u00e9sormais, tout le monde peut commander un <strong>Cybertruck Foundation Series<\/strong> sans r\u00e9servation, avec des livraisons pr\u00e9vues d\u00e8s ao\u00fbt-septembre pour les variantes AWD. Les commandes de la version <strong>Cyberbeast<\/strong> devraient, quant \u00e0 elles, \u00eatre honor\u00e9es entre octobre et d\u00e9cembre. Cette disponibilit\u00e9 imm\u00e9diate laisse penser que Tesla cherche \u00e0 \u00e9couler les derniers exemplaires de cette s\u00e9rie sp\u00e9ciale. Pour attirer davantage de clients, Tesla permet m\u00eame de tester le v\u00e9hicule avant de passer commande.<\/p>\n<h3><strong>Des prix \u00e9lev\u00e9s et une demande en chute libre<\/strong><\/h3>\n<p>\nIl est difficile de dire combien de temps Tesla maintiendra la Foundation Series en catalogue. Avec une majoration de 20 000 $ qui devrait bient\u00f4t dispara\u00eetre, de nombreux acheteurs potentiels pr\u00e9f\u00e8rent retarder leur achat, ce qui pourrait acc\u00e9l\u00e9rer la fin de cette s\u00e9rie. Cependant, il ne faut pas sous-estimer les capacit\u00e9s de Tesla \u00e0 relancer ses ventes. En guise de dernier recours, le constructeur a ouvert les r\u00e9servations pour les clients au Mexique et au Canada, des march\u00e9s o\u00f9 la demande pourrait compenser la baisse aux \u00c9tats-Unis.<\/p>\n<h3>Un co\u00fbt \u00e9lev\u00e9 pour les Canadiens<\/h3>\n<p>\nAu Canada, le Cybertruck est propos\u00e9 \u00e0 un prix \u00e9lev\u00e9, notamment en raison d&#8217;une <strong>taxe de luxe<\/strong> de 8 172 $. Avec toutes les taxes incluses, la version AWD du Cybertruck Foundation Series peut co\u00fbter jusqu&#8217;\u00e0 149 000 $, voire plus selon les taxes r\u00e9gionales. Certains acheteurs rapportent m\u00eame des prix d\u00e9passant les 176 000 $ pour la variante AWD. Aucune information n&#8217;a encore \u00e9t\u00e9 communiqu\u00e9e concernant le prix du Cybertruck au Mexique.<\/p>\n<h3><strong>Conclusion<\/strong><\/h3>\n<p>\nAlors que les sp\u00e9culations vont bon train, Tesla semble tirer ses derni\u00e8res cartouches avant de potentiellement abandonner la Foundation Series de son Cybertruck. L\u2019avenir de ce mod\u00e8le reste incertain, mais la strat\u00e9gie actuelle de Tesla montre qu\u2019il n\u2019a pas encore dit son dernier mot.<\/p>\n<p>Le texte <a rel=\"nofollow\" href=\"https:\/\/annuelauto.ca\/tesla-commence-les-ventes-e-son-cybertruck-au-canada\/\">Tesla commence les ventes de son Cybertruck au Canada<\/a> provient de <a rel=\"nofollow\" href=\"https:\/\/annuelauto.ca\">L&#8217;annuel de l&#8217;automobile &#8211; Actualit\u00e9 automobile<\/a><\/p>\n<p><\/p>\n","protected":false},"excerpt":{"rendered":"<p>La demande pour ce pick-up \u00e9lectrique a consid\u00e9rablement diminu\u00e9 aux \u00c9tats-Unis au point de rumeurs d&#8217;abandon de la Founation Series. Cependant, le constructeur de v\u00e9hicules \u00e9lectriques n&#8217;a pas encore dit son dernier mot et a d\u00e9j\u00e0 commenc\u00e9 \u00e0 d\u00e9ployer plusieurs strat\u00e9gies pour relancer l&#8217;int\u00e9r\u00eat avant de prendre une d\u00e9cision d\u00e9finitive. Nouvelles ventes au Canada et [&hellip;]<\/p>\n","protected":false},"author":8,"featured_media":170346,"comment_status":"close","ping_status":"closed","sticky":false,"template":"","format":"standard","meta":{"_monsterinsights_skip_tracking":false,"_monsterinsights_sitenote_active":false,"_monsterinsights_sitenote_note":"","_monsterinsights_sitenote_category":0,"footnotes":""},"categories":[101],"tags":[],"yoast_head":"<!-- This site is optimized with the Yoast SEO plugin v23.2 - https:\/\/yoast.com\/wordpress\/plugins\/seo\/ -->\n<title>Tesla commence les ventes de son Cybertruck au Canada - CanadaMotorJobs.com<\/title>\n<meta name=\"description\" content=\"Tesla commence les ventes de son Cybertruck au Canada - Benoit Charette - Annuel automobile - CanadaMotorJobs.com.\" \/>\n<meta name=\"robots\" content=\"index, follow, max-snippet:-1, max-image-preview:large, max-video-preview:-1\" \/>\n<meta property=\"og:locale\" content=\"fr_CA\" \/>\n<meta property=\"og:type\" content=\"article\" \/>\n<meta property=\"og:title\" content=\"Tesla commence les ventes de son Cybertruck au Canada - CanadaMotorJobs.com\" \/>\n<meta property=\"og:description\" content=\"Tesla commence les ventes de son Cybertruck au Canada - Benoit Charette - Annuel automobile - CanadaMotorJobs.com.\" \/>\n<meta property=\"og:url\" content=\"https:\/\/news.canadamotorjobs.com\/fr\/tesla-commence-les-ventes-de-son-cybertruck-au-canada\/\" \/>\n<meta property=\"og:site_name\" content=\"CanadaMotorJobs.com\" \/>\n<meta property=\"article:publisher\" content=\"https:\/\/www.facebook.com\/canadamotorjobs\/\" \/>\n<meta property=\"article:published_time\" content=\"2024-08-09T11:57:01+00:00\" \/>\n<meta property=\"article:modified_time\" content=\"2024-08-09T11:59:44+00:00\" \/>\n<meta property=\"og:image\" content=\"https:\/\/news.canadamotorjobs.com\/wp-content\/uploads\/2024\/08\/04_Desktop.jpg\" \/>\n\t<meta property=\"og:image:width\" content=\"1240\" \/>\n\t<meta property=\"og:image:height\" content=\"620\" \/>\n\t<meta property=\"og:image:type\" content=\"image\/jpeg\" \/>\n<meta name=\"author\" content=\"Benoit Charette\" \/>\n<meta name=\"twitter:card\" content=\"summary_large_image\" \/>\n<meta name=\"twitter:creator\" content=\"@canadamotorjobs\" \/>\n<meta name=\"twitter:site\" content=\"@canadamotorjobs\" \/>\n<meta name=\"twitter:label1\" content=\"\u00c9crit par\" \/>\n\t<meta name=\"twitter:data1\" content=\"Benoit Charette\" \/>\n\t<meta name=\"twitter:label2\" content=\"Estimation du temps de lecture\" \/>\n\t<meta name=\"twitter:data2\" content=\"3 minutes\" \/>\n<!-- \/ Yoast SEO plugin. -->","yoast_head_json":{"title":"Tesla commence les ventes de son Cybertruck au Canada - CanadaMotorJobs.com","description":"Tesla commence les ventes de son Cybertruck au Canada - Benoit Charette - Annuel automobile - CanadaMotorJobs.com.","robots":{"index":"index","follow":"follow","max-snippet":"max-snippet:-1","max-image-preview":"max-image-preview:large","max-video-preview":"max-video-preview:-1"},"og_locale":"fr_CA","og_type":"article","og_title":"Tesla commence les ventes de son Cybertruck au Canada - CanadaMotorJobs.com","og_description":"Tesla commence les ventes de son Cybertruck au Canada - Benoit Charette - Annuel automobile - CanadaMotorJobs.com.","og_url":"https:\/\/news.canadamotorjobs.com\/fr\/tesla-commence-les-ventes-de-son-cybertruck-au-canada\/","og_site_name":"CanadaMotorJobs.com","article_publisher":"https:\/\/www.facebook.com\/canadamotorjobs\/","article_published_time":"2024-08-09T11:57:01+00:00","article_modified_time":"2024-08-09T11:59:44+00:00","og_image":[{"width":1240,"height":620,"url":"https:\/\/news.canadamotorjobs.com\/wp-content\/uploads\/2024\/08\/04_Desktop.jpg","type":"image\/jpeg"}],"author":"Benoit Charette","twitter_card":"summary_large_image","twitter_creator":"@canadamotorjobs","twitter_site":"@canadamotorjobs","twitter_misc":{"\u00c9crit par":"Benoit Charette","Estimation du temps de lecture":"3 minutes"},"schema":{"@context":"https:\/\/schema.org","@graph":[{"@type":"Article","@id":"https:\/\/news.canadamotorjobs.com\/fr\/tesla-commence-les-ventes-de-son-cybertruck-au-canada\/#article","isPartOf":{"@id":"https:\/\/news.canadamotorjobs.com\/fr\/tesla-commence-les-ventes-de-son-cybertruck-au-canada\/"},"author":{"name":"Benoit Charette","@id":"https:\/\/news.canadamotorjobs.com\/#\/schema\/person\/51793d1f87d44011d7bcc2ed99269a90"},"headline":"Tesla commence les ventes de son Cybertruck au Canada","datePublished":"2024-08-09T11:57:01+00:00","dateModified":"2024-08-09T11:59:44+00:00","mainEntityOfPage":{"@id":"https:\/\/news.canadamotorjobs.com\/fr\/tesla-commence-les-ventes-de-son-cybertruck-au-canada\/"},"wordCount":680,"publisher":{"@id":"https:\/\/news.canadamotorjobs.com\/#organization"},"image":{"@id":"https:\/\/news.canadamotorjobs.com\/fr\/tesla-commence-les-ventes-de-son-cybertruck-au-canada\/#primaryimage"},"thumbnailUrl":"https:\/\/news.canadamotorjobs.com\/wp-content\/uploads\/2024\/08\/04_Desktop.jpg","articleSection":["Annuel automobile"],"inLanguage":"fr-CA"},{"@type":"WebPage","@id":"https:\/\/news.canadamotorjobs.com\/fr\/tesla-commence-les-ventes-de-son-cybertruck-au-canada\/","url":"https:\/\/news.canadamotorjobs.com\/fr\/tesla-commence-les-ventes-de-son-cybertruck-au-canada\/","name":"Tesla commence les ventes de son Cybertruck au Canada - CanadaMotorJobs.com","isPartOf":{"@id":"https:\/\/news.canadamotorjobs.com\/#website"},"primaryImageOfPage":{"@id":"https:\/\/news.canadamotorjobs.com\/fr\/tesla-commence-les-ventes-de-son-cybertruck-au-canada\/#primaryimage"},"image":{"@id":"https:\/\/news.canadamotorjobs.com\/fr\/tesla-commence-les-ventes-de-son-cybertruck-au-canada\/#primaryimage"},"thumbnailUrl":"https:\/\/news.canadamotorjobs.com\/wp-content\/uploads\/2024\/08\/04_Desktop.jpg","datePublished":"2024-08-09T11:57:01+00:00","dateModified":"2024-08-09T11:59:44+00:00","description":"Tesla commence les ventes de son Cybertruck au Canada - Benoit Charette - Annuel automobile - CanadaMotorJobs.com.","breadcrumb":{"@id":"https:\/\/news.canadamotorjobs.com\/fr\/tesla-commence-les-ventes-de-son-cybertruck-au-canada\/#breadcrumb"},"inLanguage":"fr-CA","potentialAction":[{"@type":"ReadAction","target":["https:\/\/news.canadamotorjobs.com\/fr\/tesla-commence-les-ventes-de-son-cybertruck-au-canada\/"]}]},{"@type":"ImageObject","inLanguage":"fr-CA","@id":"https:\/\/news.canadamotorjobs.com\/fr\/tesla-commence-les-ventes-de-son-cybertruck-au-canada\/#primaryimage","url":"https:\/\/news.canadamotorjobs.com\/wp-content\/uploads\/2024\/08\/04_Desktop.jpg","contentUrl":"https:\/\/news.canadamotorjobs.com\/wp-content\/uploads\/2024\/08\/04_Desktop.jpg","width":1240,"height":620},{"@type":"BreadcrumbList","@id":"https:\/\/news.canadamotorjobs.com\/fr\/tesla-commence-les-ventes-de-son-cybertruck-au-canada\/#breadcrumb","itemListElement":[{"@type":"ListItem","position":1,"name":"Home","item":"https:\/\/news.canadamotorjobs.com\/fr\/blog\/"},{"@type":"ListItem","position":2,"name":"Tesla commence les ventes de son Cybertruck au Canada"}]},{"@type":"WebSite","@id":"https:\/\/news.canadamotorjobs.com\/#website","url":"https:\/\/news.canadamotorjobs.com\/","name":"CanadaMotorJobs.com","description":"Automotive Jobs","publisher":{"@id":"https:\/\/news.canadamotorjobs.com\/#organization"},"potentialAction":[{"@type":"SearchAction","target":{"@type":"EntryPoint","urlTemplate":"https:\/\/news.canadamotorjobs.com\/?s={search_term_string}"},"query-input":"required name=search_term_string"}],"inLanguage":"fr-CA"},{"@type":"Organization","@id":"https:\/\/news.canadamotorjobs.com\/#organization","name":"Canada Motor Jobs","url":"https:\/\/news.canadamotorjobs.com\/","logo":{"@type":"ImageObject","inLanguage":"fr-CA","@id":"https:\/\/news.canadamotorjobs.com\/#\/schema\/logo\/image\/","url":"https:\/\/news.canadamotorjobs.com\/wp-content\/uploads\/2022\/10\/logo-canada-motor-jobs-1.png","contentUrl":"https:\/\/news.canadamotorjobs.com\/wp-content\/uploads\/2022\/10\/logo-canada-motor-jobs-1.png","width":800,"height":400,"caption":"Canada Motor Jobs"},"image":{"@id":"https:\/\/news.canadamotorjobs.com\/#\/schema\/logo\/image\/"},"sameAs":["https:\/\/www.facebook.com\/canadamotorjobs\/","https:\/\/x.com\/canadamotorjobs","https:\/\/www.instagram.com\/canadamotorjobs\/","https:\/\/www.linkedin.com\/company\/canadamotorjobs"]},{"@type":"Person","@id":"https:\/\/news.canadamotorjobs.com\/#\/schema\/person\/51793d1f87d44011d7bcc2ed99269a90","name":"Benoit Charette","image":{"@type":"ImageObject","inLanguage":"fr-CA","@id":"https:\/\/news.canadamotorjobs.com\/#\/schema\/person\/image\/","url":"https:\/\/secure.gravatar.com\/avatar\/45f3d2eebcccd909668d7ce7ea7267b6?s=96&d=mm&r=g","contentUrl":"https:\/\/secure.gravatar.com\/avatar\/45f3d2eebcccd909668d7ce7ea7267b6?s=96&d=mm&r=g","caption":"Benoit Charette"},"description":"Benoit Charette \/ Propri\u00e9taire et r\u00e9dacteur en chef Benoit Charette pratique le journalisme automobile depuis bient\u00f4t 30 ans. Il a fait ses classes au c\u00f4t\u00e9 de Daniel H\u00e9raud et au Carnet de route de 1992 \u00e0 2001. Il est fondateur, copropri\u00e9taire et r\u00e9dacteur en chef de L\u2019Annuel de l\u2019automobile, qu\u2019il publie depuis 2001. Il a anim\u00e9 les \u00e9missions RPM et RPM+ sur V et les L\u00e9gendes de la route sur Historia. \u00c0 la radio depuis 1986, il reprend l\u2019antenne cette ann\u00e9e sur les ondes de Cogeco et participe pour la deuxi\u00e8me ann\u00e9e \u00e0 l\u2019\u00e9mission Passion Auto sur RDS en plus de mettre en ligne le site Web officiel de L\u2019Annuel de l\u2019automobile sur annuelauto.ca.","sameAs":["https:\/\/annuelauto.ca\/"],"url":"https:\/\/news.canadamotorjobs.com\/fr\/author\/benoit-charette\/"}]}},"_links":{"self":[{"href":"https:\/\/news.canadamotorjobs.com\/fr\/wp-json\/wp\/v2\/posts\/170344"}],"collection":[{"href":"https:\/\/news.canadamotorjobs.com\/fr\/wp-json\/wp\/v2\/posts"}],"about":[{"href":"https:\/\/news.canadamotorjobs.com\/fr\/wp-json\/wp\/v2\/types\/post"}],"author":[{"embeddable":true,"href":"https:\/\/news.canadamotorjobs.com\/fr\/wp-json\/wp\/v2\/users\/8"}],"replies":[{"embeddable":true,"href":"https:\/\/news.canadamotorjobs.com\/fr\/wp-json\/wp\/v2\/comments?post=170344"}],"version-history":[{"count":2,"href":"https:\/\/news.canadamotorjobs.com\/fr\/wp-json\/wp\/v2\/posts\/170344\/revisions"}],"predecessor-version":[{"id":170348,"href":"https:\/\/news.canadamotorjobs.com\/fr\/wp-json\/wp\/v2\/posts\/170344\/revisions\/170348"}],"wp:featuredmedia":[{"embeddable":true,"href":"https:\/\/news.canadamotorjobs.com\/fr\/wp-json\/wp\/v2\/media\/170346"}],"wp:attachment":[{"href":"https:\/\/news.canadamotorjobs.com\/fr\/wp-json\/wp\/v2\/media?parent=170344"}],"wp:term":[{"taxonomy":"category","embeddable":true,"href":"https:\/\/news.canadamotorjobs.com\/fr\/wp-json\/wp\/v2\/categories?post=170344"},{"taxonomy":"post_tag","embeddable":true,"href":"https:\/\/news.canadamotorjobs.com\/fr\/wp-json\/wp\/v2\/tags?post=170344"}],"curies":[{"name":"wp","href":"https:\/\/api.w.org\/{rel}","templated":true}]}}