{"id":170248,"date":"2024-08-07T13:00:31","date_gmt":"2024-08-07T17:00:31","guid":{"rendered":"https:\/\/news.canadamotorjobs.com\/?p=170248"},"modified":"2024-08-07T13:13:58","modified_gmt":"2024-08-07T17:13:58","slug":"fin-de-la-mitsubishi-mirage","status":"publish","type":"post","link":"https:\/\/news.canadamotorjobs.com\/fr\/fin-de-la-mitsubishi-mirage\/","title":{"rendered":"Fin de la Mitsubishi Mirage"},"content":{"rendered":"<\/p>\n<p>C&#8217;est sans surprise que Mitsubishi Canada vient de d\u00e9voiler que la Mirage ne revient pas pour 2025. Apr\u00e8s avoir fait la m\u00eame annonce plus t\u00f4t cette ann\u00e9e pour le march\u00e9 am\u00e9ricainl&#8217;une des derni\u00e8res voitures neuves \u00e0 bas prix, ne sera plus produite en 2025. Cette sous-compacte, connue pour son moteur trois cylindres \u00e9conomique, tirera sa r\u00e9v\u00e9rence apr\u00e8s l&#8217;ann\u00e9e mod\u00e8le 2024. Toutefois, Mitsubishi Canada a pr\u00e9cis\u00e9 que la production n&#8217;est pas encore termin\u00e9e, et qu&#8217;il devrait y avoir suffisamment de stock pour couvrir le premier trimestre de l&#8217;ann\u00e9e prochaine.<\/p>\n<h3>Nouveaut\u00e9s pour le Mitsubishi Outlander PHEV 2025<\/h3>\n<p>\nLe Mitsubishi Outlander PHEV (hybride rechargeable) 2025 introduit une nouvelle version appel\u00e9e SE. Cette variante combine les si\u00e8ges en tissu du mod\u00e8le de base ES avec des \u00e9quipements suppl\u00e9mentaires comme des plaques de protection factices en argent, des antibrouillards \u00e0 LED, des barres de toit, un toit ouvrant, un syst\u00e8me de climatisation \u00e0 trois zones, une entr\u00e9e sans cl\u00e9, un volant chauffant et un hayon mains libres. Le tout \u00e0 un prix inf\u00e9rieur \u00e0 celui du mod\u00e8le LE actuel, tout en conservant une autonomie \u00e9lectrique de 61 km.<\/p>\n<h3>Rafra\u00eechissement pour le Mitsubishi Outlander 2025<\/h3>\n<p>\nLe Mitsubishi Outlander standard b\u00e9n\u00e9ficiera d&#8217;une mise \u00e0 jour \u00e0 mi-parcours cette ann\u00e9e. Mitsubishi promet de nouvelles fonctionnalit\u00e9s et un int\u00e9rieur am\u00e9lior\u00e9, mais les d\u00e9tails pr\u00e9cis seront d\u00e9voil\u00e9s plus tard cette ann\u00e9e, avec un lancement pr\u00e9vu pour le premier trimestre 2025.<\/p>\n<h3>S\u00e9curit\u00e9 renforc\u00e9e pour les Eclipse Cross et RVR<\/h3>\n<p>\nLe Mitsubishi Eclipse Cross 2025 voit l&#8217;ajout de l&#8217;alerte de pr\u00e9sence sur le si\u00e8ge arri\u00e8re en \u00e9quipement de s\u00e9rie, une fonctionnalit\u00e9 con\u00e7ue pour \u00e9viter que des passagers ou des animaux soient oubli\u00e9s \u00e0 l&#8217;arri\u00e8re du v\u00e9hicule. Le Mitsubishi RVR 2025 adopte \u00e9galement cette nouveaut\u00e9 s\u00e9curitaire. De plus, tous les v\u00e9hicules \u00e9quip\u00e9s de My Mitsubishi Connect, le service de voiture connect\u00e9e de la marque, b\u00e9n\u00e9ficieront d&#8217;un essai gratuit d&#8217;un an des services \u00e0 distance et de cinq ans de Safeguard.<\/p>\n<p>Avec des renseignements de Motor Illustrated<\/p>\n<p>Le texte <a rel=\"nofollow\" href=\"https:\/\/annuelauto.ca\/fin-de-la-mitsubishi-mirage\/\">Fin de la Mitsubishi Mirage<\/a> provient de <a rel=\"nofollow\" href=\"https:\/\/annuelauto.ca\">L&#8217;annuel de l&#8217;automobile &#8211; Actualit\u00e9 automobile<\/a><\/p>\n<p><\/p>\n","protected":false},"excerpt":{"rendered":"<p>C&#8217;est sans surprise que Mitsubishi Canada vient de d\u00e9voiler que la Mirage ne revient pas pour 2025. Apr\u00e8s avoir fait la m\u00eame annonce plus t\u00f4t cette ann\u00e9e pour le march\u00e9 am\u00e9ricainl&#8217;une des derni\u00e8res voitures neuves \u00e0 bas prix, ne sera plus produite en 2025. Cette sous-compacte, connue pour son moteur trois cylindres \u00e9conomique, tirera sa [&hellip;]<\/p>\n","protected":false},"author":8,"featured_media":170250,"comment_status":"close","ping_status":"closed","sticky":false,"template":"","format":"standard","meta":{"_monsterinsights_skip_tracking":false,"_monsterinsights_sitenote_active":false,"_monsterinsights_sitenote_note":"","_monsterinsights_sitenote_category":0,"footnotes":""},"categories":[101],"tags":[],"yoast_head":"<!-- This site is optimized with the Yoast SEO plugin v23.2 - https:\/\/yoast.com\/wordpress\/plugins\/seo\/ -->\n<title>Fin de la Mitsubishi Mirage - CanadaMotorJobs.com<\/title>\n<meta name=\"description\" content=\"Fin de la Mitsubishi Mirage - Benoit Charette - Annuel automobile - CanadaMotorJobs.com.\" \/>\n<meta name=\"robots\" content=\"index, follow, max-snippet:-1, max-image-preview:large, max-video-preview:-1\" \/>\n<meta property=\"og:locale\" content=\"fr_CA\" \/>\n<meta property=\"og:type\" content=\"article\" \/>\n<meta property=\"og:title\" content=\"Fin de la Mitsubishi Mirage - CanadaMotorJobs.com\" \/>\n<meta property=\"og:description\" content=\"Fin de la Mitsubishi Mirage - Benoit Charette - Annuel automobile - CanadaMotorJobs.com.\" \/>\n<meta property=\"og:url\" content=\"https:\/\/news.canadamotorjobs.com\/fr\/fin-de-la-mitsubishi-mirage\/\" \/>\n<meta property=\"og:site_name\" content=\"CanadaMotorJobs.com\" \/>\n<meta property=\"article:publisher\" content=\"https:\/\/www.facebook.com\/canadamotorjobs\/\" \/>\n<meta property=\"article:published_time\" content=\"2024-08-07T17:00:31+00:00\" \/>\n<meta property=\"article:modified_time\" content=\"2024-08-07T17:13:58+00:00\" \/>\n<meta property=\"og:image\" content=\"https:\/\/news.canadamotorjobs.com\/wp-content\/uploads\/2024\/08\/MMNA_LandingPage_2024Mirage_Hero.png\" \/>\n\t<meta property=\"og:image:width\" content=\"1280\" \/>\n\t<meta property=\"og:image:height\" content=\"640\" \/>\n\t<meta property=\"og:image:type\" content=\"image\/png\" \/>\n<meta name=\"author\" content=\"Benoit Charette\" \/>\n<meta name=\"twitter:card\" content=\"summary_large_image\" \/>\n<meta name=\"twitter:creator\" content=\"@canadamotorjobs\" \/>\n<meta name=\"twitter:site\" content=\"@canadamotorjobs\" \/>\n<meta name=\"twitter:label1\" content=\"\u00c9crit par\" \/>\n\t<meta name=\"twitter:data1\" content=\"Benoit Charette\" \/>\n\t<meta name=\"twitter:label2\" content=\"Estimation du temps de lecture\" \/>\n\t<meta name=\"twitter:data2\" content=\"2 minutes\" \/>\n<!-- \/ Yoast SEO plugin. -->","yoast_head_json":{"title":"Fin de la Mitsubishi Mirage - CanadaMotorJobs.com","description":"Fin de la Mitsubishi Mirage - Benoit Charette - Annuel automobile - CanadaMotorJobs.com.","robots":{"index":"index","follow":"follow","max-snippet":"max-snippet:-1","max-image-preview":"max-image-preview:large","max-video-preview":"max-video-preview:-1"},"og_locale":"fr_CA","og_type":"article","og_title":"Fin de la Mitsubishi Mirage - CanadaMotorJobs.com","og_description":"Fin de la Mitsubishi Mirage - Benoit Charette - Annuel automobile - CanadaMotorJobs.com.","og_url":"https:\/\/news.canadamotorjobs.com\/fr\/fin-de-la-mitsubishi-mirage\/","og_site_name":"CanadaMotorJobs.com","article_publisher":"https:\/\/www.facebook.com\/canadamotorjobs\/","article_published_time":"2024-08-07T17:00:31+00:00","article_modified_time":"2024-08-07T17:13:58+00:00","og_image":[{"width":1280,"height":640,"url":"https:\/\/news.canadamotorjobs.com\/wp-content\/uploads\/2024\/08\/MMNA_LandingPage_2024Mirage_Hero.png","type":"image\/png"}],"author":"Benoit Charette","twitter_card":"summary_large_image","twitter_creator":"@canadamotorjobs","twitter_site":"@canadamotorjobs","twitter_misc":{"\u00c9crit par":"Benoit Charette","Estimation du temps de lecture":"2 minutes"},"schema":{"@context":"https:\/\/schema.org","@graph":[{"@type":"Article","@id":"https:\/\/news.canadamotorjobs.com\/fr\/fin-de-la-mitsubishi-mirage\/#article","isPartOf":{"@id":"https:\/\/news.canadamotorjobs.com\/fr\/fin-de-la-mitsubishi-mirage\/"},"author":{"name":"Benoit Charette","@id":"https:\/\/news.canadamotorjobs.com\/#\/schema\/person\/51793d1f87d44011d7bcc2ed99269a90"},"headline":"Fin de la Mitsubishi Mirage","datePublished":"2024-08-07T17:00:31+00:00","dateModified":"2024-08-07T17:13:58+00:00","mainEntityOfPage":{"@id":"https:\/\/news.canadamotorjobs.com\/fr\/fin-de-la-mitsubishi-mirage\/"},"wordCount":390,"publisher":{"@id":"https:\/\/news.canadamotorjobs.com\/#organization"},"image":{"@id":"https:\/\/news.canadamotorjobs.com\/fr\/fin-de-la-mitsubishi-mirage\/#primaryimage"},"thumbnailUrl":"https:\/\/news.canadamotorjobs.com\/wp-content\/uploads\/2024\/08\/MMNA_LandingPage_2024Mirage_Hero.png","articleSection":["Annuel automobile"],"inLanguage":"fr-CA"},{"@type":"WebPage","@id":"https:\/\/news.canadamotorjobs.com\/fr\/fin-de-la-mitsubishi-mirage\/","url":"https:\/\/news.canadamotorjobs.com\/fr\/fin-de-la-mitsubishi-mirage\/","name":"Fin de la Mitsubishi Mirage - CanadaMotorJobs.com","isPartOf":{"@id":"https:\/\/news.canadamotorjobs.com\/#website"},"primaryImageOfPage":{"@id":"https:\/\/news.canadamotorjobs.com\/fr\/fin-de-la-mitsubishi-mirage\/#primaryimage"},"image":{"@id":"https:\/\/news.canadamotorjobs.com\/fr\/fin-de-la-mitsubishi-mirage\/#primaryimage"},"thumbnailUrl":"https:\/\/news.canadamotorjobs.com\/wp-content\/uploads\/2024\/08\/MMNA_LandingPage_2024Mirage_Hero.png","datePublished":"2024-08-07T17:00:31+00:00","dateModified":"2024-08-07T17:13:58+00:00","description":"Fin de la Mitsubishi Mirage - Benoit Charette - Annuel automobile - CanadaMotorJobs.com.","breadcrumb":{"@id":"https:\/\/news.canadamotorjobs.com\/fr\/fin-de-la-mitsubishi-mirage\/#breadcrumb"},"inLanguage":"fr-CA","potentialAction":[{"@type":"ReadAction","target":["https:\/\/news.canadamotorjobs.com\/fr\/fin-de-la-mitsubishi-mirage\/"]}]},{"@type":"ImageObject","inLanguage":"fr-CA","@id":"https:\/\/news.canadamotorjobs.com\/fr\/fin-de-la-mitsubishi-mirage\/#primaryimage","url":"https:\/\/news.canadamotorjobs.com\/wp-content\/uploads\/2024\/08\/MMNA_LandingPage_2024Mirage_Hero.png","contentUrl":"https:\/\/news.canadamotorjobs.com\/wp-content\/uploads\/2024\/08\/MMNA_LandingPage_2024Mirage_Hero.png","width":1280,"height":640},{"@type":"BreadcrumbList","@id":"https:\/\/news.canadamotorjobs.com\/fr\/fin-de-la-mitsubishi-mirage\/#breadcrumb","itemListElement":[{"@type":"ListItem","position":1,"name":"Home","item":"https:\/\/news.canadamotorjobs.com\/fr\/blog\/"},{"@type":"ListItem","position":2,"name":"Fin de la Mitsubishi Mirage"}]},{"@type":"WebSite","@id":"https:\/\/news.canadamotorjobs.com\/#website","url":"https:\/\/news.canadamotorjobs.com\/","name":"CanadaMotorJobs.com","description":"Automotive Jobs","publisher":{"@id":"https:\/\/news.canadamotorjobs.com\/#organization"},"potentialAction":[{"@type":"SearchAction","target":{"@type":"EntryPoint","urlTemplate":"https:\/\/news.canadamotorjobs.com\/?s={search_term_string}"},"query-input":"required name=search_term_string"}],"inLanguage":"fr-CA"},{"@type":"Organization","@id":"https:\/\/news.canadamotorjobs.com\/#organization","name":"Canada Motor Jobs","url":"https:\/\/news.canadamotorjobs.com\/","logo":{"@type":"ImageObject","inLanguage":"fr-CA","@id":"https:\/\/news.canadamotorjobs.com\/#\/schema\/logo\/image\/","url":"https:\/\/news.canadamotorjobs.com\/wp-content\/uploads\/2022\/10\/logo-canada-motor-jobs-1.png","contentUrl":"https:\/\/news.canadamotorjobs.com\/wp-content\/uploads\/2022\/10\/logo-canada-motor-jobs-1.png","width":800,"height":400,"caption":"Canada Motor Jobs"},"image":{"@id":"https:\/\/news.canadamotorjobs.com\/#\/schema\/logo\/image\/"},"sameAs":["https:\/\/www.facebook.com\/canadamotorjobs\/","https:\/\/x.com\/canadamotorjobs","https:\/\/www.instagram.com\/canadamotorjobs\/","https:\/\/www.linkedin.com\/company\/canadamotorjobs"]},{"@type":"Person","@id":"https:\/\/news.canadamotorjobs.com\/#\/schema\/person\/51793d1f87d44011d7bcc2ed99269a90","name":"Benoit Charette","image":{"@type":"ImageObject","inLanguage":"fr-CA","@id":"https:\/\/news.canadamotorjobs.com\/#\/schema\/person\/image\/","url":"https:\/\/secure.gravatar.com\/avatar\/45f3d2eebcccd909668d7ce7ea7267b6?s=96&d=mm&r=g","contentUrl":"https:\/\/secure.gravatar.com\/avatar\/45f3d2eebcccd909668d7ce7ea7267b6?s=96&d=mm&r=g","caption":"Benoit Charette"},"description":"Benoit Charette \/ Propri\u00e9taire et r\u00e9dacteur en chef Benoit Charette pratique le journalisme automobile depuis bient\u00f4t 30 ans. Il a fait ses classes au c\u00f4t\u00e9 de Daniel H\u00e9raud et au Carnet de route de 1992 \u00e0 2001. Il est fondateur, copropri\u00e9taire et r\u00e9dacteur en chef de L\u2019Annuel de l\u2019automobile, qu\u2019il publie depuis 2001. Il a anim\u00e9 les \u00e9missions RPM et RPM+ sur V et les L\u00e9gendes de la route sur Historia. \u00c0 la radio depuis 1986, il reprend l\u2019antenne cette ann\u00e9e sur les ondes de Cogeco et participe pour la deuxi\u00e8me ann\u00e9e \u00e0 l\u2019\u00e9mission Passion Auto sur RDS en plus de mettre en ligne le site Web officiel de L\u2019Annuel de l\u2019automobile sur annuelauto.ca.","sameAs":["https:\/\/annuelauto.ca\/"],"url":"https:\/\/news.canadamotorjobs.com\/fr\/author\/benoit-charette\/"}]}},"_links":{"self":[{"href":"https:\/\/news.canadamotorjobs.com\/fr\/wp-json\/wp\/v2\/posts\/170248"}],"collection":[{"href":"https:\/\/news.canadamotorjobs.com\/fr\/wp-json\/wp\/v2\/posts"}],"about":[{"href":"https:\/\/news.canadamotorjobs.com\/fr\/wp-json\/wp\/v2\/types\/post"}],"author":[{"embeddable":true,"href":"https:\/\/news.canadamotorjobs.com\/fr\/wp-json\/wp\/v2\/users\/8"}],"replies":[{"embeddable":true,"href":"https:\/\/news.canadamotorjobs.com\/fr\/wp-json\/wp\/v2\/comments?post=170248"}],"version-history":[{"count":2,"href":"https:\/\/news.canadamotorjobs.com\/fr\/wp-json\/wp\/v2\/posts\/170248\/revisions"}],"predecessor-version":[{"id":170252,"href":"https:\/\/news.canadamotorjobs.com\/fr\/wp-json\/wp\/v2\/posts\/170248\/revisions\/170252"}],"wp:featuredmedia":[{"embeddable":true,"href":"https:\/\/news.canadamotorjobs.com\/fr\/wp-json\/wp\/v2\/media\/170250"}],"wp:attachment":[{"href":"https:\/\/news.canadamotorjobs.com\/fr\/wp-json\/wp\/v2\/media?parent=170248"}],"wp:term":[{"taxonomy":"category","embeddable":true,"href":"https:\/\/news.canadamotorjobs.com\/fr\/wp-json\/wp\/v2\/categories?post=170248"},{"taxonomy":"post_tag","embeddable":true,"href":"https:\/\/news.canadamotorjobs.com\/fr\/wp-json\/wp\/v2\/tags?post=170248"}],"curies":[{"name":"wp","href":"https:\/\/api.w.org\/{rel}","templated":true}]}}