{"id":170082,"date":"2024-08-03T10:24:02","date_gmt":"2024-08-03T14:24:02","guid":{"rendered":"https:\/\/news.canadamotorjobs.com\/?p=170082"},"modified":"2024-08-03T10:29:09","modified_gmt":"2024-08-03T14:29:09","slug":"comment-la-canicule-impacte-lautonomie-de-votre-voiture-electrique","status":"publish","type":"post","link":"https:\/\/news.canadamotorjobs.com\/fr\/comment-la-canicule-impacte-lautonomie-de-votre-voiture-electrique\/","title":{"rendered":"Comment la canicule impacte l\u2019autonomie de votre voiture \u00e9lectrique"},"content":{"rendered":"<\/p>\n<p>Avec l&#8217;\u00e9t\u00e9 en pleine force une question br\u00fblante se pose : comment la chaleur intense affecte-t-elle l&#8217;autonomie des v\u00e9hicules \u00e9lectriques (VE) ? L\u2019entreprise am\u00e9ricaine Recurrent a men\u00e9 une \u00e9tude pour r\u00e9pondre \u00e0 cette question cruciale. Voici un aper\u00e7u des r\u00e9sultats.<\/p>\n<h3>Une vague de chaleur sans pr\u00e9c\u00e9dent<\/h3>\n<p>\nAlors qu&#8217;une vague de chaleur intense s&#8217;\u00e9tend du Midwest aux c\u00f4tes Est et Ouest des \u00c9tats-Unis et du Canada, il est pertinent de revenir sur une \u00e9tude r\u00e9alis\u00e9e en juin par Recurrent. Cette \u00e9tude, intitul\u00e9e \u00ab Summer &amp; Hot Weather on Electric Car Range \u00bb, a analys\u00e9 des donn\u00e9es provenant de plus de 7 500 voitures \u00e9lectriques aux \u00c9tats-Unis pour \u00e9valuer l&#8217;impact des temp\u00e9ratures estivales sur leur autonomie.<\/p>\n<h3>Une perte d&#8217;autonomie limit\u00e9e sous les 32\u00b0C<\/h3>\n<p>\nLa bonne nouvelle, c&#8217;est que les V\u00c9S fonctionnent g\u00e9n\u00e9ralement bien lorsque les temp\u00e9ratures grimpent. Selon les experts de Recurrent, les voitures \u00e9lectriques ne perdent que 2 \u00e0 5 % de leur autonomie lorsque les temp\u00e9ratures restent en dessous de 32\u00b0C . Les v\u00e9hicules sont \u00e9quip\u00e9s de syst\u00e8mes de gestion thermique robustes qui maintiennent les batteries au frais et en s\u00e9curit\u00e9, m\u00eame par temps chaud.<\/p>\n<h3>Quand la chaleur devient un v\u00e9ritable probl\u00e8me<\/h3>\n<p>\nToutefois, l&#8217;\u00e9tude r\u00e9v\u00e8le qu&#8217;au-del\u00e0 de 35\u00b0C, l&#8217;autonomie des V\u00c9S peut chuter de 20 \u00e0 30 %. Deux situations exacerbent particuli\u00e8rement cet effet :<\/p>\n<ol><\/p>\n<li><strong>Laisser votre batterie \u00e0 un faible pourcentage de charge<\/strong> : La gestion thermique du v\u00e9hicule n\u00e9cessite de l&#8217;\u00e9nergie. Il est donc conseill\u00e9 de maintenir un niveau de charge suffisant pour permettre \u00e0 la voiture de garder sa batterie au frais.<\/li>\n<p><\/p>\n<li><strong>Laisser la voiture stationn\u00e9e en plein soleil pendant des semaines<\/strong> : Cela peut endommager la batterie de mani\u00e8re significative. Si vous devez laisser votre voiture \u00e0 l&#8217;a\u00e9roport ou ailleurs pour une p\u00e9riode prolong\u00e9e, privil\u00e9giez un stationnement couvert, surtout si des temp\u00e9ratures extr\u00eames sont pr\u00e9vues.<\/li>\n<p>\n<\/ol>\n<p><\/p>\n<h3>L&#8217;effet de la climatisation sur l&#8217;autonomie des VE<\/h3>\n<p>\nUtiliser la climatisation dans des conditions estivales normales n&#8217;a qu&#8217;un impact limit\u00e9 sur l&#8217;autonomie de votre v\u00e9hicule. Cependant, en cas de chaleur extr\u00eame, l&#8217;autonomie peut en \u00eatre affect\u00e9e. Malgr\u00e9 tout, la climatisation a un effet beaucoup moins n\u00e9gatif sur l&#8217;autonomie que le chauffage en hiver. En r\u00e9alit\u00e9, la baisse d&#8217;autonomie ne devient significative qu&#8217;\u00e0 partir de 29\u00b0C.<\/p>\n<h3>Comment refroidir efficacement votre VE<\/h3>\n<p>\nPour minimiser l&#8217;impact de la climatisation sur l&#8217;autonomie, il est conseill\u00e9 de pr\u00e9-refroidir votre v\u00e9hicule lorsqu&#8217;il est branch\u00e9. La phase la plus \u00e9nergivore de la climatisation est le refroidissement initial. Il peut falloir 3 \u00e0 5 kW d&#8217;\u00e9nergie pour faire passer l&#8217;int\u00e9rieur d&#8217;une voiture de 35\u00b0C \u00e0 21\u00b0C, mais seulement environ 1 kW pour maintenir cette temp\u00e9rature. De plus, les climatiseurs \u00e9lectriques sont plus simples que les syst\u00e8mes m\u00e9caniques traditionnels, mais il est toujours important de v\u00e9rifier r\u00e9guli\u00e8rement les filtres \u00e0 air et les tuyaux.<\/p>\n<p>Avec des renseignements d\u2019Electrek<\/p>\n<p>Le texte <a rel=\"nofollow\" href=\"https:\/\/annuelauto.ca\/comment-la-canicule-impacte-lautonomie-de-votre-voiture-electrique\/\">Comment la canicule impacte l\u2019autonomie de votre voiture \u00e9lectrique<\/a> provient de <a rel=\"nofollow\" href=\"https:\/\/annuelauto.ca\">L&#8217;annuel de l&#8217;automobile &#8211; Actualit\u00e9 automobile<\/a><\/p>\n<p><\/p>\n","protected":false},"excerpt":{"rendered":"<p>Avec l&#8217;\u00e9t\u00e9 en pleine force une question br\u00fblante se pose : comment la chaleur intense affecte-t-elle l&#8217;autonomie des v\u00e9hicules \u00e9lectriques (VE) ? L\u2019entreprise am\u00e9ricaine Recurrent a men\u00e9 une \u00e9tude pour r\u00e9pondre \u00e0 cette question cruciale. Voici un aper\u00e7u des r\u00e9sultats. Une vague de chaleur sans pr\u00e9c\u00e9dent Alors qu&#8217;une vague de chaleur intense s&#8217;\u00e9tend du Midwest [&hellip;]<\/p>\n","protected":false},"author":8,"featured_media":170084,"comment_status":"close","ping_status":"closed","sticky":false,"template":"","format":"standard","meta":{"_monsterinsights_skip_tracking":false,"_monsterinsights_sitenote_active":false,"_monsterinsights_sitenote_note":"","_monsterinsights_sitenote_category":0,"footnotes":""},"categories":[101],"tags":[],"yoast_head":"<!-- This site is optimized with the Yoast SEO plugin v23.2 - https:\/\/yoast.com\/wordpress\/plugins\/seo\/ -->\n<title>Comment la canicule impacte l\u2019autonomie de votre voiture \u00e9lectrique - CanadaMotorJobs.com<\/title>\n<meta name=\"description\" content=\"Comment la canicule impacte l\u2019autonomie de votre voiture \u00e9lectrique - Benoit Charette - Annuel automobile - CanadaMotorJobs.com.\" \/>\n<meta name=\"robots\" content=\"index, follow, max-snippet:-1, max-image-preview:large, max-video-preview:-1\" \/>\n<meta property=\"og:locale\" content=\"fr_CA\" \/>\n<meta property=\"og:type\" content=\"article\" \/>\n<meta property=\"og:title\" content=\"Comment la canicule impacte l\u2019autonomie de votre voiture \u00e9lectrique - CanadaMotorJobs.com\" \/>\n<meta property=\"og:description\" content=\"Comment la canicule impacte l\u2019autonomie de votre voiture \u00e9lectrique - Benoit Charette - Annuel automobile - CanadaMotorJobs.com.\" \/>\n<meta property=\"og:url\" content=\"https:\/\/news.canadamotorjobs.com\/fr\/comment-la-canicule-impacte-lautonomie-de-votre-voiture-electrique\/\" \/>\n<meta property=\"og:site_name\" content=\"CanadaMotorJobs.com\" \/>\n<meta property=\"article:publisher\" content=\"https:\/\/www.facebook.com\/canadamotorjobs\/\" \/>\n<meta property=\"article:published_time\" content=\"2024-08-03T14:24:02+00:00\" \/>\n<meta property=\"article:modified_time\" content=\"2024-08-03T14:29:09+00:00\" \/>\n<meta property=\"og:image\" content=\"https:\/\/news.canadamotorjobs.com\/wp-content\/uploads\/2024\/08\/tesla-model-y-in-pearl-white-multicoat-das-exterieur.jpg\" \/>\n\t<meta property=\"og:image:width\" content=\"1920\" \/>\n\t<meta property=\"og:image:height\" content=\"1080\" \/>\n\t<meta property=\"og:image:type\" content=\"image\/jpeg\" \/>\n<meta name=\"author\" content=\"Benoit Charette\" \/>\n<meta name=\"twitter:card\" content=\"summary_large_image\" \/>\n<meta name=\"twitter:creator\" content=\"@canadamotorjobs\" \/>\n<meta name=\"twitter:site\" content=\"@canadamotorjobs\" \/>\n<meta name=\"twitter:label1\" content=\"\u00c9crit par\" \/>\n\t<meta name=\"twitter:data1\" content=\"Benoit Charette\" \/>\n\t<meta name=\"twitter:label2\" content=\"Estimation du temps de lecture\" \/>\n\t<meta name=\"twitter:data2\" content=\"3 minutes\" \/>\n<!-- \/ Yoast SEO plugin. -->","yoast_head_json":{"title":"Comment la canicule impacte l\u2019autonomie de votre voiture \u00e9lectrique - CanadaMotorJobs.com","description":"Comment la canicule impacte l\u2019autonomie de votre voiture \u00e9lectrique - Benoit Charette - Annuel automobile - CanadaMotorJobs.com.","robots":{"index":"index","follow":"follow","max-snippet":"max-snippet:-1","max-image-preview":"max-image-preview:large","max-video-preview":"max-video-preview:-1"},"og_locale":"fr_CA","og_type":"article","og_title":"Comment la canicule impacte l\u2019autonomie de votre voiture \u00e9lectrique - CanadaMotorJobs.com","og_description":"Comment la canicule impacte l\u2019autonomie de votre voiture \u00e9lectrique - Benoit Charette - Annuel automobile - CanadaMotorJobs.com.","og_url":"https:\/\/news.canadamotorjobs.com\/fr\/comment-la-canicule-impacte-lautonomie-de-votre-voiture-electrique\/","og_site_name":"CanadaMotorJobs.com","article_publisher":"https:\/\/www.facebook.com\/canadamotorjobs\/","article_published_time":"2024-08-03T14:24:02+00:00","article_modified_time":"2024-08-03T14:29:09+00:00","og_image":[{"width":1920,"height":1080,"url":"https:\/\/news.canadamotorjobs.com\/wp-content\/uploads\/2024\/08\/tesla-model-y-in-pearl-white-multicoat-das-exterieur.jpg","type":"image\/jpeg"}],"author":"Benoit Charette","twitter_card":"summary_large_image","twitter_creator":"@canadamotorjobs","twitter_site":"@canadamotorjobs","twitter_misc":{"\u00c9crit par":"Benoit Charette","Estimation du temps de lecture":"3 minutes"},"schema":{"@context":"https:\/\/schema.org","@graph":[{"@type":"Article","@id":"https:\/\/news.canadamotorjobs.com\/fr\/comment-la-canicule-impacte-lautonomie-de-votre-voiture-electrique\/#article","isPartOf":{"@id":"https:\/\/news.canadamotorjobs.com\/fr\/comment-la-canicule-impacte-lautonomie-de-votre-voiture-electrique\/"},"author":{"name":"Benoit Charette","@id":"https:\/\/news.canadamotorjobs.com\/#\/schema\/person\/51793d1f87d44011d7bcc2ed99269a90"},"headline":"Comment la canicule impacte l\u2019autonomie de votre voiture \u00e9lectrique","datePublished":"2024-08-03T14:24:02+00:00","dateModified":"2024-08-03T14:29:09+00:00","mainEntityOfPage":{"@id":"https:\/\/news.canadamotorjobs.com\/fr\/comment-la-canicule-impacte-lautonomie-de-votre-voiture-electrique\/"},"wordCount":545,"publisher":{"@id":"https:\/\/news.canadamotorjobs.com\/#organization"},"image":{"@id":"https:\/\/news.canadamotorjobs.com\/fr\/comment-la-canicule-impacte-lautonomie-de-votre-voiture-electrique\/#primaryimage"},"thumbnailUrl":"https:\/\/news.canadamotorjobs.com\/wp-content\/uploads\/2024\/08\/tesla-model-y-in-pearl-white-multicoat-das-exterieur.jpg","articleSection":["Annuel automobile"],"inLanguage":"fr-CA"},{"@type":"WebPage","@id":"https:\/\/news.canadamotorjobs.com\/fr\/comment-la-canicule-impacte-lautonomie-de-votre-voiture-electrique\/","url":"https:\/\/news.canadamotorjobs.com\/fr\/comment-la-canicule-impacte-lautonomie-de-votre-voiture-electrique\/","name":"Comment la canicule impacte l\u2019autonomie de votre voiture \u00e9lectrique - CanadaMotorJobs.com","isPartOf":{"@id":"https:\/\/news.canadamotorjobs.com\/#website"},"primaryImageOfPage":{"@id":"https:\/\/news.canadamotorjobs.com\/fr\/comment-la-canicule-impacte-lautonomie-de-votre-voiture-electrique\/#primaryimage"},"image":{"@id":"https:\/\/news.canadamotorjobs.com\/fr\/comment-la-canicule-impacte-lautonomie-de-votre-voiture-electrique\/#primaryimage"},"thumbnailUrl":"https:\/\/news.canadamotorjobs.com\/wp-content\/uploads\/2024\/08\/tesla-model-y-in-pearl-white-multicoat-das-exterieur.jpg","datePublished":"2024-08-03T14:24:02+00:00","dateModified":"2024-08-03T14:29:09+00:00","description":"Comment la canicule impacte l\u2019autonomie de votre voiture \u00e9lectrique - Benoit Charette - Annuel automobile - CanadaMotorJobs.com.","breadcrumb":{"@id":"https:\/\/news.canadamotorjobs.com\/fr\/comment-la-canicule-impacte-lautonomie-de-votre-voiture-electrique\/#breadcrumb"},"inLanguage":"fr-CA","potentialAction":[{"@type":"ReadAction","target":["https:\/\/news.canadamotorjobs.com\/fr\/comment-la-canicule-impacte-lautonomie-de-votre-voiture-electrique\/"]}]},{"@type":"ImageObject","inLanguage":"fr-CA","@id":"https:\/\/news.canadamotorjobs.com\/fr\/comment-la-canicule-impacte-lautonomie-de-votre-voiture-electrique\/#primaryimage","url":"https:\/\/news.canadamotorjobs.com\/wp-content\/uploads\/2024\/08\/tesla-model-y-in-pearl-white-multicoat-das-exterieur.jpg","contentUrl":"https:\/\/news.canadamotorjobs.com\/wp-content\/uploads\/2024\/08\/tesla-model-y-in-pearl-white-multicoat-das-exterieur.jpg","width":1920,"height":1080},{"@type":"BreadcrumbList","@id":"https:\/\/news.canadamotorjobs.com\/fr\/comment-la-canicule-impacte-lautonomie-de-votre-voiture-electrique\/#breadcrumb","itemListElement":[{"@type":"ListItem","position":1,"name":"Home","item":"https:\/\/news.canadamotorjobs.com\/fr\/blog\/"},{"@type":"ListItem","position":2,"name":"Comment la canicule impacte l\u2019autonomie de votre voiture \u00e9lectrique"}]},{"@type":"WebSite","@id":"https:\/\/news.canadamotorjobs.com\/#website","url":"https:\/\/news.canadamotorjobs.com\/","name":"CanadaMotorJobs.com","description":"Automotive Jobs","publisher":{"@id":"https:\/\/news.canadamotorjobs.com\/#organization"},"potentialAction":[{"@type":"SearchAction","target":{"@type":"EntryPoint","urlTemplate":"https:\/\/news.canadamotorjobs.com\/?s={search_term_string}"},"query-input":"required name=search_term_string"}],"inLanguage":"fr-CA"},{"@type":"Organization","@id":"https:\/\/news.canadamotorjobs.com\/#organization","name":"Canada Motor Jobs","url":"https:\/\/news.canadamotorjobs.com\/","logo":{"@type":"ImageObject","inLanguage":"fr-CA","@id":"https:\/\/news.canadamotorjobs.com\/#\/schema\/logo\/image\/","url":"https:\/\/news.canadamotorjobs.com\/wp-content\/uploads\/2022\/10\/logo-canada-motor-jobs-1.png","contentUrl":"https:\/\/news.canadamotorjobs.com\/wp-content\/uploads\/2022\/10\/logo-canada-motor-jobs-1.png","width":800,"height":400,"caption":"Canada Motor Jobs"},"image":{"@id":"https:\/\/news.canadamotorjobs.com\/#\/schema\/logo\/image\/"},"sameAs":["https:\/\/www.facebook.com\/canadamotorjobs\/","https:\/\/x.com\/canadamotorjobs","https:\/\/www.instagram.com\/canadamotorjobs\/","https:\/\/www.linkedin.com\/company\/canadamotorjobs"]},{"@type":"Person","@id":"https:\/\/news.canadamotorjobs.com\/#\/schema\/person\/51793d1f87d44011d7bcc2ed99269a90","name":"Benoit Charette","image":{"@type":"ImageObject","inLanguage":"fr-CA","@id":"https:\/\/news.canadamotorjobs.com\/#\/schema\/person\/image\/","url":"https:\/\/secure.gravatar.com\/avatar\/45f3d2eebcccd909668d7ce7ea7267b6?s=96&d=mm&r=g","contentUrl":"https:\/\/secure.gravatar.com\/avatar\/45f3d2eebcccd909668d7ce7ea7267b6?s=96&d=mm&r=g","caption":"Benoit Charette"},"description":"Benoit Charette \/ Propri\u00e9taire et r\u00e9dacteur en chef Benoit Charette pratique le journalisme automobile depuis bient\u00f4t 30 ans. Il a fait ses classes au c\u00f4t\u00e9 de Daniel H\u00e9raud et au Carnet de route de 1992 \u00e0 2001. Il est fondateur, copropri\u00e9taire et r\u00e9dacteur en chef de L\u2019Annuel de l\u2019automobile, qu\u2019il publie depuis 2001. Il a anim\u00e9 les \u00e9missions RPM et RPM+ sur V et les L\u00e9gendes de la route sur Historia. \u00c0 la radio depuis 1986, il reprend l\u2019antenne cette ann\u00e9e sur les ondes de Cogeco et participe pour la deuxi\u00e8me ann\u00e9e \u00e0 l\u2019\u00e9mission Passion Auto sur RDS en plus de mettre en ligne le site Web officiel de L\u2019Annuel de l\u2019automobile sur annuelauto.ca.","sameAs":["https:\/\/annuelauto.ca\/"],"url":"https:\/\/news.canadamotorjobs.com\/fr\/author\/benoit-charette\/"}]}},"_links":{"self":[{"href":"https:\/\/news.canadamotorjobs.com\/fr\/wp-json\/wp\/v2\/posts\/170082"}],"collection":[{"href":"https:\/\/news.canadamotorjobs.com\/fr\/wp-json\/wp\/v2\/posts"}],"about":[{"href":"https:\/\/news.canadamotorjobs.com\/fr\/wp-json\/wp\/v2\/types\/post"}],"author":[{"embeddable":true,"href":"https:\/\/news.canadamotorjobs.com\/fr\/wp-json\/wp\/v2\/users\/8"}],"replies":[{"embeddable":true,"href":"https:\/\/news.canadamotorjobs.com\/fr\/wp-json\/wp\/v2\/comments?post=170082"}],"version-history":[{"count":2,"href":"https:\/\/news.canadamotorjobs.com\/fr\/wp-json\/wp\/v2\/posts\/170082\/revisions"}],"predecessor-version":[{"id":170086,"href":"https:\/\/news.canadamotorjobs.com\/fr\/wp-json\/wp\/v2\/posts\/170082\/revisions\/170086"}],"wp:featuredmedia":[{"embeddable":true,"href":"https:\/\/news.canadamotorjobs.com\/fr\/wp-json\/wp\/v2\/media\/170084"}],"wp:attachment":[{"href":"https:\/\/news.canadamotorjobs.com\/fr\/wp-json\/wp\/v2\/media?parent=170082"}],"wp:term":[{"taxonomy":"category","embeddable":true,"href":"https:\/\/news.canadamotorjobs.com\/fr\/wp-json\/wp\/v2\/categories?post=170082"},{"taxonomy":"post_tag","embeddable":true,"href":"https:\/\/news.canadamotorjobs.com\/fr\/wp-json\/wp\/v2\/tags?post=170082"}],"curies":[{"name":"wp","href":"https:\/\/api.w.org\/{rel}","templated":true}]}}