{"id":170063,"date":"2024-08-03T10:01:35","date_gmt":"2024-08-03T14:01:35","guid":{"rendered":"https:\/\/news.canadamotorjobs.com\/?p=170063"},"modified":"2024-08-03T10:14:23","modified_gmt":"2024-08-03T14:14:23","slug":"hyundai-rappelle-50-000-santa-fe","status":"publish","type":"post","link":"https:\/\/news.canadamotorjobs.com\/fr\/hyundai-rappelle-50-000-santa-fe\/","title":{"rendered":"Hyundai rappelle 50 000 Santa Fe"},"content":{"rendered":"<\/p>\n<p>Hyundai a lanc\u00e9 un rappel pour pr\u00e8s de 50 000 mod\u00e8les Santa Fe et Santa Fe Hybrid 2024, construits entre d\u00e9cembre 2023 et juillet 2024, en raison de probl\u00e8mes li\u00e9s aux airbags. Les mod\u00e8les concern\u00e9s pourraient voir leurs coussins gonflables de la deuxi\u00e8me rang\u00e9e se d\u00e9ployer de mani\u00e8re inattendue ou ne pas se d\u00e9ployer du tout en cas d&#8217;accident.<\/p>\n<h3>Probl\u00e8me de faisceau de c\u00e2blage : un risque accru d&#8217;accident<\/h3>\n<p>\nLe rappel a \u00e9t\u00e9 d\u00e9clench\u00e9 apr\u00e8s la d\u00e9couverte que le faisceau de c\u00e2blage principal du plancher pouvait entrer en contact avec la charni\u00e8re du si\u00e8ge rabattable de la deuxi\u00e8me rang\u00e9e. Cela pourrait endommager le c\u00e2blage, entra\u00eenant un d\u00e9ploiement involontaire de l&#8217;airbag ou une incapacit\u00e9 \u00e0 se d\u00e9ployer en cas d&#8217;accident, augmentant ainsi le risque de blessure ou de d\u00e9c\u00e8s.<\/p>\n<h2>Inspection et r\u00e9paration : une proc\u00e9dure simple mais essentielle<\/h2>\n<p>\nLes techniciens des concessionnaires inspecteront et s\u00e9curiseront correctement le faisceau de c\u00e2blage. Si des dommages sont constat\u00e9s, le faisceau sera remplac\u00e9 gratuitement. La r\u00e9paration est simple : il s&#8217;agit de d\u00e9placer le si\u00e8ge de la deuxi\u00e8me rang\u00e9e vers l&#8217;avant et de v\u00e9rifier l&#8217;\u00e9tat du c\u00e2blage. Si aucun dommage n&#8217;est d\u00e9tect\u00e9, le faisceau sera fix\u00e9 avec deux colliers de serrage.<\/p>\n<h3>Ordre d&#8217;arr\u00eat de ventes aux concessionnaires<\/h3>\n<p>\nL&#8217;ordre d&#8217;arr\u00eat des ventes a \u00e9t\u00e9 donn\u00e9 aux concessionnaires, les emp\u00eachant de livrer les v\u00e9hicules aux clients tant que le rappel n&#8217;a pas \u00e9t\u00e9 trait\u00e9. Toutefois, l&#8217;inspection n\u00e9cessaire prend moins de 30 minutes, ce qui devrait limiter les retards pour les acheteurs. Cette d\u00e9cision fait suite \u00e0 un incident en Cor\u00e9e du Sud o\u00f9 un coussin gonflable s&#8217;est d\u00e9ploy\u00e9 involontairement, d\u00e9clenchant une enqu\u00eate qui a conduit Hyundai \u00e0 identifier huit incidents similaires aux \u00c9tats-Unis cette ann\u00e9e. Heureusement, aucun accident ou blessure n&#8217;a \u00e9t\u00e9 signal\u00e9. Nous attendons la d\u00e9cision de Transport Canada pour voir si le m\u00eame rappel aura lieu chez nous.<\/p>\n<p>Avec des renseignmements de carscoops<\/p>\n<p>Le texte <a rel=\"nofollow\" href=\"https:\/\/annuelauto.ca\/hyundai-rappelle-50-000-santa-fe\/\">Hyundai rappelle 50 000 Santa Fe<\/a> provient de <a rel=\"nofollow\" href=\"https:\/\/annuelauto.ca\">L&#8217;annuel de l&#8217;automobile &#8211; Actualit\u00e9 automobile<\/a><\/p>\n<p><\/p>\n","protected":false},"excerpt":{"rendered":"<p>Hyundai a lanc\u00e9 un rappel pour pr\u00e8s de 50 000 mod\u00e8les Santa Fe et Santa Fe Hybrid 2024, construits entre d\u00e9cembre 2023 et juillet 2024, en raison de probl\u00e8mes li\u00e9s aux airbags. Les mod\u00e8les concern\u00e9s pourraient voir leurs coussins gonflables de la deuxi\u00e8me rang\u00e9e se d\u00e9ployer de mani\u00e8re inattendue ou ne pas se d\u00e9ployer du [&hellip;]<\/p>\n","protected":false},"author":8,"featured_media":170065,"comment_status":"close","ping_status":"closed","sticky":false,"template":"","format":"standard","meta":{"_monsterinsights_skip_tracking":false,"_monsterinsights_sitenote_active":false,"_monsterinsights_sitenote_note":"","_monsterinsights_sitenote_category":0,"footnotes":""},"categories":[101],"tags":[],"yoast_head":"<!-- This site is optimized with the Yoast SEO plugin v23.2 - https:\/\/yoast.com\/wordpress\/plugins\/seo\/ -->\n<title>Hyundai rappelle 50 000 Santa Fe - CanadaMotorJobs.com<\/title>\n<meta name=\"description\" content=\"Hyundai rappelle 50 000 Santa Fe - Benoit Charette - Annuel automobile - CanadaMotorJobs.com.\" \/>\n<meta name=\"robots\" content=\"index, follow, max-snippet:-1, max-image-preview:large, max-video-preview:-1\" \/>\n<meta property=\"og:locale\" content=\"fr_CA\" \/>\n<meta property=\"og:type\" content=\"article\" \/>\n<meta property=\"og:title\" content=\"Hyundai rappelle 50 000 Santa Fe - CanadaMotorJobs.com\" \/>\n<meta property=\"og:description\" content=\"Hyundai rappelle 50 000 Santa Fe - Benoit Charette - Annuel automobile - CanadaMotorJobs.com.\" \/>\n<meta property=\"og:url\" content=\"https:\/\/news.canadamotorjobs.com\/fr\/hyundai-rappelle-50-000-santa-fe\/\" \/>\n<meta property=\"og:site_name\" content=\"CanadaMotorJobs.com\" \/>\n<meta property=\"article:publisher\" content=\"https:\/\/www.facebook.com\/canadamotorjobs\/\" \/>\n<meta property=\"article:published_time\" content=\"2024-08-03T14:01:35+00:00\" \/>\n<meta property=\"article:modified_time\" content=\"2024-08-03T14:14:23+00:00\" \/>\n<meta property=\"og:image\" content=\"https:\/\/news.canadamotorjobs.com\/wp-content\/uploads\/2024\/08\/Large-57776-2024SantaFeCalligraphy-1024x683-1.jpg\" \/>\n\t<meta property=\"og:image:width\" content=\"1024\" \/>\n\t<meta property=\"og:image:height\" content=\"683\" \/>\n\t<meta property=\"og:image:type\" content=\"image\/jpeg\" \/>\n<meta name=\"author\" content=\"Benoit Charette\" \/>\n<meta name=\"twitter:card\" content=\"summary_large_image\" \/>\n<meta name=\"twitter:creator\" content=\"@canadamotorjobs\" \/>\n<meta name=\"twitter:site\" content=\"@canadamotorjobs\" \/>\n<meta name=\"twitter:label1\" content=\"\u00c9crit par\" \/>\n\t<meta name=\"twitter:data1\" content=\"Benoit Charette\" \/>\n\t<meta name=\"twitter:label2\" content=\"Estimation du temps de lecture\" \/>\n\t<meta name=\"twitter:data2\" content=\"2 minutes\" \/>\n<!-- \/ Yoast SEO plugin. -->","yoast_head_json":{"title":"Hyundai rappelle 50 000 Santa Fe - CanadaMotorJobs.com","description":"Hyundai rappelle 50 000 Santa Fe - Benoit Charette - Annuel automobile - CanadaMotorJobs.com.","robots":{"index":"index","follow":"follow","max-snippet":"max-snippet:-1","max-image-preview":"max-image-preview:large","max-video-preview":"max-video-preview:-1"},"og_locale":"fr_CA","og_type":"article","og_title":"Hyundai rappelle 50 000 Santa Fe - CanadaMotorJobs.com","og_description":"Hyundai rappelle 50 000 Santa Fe - Benoit Charette - Annuel automobile - CanadaMotorJobs.com.","og_url":"https:\/\/news.canadamotorjobs.com\/fr\/hyundai-rappelle-50-000-santa-fe\/","og_site_name":"CanadaMotorJobs.com","article_publisher":"https:\/\/www.facebook.com\/canadamotorjobs\/","article_published_time":"2024-08-03T14:01:35+00:00","article_modified_time":"2024-08-03T14:14:23+00:00","og_image":[{"width":1024,"height":683,"url":"https:\/\/news.canadamotorjobs.com\/wp-content\/uploads\/2024\/08\/Large-57776-2024SantaFeCalligraphy-1024x683-1.jpg","type":"image\/jpeg"}],"author":"Benoit Charette","twitter_card":"summary_large_image","twitter_creator":"@canadamotorjobs","twitter_site":"@canadamotorjobs","twitter_misc":{"\u00c9crit par":"Benoit Charette","Estimation du temps de lecture":"2 minutes"},"schema":{"@context":"https:\/\/schema.org","@graph":[{"@type":"Article","@id":"https:\/\/news.canadamotorjobs.com\/fr\/hyundai-rappelle-50-000-santa-fe\/#article","isPartOf":{"@id":"https:\/\/news.canadamotorjobs.com\/fr\/hyundai-rappelle-50-000-santa-fe\/"},"author":{"name":"Benoit Charette","@id":"https:\/\/news.canadamotorjobs.com\/#\/schema\/person\/51793d1f87d44011d7bcc2ed99269a90"},"headline":"Hyundai rappelle 50 000 Santa Fe","datePublished":"2024-08-03T14:01:35+00:00","dateModified":"2024-08-03T14:14:23+00:00","mainEntityOfPage":{"@id":"https:\/\/news.canadamotorjobs.com\/fr\/hyundai-rappelle-50-000-santa-fe\/"},"wordCount":384,"publisher":{"@id":"https:\/\/news.canadamotorjobs.com\/#organization"},"image":{"@id":"https:\/\/news.canadamotorjobs.com\/fr\/hyundai-rappelle-50-000-santa-fe\/#primaryimage"},"thumbnailUrl":"https:\/\/news.canadamotorjobs.com\/wp-content\/uploads\/2024\/08\/Large-57776-2024SantaFeCalligraphy-1024x683-1.jpg","articleSection":["Annuel automobile"],"inLanguage":"fr-CA"},{"@type":"WebPage","@id":"https:\/\/news.canadamotorjobs.com\/fr\/hyundai-rappelle-50-000-santa-fe\/","url":"https:\/\/news.canadamotorjobs.com\/fr\/hyundai-rappelle-50-000-santa-fe\/","name":"Hyundai rappelle 50 000 Santa Fe - CanadaMotorJobs.com","isPartOf":{"@id":"https:\/\/news.canadamotorjobs.com\/#website"},"primaryImageOfPage":{"@id":"https:\/\/news.canadamotorjobs.com\/fr\/hyundai-rappelle-50-000-santa-fe\/#primaryimage"},"image":{"@id":"https:\/\/news.canadamotorjobs.com\/fr\/hyundai-rappelle-50-000-santa-fe\/#primaryimage"},"thumbnailUrl":"https:\/\/news.canadamotorjobs.com\/wp-content\/uploads\/2024\/08\/Large-57776-2024SantaFeCalligraphy-1024x683-1.jpg","datePublished":"2024-08-03T14:01:35+00:00","dateModified":"2024-08-03T14:14:23+00:00","description":"Hyundai rappelle 50 000 Santa Fe - Benoit Charette - Annuel automobile - CanadaMotorJobs.com.","breadcrumb":{"@id":"https:\/\/news.canadamotorjobs.com\/fr\/hyundai-rappelle-50-000-santa-fe\/#breadcrumb"},"inLanguage":"fr-CA","potentialAction":[{"@type":"ReadAction","target":["https:\/\/news.canadamotorjobs.com\/fr\/hyundai-rappelle-50-000-santa-fe\/"]}]},{"@type":"ImageObject","inLanguage":"fr-CA","@id":"https:\/\/news.canadamotorjobs.com\/fr\/hyundai-rappelle-50-000-santa-fe\/#primaryimage","url":"https:\/\/news.canadamotorjobs.com\/wp-content\/uploads\/2024\/08\/Large-57776-2024SantaFeCalligraphy-1024x683-1.jpg","contentUrl":"https:\/\/news.canadamotorjobs.com\/wp-content\/uploads\/2024\/08\/Large-57776-2024SantaFeCalligraphy-1024x683-1.jpg","width":1024,"height":683},{"@type":"BreadcrumbList","@id":"https:\/\/news.canadamotorjobs.com\/fr\/hyundai-rappelle-50-000-santa-fe\/#breadcrumb","itemListElement":[{"@type":"ListItem","position":1,"name":"Home","item":"https:\/\/news.canadamotorjobs.com\/fr\/blog\/"},{"@type":"ListItem","position":2,"name":"Hyundai rappelle 50 000 Santa Fe"}]},{"@type":"WebSite","@id":"https:\/\/news.canadamotorjobs.com\/#website","url":"https:\/\/news.canadamotorjobs.com\/","name":"CanadaMotorJobs.com","description":"Automotive Jobs","publisher":{"@id":"https:\/\/news.canadamotorjobs.com\/#organization"},"potentialAction":[{"@type":"SearchAction","target":{"@type":"EntryPoint","urlTemplate":"https:\/\/news.canadamotorjobs.com\/?s={search_term_string}"},"query-input":"required name=search_term_string"}],"inLanguage":"fr-CA"},{"@type":"Organization","@id":"https:\/\/news.canadamotorjobs.com\/#organization","name":"Canada Motor Jobs","url":"https:\/\/news.canadamotorjobs.com\/","logo":{"@type":"ImageObject","inLanguage":"fr-CA","@id":"https:\/\/news.canadamotorjobs.com\/#\/schema\/logo\/image\/","url":"https:\/\/news.canadamotorjobs.com\/wp-content\/uploads\/2022\/10\/logo-canada-motor-jobs-1.png","contentUrl":"https:\/\/news.canadamotorjobs.com\/wp-content\/uploads\/2022\/10\/logo-canada-motor-jobs-1.png","width":800,"height":400,"caption":"Canada Motor Jobs"},"image":{"@id":"https:\/\/news.canadamotorjobs.com\/#\/schema\/logo\/image\/"},"sameAs":["https:\/\/www.facebook.com\/canadamotorjobs\/","https:\/\/x.com\/canadamotorjobs","https:\/\/www.instagram.com\/canadamotorjobs\/","https:\/\/www.linkedin.com\/company\/canadamotorjobs"]},{"@type":"Person","@id":"https:\/\/news.canadamotorjobs.com\/#\/schema\/person\/51793d1f87d44011d7bcc2ed99269a90","name":"Benoit Charette","image":{"@type":"ImageObject","inLanguage":"fr-CA","@id":"https:\/\/news.canadamotorjobs.com\/#\/schema\/person\/image\/","url":"https:\/\/secure.gravatar.com\/avatar\/45f3d2eebcccd909668d7ce7ea7267b6?s=96&d=mm&r=g","contentUrl":"https:\/\/secure.gravatar.com\/avatar\/45f3d2eebcccd909668d7ce7ea7267b6?s=96&d=mm&r=g","caption":"Benoit Charette"},"description":"Benoit Charette \/ Propri\u00e9taire et r\u00e9dacteur en chef Benoit Charette pratique le journalisme automobile depuis bient\u00f4t 30 ans. Il a fait ses classes au c\u00f4t\u00e9 de Daniel H\u00e9raud et au Carnet de route de 1992 \u00e0 2001. Il est fondateur, copropri\u00e9taire et r\u00e9dacteur en chef de L\u2019Annuel de l\u2019automobile, qu\u2019il publie depuis 2001. Il a anim\u00e9 les \u00e9missions RPM et RPM+ sur V et les L\u00e9gendes de la route sur Historia. \u00c0 la radio depuis 1986, il reprend l\u2019antenne cette ann\u00e9e sur les ondes de Cogeco et participe pour la deuxi\u00e8me ann\u00e9e \u00e0 l\u2019\u00e9mission Passion Auto sur RDS en plus de mettre en ligne le site Web officiel de L\u2019Annuel de l\u2019automobile sur annuelauto.ca.","sameAs":["https:\/\/annuelauto.ca\/"],"url":"https:\/\/news.canadamotorjobs.com\/fr\/author\/benoit-charette\/"}]}},"_links":{"self":[{"href":"https:\/\/news.canadamotorjobs.com\/fr\/wp-json\/wp\/v2\/posts\/170063"}],"collection":[{"href":"https:\/\/news.canadamotorjobs.com\/fr\/wp-json\/wp\/v2\/posts"}],"about":[{"href":"https:\/\/news.canadamotorjobs.com\/fr\/wp-json\/wp\/v2\/types\/post"}],"author":[{"embeddable":true,"href":"https:\/\/news.canadamotorjobs.com\/fr\/wp-json\/wp\/v2\/users\/8"}],"replies":[{"embeddable":true,"href":"https:\/\/news.canadamotorjobs.com\/fr\/wp-json\/wp\/v2\/comments?post=170063"}],"version-history":[{"count":2,"href":"https:\/\/news.canadamotorjobs.com\/fr\/wp-json\/wp\/v2\/posts\/170063\/revisions"}],"predecessor-version":[{"id":170067,"href":"https:\/\/news.canadamotorjobs.com\/fr\/wp-json\/wp\/v2\/posts\/170063\/revisions\/170067"}],"wp:featuredmedia":[{"embeddable":true,"href":"https:\/\/news.canadamotorjobs.com\/fr\/wp-json\/wp\/v2\/media\/170065"}],"wp:attachment":[{"href":"https:\/\/news.canadamotorjobs.com\/fr\/wp-json\/wp\/v2\/media?parent=170063"}],"wp:term":[{"taxonomy":"category","embeddable":true,"href":"https:\/\/news.canadamotorjobs.com\/fr\/wp-json\/wp\/v2\/categories?post=170063"},{"taxonomy":"post_tag","embeddable":true,"href":"https:\/\/news.canadamotorjobs.com\/fr\/wp-json\/wp\/v2\/tags?post=170063"}],"curies":[{"name":"wp","href":"https:\/\/api.w.org\/{rel}","templated":true}]}}