{"id":170036,"date":"2024-08-02T12:51:03","date_gmt":"2024-08-02T16:51:03","guid":{"rendered":"https:\/\/news.canadamotorjobs.com\/?p=170036"},"modified":"2024-08-02T12:58:53","modified_gmt":"2024-08-02T16:58:53","slug":"vinfast-debute-la-vente-des-vf3-a-16-000-au-vietnam","status":"publish","type":"post","link":"https:\/\/news.canadamotorjobs.com\/fr\/vinfast-debute-la-vente-des-vf3-a-16-000-au-vietnam\/","title":{"rendered":"Vinfast d\u00e9bute la vente des VF3 \u00e0 16 000 $ au Vietnam"},"content":{"rendered":"<\/p>\n<p><em>Le constructeur vietnamien VinFast a officiellement commenc\u00e9 l&#8217;exp\u00e9dition de son nouveau mini VUS \u00e9lectrique, le VinFast VF 3, dont le prix de d\u00e9part est de moins de 17 000 CAD. Ce v\u00e9hicule a d\u00e9j\u00e0 cr\u00e9\u00e9 un fort engouement sur les r\u00e9seaux sociaux, selon l&#8217;entreprise.<\/em><\/p>\n<h3><strong>Le VF 3, un ph\u00e9nom\u00e8ne social avant m\u00eame son arriv\u00e9e<\/strong><\/h3>\n<p>\nEn janvier dernier, VinFast a d\u00e9voil\u00e9 le VF 3, avec un prix d&#8217;introduction sp\u00e9cial de 235 millions VND, soit environ 11 700 CAD pour le mod\u00e8le avec abonnement de batterie. Entre le 13 et le 15 mai, VinFast a propos\u00e9 le VF 3 (batterie incluse) \u00e0 315 millions VND, soit environ 15 900 CAD.<\/p>\n<p>VinFast a soulign\u00e9 que payer le VF 3 en totalit\u00e9 co\u00fbte la moiti\u00e9 du prix de la voiture \u00e0 essence la moins ch\u00e8re au Vietnam. Les acheteurs pouvaient \u00e9galement opter pour un acompte de 50 \u00e0 70 millions VND (environ 2 500 \u00e0 3 500 CAD), le reste \u00e9tant financ\u00e9 sur huit ans.<\/p>\n<p>En l&#8217;espace de 66 heures, VinFast a enregistr\u00e9 27 649 pr\u00e9commandes, \u00e9tablissant un nouveau record dans l&#8217;industrie automobile vietnamienne. L&#8217;entreprise a qualifi\u00e9 le VF 3 de \u00ab ph\u00e9nom\u00e8ne des r\u00e9seaux sociaux au Vietnam \u00bb, en t\u00eate des tendances.<\/p>\n<h3><strong>Objectif : 20 000 mod\u00e8les livr\u00e9s cette ann\u00e9e<\/strong><\/h3>\n<p>\nJeudi dernier, VinFast a annonc\u00e9 le d\u00e9but des exp\u00e9ditions du VF 3. Les prix d\u00e9butent d\u00e9sormais \u00e0 environ 17 000 CAD (322 millions VND). L&#8217;entreprise vise \u00e0 livrer au moins 20 000 mod\u00e8les cette ann\u00e9e, alors qu&#8217;elle augmente sa production.<\/p>\n<p>Selon VinFast, certains acheteurs du VF 3 poss\u00e8dent d\u00e9j\u00e0 un v\u00e9hicule et ajoutent ce mod\u00e8le en tant qu&#8217;option suppl\u00e9mentaire. Le VF 3 sera d&#8217;abord d\u00e9ploy\u00e9 au Vietnam, suivi par les Philippines plus tard cette ann\u00e9e, et d&#8217;autres march\u00e9s internationaux comme l&#8217;Europe, l&#8217;Asie du Sud-Est et les \u00c9tats-Unis en 2025.<\/p>\n<p>Bien que VinFast ait initialement pr\u00e9vu de vendre 100 000 v\u00e9hicules \u00e9lectriques cette ann\u00e9e, elle a revu \u00e0 la baisse son objectif de ventes pour 2024 \u00e0 80 000, ce qui reste plus du double des pr\u00e8s de 35 000 livr\u00e9s l&#8217;an dernier.<\/p>\n<p>Selon certaines estimations, le co\u00fbt du VF 3 restera inf\u00e9rieur \u00e0 27 000 CAD lorsqu&#8217;il arrivera aux \u00c9tats-Unis. Reste maintenant \u00e0 savoir son prix lorsqu&#8217;il arrivera chez nous.<\/p>\n<p>Avec des renseignements d&#8217;Electrek<\/p>\n<p>Le texte <a rel=\"nofollow\" href=\"https:\/\/annuelauto.ca\/vinfast-debute-la-vente-des-vf3-a-16-000-au-vietnam\/\">Vinfast d\u00e9bute la vente des VF3 \u00e0 16 000 $ au Vietnam<\/a> provient de <a rel=\"nofollow\" href=\"https:\/\/annuelauto.ca\">L&#8217;annuel de l&#8217;automobile &#8211; Actualit\u00e9 automobile<\/a><\/p>\n<p><\/p>\n","protected":false},"excerpt":{"rendered":"<p>Le constructeur vietnamien VinFast a officiellement commenc\u00e9 l&#8217;exp\u00e9dition de son nouveau mini VUS \u00e9lectrique, le VinFast VF 3, dont le prix de d\u00e9part est de moins de 17 000 CAD. Ce v\u00e9hicule a d\u00e9j\u00e0 cr\u00e9\u00e9 un fort engouement sur les r\u00e9seaux sociaux, selon l&#8217;entreprise. Le VF 3, un ph\u00e9nom\u00e8ne social avant m\u00eame son arriv\u00e9e En [&hellip;]<\/p>\n","protected":false},"author":8,"featured_media":170038,"comment_status":"close","ping_status":"closed","sticky":false,"template":"","format":"standard","meta":{"_monsterinsights_skip_tracking":false,"_monsterinsights_sitenote_active":false,"_monsterinsights_sitenote_note":"","_monsterinsights_sitenote_category":0,"footnotes":""},"categories":[101],"tags":[],"yoast_head":"<!-- This site is optimized with the Yoast SEO plugin v23.2 - https:\/\/yoast.com\/wordpress\/plugins\/seo\/ -->\n<title>Vinfast d\u00e9bute la vente des VF3 \u00e0 16 000 $ au Vietnam - CanadaMotorJobs.com<\/title>\n<meta name=\"description\" content=\"Vinfast d\u00e9bute la vente des VF3 \u00e0 16 000 $ au Vietnam - Benoit Charette - Annuel automobile - CanadaMotorJobs.com.\" \/>\n<meta name=\"robots\" content=\"index, follow, max-snippet:-1, max-image-preview:large, max-video-preview:-1\" \/>\n<meta property=\"og:locale\" content=\"fr_CA\" \/>\n<meta property=\"og:type\" content=\"article\" \/>\n<meta property=\"og:title\" content=\"Vinfast d\u00e9bute la vente des VF3 \u00e0 16 000 $ au Vietnam - CanadaMotorJobs.com\" \/>\n<meta property=\"og:description\" content=\"Vinfast d\u00e9bute la vente des VF3 \u00e0 16 000 $ au Vietnam - Benoit Charette - Annuel automobile - CanadaMotorJobs.com.\" \/>\n<meta property=\"og:url\" content=\"https:\/\/news.canadamotorjobs.com\/fr\/vinfast-debute-la-vente-des-vf3-a-16-000-au-vietnam\/\" \/>\n<meta property=\"og:site_name\" content=\"CanadaMotorJobs.com\" \/>\n<meta property=\"article:publisher\" content=\"https:\/\/www.facebook.com\/canadamotorjobs\/\" \/>\n<meta property=\"article:published_time\" content=\"2024-08-02T16:51:03+00:00\" \/>\n<meta property=\"article:modified_time\" content=\"2024-08-02T16:58:53+00:00\" \/>\n<meta property=\"og:image\" content=\"https:\/\/news.canadamotorjobs.com\/wp-content\/uploads\/2024\/08\/vf3-2024-7.jpg\" \/>\n\t<meta property=\"og:image:width\" content=\"1920\" \/>\n\t<meta property=\"og:image:height\" content=\"1080\" \/>\n\t<meta property=\"og:image:type\" content=\"image\/jpeg\" \/>\n<meta name=\"author\" content=\"Benoit Charette\" \/>\n<meta name=\"twitter:card\" content=\"summary_large_image\" \/>\n<meta name=\"twitter:creator\" content=\"@canadamotorjobs\" \/>\n<meta name=\"twitter:site\" content=\"@canadamotorjobs\" \/>\n<meta name=\"twitter:label1\" content=\"\u00c9crit par\" \/>\n\t<meta name=\"twitter:data1\" content=\"Benoit Charette\" \/>\n\t<meta name=\"twitter:label2\" content=\"Estimation du temps de lecture\" \/>\n\t<meta name=\"twitter:data2\" content=\"2 minutes\" \/>\n<!-- \/ Yoast SEO plugin. -->","yoast_head_json":{"title":"Vinfast d\u00e9bute la vente des VF3 \u00e0 16 000 $ au Vietnam - CanadaMotorJobs.com","description":"Vinfast d\u00e9bute la vente des VF3 \u00e0 16 000 $ au Vietnam - Benoit Charette - Annuel automobile - CanadaMotorJobs.com.","robots":{"index":"index","follow":"follow","max-snippet":"max-snippet:-1","max-image-preview":"max-image-preview:large","max-video-preview":"max-video-preview:-1"},"og_locale":"fr_CA","og_type":"article","og_title":"Vinfast d\u00e9bute la vente des VF3 \u00e0 16 000 $ au Vietnam - CanadaMotorJobs.com","og_description":"Vinfast d\u00e9bute la vente des VF3 \u00e0 16 000 $ au Vietnam - Benoit Charette - Annuel automobile - CanadaMotorJobs.com.","og_url":"https:\/\/news.canadamotorjobs.com\/fr\/vinfast-debute-la-vente-des-vf3-a-16-000-au-vietnam\/","og_site_name":"CanadaMotorJobs.com","article_publisher":"https:\/\/www.facebook.com\/canadamotorjobs\/","article_published_time":"2024-08-02T16:51:03+00:00","article_modified_time":"2024-08-02T16:58:53+00:00","og_image":[{"width":1920,"height":1080,"url":"https:\/\/news.canadamotorjobs.com\/wp-content\/uploads\/2024\/08\/vf3-2024-7.jpg","type":"image\/jpeg"}],"author":"Benoit Charette","twitter_card":"summary_large_image","twitter_creator":"@canadamotorjobs","twitter_site":"@canadamotorjobs","twitter_misc":{"\u00c9crit par":"Benoit Charette","Estimation du temps de lecture":"2 minutes"},"schema":{"@context":"https:\/\/schema.org","@graph":[{"@type":"Article","@id":"https:\/\/news.canadamotorjobs.com\/fr\/vinfast-debute-la-vente-des-vf3-a-16-000-au-vietnam\/#article","isPartOf":{"@id":"https:\/\/news.canadamotorjobs.com\/fr\/vinfast-debute-la-vente-des-vf3-a-16-000-au-vietnam\/"},"author":{"name":"Benoit Charette","@id":"https:\/\/news.canadamotorjobs.com\/#\/schema\/person\/51793d1f87d44011d7bcc2ed99269a90"},"headline":"Vinfast d\u00e9bute la vente des VF3 \u00e0 16 000 $ au Vietnam","datePublished":"2024-08-02T16:51:03+00:00","dateModified":"2024-08-02T16:58:53+00:00","mainEntityOfPage":{"@id":"https:\/\/news.canadamotorjobs.com\/fr\/vinfast-debute-la-vente-des-vf3-a-16-000-au-vietnam\/"},"wordCount":401,"publisher":{"@id":"https:\/\/news.canadamotorjobs.com\/#organization"},"image":{"@id":"https:\/\/news.canadamotorjobs.com\/fr\/vinfast-debute-la-vente-des-vf3-a-16-000-au-vietnam\/#primaryimage"},"thumbnailUrl":"https:\/\/news.canadamotorjobs.com\/wp-content\/uploads\/2024\/08\/vf3-2024-7.jpg","articleSection":["Annuel automobile"],"inLanguage":"fr-CA"},{"@type":"WebPage","@id":"https:\/\/news.canadamotorjobs.com\/fr\/vinfast-debute-la-vente-des-vf3-a-16-000-au-vietnam\/","url":"https:\/\/news.canadamotorjobs.com\/fr\/vinfast-debute-la-vente-des-vf3-a-16-000-au-vietnam\/","name":"Vinfast d\u00e9bute la vente des VF3 \u00e0 16 000 $ au Vietnam - CanadaMotorJobs.com","isPartOf":{"@id":"https:\/\/news.canadamotorjobs.com\/#website"},"primaryImageOfPage":{"@id":"https:\/\/news.canadamotorjobs.com\/fr\/vinfast-debute-la-vente-des-vf3-a-16-000-au-vietnam\/#primaryimage"},"image":{"@id":"https:\/\/news.canadamotorjobs.com\/fr\/vinfast-debute-la-vente-des-vf3-a-16-000-au-vietnam\/#primaryimage"},"thumbnailUrl":"https:\/\/news.canadamotorjobs.com\/wp-content\/uploads\/2024\/08\/vf3-2024-7.jpg","datePublished":"2024-08-02T16:51:03+00:00","dateModified":"2024-08-02T16:58:53+00:00","description":"Vinfast d\u00e9bute la vente des VF3 \u00e0 16 000 $ au Vietnam - Benoit Charette - Annuel automobile - CanadaMotorJobs.com.","breadcrumb":{"@id":"https:\/\/news.canadamotorjobs.com\/fr\/vinfast-debute-la-vente-des-vf3-a-16-000-au-vietnam\/#breadcrumb"},"inLanguage":"fr-CA","potentialAction":[{"@type":"ReadAction","target":["https:\/\/news.canadamotorjobs.com\/fr\/vinfast-debute-la-vente-des-vf3-a-16-000-au-vietnam\/"]}]},{"@type":"ImageObject","inLanguage":"fr-CA","@id":"https:\/\/news.canadamotorjobs.com\/fr\/vinfast-debute-la-vente-des-vf3-a-16-000-au-vietnam\/#primaryimage","url":"https:\/\/news.canadamotorjobs.com\/wp-content\/uploads\/2024\/08\/vf3-2024-7.jpg","contentUrl":"https:\/\/news.canadamotorjobs.com\/wp-content\/uploads\/2024\/08\/vf3-2024-7.jpg","width":1920,"height":1080},{"@type":"BreadcrumbList","@id":"https:\/\/news.canadamotorjobs.com\/fr\/vinfast-debute-la-vente-des-vf3-a-16-000-au-vietnam\/#breadcrumb","itemListElement":[{"@type":"ListItem","position":1,"name":"Home","item":"https:\/\/news.canadamotorjobs.com\/fr\/blog\/"},{"@type":"ListItem","position":2,"name":"Vinfast d\u00e9bute la vente des VF3 \u00e0 16 000 $ au Vietnam"}]},{"@type":"WebSite","@id":"https:\/\/news.canadamotorjobs.com\/#website","url":"https:\/\/news.canadamotorjobs.com\/","name":"CanadaMotorJobs.com","description":"Automotive Jobs","publisher":{"@id":"https:\/\/news.canadamotorjobs.com\/#organization"},"potentialAction":[{"@type":"SearchAction","target":{"@type":"EntryPoint","urlTemplate":"https:\/\/news.canadamotorjobs.com\/?s={search_term_string}"},"query-input":"required name=search_term_string"}],"inLanguage":"fr-CA"},{"@type":"Organization","@id":"https:\/\/news.canadamotorjobs.com\/#organization","name":"Canada Motor Jobs","url":"https:\/\/news.canadamotorjobs.com\/","logo":{"@type":"ImageObject","inLanguage":"fr-CA","@id":"https:\/\/news.canadamotorjobs.com\/#\/schema\/logo\/image\/","url":"https:\/\/news.canadamotorjobs.com\/wp-content\/uploads\/2022\/10\/logo-canada-motor-jobs-1.png","contentUrl":"https:\/\/news.canadamotorjobs.com\/wp-content\/uploads\/2022\/10\/logo-canada-motor-jobs-1.png","width":800,"height":400,"caption":"Canada Motor Jobs"},"image":{"@id":"https:\/\/news.canadamotorjobs.com\/#\/schema\/logo\/image\/"},"sameAs":["https:\/\/www.facebook.com\/canadamotorjobs\/","https:\/\/x.com\/canadamotorjobs","https:\/\/www.instagram.com\/canadamotorjobs\/","https:\/\/www.linkedin.com\/company\/canadamotorjobs"]},{"@type":"Person","@id":"https:\/\/news.canadamotorjobs.com\/#\/schema\/person\/51793d1f87d44011d7bcc2ed99269a90","name":"Benoit Charette","image":{"@type":"ImageObject","inLanguage":"fr-CA","@id":"https:\/\/news.canadamotorjobs.com\/#\/schema\/person\/image\/","url":"https:\/\/secure.gravatar.com\/avatar\/45f3d2eebcccd909668d7ce7ea7267b6?s=96&d=mm&r=g","contentUrl":"https:\/\/secure.gravatar.com\/avatar\/45f3d2eebcccd909668d7ce7ea7267b6?s=96&d=mm&r=g","caption":"Benoit Charette"},"description":"Benoit Charette \/ Propri\u00e9taire et r\u00e9dacteur en chef Benoit Charette pratique le journalisme automobile depuis bient\u00f4t 30 ans. Il a fait ses classes au c\u00f4t\u00e9 de Daniel H\u00e9raud et au Carnet de route de 1992 \u00e0 2001. Il est fondateur, copropri\u00e9taire et r\u00e9dacteur en chef de L\u2019Annuel de l\u2019automobile, qu\u2019il publie depuis 2001. Il a anim\u00e9 les \u00e9missions RPM et RPM+ sur V et les L\u00e9gendes de la route sur Historia. \u00c0 la radio depuis 1986, il reprend l\u2019antenne cette ann\u00e9e sur les ondes de Cogeco et participe pour la deuxi\u00e8me ann\u00e9e \u00e0 l\u2019\u00e9mission Passion Auto sur RDS en plus de mettre en ligne le site Web officiel de L\u2019Annuel de l\u2019automobile sur annuelauto.ca.","sameAs":["https:\/\/annuelauto.ca\/"],"url":"https:\/\/news.canadamotorjobs.com\/fr\/author\/benoit-charette\/"}]}},"_links":{"self":[{"href":"https:\/\/news.canadamotorjobs.com\/fr\/wp-json\/wp\/v2\/posts\/170036"}],"collection":[{"href":"https:\/\/news.canadamotorjobs.com\/fr\/wp-json\/wp\/v2\/posts"}],"about":[{"href":"https:\/\/news.canadamotorjobs.com\/fr\/wp-json\/wp\/v2\/types\/post"}],"author":[{"embeddable":true,"href":"https:\/\/news.canadamotorjobs.com\/fr\/wp-json\/wp\/v2\/users\/8"}],"replies":[{"embeddable":true,"href":"https:\/\/news.canadamotorjobs.com\/fr\/wp-json\/wp\/v2\/comments?post=170036"}],"version-history":[{"count":2,"href":"https:\/\/news.canadamotorjobs.com\/fr\/wp-json\/wp\/v2\/posts\/170036\/revisions"}],"predecessor-version":[{"id":170040,"href":"https:\/\/news.canadamotorjobs.com\/fr\/wp-json\/wp\/v2\/posts\/170036\/revisions\/170040"}],"wp:featuredmedia":[{"embeddable":true,"href":"https:\/\/news.canadamotorjobs.com\/fr\/wp-json\/wp\/v2\/media\/170038"}],"wp:attachment":[{"href":"https:\/\/news.canadamotorjobs.com\/fr\/wp-json\/wp\/v2\/media?parent=170036"}],"wp:term":[{"taxonomy":"category","embeddable":true,"href":"https:\/\/news.canadamotorjobs.com\/fr\/wp-json\/wp\/v2\/categories?post=170036"},{"taxonomy":"post_tag","embeddable":true,"href":"https:\/\/news.canadamotorjobs.com\/fr\/wp-json\/wp\/v2\/tags?post=170036"}],"curies":[{"name":"wp","href":"https:\/\/api.w.org\/{rel}","templated":true}]}}