{"id":169956,"date":"2024-08-01T12:49:11","date_gmt":"2024-08-01T16:49:11","guid":{"rendered":"https:\/\/news.canadamotorjobs.com\/?p=169956"},"modified":"2024-08-01T13:01:06","modified_gmt":"2024-08-01T17:01:06","slug":"nissan-et-honda-font-travailler-main-dans-la-main","status":"publish","type":"post","link":"https:\/\/news.canadamotorjobs.com\/fr\/nissan-et-honda-font-travailler-main-dans-la-main\/","title":{"rendered":"Nissan et Honda font travailler main dans la main"},"content":{"rendered":"<\/p>\n<p>Nous annoncions la semaine derni\u00e8res que <a href=\"https:\/\/annuelauto.ca\/mitsubishi-motors-rejoint-lalliance-honda-nissan\/\">Nissan et Honda<\/a> allaient travailler ensemble. Les deux constructeurs ont d\u00e9voil\u00e9 de nouveaux d\u00e9tails sur leur partenariat en mati\u00e8re de v\u00e9hicules \u00e9lectriques (VE), annon\u00e7ant des plans pour co-d\u00e9velopper une nouvelle plateforme, ainsi que des moteurs et des batteries.<\/p>\n<h2>Une recherche conjointe pour une architecture de nouvelle g\u00e9n\u00e9ration<\/h2>\n<p>\nLes deux entreprises japonaises ont sign\u00e9 un accord de recherche conjoint pour d\u00e9velopper une architecture de v\u00e9hicule de nouvelle g\u00e9n\u00e9ration, centr\u00e9e sur le concept de &#8220;v\u00e9hicule d\u00e9fini par logiciel&#8221;. Cette architecture int\u00e9grera des technologies avanc\u00e9es telles que la conduite autonome et l&#8217;intelligence artificielle, qui, selon les deux soci\u00e9t\u00e9s, &#8220;d\u00e9termineront la valeur des v\u00e9hicules \u00e0 l&#8217;avenir et deviendront une source de comp\u00e9titivit\u00e9&#8221;.<\/p>\n<p>La recherche sur cette nouvelle plateforme devrait se terminer dans environ un an, moment o\u00f9 elle sera \u00e9valu\u00e9e pour un \u00e9ventuel d\u00e9veloppement ult\u00e9rieur en vue de la production en s\u00e9rie.<\/p>\n<h2>Des modules de batteries et moteurs partag\u00e9s<\/h2>\n<p>\nNissan et Honda pr\u00e9voient \u00e9galement de d\u00e9velopper des modules de batteries et des moteurs \u00e9lectriques partag\u00e9s. Nissan envisage par ailleurs d&#8217;utiliser les batteries produites par une coentreprise entre Honda et LG, nomm\u00e9e L-H Battery Company, en Am\u00e9rique du Nord.<\/p>\n<h2>Une alliance strat\u00e9gique face \u00e0 la concurrence<\/h2>\n<p>\nCette initiative vise \u00e0 fournir \u00e0 Nissan et Honda, qui restent des acteurs relativement modestes avec respectivement 3,4 millions et 3,7 millions de v\u00e9hicules vendus l&#8217;ann\u00e9e derni\u00e8re, les \u00e9conomies d&#8217;\u00e9chelle n\u00e9cessaires pour rivaliser avec des g\u00e9ants comme Toyota et Volkswagen.<\/p>\n<p>Le partenariat a \u00e9galement \u00e9t\u00e9 motiv\u00e9 par la pression des co\u00fbts exerc\u00e9e par les nouvelles marques chinoises, rapides et agressives sur le march\u00e9. En mars, le PDG de Nissan, Makoto Uchida, avait d\u00e9clar\u00e9 : &#8220;Les nouveaux acteurs sont tr\u00e8s agressifs et progressent \u00e0 une vitesse incroyable.&#8221;<\/p>\n<h2>Mitsubishi rejoint l&#8217;alliance<\/h2>\n<p>\nEn plus de ces nouvelles informations, Honda et Nissan ont confirm\u00e9 l&#8217;int\u00e9gration de Mitsubishi au sein de leur alliance. Selon un rapport de Nikkei Asia publi\u00e9 cette semaine, Honda et Nissan pourraient rebadger certains mod\u00e8les de Mitsubishi pour combler les lacunes dans leurs gammes, en particulier en ce qui concerne les v\u00e9hicules hybrides rechargeables et les kei trucks. Le chef de Honda, Toshihiro Mibe, a d\u00e9clar\u00e9 que l&#8217;implication de Mitsubishi &#8220;nous permettra de r\u00e9soudre plus rapidement divers probl\u00e8mes li\u00e9s \u00e0 l&#8217;\u00e9lectrification et \u00e0 l&#8217;intelligence \u00e0 l&#8217;\u00e9chelle mondiale&#8221;.<\/p>\n<p>Avec des renseignements d&#8217;Autocar<\/p>\n<p>Le texte <a rel=\"nofollow\" href=\"https:\/\/annuelauto.ca\/nissan-et-honda-font-travailler-main-dans-la-main\/\">Nissan et Honda font travailler main dans la main<\/a> provient de <a rel=\"nofollow\" href=\"https:\/\/annuelauto.ca\">L&#8217;annuel de l&#8217;automobile &#8211; Actualit\u00e9 automobile<\/a><\/p>\n<p><\/p>\n","protected":false},"excerpt":{"rendered":"<p>Nous annoncions la semaine derni\u00e8res que Nissan et Honda allaient travailler ensemble. Les deux constructeurs ont d\u00e9voil\u00e9 de nouveaux d\u00e9tails sur leur partenariat en mati\u00e8re de v\u00e9hicules \u00e9lectriques (VE), annon\u00e7ant des plans pour co-d\u00e9velopper une nouvelle plateforme, ainsi que des moteurs et des batteries. Une recherche conjointe pour une architecture de nouvelle g\u00e9n\u00e9ration Les deux [&hellip;]<\/p>\n","protected":false},"author":8,"featured_media":169958,"comment_status":"close","ping_status":"closed","sticky":false,"template":"","format":"standard","meta":{"_monsterinsights_skip_tracking":false,"_monsterinsights_sitenote_active":false,"_monsterinsights_sitenote_note":"","_monsterinsights_sitenote_category":0,"footnotes":""},"categories":[101],"tags":[],"yoast_head":"<!-- This site is optimized with the Yoast SEO plugin v23.2 - https:\/\/yoast.com\/wordpress\/plugins\/seo\/ -->\n<title>Nissan et Honda font travailler main dans la main - CanadaMotorJobs.com<\/title>\n<meta name=\"description\" content=\"Nissan et Honda font travailler main dans la main - Benoit Charette - Annuel automobile - CanadaMotorJobs.com.\" \/>\n<meta name=\"robots\" content=\"index, follow, max-snippet:-1, max-image-preview:large, max-video-preview:-1\" \/>\n<meta property=\"og:locale\" content=\"fr_CA\" \/>\n<meta property=\"og:type\" content=\"article\" \/>\n<meta property=\"og:title\" content=\"Nissan et Honda font travailler main dans la main - CanadaMotorJobs.com\" \/>\n<meta property=\"og:description\" content=\"Nissan et Honda font travailler main dans la main - Benoit Charette - Annuel automobile - CanadaMotorJobs.com.\" \/>\n<meta property=\"og:url\" content=\"https:\/\/news.canadamotorjobs.com\/fr\/nissan-et-honda-font-travailler-main-dans-la-main\/\" \/>\n<meta property=\"og:site_name\" content=\"CanadaMotorJobs.com\" \/>\n<meta property=\"article:publisher\" content=\"https:\/\/www.facebook.com\/canadamotorjobs\/\" \/>\n<meta property=\"article:published_time\" content=\"2024-08-01T16:49:11+00:00\" \/>\n<meta property=\"article:modified_time\" content=\"2024-08-01T17:01:06+00:00\" \/>\n<meta property=\"og:image\" content=\"https:\/\/news.canadamotorjobs.com\/wp-content\/uploads\/2024\/08\/preview-928x522-1.jpg\" \/>\n\t<meta property=\"og:image:width\" content=\"928\" \/>\n\t<meta property=\"og:image:height\" content=\"619\" \/>\n\t<meta property=\"og:image:type\" content=\"image\/jpeg\" \/>\n<meta name=\"author\" content=\"Benoit Charette\" \/>\n<meta name=\"twitter:card\" content=\"summary_large_image\" \/>\n<meta name=\"twitter:creator\" content=\"@canadamotorjobs\" \/>\n<meta name=\"twitter:site\" content=\"@canadamotorjobs\" \/>\n<meta name=\"twitter:label1\" content=\"\u00c9crit par\" \/>\n\t<meta name=\"twitter:data1\" content=\"Benoit Charette\" \/>\n\t<meta name=\"twitter:label2\" content=\"Estimation du temps de lecture\" \/>\n\t<meta name=\"twitter:data2\" content=\"2 minutes\" \/>\n<!-- \/ Yoast SEO plugin. -->","yoast_head_json":{"title":"Nissan et Honda font travailler main dans la main - CanadaMotorJobs.com","description":"Nissan et Honda font travailler main dans la main - Benoit Charette - Annuel automobile - CanadaMotorJobs.com.","robots":{"index":"index","follow":"follow","max-snippet":"max-snippet:-1","max-image-preview":"max-image-preview:large","max-video-preview":"max-video-preview:-1"},"og_locale":"fr_CA","og_type":"article","og_title":"Nissan et Honda font travailler main dans la main - CanadaMotorJobs.com","og_description":"Nissan et Honda font travailler main dans la main - Benoit Charette - Annuel automobile - CanadaMotorJobs.com.","og_url":"https:\/\/news.canadamotorjobs.com\/fr\/nissan-et-honda-font-travailler-main-dans-la-main\/","og_site_name":"CanadaMotorJobs.com","article_publisher":"https:\/\/www.facebook.com\/canadamotorjobs\/","article_published_time":"2024-08-01T16:49:11+00:00","article_modified_time":"2024-08-01T17:01:06+00:00","og_image":[{"width":928,"height":619,"url":"https:\/\/news.canadamotorjobs.com\/wp-content\/uploads\/2024\/08\/preview-928x522-1.jpg","type":"image\/jpeg"}],"author":"Benoit Charette","twitter_card":"summary_large_image","twitter_creator":"@canadamotorjobs","twitter_site":"@canadamotorjobs","twitter_misc":{"\u00c9crit par":"Benoit Charette","Estimation du temps de lecture":"2 minutes"},"schema":{"@context":"https:\/\/schema.org","@graph":[{"@type":"Article","@id":"https:\/\/news.canadamotorjobs.com\/fr\/nissan-et-honda-font-travailler-main-dans-la-main\/#article","isPartOf":{"@id":"https:\/\/news.canadamotorjobs.com\/fr\/nissan-et-honda-font-travailler-main-dans-la-main\/"},"author":{"name":"Benoit Charette","@id":"https:\/\/news.canadamotorjobs.com\/#\/schema\/person\/51793d1f87d44011d7bcc2ed99269a90"},"headline":"Nissan et Honda font travailler main dans la main","datePublished":"2024-08-01T16:49:11+00:00","dateModified":"2024-08-01T17:01:06+00:00","mainEntityOfPage":{"@id":"https:\/\/news.canadamotorjobs.com\/fr\/nissan-et-honda-font-travailler-main-dans-la-main\/"},"wordCount":457,"publisher":{"@id":"https:\/\/news.canadamotorjobs.com\/#organization"},"image":{"@id":"https:\/\/news.canadamotorjobs.com\/fr\/nissan-et-honda-font-travailler-main-dans-la-main\/#primaryimage"},"thumbnailUrl":"https:\/\/news.canadamotorjobs.com\/wp-content\/uploads\/2024\/08\/preview-928x522-1.jpg","articleSection":["Annuel automobile"],"inLanguage":"fr-CA"},{"@type":"WebPage","@id":"https:\/\/news.canadamotorjobs.com\/fr\/nissan-et-honda-font-travailler-main-dans-la-main\/","url":"https:\/\/news.canadamotorjobs.com\/fr\/nissan-et-honda-font-travailler-main-dans-la-main\/","name":"Nissan et Honda font travailler main dans la main - CanadaMotorJobs.com","isPartOf":{"@id":"https:\/\/news.canadamotorjobs.com\/#website"},"primaryImageOfPage":{"@id":"https:\/\/news.canadamotorjobs.com\/fr\/nissan-et-honda-font-travailler-main-dans-la-main\/#primaryimage"},"image":{"@id":"https:\/\/news.canadamotorjobs.com\/fr\/nissan-et-honda-font-travailler-main-dans-la-main\/#primaryimage"},"thumbnailUrl":"https:\/\/news.canadamotorjobs.com\/wp-content\/uploads\/2024\/08\/preview-928x522-1.jpg","datePublished":"2024-08-01T16:49:11+00:00","dateModified":"2024-08-01T17:01:06+00:00","description":"Nissan et Honda font travailler main dans la main - Benoit Charette - Annuel automobile - CanadaMotorJobs.com.","breadcrumb":{"@id":"https:\/\/news.canadamotorjobs.com\/fr\/nissan-et-honda-font-travailler-main-dans-la-main\/#breadcrumb"},"inLanguage":"fr-CA","potentialAction":[{"@type":"ReadAction","target":["https:\/\/news.canadamotorjobs.com\/fr\/nissan-et-honda-font-travailler-main-dans-la-main\/"]}]},{"@type":"ImageObject","inLanguage":"fr-CA","@id":"https:\/\/news.canadamotorjobs.com\/fr\/nissan-et-honda-font-travailler-main-dans-la-main\/#primaryimage","url":"https:\/\/news.canadamotorjobs.com\/wp-content\/uploads\/2024\/08\/preview-928x522-1.jpg","contentUrl":"https:\/\/news.canadamotorjobs.com\/wp-content\/uploads\/2024\/08\/preview-928x522-1.jpg","width":928,"height":619},{"@type":"BreadcrumbList","@id":"https:\/\/news.canadamotorjobs.com\/fr\/nissan-et-honda-font-travailler-main-dans-la-main\/#breadcrumb","itemListElement":[{"@type":"ListItem","position":1,"name":"Home","item":"https:\/\/news.canadamotorjobs.com\/fr\/blog\/"},{"@type":"ListItem","position":2,"name":"Nissan et Honda font travailler main dans la main"}]},{"@type":"WebSite","@id":"https:\/\/news.canadamotorjobs.com\/#website","url":"https:\/\/news.canadamotorjobs.com\/","name":"CanadaMotorJobs.com","description":"Automotive Jobs","publisher":{"@id":"https:\/\/news.canadamotorjobs.com\/#organization"},"potentialAction":[{"@type":"SearchAction","target":{"@type":"EntryPoint","urlTemplate":"https:\/\/news.canadamotorjobs.com\/?s={search_term_string}"},"query-input":"required name=search_term_string"}],"inLanguage":"fr-CA"},{"@type":"Organization","@id":"https:\/\/news.canadamotorjobs.com\/#organization","name":"Canada Motor Jobs","url":"https:\/\/news.canadamotorjobs.com\/","logo":{"@type":"ImageObject","inLanguage":"fr-CA","@id":"https:\/\/news.canadamotorjobs.com\/#\/schema\/logo\/image\/","url":"https:\/\/news.canadamotorjobs.com\/wp-content\/uploads\/2022\/10\/logo-canada-motor-jobs-1.png","contentUrl":"https:\/\/news.canadamotorjobs.com\/wp-content\/uploads\/2022\/10\/logo-canada-motor-jobs-1.png","width":800,"height":400,"caption":"Canada Motor Jobs"},"image":{"@id":"https:\/\/news.canadamotorjobs.com\/#\/schema\/logo\/image\/"},"sameAs":["https:\/\/www.facebook.com\/canadamotorjobs\/","https:\/\/x.com\/canadamotorjobs","https:\/\/www.instagram.com\/canadamotorjobs\/","https:\/\/www.linkedin.com\/company\/canadamotorjobs"]},{"@type":"Person","@id":"https:\/\/news.canadamotorjobs.com\/#\/schema\/person\/51793d1f87d44011d7bcc2ed99269a90","name":"Benoit Charette","image":{"@type":"ImageObject","inLanguage":"fr-CA","@id":"https:\/\/news.canadamotorjobs.com\/#\/schema\/person\/image\/","url":"https:\/\/secure.gravatar.com\/avatar\/45f3d2eebcccd909668d7ce7ea7267b6?s=96&d=mm&r=g","contentUrl":"https:\/\/secure.gravatar.com\/avatar\/45f3d2eebcccd909668d7ce7ea7267b6?s=96&d=mm&r=g","caption":"Benoit Charette"},"description":"Benoit Charette \/ Propri\u00e9taire et r\u00e9dacteur en chef Benoit Charette pratique le journalisme automobile depuis bient\u00f4t 30 ans. Il a fait ses classes au c\u00f4t\u00e9 de Daniel H\u00e9raud et au Carnet de route de 1992 \u00e0 2001. Il est fondateur, copropri\u00e9taire et r\u00e9dacteur en chef de L\u2019Annuel de l\u2019automobile, qu\u2019il publie depuis 2001. Il a anim\u00e9 les \u00e9missions RPM et RPM+ sur V et les L\u00e9gendes de la route sur Historia. \u00c0 la radio depuis 1986, il reprend l\u2019antenne cette ann\u00e9e sur les ondes de Cogeco et participe pour la deuxi\u00e8me ann\u00e9e \u00e0 l\u2019\u00e9mission Passion Auto sur RDS en plus de mettre en ligne le site Web officiel de L\u2019Annuel de l\u2019automobile sur annuelauto.ca.","sameAs":["https:\/\/annuelauto.ca\/"],"url":"https:\/\/news.canadamotorjobs.com\/fr\/author\/benoit-charette\/"}]}},"_links":{"self":[{"href":"https:\/\/news.canadamotorjobs.com\/fr\/wp-json\/wp\/v2\/posts\/169956"}],"collection":[{"href":"https:\/\/news.canadamotorjobs.com\/fr\/wp-json\/wp\/v2\/posts"}],"about":[{"href":"https:\/\/news.canadamotorjobs.com\/fr\/wp-json\/wp\/v2\/types\/post"}],"author":[{"embeddable":true,"href":"https:\/\/news.canadamotorjobs.com\/fr\/wp-json\/wp\/v2\/users\/8"}],"replies":[{"embeddable":true,"href":"https:\/\/news.canadamotorjobs.com\/fr\/wp-json\/wp\/v2\/comments?post=169956"}],"version-history":[{"count":2,"href":"https:\/\/news.canadamotorjobs.com\/fr\/wp-json\/wp\/v2\/posts\/169956\/revisions"}],"predecessor-version":[{"id":169960,"href":"https:\/\/news.canadamotorjobs.com\/fr\/wp-json\/wp\/v2\/posts\/169956\/revisions\/169960"}],"wp:featuredmedia":[{"embeddable":true,"href":"https:\/\/news.canadamotorjobs.com\/fr\/wp-json\/wp\/v2\/media\/169958"}],"wp:attachment":[{"href":"https:\/\/news.canadamotorjobs.com\/fr\/wp-json\/wp\/v2\/media?parent=169956"}],"wp:term":[{"taxonomy":"category","embeddable":true,"href":"https:\/\/news.canadamotorjobs.com\/fr\/wp-json\/wp\/v2\/categories?post=169956"},{"taxonomy":"post_tag","embeddable":true,"href":"https:\/\/news.canadamotorjobs.com\/fr\/wp-json\/wp\/v2\/tags?post=169956"}],"curies":[{"name":"wp","href":"https:\/\/api.w.org\/{rel}","templated":true}]}}