{"id":169891,"date":"2024-07-31T11:00:07","date_gmt":"2024-07-31T15:00:07","guid":{"rendered":"https:\/\/news.canadamotorjobs.com\/?p=169891"},"modified":"2024-07-31T11:15:15","modified_gmt":"2024-07-31T15:15:15","slug":"voici-laudi-a6-e-tron","status":"publish","type":"post","link":"https:\/\/news.canadamotorjobs.com\/fr\/voici-laudi-a6-e-tron\/","title":{"rendered":"Voici l\u2019Audi A6 e-Tron"},"content":{"rendered":"<\/p>\n<h3><strong>Un design audacieux et une technologie de pointe<\/strong><\/h3>\n<p>\nAujourd&#8217;hui, la marque aux anneaux lance les versions Sportback et Avant de l&#8217;A6 e-tron, qui d\u00e9coule du concept pr\u00e9sent\u00e9 \u00e0 Shanghai en 2021. Ce mod\u00e8le se distingue par son plancher plat, une premi\u00e8re sur cette plateforme. Le design ext\u00e9rieur monolithique s&#8217;accompagne d&#8217;une philosophie int\u00e9rieure ax\u00e9e sur l&#8217;innovation, avec des \u00e9quipements de pointe comme des r\u00e9troviseurs ext\u00e9rieurs virtuels de seconde g\u00e9n\u00e9ration, un toit panoramique en verre \u00e0 opacit\u00e9 variable, et des anneaux lumineux \u00e0 l&#8217;arri\u00e8re.<\/p>\n<h3><strong>Lancement pr\u00e9vu en l\u2019\u00e9t\u00e9 2025<\/strong><\/h3>\n<p>\nLes Audi A6 e-tron et S6 e-tron seront disponibles en pr\u00e9commande d\u00e8s septembre 2024 en Europe et \u00e0 l&#8217;\u00e9t\u00e9 2025 au Canada comme mod\u00e8le 2026, avec des prix d\u00e9butant \u00e0 75 600 euros pour l&#8217;A6 Sportback e-tron et \u00e0 99 500 euros pour la S6 Sportback e-tron. Son design marquant lui conf\u00e8re les meilleures performances a\u00e9rodynamiques de notre portefeuille, ce qui se traduit par une efficacit\u00e9 accrue et une autonomie exceptionnelle de plus de 700 kilom\u00e8tres en mode WLTP<\/p>\n<h3><strong>Un design ext\u00e9rieur \u00e9l\u00e9gant et a\u00e9rodynamique<\/strong><\/h3>\n<p>\nL\u2019Audi A6 e-tron se distingue par une a\u00e9rodynamique optimis\u00e9e, avec un coefficient de tra\u00een\u00e9e (cx) de seulement 0,21 (avec r\u00e9troviseurs ext\u00e9rieurs virtuels) pour la version Sportback, le meilleur jamais atteint par un mod\u00e8le Audi. La version Avant affiche \u00e9galement un excellent cx de 0,24. Ces performances sont le fruit d\u2019un travail minutieux sur la conception du sous-bassement, les \u00e9l\u00e9ments a\u00e9rodynamiques des roues, et le diffuseur arri\u00e8re, entre autres.<\/p>\n<h3><strong>Technologie d&#8217;\u00e9clairage innovante<\/strong><\/h3>\n<p>\nLes A6 et S6 e-tron b\u00e9n\u00e9ficient de huit signatures lumineuses personnalisables. En raison des r\u00e9glementations nord-am\u00e9ricaines, certaines fonctionnalit\u00e9s d&#8217;\u00e9clairage \u2013 comme les phares \u00e0 matrice DEL adaptative, la communication car-to-X, et les signatures lumineuses num\u00e9riques actives \u2013 ne sont pas disponibles.<\/p>\n<h3><strong>Int\u00e9rieur connect\u00e9 et confort haut de gamme<\/strong><\/h3>\n<p>\n<strong>L\u2019int\u00e9rieur de l\u2019A6 e-tron est con\u00e7u pour offrir une exp\u00e9rience utilisateur optimale.<\/strong> Le tableau de bord num\u00e9rique, avec son \u00e9cran MMI panoramique OLED de 14,5 pouces et l\u2019affichage t\u00eate haute \u00e0 r\u00e9alit\u00e9 augment\u00e9e (AR HuD) de seconde g\u00e9n\u00e9ration, place les informations essentielles directement dans le champ de vision du conducteur. L\u2019exp\u00e9rience sonore est \u00e9galement au rendez-vous gr\u00e2ce au syst\u00e8me Bang &amp; Olufsen Premium avec haut-parleurs int\u00e9gr\u00e9s dans les appuie-t\u00eates, offrant un son surround personnel et des communications t\u00e9l\u00e9phoniques de haute qualit\u00e9.<\/p>\n<h3><strong>Autonomie et recharge ultra-rapide<\/strong><\/h3>\n<p>\n<strong>L\u2019A6 e-tron promet une autonomie impressionnante de plus de 600 kilom\u00e8tres gr\u00e2ce \u00e0 sa batterie de 100 kWh et ses moteurs \u00e9lectriques ultra-efficaces.<\/strong> Le mod\u00e8le est \u00e9quip\u00e9 d&#8217;une technologie de recharge de 800 volts. Le syst\u00e8me de freinage r\u00e9g\u00e9n\u00e9ratif perfectionn\u00e9 contribue \u00e9galement \u00e0 maximiser l&#8217;efficacit\u00e9 \u00e9nerg\u00e9tique.<\/p>\n<h3>Quelques chiffres<\/h3>\n<p>\nLe canada va offrir les variantes A6 e-tron, A6 e-tron quattro, et S6 e-tron Sportback. La structure de l&#8217;offre pour le march\u00e9 am\u00e9ricain de l&#8217;A6 e-tron diff\u00e9rera de ce qui est d\u00e9taill\u00e9 dans le communiqu\u00e9 global ci-dessous. Les sp\u00e9cifications initiales estim\u00e9es par le constructeur pour les \u00c9tats-Unis sont les suivantes, avec des d\u00e9tails complets qui seront diffus\u00e9s plus pr\u00e8s de la date de mise en vente aux \u00c9tats-Unis.<\/p>\n<h3><strong>A6 e-tron (RWD) Sportback \/ A6 e-tron quattro Sportback \/ S6 e-tron Sportback<\/strong><\/h3>\n<p><\/p>\n<ul><\/p>\n<li><strong>Puissance<\/strong> :\n<ul><\/p>\n<li>A6 e-tron : 372 chevaux<\/li>\n<p><\/p>\n<li>A6 e-tron quattro : 422 chevaux<\/li>\n<p><\/p>\n<li>S6 e-tron : 496 chevaux (543 ch) avec contr\u00f4le de lancement<\/li>\n<p>\n<\/ul>\n<p>\n<\/li>\n<p><\/p>\n<li><strong>Acc\u00e9l\u00e9ration de 0 \u00e0 60 mph<\/strong> :\n<ul><\/p>\n<li>A6 e-tron : Environ 5,2 secondes<\/li>\n<p><\/p>\n<li>A6 e-tron quattro : Environ 4,3 secondes<\/li>\n<p><\/p>\n<li>S6 e-tron : Environ 3,7 secondes avec contr\u00f4le de lancement<\/li>\n<p>\n<\/ul>\n<p>\n<\/li>\n<p><\/p>\n<li><strong>Vitesse maximale<\/strong> :\n<ul><\/p>\n<li>A6 e-tron : 210 km\/h<\/li>\n<p><\/p>\n<li>A6 e-tron quattro : 210 km\/h<\/li>\n<p><\/p>\n<li>S6 e-tron : 240 km\/h<\/li>\n<p><\/p>\n<li><\/li>\n<p>\n<\/ul>\n<p>\n<\/li>\n<p><\/p>\n<li><strong>Autonomie et efficacit\u00e9<\/strong> :<br \/>\nLes sp\u00e9cifications de l&#8217;autonomie EPA seront annonc\u00e9es pour tous les mod\u00e8les am\u00e9ricains plus pr\u00e8s de la date de mise en vente. Le communiqu\u00e9 cite un coefficient de tra\u00een\u00e9e de seulement 0,21 Cd, une donn\u00e9e europ\u00e9enne bas\u00e9e sur une offre sp\u00e9cifique de roues et l&#8217;utilisation de r\u00e9troviseurs ext\u00e9rieurs virtuels, non disponibles sur le march\u00e9 am\u00e9ricain. Les sp\u00e9cifications compl\u00e8tes pour le Canada seront annonc\u00e9es plus pr\u00e8s de la date de mise en vente.<\/li>\n<p><\/p>\n<li><\/li>\n<p><\/p>\n<li><strong>Batterie et recharge<\/strong> :\n<ul><\/p>\n<li>Capacit\u00e9 : 100 kWh (94,4 kWh net)<\/li>\n<p><\/p>\n<li>Recharge AC : 9,6 kW (240V\/40A)<\/li>\n<p><\/p>\n<li>Recharge rapide DC : 270 kW HPC \u00e0 800 volts, capable de recharger de 10 \u00e0 80 % en 21 minutes.<\/li>\n<p><\/p>\n<li><\/li>\n<p>\n<\/ul>\n<p>\n<\/li>\n<p><\/p>\n<li><strong>Couleurs disponibles<\/strong> :\n<ul><\/p>\n<li>A6 e-tron : Gris magn\u00e9tique (solide), Blanc glacier m\u00e9tallis\u00e9, Noir Mythos m\u00e9tallis\u00e9, Bleu plasma m\u00e9tallis\u00e9, Bleu Malpelo m\u00e9tallis\u00e9, Gris typhon m\u00e9tallis\u00e9<\/li>\n<p><\/p>\n<li>A6 e-tron quattro : Gris magn\u00e9tique (solide), Blanc glacier m\u00e9tallis\u00e9, Noir Mythos m\u00e9tallis\u00e9, Bleu plasma m\u00e9tallis\u00e9, Bleu Malpelo m\u00e9tallis\u00e9, Gris typhon m\u00e9tallis\u00e9<\/li>\n<p><\/p>\n<li>S6 e-tron : Gris magn\u00e9tique (solide), Blanc glacier m\u00e9tallis\u00e9, Noir Mythos m\u00e9tallis\u00e9, Bleu plasma m\u00e9tallis\u00e9, Bleu Malpelo m\u00e9tallis\u00e9, Beige Siam m\u00e9tallis\u00e9, Gris Daytona nacr\u00e9<\/li>\n<p>\n<\/ul>\n<p>\n<\/li>\n<p>\n<\/ul>\n<p>\nSource : Audi<\/p>\n<p>\u00a0<\/p>\n<p>Le texte <a rel=\"nofollow\" href=\"https:\/\/annuelauto.ca\/voici-laudi-a6-e-tron\/\">Voici l\u2019Audi A6 e-Tron<\/a> provient de <a rel=\"nofollow\" href=\"https:\/\/annuelauto.ca\">L&#8217;annuel de l&#8217;automobile &#8211; Actualit\u00e9 automobile<\/a><\/p>\n<p><\/p>\n","protected":false},"excerpt":{"rendered":"<p>Un design audacieux et une technologie de pointe Aujourd&#8217;hui, la marque aux anneaux lance les versions Sportback et Avant de l&#8217;A6 e-tron, qui d\u00e9coule du concept pr\u00e9sent\u00e9 \u00e0 Shanghai en 2021. Ce mod\u00e8le se distingue par son plancher plat, une premi\u00e8re sur cette plateforme. Le design ext\u00e9rieur monolithique s&#8217;accompagne d&#8217;une philosophie int\u00e9rieure ax\u00e9e sur l&#8217;innovation, [&hellip;]<\/p>\n","protected":false},"author":8,"featured_media":169893,"comment_status":"close","ping_status":"closed","sticky":false,"template":"","format":"standard","meta":{"_monsterinsights_skip_tracking":false,"_monsterinsights_sitenote_active":false,"_monsterinsights_sitenote_note":"","_monsterinsights_sitenote_category":0,"footnotes":""},"categories":[101],"tags":[],"yoast_head":"<!-- This site is optimized with the Yoast SEO plugin v23.2 - https:\/\/yoast.com\/wordpress\/plugins\/seo\/ -->\n<title>Voici l\u2019Audi A6 e-Tron - CanadaMotorJobs.com<\/title>\n<meta name=\"description\" content=\"Voici l\u2019Audi A6 e-Tron - Benoit Charette - Annuel automobile - CanadaMotorJobs.com.\" \/>\n<meta name=\"robots\" content=\"index, follow, max-snippet:-1, max-image-preview:large, max-video-preview:-1\" \/>\n<meta property=\"og:locale\" content=\"fr_CA\" \/>\n<meta property=\"og:type\" content=\"article\" \/>\n<meta property=\"og:title\" content=\"Voici l\u2019Audi A6 e-Tron - CanadaMotorJobs.com\" \/>\n<meta property=\"og:description\" content=\"Voici l\u2019Audi A6 e-Tron - Benoit Charette - Annuel automobile - CanadaMotorJobs.com.\" \/>\n<meta property=\"og:url\" content=\"https:\/\/news.canadamotorjobs.com\/fr\/voici-laudi-a6-e-tron\/\" \/>\n<meta property=\"og:site_name\" content=\"CanadaMotorJobs.com\" \/>\n<meta property=\"article:publisher\" content=\"https:\/\/www.facebook.com\/canadamotorjobs\/\" \/>\n<meta property=\"article:published_time\" content=\"2024-07-31T15:00:07+00:00\" \/>\n<meta property=\"article:modified_time\" content=\"2024-07-31T15:15:15+00:00\" \/>\n<meta property=\"og:image\" content=\"https:\/\/news.canadamotorjobs.com\/wp-content\/uploads\/2024\/07\/A243273_large.jpg\" \/>\n\t<meta property=\"og:image:width\" content=\"1067\" \/>\n\t<meta property=\"og:image:height\" content=\"800\" \/>\n\t<meta property=\"og:image:type\" content=\"image\/jpeg\" \/>\n<meta name=\"author\" content=\"Benoit Charette\" \/>\n<meta name=\"twitter:card\" content=\"summary_large_image\" \/>\n<meta name=\"twitter:creator\" content=\"@canadamotorjobs\" \/>\n<meta name=\"twitter:site\" content=\"@canadamotorjobs\" \/>\n<meta name=\"twitter:label1\" content=\"\u00c9crit par\" \/>\n\t<meta name=\"twitter:data1\" content=\"Benoit Charette\" \/>\n\t<meta name=\"twitter:label2\" content=\"Estimation du temps de lecture\" \/>\n\t<meta name=\"twitter:data2\" content=\"4 minutes\" \/>\n<!-- \/ Yoast SEO plugin. -->","yoast_head_json":{"title":"Voici l\u2019Audi A6 e-Tron - CanadaMotorJobs.com","description":"Voici l\u2019Audi A6 e-Tron - Benoit Charette - Annuel automobile - CanadaMotorJobs.com.","robots":{"index":"index","follow":"follow","max-snippet":"max-snippet:-1","max-image-preview":"max-image-preview:large","max-video-preview":"max-video-preview:-1"},"og_locale":"fr_CA","og_type":"article","og_title":"Voici l\u2019Audi A6 e-Tron - CanadaMotorJobs.com","og_description":"Voici l\u2019Audi A6 e-Tron - Benoit Charette - Annuel automobile - CanadaMotorJobs.com.","og_url":"https:\/\/news.canadamotorjobs.com\/fr\/voici-laudi-a6-e-tron\/","og_site_name":"CanadaMotorJobs.com","article_publisher":"https:\/\/www.facebook.com\/canadamotorjobs\/","article_published_time":"2024-07-31T15:00:07+00:00","article_modified_time":"2024-07-31T15:15:15+00:00","og_image":[{"width":1067,"height":800,"url":"https:\/\/news.canadamotorjobs.com\/wp-content\/uploads\/2024\/07\/A243273_large.jpg","type":"image\/jpeg"}],"author":"Benoit Charette","twitter_card":"summary_large_image","twitter_creator":"@canadamotorjobs","twitter_site":"@canadamotorjobs","twitter_misc":{"\u00c9crit par":"Benoit Charette","Estimation du temps de lecture":"4 minutes"},"schema":{"@context":"https:\/\/schema.org","@graph":[{"@type":"Article","@id":"https:\/\/news.canadamotorjobs.com\/fr\/voici-laudi-a6-e-tron\/#article","isPartOf":{"@id":"https:\/\/news.canadamotorjobs.com\/fr\/voici-laudi-a6-e-tron\/"},"author":{"name":"Benoit Charette","@id":"https:\/\/news.canadamotorjobs.com\/#\/schema\/person\/51793d1f87d44011d7bcc2ed99269a90"},"headline":"Voici l\u2019Audi A6 e-Tron","datePublished":"2024-07-31T15:00:07+00:00","dateModified":"2024-07-31T15:15:15+00:00","mainEntityOfPage":{"@id":"https:\/\/news.canadamotorjobs.com\/fr\/voici-laudi-a6-e-tron\/"},"wordCount":850,"publisher":{"@id":"https:\/\/news.canadamotorjobs.com\/#organization"},"image":{"@id":"https:\/\/news.canadamotorjobs.com\/fr\/voici-laudi-a6-e-tron\/#primaryimage"},"thumbnailUrl":"https:\/\/news.canadamotorjobs.com\/wp-content\/uploads\/2024\/07\/A243273_large.jpg","articleSection":["Annuel automobile"],"inLanguage":"fr-CA"},{"@type":"WebPage","@id":"https:\/\/news.canadamotorjobs.com\/fr\/voici-laudi-a6-e-tron\/","url":"https:\/\/news.canadamotorjobs.com\/fr\/voici-laudi-a6-e-tron\/","name":"Voici l\u2019Audi A6 e-Tron - CanadaMotorJobs.com","isPartOf":{"@id":"https:\/\/news.canadamotorjobs.com\/#website"},"primaryImageOfPage":{"@id":"https:\/\/news.canadamotorjobs.com\/fr\/voici-laudi-a6-e-tron\/#primaryimage"},"image":{"@id":"https:\/\/news.canadamotorjobs.com\/fr\/voici-laudi-a6-e-tron\/#primaryimage"},"thumbnailUrl":"https:\/\/news.canadamotorjobs.com\/wp-content\/uploads\/2024\/07\/A243273_large.jpg","datePublished":"2024-07-31T15:00:07+00:00","dateModified":"2024-07-31T15:15:15+00:00","description":"Voici l\u2019Audi A6 e-Tron - Benoit Charette - Annuel automobile - CanadaMotorJobs.com.","breadcrumb":{"@id":"https:\/\/news.canadamotorjobs.com\/fr\/voici-laudi-a6-e-tron\/#breadcrumb"},"inLanguage":"fr-CA","potentialAction":[{"@type":"ReadAction","target":["https:\/\/news.canadamotorjobs.com\/fr\/voici-laudi-a6-e-tron\/"]}]},{"@type":"ImageObject","inLanguage":"fr-CA","@id":"https:\/\/news.canadamotorjobs.com\/fr\/voici-laudi-a6-e-tron\/#primaryimage","url":"https:\/\/news.canadamotorjobs.com\/wp-content\/uploads\/2024\/07\/A243273_large.jpg","contentUrl":"https:\/\/news.canadamotorjobs.com\/wp-content\/uploads\/2024\/07\/A243273_large.jpg","width":1067,"height":800},{"@type":"BreadcrumbList","@id":"https:\/\/news.canadamotorjobs.com\/fr\/voici-laudi-a6-e-tron\/#breadcrumb","itemListElement":[{"@type":"ListItem","position":1,"name":"Home","item":"https:\/\/news.canadamotorjobs.com\/fr\/blog\/"},{"@type":"ListItem","position":2,"name":"Voici l\u2019Audi A6 e-Tron"}]},{"@type":"WebSite","@id":"https:\/\/news.canadamotorjobs.com\/#website","url":"https:\/\/news.canadamotorjobs.com\/","name":"CanadaMotorJobs.com","description":"Automotive Jobs","publisher":{"@id":"https:\/\/news.canadamotorjobs.com\/#organization"},"potentialAction":[{"@type":"SearchAction","target":{"@type":"EntryPoint","urlTemplate":"https:\/\/news.canadamotorjobs.com\/?s={search_term_string}"},"query-input":"required name=search_term_string"}],"inLanguage":"fr-CA"},{"@type":"Organization","@id":"https:\/\/news.canadamotorjobs.com\/#organization","name":"Canada Motor Jobs","url":"https:\/\/news.canadamotorjobs.com\/","logo":{"@type":"ImageObject","inLanguage":"fr-CA","@id":"https:\/\/news.canadamotorjobs.com\/#\/schema\/logo\/image\/","url":"https:\/\/news.canadamotorjobs.com\/wp-content\/uploads\/2022\/10\/logo-canada-motor-jobs-1.png","contentUrl":"https:\/\/news.canadamotorjobs.com\/wp-content\/uploads\/2022\/10\/logo-canada-motor-jobs-1.png","width":800,"height":400,"caption":"Canada Motor Jobs"},"image":{"@id":"https:\/\/news.canadamotorjobs.com\/#\/schema\/logo\/image\/"},"sameAs":["https:\/\/www.facebook.com\/canadamotorjobs\/","https:\/\/x.com\/canadamotorjobs","https:\/\/www.instagram.com\/canadamotorjobs\/","https:\/\/www.linkedin.com\/company\/canadamotorjobs"]},{"@type":"Person","@id":"https:\/\/news.canadamotorjobs.com\/#\/schema\/person\/51793d1f87d44011d7bcc2ed99269a90","name":"Benoit Charette","image":{"@type":"ImageObject","inLanguage":"fr-CA","@id":"https:\/\/news.canadamotorjobs.com\/#\/schema\/person\/image\/","url":"https:\/\/secure.gravatar.com\/avatar\/45f3d2eebcccd909668d7ce7ea7267b6?s=96&d=mm&r=g","contentUrl":"https:\/\/secure.gravatar.com\/avatar\/45f3d2eebcccd909668d7ce7ea7267b6?s=96&d=mm&r=g","caption":"Benoit Charette"},"description":"Benoit Charette \/ Propri\u00e9taire et r\u00e9dacteur en chef Benoit Charette pratique le journalisme automobile depuis bient\u00f4t 30 ans. Il a fait ses classes au c\u00f4t\u00e9 de Daniel H\u00e9raud et au Carnet de route de 1992 \u00e0 2001. Il est fondateur, copropri\u00e9taire et r\u00e9dacteur en chef de L\u2019Annuel de l\u2019automobile, qu\u2019il publie depuis 2001. Il a anim\u00e9 les \u00e9missions RPM et RPM+ sur V et les L\u00e9gendes de la route sur Historia. \u00c0 la radio depuis 1986, il reprend l\u2019antenne cette ann\u00e9e sur les ondes de Cogeco et participe pour la deuxi\u00e8me ann\u00e9e \u00e0 l\u2019\u00e9mission Passion Auto sur RDS en plus de mettre en ligne le site Web officiel de L\u2019Annuel de l\u2019automobile sur annuelauto.ca.","sameAs":["https:\/\/annuelauto.ca\/"],"url":"https:\/\/news.canadamotorjobs.com\/fr\/author\/benoit-charette\/"}]}},"_links":{"self":[{"href":"https:\/\/news.canadamotorjobs.com\/fr\/wp-json\/wp\/v2\/posts\/169891"}],"collection":[{"href":"https:\/\/news.canadamotorjobs.com\/fr\/wp-json\/wp\/v2\/posts"}],"about":[{"href":"https:\/\/news.canadamotorjobs.com\/fr\/wp-json\/wp\/v2\/types\/post"}],"author":[{"embeddable":true,"href":"https:\/\/news.canadamotorjobs.com\/fr\/wp-json\/wp\/v2\/users\/8"}],"replies":[{"embeddable":true,"href":"https:\/\/news.canadamotorjobs.com\/fr\/wp-json\/wp\/v2\/comments?post=169891"}],"version-history":[{"count":2,"href":"https:\/\/news.canadamotorjobs.com\/fr\/wp-json\/wp\/v2\/posts\/169891\/revisions"}],"predecessor-version":[{"id":169895,"href":"https:\/\/news.canadamotorjobs.com\/fr\/wp-json\/wp\/v2\/posts\/169891\/revisions\/169895"}],"wp:featuredmedia":[{"embeddable":true,"href":"https:\/\/news.canadamotorjobs.com\/fr\/wp-json\/wp\/v2\/media\/169893"}],"wp:attachment":[{"href":"https:\/\/news.canadamotorjobs.com\/fr\/wp-json\/wp\/v2\/media?parent=169891"}],"wp:term":[{"taxonomy":"category","embeddable":true,"href":"https:\/\/news.canadamotorjobs.com\/fr\/wp-json\/wp\/v2\/categories?post=169891"},{"taxonomy":"post_tag","embeddable":true,"href":"https:\/\/news.canadamotorjobs.com\/fr\/wp-json\/wp\/v2\/tags?post=169891"}],"curies":[{"name":"wp","href":"https:\/\/api.w.org\/{rel}","templated":true}]}}