{"id":169802,"date":"2024-07-30T10:32:48","date_gmt":"2024-07-30T14:32:48","guid":{"rendered":"https:\/\/news.canadamotorjobs.com\/?p=169802"},"modified":"2024-07-30T10:46:00","modified_gmt":"2024-07-30T14:46:00","slug":"pres-de-20-000-chrysler-pacifica-phev-a-nouveau-a-risque-dincendie","status":"publish","type":"post","link":"https:\/\/news.canadamotorjobs.com\/fr\/pres-de-20-000-chrysler-pacifica-phev-a-nouveau-a-risque-dincendie\/","title":{"rendered":"Pr\u00e8s de 20\u00a0000 Chrysler Pacifica PHEV \u00e0 nouveau \u00e0 risque d\u2019incendie"},"content":{"rendered":"<\/p>\n<p>Chrysler rappelle un total de 19 516 Pacifica PHEV en raison d&#8217;un risque d&#8217;incendie. Si cela vous semble familier, c&#8217;est parce que ce v\u00e9hicule familial \u00e9lectrifi\u00e9 a d\u00e9j\u00e0 \u00e9t\u00e9 rappel\u00e9 il y a deux ans pour le m\u00eame probl\u00e8me. \u00c0 l&#8217;\u00e9poque, Chrysler avait tent\u00e9 de r\u00e9soudre le probl\u00e8me avec une mise \u00e0 jour logicielle, mais cela n&#8217;a pas suffi.<\/p>\n<h3>Probl\u00e8me Identifi\u00e9 par la NHTSA<\/h3>\n<p>\nSelon la National Highway Traffic Safety Administration (NHTSA), le probl\u00e8me provient d&#8217;une languette d&#8217;anode pli\u00e9e ou d\u00e9chir\u00e9e qui pourrait entra\u00eener &#8220;la d\u00e9g\u00e9n\u00e9ration d&#8217;un sous-produit de lithium au fil du temps.&#8221; Cela, associ\u00e9 \u00e0 &#8220;un second facteur non identifi\u00e9,&#8221; pourrait provoquer un court-circuit interne dans le pack de batteries, entra\u00eenant un risque potentiel d&#8217;incendie du v\u00e9hicule. Cela fait suite au quatri\u00e8me plus grand rappel d&#8217;Am\u00e9rique qui a touch\u00e9 Stellantis et le Pacifica le mois dernier.<\/p>\n<h3>Recommandations aux Propri\u00e9taires<\/h3>\n<p>\nBien que le constructeur n&#8217;ait pas \u00e9mis d&#8217;instruction &#8220;Ne pas conduire&#8221; pour le Pacifica PHEV, Chrysler aux \u00c9tats-Unis a demand\u00e9 aux propri\u00e9taires des concern\u00e9s de garer leurs v\u00e9hicules &#8220;loin des structures et des autres v\u00e9hicules.&#8221; Les clients sont \u00e9galement encourag\u00e9s \u00e0 ne pas recharger leurs v\u00e9hicules jusqu&#8217;\u00e0 ce que le probl\u00e8me soit r\u00e9solu. Il est important de noter que seulement 5% des mod\u00e8les rappel\u00e9s est estim\u00e9e \u00eatre d\u00e9fectueux.<\/p>\n<h3>Historique des Incidents<\/h3>\n<p>\nComme mentionn\u00e9, la solution pr\u00e9c\u00e9dente de Chrysler \u00e9tait une mise \u00e0 jour logicielle qui permettait au v\u00e9hicule de surveiller la batterie pour d&#8217;\u00e9ventuels risques d&#8217;incendie. En dehors de cela, les concessionnaires rempla\u00e7aient \u00e9galement les packs de batteries si n\u00e9cessaire. Malgr\u00e9 le rappel de 2022, sept incendies suppl\u00e9mentaires ont \u00e9t\u00e9 potentiellement li\u00e9s au probl\u00e8me. Bien qu&#8217;aucun accident ou d\u00e9c\u00e8s ne soit li\u00e9 \u00e0 ce d\u00e9faut, le rapport de rappel note que quatre blessures ont \u00e9t\u00e9 signal\u00e9es.<\/p>\n<h3>Solution Propos\u00e9e par Chrysler<\/h3>\n<p>\nLa derni\u00e8re solution de Chrysler est de mettre \u00e0 jour le logiciel du module de contr\u00f4le du pack de batteries haute tension (BPCM). Si n\u00e9cessaire, les concessionnaires remplaceront l&#8217;assemblage du pack de batteries, avec la mise \u00e0 jour et la r\u00e9paration effectu\u00e9es sans frais pour le client. L\u2019information pour le rappel devrait circuler en septembre.<\/p>\n<h3>Liste des V\u00e9hicules Concern\u00e9s<\/h3>\n<p><\/p>\n<ul><\/p>\n<li>Chrysler Pacifica Hybrid 2017-2018 (15 910 v\u00e9hicules)<\/li>\n<p><\/p>\n<li>Chrysler Pacifica Hybrid 2019-2021 (3 606 v\u00e9hicules)<\/li>\n<p>\n<\/ul>\n<p>\nAvec des renseignements de Carbuzz<\/p>\n<p>Le texte <a rel=\"nofollow\" href=\"https:\/\/annuelauto.ca\/pres-de-20-000-chrysler-pacifica-phev-a-nouveau-a-risque-dincendie\/\">Pr\u00e8s de 20\u00a0000 Chrysler Pacifica PHEV \u00e0 nouveau \u00e0 risque d\u2019incendie<\/a> provient de <a rel=\"nofollow\" href=\"https:\/\/annuelauto.ca\">L&#8217;annuel de l&#8217;automobile &#8211; Actualit\u00e9 automobile<\/a><\/p>\n<p><\/p>\n","protected":false},"excerpt":{"rendered":"<p>Chrysler rappelle un total de 19 516 Pacifica PHEV en raison d&#8217;un risque d&#8217;incendie. Si cela vous semble familier, c&#8217;est parce que ce v\u00e9hicule familial \u00e9lectrifi\u00e9 a d\u00e9j\u00e0 \u00e9t\u00e9 rappel\u00e9 il y a deux ans pour le m\u00eame probl\u00e8me. \u00c0 l&#8217;\u00e9poque, Chrysler avait tent\u00e9 de r\u00e9soudre le probl\u00e8me avec une mise \u00e0 jour logicielle, mais [&hellip;]<\/p>\n","protected":false},"author":8,"featured_media":169804,"comment_status":"close","ping_status":"closed","sticky":false,"template":"","format":"standard","meta":{"_monsterinsights_skip_tracking":false,"_monsterinsights_sitenote_active":false,"_monsterinsights_sitenote_note":"","_monsterinsights_sitenote_category":0,"footnotes":""},"categories":[101],"tags":[],"yoast_head":"<!-- This site is optimized with the Yoast SEO plugin v23.2 - https:\/\/yoast.com\/wordpress\/plugins\/seo\/ -->\n<title>Pr\u00e8s de 20\u00a0000 Chrysler Pacifica PHEV \u00e0 nouveau \u00e0 risque d\u2019incendie - CanadaMotorJobs.com<\/title>\n<meta name=\"description\" content=\"Pr\u00e8s de 20\u00a0000 Chrysler Pacifica PHEV \u00e0 nouveau \u00e0 risque d\u2019incendie - Benoit Charette - Annuel automobile - CanadaMotorJobs.com.\" \/>\n<meta name=\"robots\" content=\"index, follow, max-snippet:-1, max-image-preview:large, max-video-preview:-1\" \/>\n<meta property=\"og:locale\" content=\"fr_CA\" \/>\n<meta property=\"og:type\" content=\"article\" \/>\n<meta property=\"og:title\" content=\"Pr\u00e8s de 20\u00a0000 Chrysler Pacifica PHEV \u00e0 nouveau \u00e0 risque d\u2019incendie - CanadaMotorJobs.com\" \/>\n<meta property=\"og:description\" content=\"Pr\u00e8s de 20\u00a0000 Chrysler Pacifica PHEV \u00e0 nouveau \u00e0 risque d\u2019incendie - Benoit Charette - Annuel automobile - CanadaMotorJobs.com.\" \/>\n<meta property=\"og:url\" content=\"https:\/\/news.canadamotorjobs.com\/fr\/pres-de-20-000-chrysler-pacifica-phev-a-nouveau-a-risque-dincendie\/\" \/>\n<meta property=\"og:site_name\" content=\"CanadaMotorJobs.com\" \/>\n<meta property=\"article:publisher\" content=\"https:\/\/www.facebook.com\/canadamotorjobs\/\" \/>\n<meta property=\"article:published_time\" content=\"2024-07-30T14:32:48+00:00\" \/>\n<meta property=\"article:modified_time\" content=\"2024-07-30T14:46:00+00:00\" \/>\n<meta property=\"og:image\" content=\"https:\/\/news.canadamotorjobs.com\/wp-content\/uploads\/2024\/07\/2024-pacifica-hybrid-overview-bento_cf4a17836b52b00e4d65ec2a209ecb08-2496x1248-1.jpg\" \/>\n\t<meta property=\"og:image:width\" content=\"2496\" \/>\n\t<meta property=\"og:image:height\" content=\"1241\" \/>\n\t<meta property=\"og:image:type\" content=\"image\/jpeg\" \/>\n<meta name=\"author\" content=\"Benoit Charette\" \/>\n<meta name=\"twitter:card\" content=\"summary_large_image\" \/>\n<meta name=\"twitter:creator\" content=\"@canadamotorjobs\" \/>\n<meta name=\"twitter:site\" content=\"@canadamotorjobs\" \/>\n<meta name=\"twitter:label1\" content=\"\u00c9crit par\" \/>\n\t<meta name=\"twitter:data1\" content=\"Benoit Charette\" \/>\n\t<meta name=\"twitter:label2\" content=\"Estimation du temps de lecture\" \/>\n\t<meta name=\"twitter:data2\" content=\"2 minutes\" \/>\n<!-- \/ Yoast SEO plugin. -->","yoast_head_json":{"title":"Pr\u00e8s de 20\u00a0000 Chrysler Pacifica PHEV \u00e0 nouveau \u00e0 risque d\u2019incendie - CanadaMotorJobs.com","description":"Pr\u00e8s de 20\u00a0000 Chrysler Pacifica PHEV \u00e0 nouveau \u00e0 risque d\u2019incendie - Benoit Charette - Annuel automobile - CanadaMotorJobs.com.","robots":{"index":"index","follow":"follow","max-snippet":"max-snippet:-1","max-image-preview":"max-image-preview:large","max-video-preview":"max-video-preview:-1"},"og_locale":"fr_CA","og_type":"article","og_title":"Pr\u00e8s de 20\u00a0000 Chrysler Pacifica PHEV \u00e0 nouveau \u00e0 risque d\u2019incendie - CanadaMotorJobs.com","og_description":"Pr\u00e8s de 20\u00a0000 Chrysler Pacifica PHEV \u00e0 nouveau \u00e0 risque d\u2019incendie - Benoit Charette - Annuel automobile - CanadaMotorJobs.com.","og_url":"https:\/\/news.canadamotorjobs.com\/fr\/pres-de-20-000-chrysler-pacifica-phev-a-nouveau-a-risque-dincendie\/","og_site_name":"CanadaMotorJobs.com","article_publisher":"https:\/\/www.facebook.com\/canadamotorjobs\/","article_published_time":"2024-07-30T14:32:48+00:00","article_modified_time":"2024-07-30T14:46:00+00:00","og_image":[{"width":2496,"height":1241,"url":"https:\/\/news.canadamotorjobs.com\/wp-content\/uploads\/2024\/07\/2024-pacifica-hybrid-overview-bento_cf4a17836b52b00e4d65ec2a209ecb08-2496x1248-1.jpg","type":"image\/jpeg"}],"author":"Benoit Charette","twitter_card":"summary_large_image","twitter_creator":"@canadamotorjobs","twitter_site":"@canadamotorjobs","twitter_misc":{"\u00c9crit par":"Benoit Charette","Estimation du temps de lecture":"2 minutes"},"schema":{"@context":"https:\/\/schema.org","@graph":[{"@type":"Article","@id":"https:\/\/news.canadamotorjobs.com\/fr\/pres-de-20-000-chrysler-pacifica-phev-a-nouveau-a-risque-dincendie\/#article","isPartOf":{"@id":"https:\/\/news.canadamotorjobs.com\/fr\/pres-de-20-000-chrysler-pacifica-phev-a-nouveau-a-risque-dincendie\/"},"author":{"name":"Benoit Charette","@id":"https:\/\/news.canadamotorjobs.com\/#\/schema\/person\/51793d1f87d44011d7bcc2ed99269a90"},"headline":"Pr\u00e8s de 20\u00a0000 Chrysler Pacifica PHEV \u00e0 nouveau \u00e0 risque d\u2019incendie","datePublished":"2024-07-30T14:32:48+00:00","dateModified":"2024-07-30T14:46:00+00:00","mainEntityOfPage":{"@id":"https:\/\/news.canadamotorjobs.com\/fr\/pres-de-20-000-chrysler-pacifica-phev-a-nouveau-a-risque-dincendie\/"},"wordCount":455,"publisher":{"@id":"https:\/\/news.canadamotorjobs.com\/#organization"},"image":{"@id":"https:\/\/news.canadamotorjobs.com\/fr\/pres-de-20-000-chrysler-pacifica-phev-a-nouveau-a-risque-dincendie\/#primaryimage"},"thumbnailUrl":"https:\/\/news.canadamotorjobs.com\/wp-content\/uploads\/2024\/07\/2024-pacifica-hybrid-overview-bento_cf4a17836b52b00e4d65ec2a209ecb08-2496x1248-1.jpg","articleSection":["Annuel automobile"],"inLanguage":"fr-CA"},{"@type":"WebPage","@id":"https:\/\/news.canadamotorjobs.com\/fr\/pres-de-20-000-chrysler-pacifica-phev-a-nouveau-a-risque-dincendie\/","url":"https:\/\/news.canadamotorjobs.com\/fr\/pres-de-20-000-chrysler-pacifica-phev-a-nouveau-a-risque-dincendie\/","name":"Pr\u00e8s de 20\u00a0000 Chrysler Pacifica PHEV \u00e0 nouveau \u00e0 risque d\u2019incendie - CanadaMotorJobs.com","isPartOf":{"@id":"https:\/\/news.canadamotorjobs.com\/#website"},"primaryImageOfPage":{"@id":"https:\/\/news.canadamotorjobs.com\/fr\/pres-de-20-000-chrysler-pacifica-phev-a-nouveau-a-risque-dincendie\/#primaryimage"},"image":{"@id":"https:\/\/news.canadamotorjobs.com\/fr\/pres-de-20-000-chrysler-pacifica-phev-a-nouveau-a-risque-dincendie\/#primaryimage"},"thumbnailUrl":"https:\/\/news.canadamotorjobs.com\/wp-content\/uploads\/2024\/07\/2024-pacifica-hybrid-overview-bento_cf4a17836b52b00e4d65ec2a209ecb08-2496x1248-1.jpg","datePublished":"2024-07-30T14:32:48+00:00","dateModified":"2024-07-30T14:46:00+00:00","description":"Pr\u00e8s de 20\u00a0000 Chrysler Pacifica PHEV \u00e0 nouveau \u00e0 risque d\u2019incendie - Benoit Charette - Annuel automobile - CanadaMotorJobs.com.","breadcrumb":{"@id":"https:\/\/news.canadamotorjobs.com\/fr\/pres-de-20-000-chrysler-pacifica-phev-a-nouveau-a-risque-dincendie\/#breadcrumb"},"inLanguage":"fr-CA","potentialAction":[{"@type":"ReadAction","target":["https:\/\/news.canadamotorjobs.com\/fr\/pres-de-20-000-chrysler-pacifica-phev-a-nouveau-a-risque-dincendie\/"]}]},{"@type":"ImageObject","inLanguage":"fr-CA","@id":"https:\/\/news.canadamotorjobs.com\/fr\/pres-de-20-000-chrysler-pacifica-phev-a-nouveau-a-risque-dincendie\/#primaryimage","url":"https:\/\/news.canadamotorjobs.com\/wp-content\/uploads\/2024\/07\/2024-pacifica-hybrid-overview-bento_cf4a17836b52b00e4d65ec2a209ecb08-2496x1248-1.jpg","contentUrl":"https:\/\/news.canadamotorjobs.com\/wp-content\/uploads\/2024\/07\/2024-pacifica-hybrid-overview-bento_cf4a17836b52b00e4d65ec2a209ecb08-2496x1248-1.jpg","width":2496,"height":1241},{"@type":"BreadcrumbList","@id":"https:\/\/news.canadamotorjobs.com\/fr\/pres-de-20-000-chrysler-pacifica-phev-a-nouveau-a-risque-dincendie\/#breadcrumb","itemListElement":[{"@type":"ListItem","position":1,"name":"Home","item":"https:\/\/news.canadamotorjobs.com\/fr\/blog\/"},{"@type":"ListItem","position":2,"name":"Pr\u00e8s de 20\u00a0000 Chrysler Pacifica PHEV \u00e0 nouveau \u00e0 risque d\u2019incendie"}]},{"@type":"WebSite","@id":"https:\/\/news.canadamotorjobs.com\/#website","url":"https:\/\/news.canadamotorjobs.com\/","name":"CanadaMotorJobs.com","description":"Automotive Jobs","publisher":{"@id":"https:\/\/news.canadamotorjobs.com\/#organization"},"potentialAction":[{"@type":"SearchAction","target":{"@type":"EntryPoint","urlTemplate":"https:\/\/news.canadamotorjobs.com\/?s={search_term_string}"},"query-input":"required name=search_term_string"}],"inLanguage":"fr-CA"},{"@type":"Organization","@id":"https:\/\/news.canadamotorjobs.com\/#organization","name":"Canada Motor Jobs","url":"https:\/\/news.canadamotorjobs.com\/","logo":{"@type":"ImageObject","inLanguage":"fr-CA","@id":"https:\/\/news.canadamotorjobs.com\/#\/schema\/logo\/image\/","url":"https:\/\/news.canadamotorjobs.com\/wp-content\/uploads\/2022\/10\/logo-canada-motor-jobs-1.png","contentUrl":"https:\/\/news.canadamotorjobs.com\/wp-content\/uploads\/2022\/10\/logo-canada-motor-jobs-1.png","width":800,"height":400,"caption":"Canada Motor Jobs"},"image":{"@id":"https:\/\/news.canadamotorjobs.com\/#\/schema\/logo\/image\/"},"sameAs":["https:\/\/www.facebook.com\/canadamotorjobs\/","https:\/\/x.com\/canadamotorjobs","https:\/\/www.instagram.com\/canadamotorjobs\/","https:\/\/www.linkedin.com\/company\/canadamotorjobs"]},{"@type":"Person","@id":"https:\/\/news.canadamotorjobs.com\/#\/schema\/person\/51793d1f87d44011d7bcc2ed99269a90","name":"Benoit Charette","image":{"@type":"ImageObject","inLanguage":"fr-CA","@id":"https:\/\/news.canadamotorjobs.com\/#\/schema\/person\/image\/","url":"https:\/\/secure.gravatar.com\/avatar\/45f3d2eebcccd909668d7ce7ea7267b6?s=96&d=mm&r=g","contentUrl":"https:\/\/secure.gravatar.com\/avatar\/45f3d2eebcccd909668d7ce7ea7267b6?s=96&d=mm&r=g","caption":"Benoit Charette"},"description":"Benoit Charette \/ Propri\u00e9taire et r\u00e9dacteur en chef Benoit Charette pratique le journalisme automobile depuis bient\u00f4t 30 ans. Il a fait ses classes au c\u00f4t\u00e9 de Daniel H\u00e9raud et au Carnet de route de 1992 \u00e0 2001. Il est fondateur, copropri\u00e9taire et r\u00e9dacteur en chef de L\u2019Annuel de l\u2019automobile, qu\u2019il publie depuis 2001. Il a anim\u00e9 les \u00e9missions RPM et RPM+ sur V et les L\u00e9gendes de la route sur Historia. \u00c0 la radio depuis 1986, il reprend l\u2019antenne cette ann\u00e9e sur les ondes de Cogeco et participe pour la deuxi\u00e8me ann\u00e9e \u00e0 l\u2019\u00e9mission Passion Auto sur RDS en plus de mettre en ligne le site Web officiel de L\u2019Annuel de l\u2019automobile sur annuelauto.ca.","sameAs":["https:\/\/annuelauto.ca\/"],"url":"https:\/\/news.canadamotorjobs.com\/fr\/author\/benoit-charette\/"}]}},"_links":{"self":[{"href":"https:\/\/news.canadamotorjobs.com\/fr\/wp-json\/wp\/v2\/posts\/169802"}],"collection":[{"href":"https:\/\/news.canadamotorjobs.com\/fr\/wp-json\/wp\/v2\/posts"}],"about":[{"href":"https:\/\/news.canadamotorjobs.com\/fr\/wp-json\/wp\/v2\/types\/post"}],"author":[{"embeddable":true,"href":"https:\/\/news.canadamotorjobs.com\/fr\/wp-json\/wp\/v2\/users\/8"}],"replies":[{"embeddable":true,"href":"https:\/\/news.canadamotorjobs.com\/fr\/wp-json\/wp\/v2\/comments?post=169802"}],"version-history":[{"count":2,"href":"https:\/\/news.canadamotorjobs.com\/fr\/wp-json\/wp\/v2\/posts\/169802\/revisions"}],"predecessor-version":[{"id":169806,"href":"https:\/\/news.canadamotorjobs.com\/fr\/wp-json\/wp\/v2\/posts\/169802\/revisions\/169806"}],"wp:featuredmedia":[{"embeddable":true,"href":"https:\/\/news.canadamotorjobs.com\/fr\/wp-json\/wp\/v2\/media\/169804"}],"wp:attachment":[{"href":"https:\/\/news.canadamotorjobs.com\/fr\/wp-json\/wp\/v2\/media?parent=169802"}],"wp:term":[{"taxonomy":"category","embeddable":true,"href":"https:\/\/news.canadamotorjobs.com\/fr\/wp-json\/wp\/v2\/categories?post=169802"},{"taxonomy":"post_tag","embeddable":true,"href":"https:\/\/news.canadamotorjobs.com\/fr\/wp-json\/wp\/v2\/tags?post=169802"}],"curies":[{"name":"wp","href":"https:\/\/api.w.org\/{rel}","templated":true}]}}