{"id":169783,"date":"2024-07-29T09:13:40","date_gmt":"2024-07-29T13:13:40","guid":{"rendered":"https:\/\/news.canadamotorjobs.com\/?p=169783"},"modified":"2024-07-29T09:29:00","modified_gmt":"2024-07-29T13:29:00","slug":"la-police-dirvine-roulera-bientot-en-cybertruck","status":"publish","type":"post","link":"https:\/\/news.canadamotorjobs.com\/fr\/la-police-dirvine-roulera-bientot-en-cybertruck\/","title":{"rendered":"La police d\u2019Irvine roulera bient\u00f4t en Cybertruck"},"content":{"rendered":"<\/p>\n<p>La police d\u2019Irvine roulera bient\u00f4t en Cybertruck. Le service de la police d\u2019Irvine en a fait l\u2019annonce le 23\u00a0juillet dernier dans un court message diffus\u00e9 sur le r\u00e9seau\u00a0X (anciennement Twitter). Cette annonce de l\u2019arriv\u00e9e prochaine d\u2019une camionnette \u00e9lectrique Tesla au sein de son parc de v\u00e9hicules \u00e9tait accompagn\u00e9e d\u2019une photo \u00e0 la mise en sc\u00e8ne sophistiqu\u00e9e, de m\u00eame que des mots-clics \u00e9vocateurs comme #notkidding et #policecybertruck.<\/p>\n<p>La police d\u2019Irvine pourrait ainsi devenir le premier corps policier des \u00c9tats-Unis \u00e0 employer un de ces v\u00e9hicules \u00e0 l\u2019allure controvers\u00e9e dans cette banlieue de Los\u00a0Angeles o\u00f9 vivent pr\u00e8s de 215\u00a0000\u00a0habitants. Le message diffus\u00e9 sur\u00a0X ne donne cependant aucune information sur la date de sa mise en service ni sur l\u2019origine de la transformation du v\u00e9hicule.<\/p>\n<h3><strong>Une co\u00efncidence\u00a0?<\/strong><\/h3>\n<p>\nOn se souviendra toutefois qu\u2019en juin dernier, le transformateur californien Up.fit avait d\u00e9voil\u00e9 la Cybertruck Next-Gen Patrol Vehicle, une camionnette Cybertruck transform\u00e9e pour la police qu\u2019elle pr\u00e9sentait comme la premi\u00e8re du genre au monde. Dans un communiqu\u00e9, on annon\u00e7ait d\u2019ailleurs que certains de ces v\u00e9hicules seraient mis en service avant la fin de l\u2019ann\u00e9e.<\/p>\n<p>Le message du service de police d\u2019Irvine ne fait pas mention de ce transformateur. Toutefois, la photo qui accompagne ce message sur\u00a0X reprend une des photos produites par Up.fit pour l\u2019annonce de son v\u00e9hicule\u00a0!<\/p>\n<h3><strong>Nouveau sp\u00e9cialiste des Tesla de police<\/strong><\/h3>\n<p>\nUp.fit est une filiale d\u2019<a href=\"https:\/\/annuelauto.ca\/unplugged-performance-veut-rendre-la-tesla-cybertruck-invincible\/\" target=\"_blank\" rel=\"noopener noreferrer\">Unplugged Performance<\/a>, une entreprise de Hawthorne en Californie. Depuis quelques ann\u00e9es, elle se sp\u00e9cialise dans la modification des produits Teslas pour les parcs de v\u00e9hicules. Elle a d\u2019ailleurs modifi\u00e9 des Tesla\u00a0Y et 3 pour la police de South Pasadena, en Californie.<\/p>\n<p>Pour la Cybertruck, Up.fit propose des am\u00e9nagements sp\u00e9ciaux adapt\u00e9s, par exemple, au transport d\u2019\u00e9quipements de communication, au stockage d\u2019armes ou m\u00eame au transport de chiens pour les services canins (K9).<\/p>\n<p>Up.fit offre \u00e9galement des ensembles de suspensions et de freins plus robustes, de m\u00eame qu&#8217;un ensemble tout-terrain.<\/p>\n<p><em>Photos : D\u00e9partement de police d\u2019Irvine et Up.fit<\/em><\/p>\n<p>Le texte <a rel=\"nofollow\" href=\"https:\/\/annuelauto.ca\/la-police-dirvine-roulera-bientot-en-cybertruck\/\">La police d\u2019Irvine roulera bient\u00f4t en Cybertruck<\/a> provient de <a rel=\"nofollow\" href=\"https:\/\/annuelauto.ca\">L&#8217;annuel de l&#8217;automobile &#8211; Actualit\u00e9 automobile<\/a><\/p>\n<p><\/p>\n","protected":false},"excerpt":{"rendered":"<p>La police d\u2019Irvine roulera bient\u00f4t en Cybertruck. Le service de la police d\u2019Irvine en a fait l\u2019annonce le 23\u00a0juillet dernier dans un court message diffus\u00e9 sur le r\u00e9seau\u00a0X (anciennement Twitter). Cette annonce de l\u2019arriv\u00e9e prochaine d\u2019une camionnette \u00e9lectrique Tesla au sein de son parc de v\u00e9hicules \u00e9tait accompagn\u00e9e d\u2019une photo \u00e0 la mise en sc\u00e8ne [&hellip;]<\/p>\n","protected":false},"author":8,"featured_media":169785,"comment_status":"close","ping_status":"closed","sticky":false,"template":"","format":"standard","meta":{"_monsterinsights_skip_tracking":false,"_monsterinsights_sitenote_active":false,"_monsterinsights_sitenote_note":"","_monsterinsights_sitenote_category":0,"footnotes":""},"categories":[101],"tags":[],"yoast_head":"<!-- This site is optimized with the Yoast SEO plugin v23.2 - https:\/\/yoast.com\/wordpress\/plugins\/seo\/ -->\n<title>La police d\u2019Irvine roulera bient\u00f4t en Cybertruck - CanadaMotorJobs.com<\/title>\n<meta name=\"description\" content=\"La police d\u2019Irvine roulera bient\u00f4t en Cybertruck - Benoit Charette - Annuel automobile - CanadaMotorJobs.com.\" \/>\n<meta name=\"robots\" content=\"index, follow, max-snippet:-1, max-image-preview:large, max-video-preview:-1\" \/>\n<meta property=\"og:locale\" content=\"fr_CA\" \/>\n<meta property=\"og:type\" content=\"article\" \/>\n<meta property=\"og:title\" content=\"La police d\u2019Irvine roulera bient\u00f4t en Cybertruck - CanadaMotorJobs.com\" \/>\n<meta property=\"og:description\" content=\"La police d\u2019Irvine roulera bient\u00f4t en Cybertruck - Benoit Charette - Annuel automobile - CanadaMotorJobs.com.\" \/>\n<meta property=\"og:url\" content=\"https:\/\/news.canadamotorjobs.com\/fr\/la-police-dirvine-roulera-bientot-en-cybertruck\/\" \/>\n<meta property=\"og:site_name\" content=\"CanadaMotorJobs.com\" \/>\n<meta property=\"article:publisher\" content=\"https:\/\/www.facebook.com\/canadamotorjobs\/\" \/>\n<meta property=\"article:published_time\" content=\"2024-07-29T13:13:40+00:00\" \/>\n<meta property=\"article:modified_time\" content=\"2024-07-29T13:29:00+00:00\" \/>\n<meta property=\"og:image\" content=\"https:\/\/news.canadamotorjobs.com\/wp-content\/uploads\/2024\/07\/Tesla-Cybertruck-Next-Gen-Patrol-Vehicle-7.jpg\" \/>\n\t<meta property=\"og:image:width\" content=\"1024\" \/>\n\t<meta property=\"og:image:height\" content=\"683\" \/>\n\t<meta property=\"og:image:type\" content=\"image\/jpeg\" \/>\n<meta name=\"author\" content=\"Benoit Charette\" \/>\n<meta name=\"twitter:card\" content=\"summary_large_image\" \/>\n<meta name=\"twitter:creator\" content=\"@canadamotorjobs\" \/>\n<meta name=\"twitter:site\" content=\"@canadamotorjobs\" \/>\n<meta name=\"twitter:label1\" content=\"\u00c9crit par\" \/>\n\t<meta name=\"twitter:data1\" content=\"Benoit Charette\" \/>\n\t<meta name=\"twitter:label2\" content=\"Estimation du temps de lecture\" \/>\n\t<meta name=\"twitter:data2\" content=\"2 minutes\" \/>\n<!-- \/ Yoast SEO plugin. -->","yoast_head_json":{"title":"La police d\u2019Irvine roulera bient\u00f4t en Cybertruck - CanadaMotorJobs.com","description":"La police d\u2019Irvine roulera bient\u00f4t en Cybertruck - Benoit Charette - Annuel automobile - CanadaMotorJobs.com.","robots":{"index":"index","follow":"follow","max-snippet":"max-snippet:-1","max-image-preview":"max-image-preview:large","max-video-preview":"max-video-preview:-1"},"og_locale":"fr_CA","og_type":"article","og_title":"La police d\u2019Irvine roulera bient\u00f4t en Cybertruck - CanadaMotorJobs.com","og_description":"La police d\u2019Irvine roulera bient\u00f4t en Cybertruck - Benoit Charette - Annuel automobile - CanadaMotorJobs.com.","og_url":"https:\/\/news.canadamotorjobs.com\/fr\/la-police-dirvine-roulera-bientot-en-cybertruck\/","og_site_name":"CanadaMotorJobs.com","article_publisher":"https:\/\/www.facebook.com\/canadamotorjobs\/","article_published_time":"2024-07-29T13:13:40+00:00","article_modified_time":"2024-07-29T13:29:00+00:00","og_image":[{"width":1024,"height":683,"url":"https:\/\/news.canadamotorjobs.com\/wp-content\/uploads\/2024\/07\/Tesla-Cybertruck-Next-Gen-Patrol-Vehicle-7.jpg","type":"image\/jpeg"}],"author":"Benoit Charette","twitter_card":"summary_large_image","twitter_creator":"@canadamotorjobs","twitter_site":"@canadamotorjobs","twitter_misc":{"\u00c9crit par":"Benoit Charette","Estimation du temps de lecture":"2 minutes"},"schema":{"@context":"https:\/\/schema.org","@graph":[{"@type":"Article","@id":"https:\/\/news.canadamotorjobs.com\/fr\/la-police-dirvine-roulera-bientot-en-cybertruck\/#article","isPartOf":{"@id":"https:\/\/news.canadamotorjobs.com\/fr\/la-police-dirvine-roulera-bientot-en-cybertruck\/"},"author":{"name":"Benoit Charette","@id":"https:\/\/news.canadamotorjobs.com\/#\/schema\/person\/51793d1f87d44011d7bcc2ed99269a90"},"headline":"La police d\u2019Irvine roulera bient\u00f4t en Cybertruck","datePublished":"2024-07-29T13:13:40+00:00","dateModified":"2024-07-29T13:29:00+00:00","mainEntityOfPage":{"@id":"https:\/\/news.canadamotorjobs.com\/fr\/la-police-dirvine-roulera-bientot-en-cybertruck\/"},"wordCount":406,"publisher":{"@id":"https:\/\/news.canadamotorjobs.com\/#organization"},"image":{"@id":"https:\/\/news.canadamotorjobs.com\/fr\/la-police-dirvine-roulera-bientot-en-cybertruck\/#primaryimage"},"thumbnailUrl":"https:\/\/news.canadamotorjobs.com\/wp-content\/uploads\/2024\/07\/Tesla-Cybertruck-Next-Gen-Patrol-Vehicle-7.jpg","articleSection":["Annuel automobile"],"inLanguage":"fr-CA"},{"@type":"WebPage","@id":"https:\/\/news.canadamotorjobs.com\/fr\/la-police-dirvine-roulera-bientot-en-cybertruck\/","url":"https:\/\/news.canadamotorjobs.com\/fr\/la-police-dirvine-roulera-bientot-en-cybertruck\/","name":"La police d\u2019Irvine roulera bient\u00f4t en Cybertruck - CanadaMotorJobs.com","isPartOf":{"@id":"https:\/\/news.canadamotorjobs.com\/#website"},"primaryImageOfPage":{"@id":"https:\/\/news.canadamotorjobs.com\/fr\/la-police-dirvine-roulera-bientot-en-cybertruck\/#primaryimage"},"image":{"@id":"https:\/\/news.canadamotorjobs.com\/fr\/la-police-dirvine-roulera-bientot-en-cybertruck\/#primaryimage"},"thumbnailUrl":"https:\/\/news.canadamotorjobs.com\/wp-content\/uploads\/2024\/07\/Tesla-Cybertruck-Next-Gen-Patrol-Vehicle-7.jpg","datePublished":"2024-07-29T13:13:40+00:00","dateModified":"2024-07-29T13:29:00+00:00","description":"La police d\u2019Irvine roulera bient\u00f4t en Cybertruck - Benoit Charette - Annuel automobile - CanadaMotorJobs.com.","breadcrumb":{"@id":"https:\/\/news.canadamotorjobs.com\/fr\/la-police-dirvine-roulera-bientot-en-cybertruck\/#breadcrumb"},"inLanguage":"fr-CA","potentialAction":[{"@type":"ReadAction","target":["https:\/\/news.canadamotorjobs.com\/fr\/la-police-dirvine-roulera-bientot-en-cybertruck\/"]}]},{"@type":"ImageObject","inLanguage":"fr-CA","@id":"https:\/\/news.canadamotorjobs.com\/fr\/la-police-dirvine-roulera-bientot-en-cybertruck\/#primaryimage","url":"https:\/\/news.canadamotorjobs.com\/wp-content\/uploads\/2024\/07\/Tesla-Cybertruck-Next-Gen-Patrol-Vehicle-7.jpg","contentUrl":"https:\/\/news.canadamotorjobs.com\/wp-content\/uploads\/2024\/07\/Tesla-Cybertruck-Next-Gen-Patrol-Vehicle-7.jpg","width":1024,"height":683},{"@type":"BreadcrumbList","@id":"https:\/\/news.canadamotorjobs.com\/fr\/la-police-dirvine-roulera-bientot-en-cybertruck\/#breadcrumb","itemListElement":[{"@type":"ListItem","position":1,"name":"Home","item":"https:\/\/news.canadamotorjobs.com\/fr\/blog\/"},{"@type":"ListItem","position":2,"name":"La police d\u2019Irvine roulera bient\u00f4t en Cybertruck"}]},{"@type":"WebSite","@id":"https:\/\/news.canadamotorjobs.com\/#website","url":"https:\/\/news.canadamotorjobs.com\/","name":"CanadaMotorJobs.com","description":"Automotive Jobs","publisher":{"@id":"https:\/\/news.canadamotorjobs.com\/#organization"},"potentialAction":[{"@type":"SearchAction","target":{"@type":"EntryPoint","urlTemplate":"https:\/\/news.canadamotorjobs.com\/?s={search_term_string}"},"query-input":"required name=search_term_string"}],"inLanguage":"fr-CA"},{"@type":"Organization","@id":"https:\/\/news.canadamotorjobs.com\/#organization","name":"Canada Motor Jobs","url":"https:\/\/news.canadamotorjobs.com\/","logo":{"@type":"ImageObject","inLanguage":"fr-CA","@id":"https:\/\/news.canadamotorjobs.com\/#\/schema\/logo\/image\/","url":"https:\/\/news.canadamotorjobs.com\/wp-content\/uploads\/2022\/10\/logo-canada-motor-jobs-1.png","contentUrl":"https:\/\/news.canadamotorjobs.com\/wp-content\/uploads\/2022\/10\/logo-canada-motor-jobs-1.png","width":800,"height":400,"caption":"Canada Motor Jobs"},"image":{"@id":"https:\/\/news.canadamotorjobs.com\/#\/schema\/logo\/image\/"},"sameAs":["https:\/\/www.facebook.com\/canadamotorjobs\/","https:\/\/x.com\/canadamotorjobs","https:\/\/www.instagram.com\/canadamotorjobs\/","https:\/\/www.linkedin.com\/company\/canadamotorjobs"]},{"@type":"Person","@id":"https:\/\/news.canadamotorjobs.com\/#\/schema\/person\/51793d1f87d44011d7bcc2ed99269a90","name":"Benoit Charette","image":{"@type":"ImageObject","inLanguage":"fr-CA","@id":"https:\/\/news.canadamotorjobs.com\/#\/schema\/person\/image\/","url":"https:\/\/secure.gravatar.com\/avatar\/45f3d2eebcccd909668d7ce7ea7267b6?s=96&d=mm&r=g","contentUrl":"https:\/\/secure.gravatar.com\/avatar\/45f3d2eebcccd909668d7ce7ea7267b6?s=96&d=mm&r=g","caption":"Benoit Charette"},"description":"Benoit Charette \/ Propri\u00e9taire et r\u00e9dacteur en chef Benoit Charette pratique le journalisme automobile depuis bient\u00f4t 30 ans. Il a fait ses classes au c\u00f4t\u00e9 de Daniel H\u00e9raud et au Carnet de route de 1992 \u00e0 2001. Il est fondateur, copropri\u00e9taire et r\u00e9dacteur en chef de L\u2019Annuel de l\u2019automobile, qu\u2019il publie depuis 2001. Il a anim\u00e9 les \u00e9missions RPM et RPM+ sur V et les L\u00e9gendes de la route sur Historia. \u00c0 la radio depuis 1986, il reprend l\u2019antenne cette ann\u00e9e sur les ondes de Cogeco et participe pour la deuxi\u00e8me ann\u00e9e \u00e0 l\u2019\u00e9mission Passion Auto sur RDS en plus de mettre en ligne le site Web officiel de L\u2019Annuel de l\u2019automobile sur annuelauto.ca.","sameAs":["https:\/\/annuelauto.ca\/"],"url":"https:\/\/news.canadamotorjobs.com\/fr\/author\/benoit-charette\/"}]}},"_links":{"self":[{"href":"https:\/\/news.canadamotorjobs.com\/fr\/wp-json\/wp\/v2\/posts\/169783"}],"collection":[{"href":"https:\/\/news.canadamotorjobs.com\/fr\/wp-json\/wp\/v2\/posts"}],"about":[{"href":"https:\/\/news.canadamotorjobs.com\/fr\/wp-json\/wp\/v2\/types\/post"}],"author":[{"embeddable":true,"href":"https:\/\/news.canadamotorjobs.com\/fr\/wp-json\/wp\/v2\/users\/8"}],"replies":[{"embeddable":true,"href":"https:\/\/news.canadamotorjobs.com\/fr\/wp-json\/wp\/v2\/comments?post=169783"}],"version-history":[{"count":2,"href":"https:\/\/news.canadamotorjobs.com\/fr\/wp-json\/wp\/v2\/posts\/169783\/revisions"}],"predecessor-version":[{"id":169787,"href":"https:\/\/news.canadamotorjobs.com\/fr\/wp-json\/wp\/v2\/posts\/169783\/revisions\/169787"}],"wp:featuredmedia":[{"embeddable":true,"href":"https:\/\/news.canadamotorjobs.com\/fr\/wp-json\/wp\/v2\/media\/169785"}],"wp:attachment":[{"href":"https:\/\/news.canadamotorjobs.com\/fr\/wp-json\/wp\/v2\/media?parent=169783"}],"wp:term":[{"taxonomy":"category","embeddable":true,"href":"https:\/\/news.canadamotorjobs.com\/fr\/wp-json\/wp\/v2\/categories?post=169783"},{"taxonomy":"post_tag","embeddable":true,"href":"https:\/\/news.canadamotorjobs.com\/fr\/wp-json\/wp\/v2\/tags?post=169783"}],"curies":[{"name":"wp","href":"https:\/\/api.w.org\/{rel}","templated":true}]}}