{"id":169651,"date":"2024-07-26T08:51:32","date_gmt":"2024-07-26T12:51:32","guid":{"rendered":"https:\/\/news.canadamotorjobs.com\/?p=169651"},"modified":"2024-07-26T08:59:22","modified_gmt":"2024-07-26T12:59:22","slug":"porsche-718-boxster-a-moteur-4-cylindres-pour-premiers-acheteurs-seulement","status":"publish","type":"post","link":"https:\/\/news.canadamotorjobs.com\/fr\/porsche-718-boxster-a-moteur-4-cylindres-pour-premiers-acheteurs-seulement\/","title":{"rendered":"Porsche\u00a0718 Boxster \u00e0 moteur\u00a04-cylindres\u00a0: pour premiers acheteurs seulement\u2009?"},"content":{"rendered":"<\/p>\n<p>La Porsche Boxster a r\u00e9ussi, d\u00e8s son arriv\u00e9e sur le march\u00e9 en 1997, \u00e0 s\u2019inscrire sur une courte liste de classiques instantan\u00e9s. Il suffisait d\u2019en prendre le volant pour \u00eatre s\u00e9duits. Et Porsche n\u2019a fait qu\u2019am\u00e9liorer la recette avec le temps, si bien que le m\u00eame genre de s\u00e9duction op\u00e8re aujourd\u2019hui.<\/p>\n<p>\u00a0<\/p>\n<p>Cependant, avec des normes environnementales continuellement plus s\u00e9v\u00e8res, la compagnie prenait une d\u00e9cision controvers\u00e9e en 2016, soit celle d\u2019abandonner le moteur \u00e0 6-cylindres qui servait le mod\u00e8le pour le remplacer par un 4-cylindres turbo de 2,0\u00a0litres.<\/p>\n<p>\u00a0<\/p>\n<h3>Le public a fait savoir son m\u00e9contentement.<\/h3>\n<p>\n\u00a0<\/p>\n<p>En fait, le geste a eu un impact important sur les ventes et sur la perception de la client\u00e8le. Au d\u00e9part, l\u2019effet curiosit\u00e9 n\u2019a pas trop impact\u00e9 les ventes, mais apr\u00e8s un certain temps, on a vu un recul de ces derni\u00e8res. Tellement que la compagnie a discr\u00e8tement et tranquillement ramen\u00e9 au catalogue des versions de performances qui retrouvaient les moteurs six cylindres \u00e0 aspiration naturelle de la g\u00e9n\u00e9ration pr\u00e9c\u00e9dente.<\/p>\n<p>\u00a0<\/p>\n<p>Ce qui est ironique, c\u2019est que le changement vers le moteur\u00a04-cylindres visait \u00e0 am\u00e9liorer le rendement \u00e9nerg\u00e9tique, tout en augmentant les performances.<\/p>\n<p>\u00a0<\/p>\n<p>Le\u00a04-cylindres turbo de 2,0\u00a0litres du mod\u00e8le de base d\u00e9veloppe aujourd\u2019hui 295\u00a0chevaux et 280\u00a0livres-pieds de couple, tandis que le 4-cylindres turbo de 2,5\u00a0litres de la Boxster S propose 345\u00a0chevaux et 309\u00a0livres-pieds de couple, des performances sup\u00e9rieures \u00e0 celles que proposait l\u2019ancien 6-cylindres de 2,7\u00a0litres. En 2015, ce dernier offrait 265\u00a0chevaux.<\/p>\n<p>\u00a0<\/p>\n<p>Cependant, pour les puristes de la marque, de m\u00eame que pour les anciens propri\u00e9taires de mod\u00e8les, \u00e7a ne passait pas. Ce qui manquait, c\u2019\u00e9tait le son caract\u00e9ristique du\u00a06-cylindres de Porsche, quelque chose d\u2019unique \u00e0 travers l\u2019industrie. On nous offrait plus de puissance, mais la sonorit\u00e9 n\u2019\u00e9tait pas la m\u00eame.<\/p>\n<p>\u00a0<\/p>\n<h3>Mon exp\u00e9rience<\/h3>\n<p>\n\u00a0<\/p>\n<p>Je pratique le m\u00e9tier de chroniqueur automobile depuis 2007. Au fil des ann\u00e9es, j\u2019ai parfois eu acc\u00e8s aux v\u00e9hicules de presse de Porsche, mais pendant une longue p\u00e9riode, je n\u2019\u00e9tais pas sur la liste, comme on le dit dans le milieu.<\/p>\n<p>\u00a0<\/p>\n<p>Ce n\u2019est pas une complainte, juste un fait important \u00e0 souligner pour consid\u00e9rer ce qui suit.<\/p>\n<p>\u00a0<\/p>\n<p>Avant 2016, j\u2019avais eu l\u2019occasion de conduire quelques Boxster, la plus r\u00e9cente \u00e9tant une version GTS\u00a02015 appartenant \u00e0 mon cousin. Il avait achet\u00e9 son mod\u00e8le en sachant tr\u00e8s bien ce qui se pr\u00e9parait\u2009; il ne voulait rien savoir d\u2019une Boxster \u00e0 moteur\u00a04-cylindres.<\/p>\n<p>\u00a0<\/p>\n<p>Lorsque la 718\u00a0Boxster \u00e9quip\u00e9e d\u2019une plus petite cylindr\u00e9e est arriv\u00e9e sur le march\u00e9 en 2016, je n\u2019avais plus acc\u00e8s aux v\u00e9hicules. Si bien que je n\u2019ai pu r\u00e9aliser un essai plus prolong\u00e9 pour me faire une id\u00e9e. Depuis environ une ann\u00e9e, j\u2019ai eu l\u2019occasion de prendre le volant de quelques mod\u00e8les de la marque, y compris, pour la premi\u00e8re fois, une Boxster \u00e0 moteur\u00a04-cylindres.<\/p>\n<p>\u00a0<\/p>\n<p>Enfin, j\u2019allais pouvoir comprendre ce qui s\u2019\u00e9tait pass\u00e9 dans la t\u00eate des amateurs en 2016. Est-ce que leur r\u00e9action \u00e9tait justifi\u00e9e\u2009?<\/p>\n<p>\u00a0<\/p>\n<h3>L\u2019exp\u00e9rience<\/h3>\n<p>\n\u00a0<\/p>\n<p>Rapidement, j\u2019ai tout compris, puisque j\u2019avais en t\u00eate des r\u00e9f\u00e9rences, soit mes exp\u00e9riences au volant de versions \u00e0 moteur\u00a06-cylindres.<\/p>\n<p>\u00a0<\/p>\n<p>Le probl\u00e8me, ce n\u2019est pas la performance. La voiture d\u00e9tale comme un lapin. Elle colle \u00e0 la route comme une championne, aussi. La bo\u00eete manuelle qui \u00e9quipait la version essay\u00e9e \u00e9tait tout aussi agr\u00e9able \u00e0 manipuler, pr\u00e9cise \u00e0 souhait et offrant une r\u00e9troaction savoureuse.<\/p>\n<p>\u00a0<\/p>\n<p>La position de conduite est parfaite et la sensation de ne faire qu\u2019un avec la route est toujours pr\u00e9sente au volant d\u2019une Boxster.<\/p>\n<p>\u00a0<\/p>\n<p>Sauf qu\u2019\u00e0 l\u2019acc\u00e9l\u00e9ration, m\u00eame si la sonorit\u00e9 n\u2019\u00e9tait pas d\u00e9sagr\u00e9able (on est loin des larmoiements de la bo\u00eete CVT d\u2019un Dodge Caliber quand m\u00eame), il me manquait quelque chose pour \u00eatre enti\u00e8rement combl\u00e9.<\/p>\n<p>\u00a0<\/p>\n<p>La Boxster \u00e0 moteur\u00a04-cylindres est parfaite pour un premier acheteur qui d\u00e9couvre l\u2019univers Porsche. Pour celui ou celle qui n\u2019a jamais install\u00e9 son popotin dans un mod\u00e8le, la s\u00e9duction va op\u00e9rer. Toutefois, pour tous ceux qui ont connu autre chose, un vide va rapidement s\u2019installer.<\/p>\n<p>\u00a0<\/p>\n<p>Je comparerais cela \u00e0 une croisi\u00e8re. Si vous effectuez votre premi\u00e8re en optant pour une cabine int\u00e9rieure, vous allez aimer. Si en revanche vous profitez d\u2019une cabine balcon avec vue sur la mer pour votre premi\u00e8re exp\u00e9rience, il sera difficile par la suite de retourner vers une cabine int\u00e9rieure.<\/p>\n<p>\u00a0<\/p>\n<p>Ainsi, Porsche se retrouve avec un beau d\u00e9fi entre les mains, \u00e0 l\u2019aube du passage de son mod\u00e8le \u00e0 une configuration tout \u00e9lectrique. La compagnie va nous offrir un bolide plus performant, qui sera agr\u00e9able \u00e0 conduire, etc..<\/p>\n<p>\u00a0<\/p>\n<h3>Mais il va manquer quelque chose.<\/h3>\n<p>\n\u00a0<\/p>\n<p>Est-ce \u00e0 dire que l\u2019avenir du mod\u00e8le est compromis ou \u00e0 risque\u2009? Je n\u2019irais pas jusque-l\u00e0, mais une transition houleuse est possible. Cependant, le temps fait son \u0153uvre et avec une nouvelle g\u00e9n\u00e9ration d\u2019acheteurs, une Boxster \u00e9lectrique, ou hybride rechargeable, ou tout ce que vous voulez, gagnera en popularit\u00e9, simplement parce que ceux qui ont connu le 6-cylindres ne seront plus acheteurs\u2026 ou simplement plus de ce monde.<\/p>\n<p>\u00a0<\/p>\n<p>Pour faire une analogie avec les \u00e9lections am\u00e9ricaines qui approchent \u00e0 grands pas, 20\u00a0millions d\u2019\u00e9lecteurs ayant vot\u00e9 en 2020 ne sont plus de ce monde, alors que 50\u00a0nouveaux millions de citoyens sont enregistr\u00e9s pour exercer ce droit en 2024. C\u2019est pour cela que les gouvernements et les tendances finissent par changer, par \u00e9voluer.<\/p>\n<p>\u00a0<\/p>\n<p>La m\u00eame chose se produit avec le bassin d\u2019acheteurs de v\u00e9hicules, ce qui fait que le paysage automobile change. Il ne se vend plus d\u2019Oldsmobile, vous l\u2019aurez remarqu\u00e9.<\/p>\n<p>\u00a0<\/p>\n<h3>Ainsi va la vie.<\/h3>\n<p>\n\u00a0<\/p>\n<p>Cela dit, si j\u2019en avais les moyens, c\u2019est une Boxster \u00e0 moteur\u00a06-cylindres qui occuperait un espace dans mon entr\u00e9e de garage. \u00c0 bon entendeur\u2026<\/p>\n<p>\u00a0<\/p>\n<p>Le texte <a rel=\"nofollow\" href=\"https:\/\/annuelauto.ca\/porsche-718-boxster-a-moteur-4-cylindres-pour-premiers-acheteurs-seulement%e2%80%89\/\">Porsche\u00a0718 Boxster \u00e0 moteur\u00a04-cylindres\u00a0: pour premiers acheteurs seulement\u2009?<\/a> provient de <a rel=\"nofollow\" href=\"https:\/\/annuelauto.ca\">L&#8217;annuel de l&#8217;automobile &#8211; Actualit\u00e9 automobile<\/a><\/p>\n<p><\/p>\n","protected":false},"excerpt":{"rendered":"<p>La Porsche Boxster a r\u00e9ussi, d\u00e8s son arriv\u00e9e sur le march\u00e9 en 1997, \u00e0 s\u2019inscrire sur une courte liste de classiques instantan\u00e9s. Il suffisait d\u2019en prendre le volant pour \u00eatre s\u00e9duits. Et Porsche n\u2019a fait qu\u2019am\u00e9liorer la recette avec le temps, si bien que le m\u00eame genre de s\u00e9duction op\u00e8re aujourd\u2019hui. \u00a0 Cependant, avec des [&hellip;]<\/p>\n","protected":false},"author":8,"featured_media":169653,"comment_status":"close","ping_status":"closed","sticky":false,"template":"","format":"standard","meta":{"_monsterinsights_skip_tracking":false,"_monsterinsights_sitenote_active":false,"_monsterinsights_sitenote_note":"","_monsterinsights_sitenote_category":0,"footnotes":""},"categories":[101],"tags":[],"yoast_head":"<!-- This site is optimized with the Yoast SEO plugin v23.2 - https:\/\/yoast.com\/wordpress\/plugins\/seo\/ -->\n<title>Porsche\u00a0718 Boxster \u00e0 moteur\u00a04-cylindres\u00a0: pour premiers acheteurs seulement\u2009? - CanadaMotorJobs.com<\/title>\n<meta name=\"description\" content=\"Porsche\u00a0718 Boxster \u00e0 moteur\u00a04-cylindres\u00a0: pour premiers acheteurs seulement\u2009? - Benoit Charette - Annuel automobile - CanadaMotorJobs.com.\" \/>\n<meta name=\"robots\" content=\"index, follow, max-snippet:-1, max-image-preview:large, max-video-preview:-1\" \/>\n<meta property=\"og:locale\" content=\"fr_CA\" \/>\n<meta property=\"og:type\" content=\"article\" \/>\n<meta property=\"og:title\" content=\"Porsche\u00a0718 Boxster \u00e0 moteur\u00a04-cylindres\u00a0: pour premiers acheteurs seulement\u2009? - CanadaMotorJobs.com\" \/>\n<meta property=\"og:description\" content=\"Porsche\u00a0718 Boxster \u00e0 moteur\u00a04-cylindres\u00a0: pour premiers acheteurs seulement\u2009? - Benoit Charette - Annuel automobile - CanadaMotorJobs.com.\" \/>\n<meta property=\"og:url\" content=\"https:\/\/news.canadamotorjobs.com\/fr\/porsche-718-boxster-a-moteur-4-cylindres-pour-premiers-acheteurs-seulement\/\" \/>\n<meta property=\"og:site_name\" content=\"CanadaMotorJobs.com\" \/>\n<meta property=\"article:publisher\" content=\"https:\/\/www.facebook.com\/canadamotorjobs\/\" \/>\n<meta property=\"article:published_time\" content=\"2024-07-26T12:51:32+00:00\" \/>\n<meta property=\"article:modified_time\" content=\"2024-07-26T12:59:22+00:00\" \/>\n<meta property=\"og:image\" content=\"https:\/\/news.canadamotorjobs.com\/wp-content\/uploads\/2024\/07\/IMG_5943.jpg\" \/>\n\t<meta property=\"og:image:width\" content=\"1200\" \/>\n\t<meta property=\"og:image:height\" content=\"800\" \/>\n\t<meta property=\"og:image:type\" content=\"image\/jpeg\" \/>\n<meta name=\"author\" content=\"Benoit Charette\" \/>\n<meta name=\"twitter:card\" content=\"summary_large_image\" \/>\n<meta name=\"twitter:creator\" content=\"@canadamotorjobs\" \/>\n<meta name=\"twitter:site\" content=\"@canadamotorjobs\" \/>\n<meta name=\"twitter:label1\" content=\"\u00c9crit par\" \/>\n\t<meta name=\"twitter:data1\" content=\"Benoit Charette\" \/>\n\t<meta name=\"twitter:label2\" content=\"Estimation du temps de lecture\" \/>\n\t<meta name=\"twitter:data2\" content=\"5 minutes\" \/>\n<!-- \/ Yoast SEO plugin. -->","yoast_head_json":{"title":"Porsche\u00a0718 Boxster \u00e0 moteur\u00a04-cylindres\u00a0: pour premiers acheteurs seulement\u2009? - CanadaMotorJobs.com","description":"Porsche\u00a0718 Boxster \u00e0 moteur\u00a04-cylindres\u00a0: pour premiers acheteurs seulement\u2009? - Benoit Charette - Annuel automobile - CanadaMotorJobs.com.","robots":{"index":"index","follow":"follow","max-snippet":"max-snippet:-1","max-image-preview":"max-image-preview:large","max-video-preview":"max-video-preview:-1"},"og_locale":"fr_CA","og_type":"article","og_title":"Porsche\u00a0718 Boxster \u00e0 moteur\u00a04-cylindres\u00a0: pour premiers acheteurs seulement\u2009? - CanadaMotorJobs.com","og_description":"Porsche\u00a0718 Boxster \u00e0 moteur\u00a04-cylindres\u00a0: pour premiers acheteurs seulement\u2009? - Benoit Charette - Annuel automobile - CanadaMotorJobs.com.","og_url":"https:\/\/news.canadamotorjobs.com\/fr\/porsche-718-boxster-a-moteur-4-cylindres-pour-premiers-acheteurs-seulement\/","og_site_name":"CanadaMotorJobs.com","article_publisher":"https:\/\/www.facebook.com\/canadamotorjobs\/","article_published_time":"2024-07-26T12:51:32+00:00","article_modified_time":"2024-07-26T12:59:22+00:00","og_image":[{"width":1200,"height":800,"url":"https:\/\/news.canadamotorjobs.com\/wp-content\/uploads\/2024\/07\/IMG_5943.jpg","type":"image\/jpeg"}],"author":"Benoit Charette","twitter_card":"summary_large_image","twitter_creator":"@canadamotorjobs","twitter_site":"@canadamotorjobs","twitter_misc":{"\u00c9crit par":"Benoit Charette","Estimation du temps de lecture":"5 minutes"},"schema":{"@context":"https:\/\/schema.org","@graph":[{"@type":"Article","@id":"https:\/\/news.canadamotorjobs.com\/fr\/porsche-718-boxster-a-moteur-4-cylindres-pour-premiers-acheteurs-seulement\/#article","isPartOf":{"@id":"https:\/\/news.canadamotorjobs.com\/fr\/porsche-718-boxster-a-moteur-4-cylindres-pour-premiers-acheteurs-seulement\/"},"author":{"name":"Benoit Charette","@id":"https:\/\/news.canadamotorjobs.com\/#\/schema\/person\/51793d1f87d44011d7bcc2ed99269a90"},"headline":"Porsche\u00a0718 Boxster \u00e0 moteur\u00a04-cylindres\u00a0: pour premiers acheteurs seulement\u2009?","datePublished":"2024-07-26T12:51:32+00:00","dateModified":"2024-07-26T12:59:22+00:00","mainEntityOfPage":{"@id":"https:\/\/news.canadamotorjobs.com\/fr\/porsche-718-boxster-a-moteur-4-cylindres-pour-premiers-acheteurs-seulement\/"},"wordCount":1060,"publisher":{"@id":"https:\/\/news.canadamotorjobs.com\/#organization"},"image":{"@id":"https:\/\/news.canadamotorjobs.com\/fr\/porsche-718-boxster-a-moteur-4-cylindres-pour-premiers-acheteurs-seulement\/#primaryimage"},"thumbnailUrl":"https:\/\/news.canadamotorjobs.com\/wp-content\/uploads\/2024\/07\/IMG_5943.jpg","articleSection":["Annuel automobile"],"inLanguage":"fr-CA"},{"@type":"WebPage","@id":"https:\/\/news.canadamotorjobs.com\/fr\/porsche-718-boxster-a-moteur-4-cylindres-pour-premiers-acheteurs-seulement\/","url":"https:\/\/news.canadamotorjobs.com\/fr\/porsche-718-boxster-a-moteur-4-cylindres-pour-premiers-acheteurs-seulement\/","name":"Porsche\u00a0718 Boxster \u00e0 moteur\u00a04-cylindres\u00a0: pour premiers acheteurs seulement\u2009? - CanadaMotorJobs.com","isPartOf":{"@id":"https:\/\/news.canadamotorjobs.com\/#website"},"primaryImageOfPage":{"@id":"https:\/\/news.canadamotorjobs.com\/fr\/porsche-718-boxster-a-moteur-4-cylindres-pour-premiers-acheteurs-seulement\/#primaryimage"},"image":{"@id":"https:\/\/news.canadamotorjobs.com\/fr\/porsche-718-boxster-a-moteur-4-cylindres-pour-premiers-acheteurs-seulement\/#primaryimage"},"thumbnailUrl":"https:\/\/news.canadamotorjobs.com\/wp-content\/uploads\/2024\/07\/IMG_5943.jpg","datePublished":"2024-07-26T12:51:32+00:00","dateModified":"2024-07-26T12:59:22+00:00","description":"Porsche\u00a0718 Boxster \u00e0 moteur\u00a04-cylindres\u00a0: pour premiers acheteurs seulement\u2009? - Benoit Charette - Annuel automobile - CanadaMotorJobs.com.","breadcrumb":{"@id":"https:\/\/news.canadamotorjobs.com\/fr\/porsche-718-boxster-a-moteur-4-cylindres-pour-premiers-acheteurs-seulement\/#breadcrumb"},"inLanguage":"fr-CA","potentialAction":[{"@type":"ReadAction","target":["https:\/\/news.canadamotorjobs.com\/fr\/porsche-718-boxster-a-moteur-4-cylindres-pour-premiers-acheteurs-seulement\/"]}]},{"@type":"ImageObject","inLanguage":"fr-CA","@id":"https:\/\/news.canadamotorjobs.com\/fr\/porsche-718-boxster-a-moteur-4-cylindres-pour-premiers-acheteurs-seulement\/#primaryimage","url":"https:\/\/news.canadamotorjobs.com\/wp-content\/uploads\/2024\/07\/IMG_5943.jpg","contentUrl":"https:\/\/news.canadamotorjobs.com\/wp-content\/uploads\/2024\/07\/IMG_5943.jpg","width":1200,"height":800},{"@type":"BreadcrumbList","@id":"https:\/\/news.canadamotorjobs.com\/fr\/porsche-718-boxster-a-moteur-4-cylindres-pour-premiers-acheteurs-seulement\/#breadcrumb","itemListElement":[{"@type":"ListItem","position":1,"name":"Home","item":"https:\/\/news.canadamotorjobs.com\/fr\/blog\/"},{"@type":"ListItem","position":2,"name":"Porsche\u00a0718 Boxster \u00e0 moteur\u00a04-cylindres\u00a0: pour premiers acheteurs seulement\u2009?"}]},{"@type":"WebSite","@id":"https:\/\/news.canadamotorjobs.com\/#website","url":"https:\/\/news.canadamotorjobs.com\/","name":"CanadaMotorJobs.com","description":"Automotive Jobs","publisher":{"@id":"https:\/\/news.canadamotorjobs.com\/#organization"},"potentialAction":[{"@type":"SearchAction","target":{"@type":"EntryPoint","urlTemplate":"https:\/\/news.canadamotorjobs.com\/?s={search_term_string}"},"query-input":"required name=search_term_string"}],"inLanguage":"fr-CA"},{"@type":"Organization","@id":"https:\/\/news.canadamotorjobs.com\/#organization","name":"Canada Motor Jobs","url":"https:\/\/news.canadamotorjobs.com\/","logo":{"@type":"ImageObject","inLanguage":"fr-CA","@id":"https:\/\/news.canadamotorjobs.com\/#\/schema\/logo\/image\/","url":"https:\/\/news.canadamotorjobs.com\/wp-content\/uploads\/2022\/10\/logo-canada-motor-jobs-1.png","contentUrl":"https:\/\/news.canadamotorjobs.com\/wp-content\/uploads\/2022\/10\/logo-canada-motor-jobs-1.png","width":800,"height":400,"caption":"Canada Motor Jobs"},"image":{"@id":"https:\/\/news.canadamotorjobs.com\/#\/schema\/logo\/image\/"},"sameAs":["https:\/\/www.facebook.com\/canadamotorjobs\/","https:\/\/x.com\/canadamotorjobs","https:\/\/www.instagram.com\/canadamotorjobs\/","https:\/\/www.linkedin.com\/company\/canadamotorjobs"]},{"@type":"Person","@id":"https:\/\/news.canadamotorjobs.com\/#\/schema\/person\/51793d1f87d44011d7bcc2ed99269a90","name":"Benoit Charette","image":{"@type":"ImageObject","inLanguage":"fr-CA","@id":"https:\/\/news.canadamotorjobs.com\/#\/schema\/person\/image\/","url":"https:\/\/secure.gravatar.com\/avatar\/45f3d2eebcccd909668d7ce7ea7267b6?s=96&d=mm&r=g","contentUrl":"https:\/\/secure.gravatar.com\/avatar\/45f3d2eebcccd909668d7ce7ea7267b6?s=96&d=mm&r=g","caption":"Benoit Charette"},"description":"Benoit Charette \/ Propri\u00e9taire et r\u00e9dacteur en chef Benoit Charette pratique le journalisme automobile depuis bient\u00f4t 30 ans. Il a fait ses classes au c\u00f4t\u00e9 de Daniel H\u00e9raud et au Carnet de route de 1992 \u00e0 2001. Il est fondateur, copropri\u00e9taire et r\u00e9dacteur en chef de L\u2019Annuel de l\u2019automobile, qu\u2019il publie depuis 2001. Il a anim\u00e9 les \u00e9missions RPM et RPM+ sur V et les L\u00e9gendes de la route sur Historia. \u00c0 la radio depuis 1986, il reprend l\u2019antenne cette ann\u00e9e sur les ondes de Cogeco et participe pour la deuxi\u00e8me ann\u00e9e \u00e0 l\u2019\u00e9mission Passion Auto sur RDS en plus de mettre en ligne le site Web officiel de L\u2019Annuel de l\u2019automobile sur annuelauto.ca.","sameAs":["https:\/\/annuelauto.ca\/"],"url":"https:\/\/news.canadamotorjobs.com\/fr\/author\/benoit-charette\/"}]}},"_links":{"self":[{"href":"https:\/\/news.canadamotorjobs.com\/fr\/wp-json\/wp\/v2\/posts\/169651"}],"collection":[{"href":"https:\/\/news.canadamotorjobs.com\/fr\/wp-json\/wp\/v2\/posts"}],"about":[{"href":"https:\/\/news.canadamotorjobs.com\/fr\/wp-json\/wp\/v2\/types\/post"}],"author":[{"embeddable":true,"href":"https:\/\/news.canadamotorjobs.com\/fr\/wp-json\/wp\/v2\/users\/8"}],"replies":[{"embeddable":true,"href":"https:\/\/news.canadamotorjobs.com\/fr\/wp-json\/wp\/v2\/comments?post=169651"}],"version-history":[{"count":2,"href":"https:\/\/news.canadamotorjobs.com\/fr\/wp-json\/wp\/v2\/posts\/169651\/revisions"}],"predecessor-version":[{"id":169655,"href":"https:\/\/news.canadamotorjobs.com\/fr\/wp-json\/wp\/v2\/posts\/169651\/revisions\/169655"}],"wp:featuredmedia":[{"embeddable":true,"href":"https:\/\/news.canadamotorjobs.com\/fr\/wp-json\/wp\/v2\/media\/169653"}],"wp:attachment":[{"href":"https:\/\/news.canadamotorjobs.com\/fr\/wp-json\/wp\/v2\/media?parent=169651"}],"wp:term":[{"taxonomy":"category","embeddable":true,"href":"https:\/\/news.canadamotorjobs.com\/fr\/wp-json\/wp\/v2\/categories?post=169651"},{"taxonomy":"post_tag","embeddable":true,"href":"https:\/\/news.canadamotorjobs.com\/fr\/wp-json\/wp\/v2\/tags?post=169651"}],"curies":[{"name":"wp","href":"https:\/\/api.w.org\/{rel}","templated":true}]}}