{"id":169586,"date":"2024-07-25T11:14:11","date_gmt":"2024-07-25T15:14:11","guid":{"rendered":"https:\/\/news.canadamotorjobs.com\/?p=169586"},"modified":"2024-07-25T11:29:11","modified_gmt":"2024-07-25T15:29:11","slug":"porsche-gardera-ses-v8-apres-2030","status":"publish","type":"post","link":"https:\/\/news.canadamotorjobs.com\/fr\/porsche-gardera-ses-v8-apres-2030\/","title":{"rendered":"Porsche gardera ses V8 apr\u00e8s 2030"},"content":{"rendered":"<\/p>\n<p>Porsche a fait une annonce importante qui ravira \u00e0 la fois les amateurs de moteurs \u00e0 combustion et d&#8217;\u00e9lectrique. La quatri\u00e8me g\u00e9n\u00e9ration de la Porsche Cayenne sera dot\u00e9e d&#8217;un groupe motopropulseur enti\u00e8rement \u00e9lectrique, tout en maintenant la version actuelle V8. Porsche pr\u00e9voit de proposer simultan\u00e9ment la Cayenne de troisi\u00e8me g\u00e9n\u00e9ration avec moteur \u00e0 combustion et la nouvelle g\u00e9n\u00e9ration tout \u00e9lectrique.<\/p>\n<h3>Engagement de Porsche envers l&#8217;avenir<\/h3>\n<p>\nPorsche avait promis de proposer les versions ICE et EV du Macan en parall\u00e8le, ainsi que pour la gamme 718, avant de finalement abandonner ces mod\u00e8les thermiques. Cette fois-ci, Porsche s&#8217;engage \u00e0 offrir trois variantes de motorisation &#8220;jusqu&#8217;en 2030 et au-del\u00e0&#8221;. Les plateformes abandonn\u00e9es (Macan et 718) \u00e9taient obsol\u00e8tes et non conformes aux nouvelles r\u00e9glementations europ\u00e9ennes en mati\u00e8re de cybers\u00e9curit\u00e9, ce qui aurait rendu leur production co\u00fbteuse. Ce qui n&#8217;est le cas du Cayenne.<\/p>\n<h3>Plus de nouveaut\u00e9s pour la Cayenne actuelle<\/h3>\n<p>\nPorsche peut continuer \u00e0 vendre la Cayenne de troisi\u00e8me g\u00e9n\u00e9ration pendant plusieurs ann\u00e9es gr\u00e2ce \u00e0 la mise \u00e0 jour de 2024, qui a apport\u00e9 des am\u00e9liorations significatives au VUS de luxe, le rendant presque aussi performant qu&#8217;un nouveau mod\u00e8le. De plus, la g\u00e9n\u00e9ration actuelle de la Cayenne sera encore d\u00e9velopp\u00e9e, avec un accent particulier sur les motorisations, notamment le V8 construit \u00e0 Zuffenhausen. Porsche promet que &#8220;des mesures techniques \u00e9tendues garantiront que le moteur biturbo soit conforme aux futures exigences l\u00e9gislatives&#8221;.<\/p>\n<h3>Une architecture 800 volts pour des performances accrues<\/h3>\n<p>\nLa nouvelle Cayenne reposera sur une architecture 800 volts, similaire \u00e0 celle du Macan EV 2024 (Premium Platform Electric, ou PPE), mais encore am\u00e9lior\u00e9e pour int\u00e9grer les derni\u00e8res technologies. Selon Michael Steiner, responsable R&amp;D chez Porsche, cela permettra \u00e0 la Cayenne d&#8217;atteindre un tout nouveau niveau de performances en termes de capacit\u00e9 de charge, d&#8217;efficacit\u00e9, de confort et d&#8217;usage quotidien.<\/p>\n<h3>Aper\u00e7u de la Cayenne EV<\/h3>\n<p>\nDes photos d&#8217;espionnage, initialement attribu\u00e9es au projet Porsche K1 (un VUS \u00e9lectrique ultra-luxueux \u00e0 trois rang\u00e9es), ont \u00e9t\u00e9 confirm\u00e9es comme \u00e9tant celles de la quatri\u00e8me g\u00e9n\u00e9ration de la Cayenne EV. Porsche a \u00e9galement publi\u00e9 des images de prototypes en d\u00e9veloppement, r\u00e9v\u00e9lant des \u00e9l\u00e9ments de design tels que des prises d&#8217;air actives \u00e0 l&#8217;avant, des phares DEL \u00e9troits, et des feux arri\u00e8re restyl\u00e9s avec des fentes d&#8217;a\u00e9ration verticales. Les roues sont dot\u00e9es de caches pour am\u00e9liorer le flux d&#8217;air le long des c\u00f4t\u00e9s du VUS. Un faux montant C pourrait indiquer une version plus longue de la Cayenne, fusionnant peut-\u00eatre les projets K1 et Cayenne. Nous vous tiendrons inform\u00e9s des prochaines nouvelles.<\/p>\n<p>\u00a0<\/p>\n<p>Avec des renseignements de Carbuzz<\/p>\n<p>\u00a0<\/p>\n<p>Le texte <a rel=\"nofollow\" href=\"https:\/\/annuelauto.ca\/porsche-gardera-ses-v8-apres-2030\/\">Porsche gardera ses V8 apr\u00e8s 2030<\/a> provient de <a rel=\"nofollow\" href=\"https:\/\/annuelauto.ca\">L&#8217;annuel de l&#8217;automobile &#8211; Actualit\u00e9 automobile<\/a><\/p>\n<p><\/p>\n","protected":false},"excerpt":{"rendered":"<p>Porsche a fait une annonce importante qui ravira \u00e0 la fois les amateurs de moteurs \u00e0 combustion et d&#8217;\u00e9lectrique. La quatri\u00e8me g\u00e9n\u00e9ration de la Porsche Cayenne sera dot\u00e9e d&#8217;un groupe motopropulseur enti\u00e8rement \u00e9lectrique, tout en maintenant la version actuelle V8. Porsche pr\u00e9voit de proposer simultan\u00e9ment la Cayenne de troisi\u00e8me g\u00e9n\u00e9ration avec moteur \u00e0 combustion et [&hellip;]<\/p>\n","protected":false},"author":8,"featured_media":169588,"comment_status":"close","ping_status":"closed","sticky":false,"template":"","format":"standard","meta":{"_monsterinsights_skip_tracking":false,"_monsterinsights_sitenote_active":false,"_monsterinsights_sitenote_note":"","_monsterinsights_sitenote_category":0,"footnotes":""},"categories":[101],"tags":[],"yoast_head":"<!-- This site is optimized with the Yoast SEO plugin v23.2 - https:\/\/yoast.com\/wordpress\/plugins\/seo\/ -->\n<title>Porsche gardera ses V8 apr\u00e8s 2030 - CanadaMotorJobs.com<\/title>\n<meta name=\"description\" content=\"Porsche gardera ses V8 apr\u00e8s 2030 - Benoit Charette - Annuel automobile - CanadaMotorJobs.com.\" \/>\n<meta name=\"robots\" content=\"index, follow, max-snippet:-1, max-image-preview:large, max-video-preview:-1\" \/>\n<meta property=\"og:locale\" content=\"fr_CA\" \/>\n<meta property=\"og:type\" content=\"article\" \/>\n<meta property=\"og:title\" content=\"Porsche gardera ses V8 apr\u00e8s 2030 - CanadaMotorJobs.com\" \/>\n<meta property=\"og:description\" content=\"Porsche gardera ses V8 apr\u00e8s 2030 - Benoit Charette - Annuel automobile - CanadaMotorJobs.com.\" \/>\n<meta property=\"og:url\" content=\"https:\/\/news.canadamotorjobs.com\/fr\/porsche-gardera-ses-v8-apres-2030\/\" \/>\n<meta property=\"og:site_name\" content=\"CanadaMotorJobs.com\" \/>\n<meta property=\"article:publisher\" content=\"https:\/\/www.facebook.com\/canadamotorjobs\/\" \/>\n<meta property=\"article:published_time\" content=\"2024-07-25T15:14:11+00:00\" \/>\n<meta property=\"article:modified_time\" content=\"2024-07-25T15:29:11+00:00\" \/>\n<meta property=\"og:image\" content=\"https:\/\/news.canadamotorjobs.com\/wp-content\/uploads\/2024\/07\/1114_miami_S_ucrane_AKOS4359_5032_V03_final-1-1024x576-1.jpg\" \/>\n\t<meta property=\"og:image:width\" content=\"1024\" \/>\n\t<meta property=\"og:image:height\" content=\"576\" \/>\n\t<meta property=\"og:image:type\" content=\"image\/jpeg\" \/>\n<meta name=\"author\" content=\"Benoit Charette\" \/>\n<meta name=\"twitter:card\" content=\"summary_large_image\" \/>\n<meta name=\"twitter:creator\" content=\"@canadamotorjobs\" \/>\n<meta name=\"twitter:site\" content=\"@canadamotorjobs\" \/>\n<meta name=\"twitter:label1\" content=\"\u00c9crit par\" \/>\n\t<meta name=\"twitter:data1\" content=\"Benoit Charette\" \/>\n\t<meta name=\"twitter:label2\" content=\"Estimation du temps de lecture\" \/>\n\t<meta name=\"twitter:data2\" content=\"2 minutes\" \/>\n<!-- \/ Yoast SEO plugin. -->","yoast_head_json":{"title":"Porsche gardera ses V8 apr\u00e8s 2030 - CanadaMotorJobs.com","description":"Porsche gardera ses V8 apr\u00e8s 2030 - Benoit Charette - Annuel automobile - CanadaMotorJobs.com.","robots":{"index":"index","follow":"follow","max-snippet":"max-snippet:-1","max-image-preview":"max-image-preview:large","max-video-preview":"max-video-preview:-1"},"og_locale":"fr_CA","og_type":"article","og_title":"Porsche gardera ses V8 apr\u00e8s 2030 - CanadaMotorJobs.com","og_description":"Porsche gardera ses V8 apr\u00e8s 2030 - Benoit Charette - Annuel automobile - CanadaMotorJobs.com.","og_url":"https:\/\/news.canadamotorjobs.com\/fr\/porsche-gardera-ses-v8-apres-2030\/","og_site_name":"CanadaMotorJobs.com","article_publisher":"https:\/\/www.facebook.com\/canadamotorjobs\/","article_published_time":"2024-07-25T15:14:11+00:00","article_modified_time":"2024-07-25T15:29:11+00:00","og_image":[{"width":1024,"height":576,"url":"https:\/\/news.canadamotorjobs.com\/wp-content\/uploads\/2024\/07\/1114_miami_S_ucrane_AKOS4359_5032_V03_final-1-1024x576-1.jpg","type":"image\/jpeg"}],"author":"Benoit Charette","twitter_card":"summary_large_image","twitter_creator":"@canadamotorjobs","twitter_site":"@canadamotorjobs","twitter_misc":{"\u00c9crit par":"Benoit Charette","Estimation du temps de lecture":"2 minutes"},"schema":{"@context":"https:\/\/schema.org","@graph":[{"@type":"Article","@id":"https:\/\/news.canadamotorjobs.com\/fr\/porsche-gardera-ses-v8-apres-2030\/#article","isPartOf":{"@id":"https:\/\/news.canadamotorjobs.com\/fr\/porsche-gardera-ses-v8-apres-2030\/"},"author":{"name":"Benoit Charette","@id":"https:\/\/news.canadamotorjobs.com\/#\/schema\/person\/51793d1f87d44011d7bcc2ed99269a90"},"headline":"Porsche gardera ses V8 apr\u00e8s 2030","datePublished":"2024-07-25T15:14:11+00:00","dateModified":"2024-07-25T15:29:11+00:00","mainEntityOfPage":{"@id":"https:\/\/news.canadamotorjobs.com\/fr\/porsche-gardera-ses-v8-apres-2030\/"},"wordCount":496,"publisher":{"@id":"https:\/\/news.canadamotorjobs.com\/#organization"},"image":{"@id":"https:\/\/news.canadamotorjobs.com\/fr\/porsche-gardera-ses-v8-apres-2030\/#primaryimage"},"thumbnailUrl":"https:\/\/news.canadamotorjobs.com\/wp-content\/uploads\/2024\/07\/1114_miami_S_ucrane_AKOS4359_5032_V03_final-1-1024x576-1.jpg","articleSection":["Annuel automobile"],"inLanguage":"fr-CA"},{"@type":"WebPage","@id":"https:\/\/news.canadamotorjobs.com\/fr\/porsche-gardera-ses-v8-apres-2030\/","url":"https:\/\/news.canadamotorjobs.com\/fr\/porsche-gardera-ses-v8-apres-2030\/","name":"Porsche gardera ses V8 apr\u00e8s 2030 - CanadaMotorJobs.com","isPartOf":{"@id":"https:\/\/news.canadamotorjobs.com\/#website"},"primaryImageOfPage":{"@id":"https:\/\/news.canadamotorjobs.com\/fr\/porsche-gardera-ses-v8-apres-2030\/#primaryimage"},"image":{"@id":"https:\/\/news.canadamotorjobs.com\/fr\/porsche-gardera-ses-v8-apres-2030\/#primaryimage"},"thumbnailUrl":"https:\/\/news.canadamotorjobs.com\/wp-content\/uploads\/2024\/07\/1114_miami_S_ucrane_AKOS4359_5032_V03_final-1-1024x576-1.jpg","datePublished":"2024-07-25T15:14:11+00:00","dateModified":"2024-07-25T15:29:11+00:00","description":"Porsche gardera ses V8 apr\u00e8s 2030 - Benoit Charette - Annuel automobile - CanadaMotorJobs.com.","breadcrumb":{"@id":"https:\/\/news.canadamotorjobs.com\/fr\/porsche-gardera-ses-v8-apres-2030\/#breadcrumb"},"inLanguage":"fr-CA","potentialAction":[{"@type":"ReadAction","target":["https:\/\/news.canadamotorjobs.com\/fr\/porsche-gardera-ses-v8-apres-2030\/"]}]},{"@type":"ImageObject","inLanguage":"fr-CA","@id":"https:\/\/news.canadamotorjobs.com\/fr\/porsche-gardera-ses-v8-apres-2030\/#primaryimage","url":"https:\/\/news.canadamotorjobs.com\/wp-content\/uploads\/2024\/07\/1114_miami_S_ucrane_AKOS4359_5032_V03_final-1-1024x576-1.jpg","contentUrl":"https:\/\/news.canadamotorjobs.com\/wp-content\/uploads\/2024\/07\/1114_miami_S_ucrane_AKOS4359_5032_V03_final-1-1024x576-1.jpg","width":1024,"height":576},{"@type":"BreadcrumbList","@id":"https:\/\/news.canadamotorjobs.com\/fr\/porsche-gardera-ses-v8-apres-2030\/#breadcrumb","itemListElement":[{"@type":"ListItem","position":1,"name":"Home","item":"https:\/\/news.canadamotorjobs.com\/fr\/blog\/"},{"@type":"ListItem","position":2,"name":"Porsche gardera ses V8 apr\u00e8s 2030"}]},{"@type":"WebSite","@id":"https:\/\/news.canadamotorjobs.com\/#website","url":"https:\/\/news.canadamotorjobs.com\/","name":"CanadaMotorJobs.com","description":"Automotive Jobs","publisher":{"@id":"https:\/\/news.canadamotorjobs.com\/#organization"},"potentialAction":[{"@type":"SearchAction","target":{"@type":"EntryPoint","urlTemplate":"https:\/\/news.canadamotorjobs.com\/?s={search_term_string}"},"query-input":"required name=search_term_string"}],"inLanguage":"fr-CA"},{"@type":"Organization","@id":"https:\/\/news.canadamotorjobs.com\/#organization","name":"Canada Motor Jobs","url":"https:\/\/news.canadamotorjobs.com\/","logo":{"@type":"ImageObject","inLanguage":"fr-CA","@id":"https:\/\/news.canadamotorjobs.com\/#\/schema\/logo\/image\/","url":"https:\/\/news.canadamotorjobs.com\/wp-content\/uploads\/2022\/10\/logo-canada-motor-jobs-1.png","contentUrl":"https:\/\/news.canadamotorjobs.com\/wp-content\/uploads\/2022\/10\/logo-canada-motor-jobs-1.png","width":800,"height":400,"caption":"Canada Motor Jobs"},"image":{"@id":"https:\/\/news.canadamotorjobs.com\/#\/schema\/logo\/image\/"},"sameAs":["https:\/\/www.facebook.com\/canadamotorjobs\/","https:\/\/x.com\/canadamotorjobs","https:\/\/www.instagram.com\/canadamotorjobs\/","https:\/\/www.linkedin.com\/company\/canadamotorjobs"]},{"@type":"Person","@id":"https:\/\/news.canadamotorjobs.com\/#\/schema\/person\/51793d1f87d44011d7bcc2ed99269a90","name":"Benoit Charette","image":{"@type":"ImageObject","inLanguage":"fr-CA","@id":"https:\/\/news.canadamotorjobs.com\/#\/schema\/person\/image\/","url":"https:\/\/secure.gravatar.com\/avatar\/45f3d2eebcccd909668d7ce7ea7267b6?s=96&d=mm&r=g","contentUrl":"https:\/\/secure.gravatar.com\/avatar\/45f3d2eebcccd909668d7ce7ea7267b6?s=96&d=mm&r=g","caption":"Benoit Charette"},"description":"Benoit Charette \/ Propri\u00e9taire et r\u00e9dacteur en chef Benoit Charette pratique le journalisme automobile depuis bient\u00f4t 30 ans. Il a fait ses classes au c\u00f4t\u00e9 de Daniel H\u00e9raud et au Carnet de route de 1992 \u00e0 2001. Il est fondateur, copropri\u00e9taire et r\u00e9dacteur en chef de L\u2019Annuel de l\u2019automobile, qu\u2019il publie depuis 2001. Il a anim\u00e9 les \u00e9missions RPM et RPM+ sur V et les L\u00e9gendes de la route sur Historia. \u00c0 la radio depuis 1986, il reprend l\u2019antenne cette ann\u00e9e sur les ondes de Cogeco et participe pour la deuxi\u00e8me ann\u00e9e \u00e0 l\u2019\u00e9mission Passion Auto sur RDS en plus de mettre en ligne le site Web officiel de L\u2019Annuel de l\u2019automobile sur annuelauto.ca.","sameAs":["https:\/\/annuelauto.ca\/"],"url":"https:\/\/news.canadamotorjobs.com\/fr\/author\/benoit-charette\/"}]}},"_links":{"self":[{"href":"https:\/\/news.canadamotorjobs.com\/fr\/wp-json\/wp\/v2\/posts\/169586"}],"collection":[{"href":"https:\/\/news.canadamotorjobs.com\/fr\/wp-json\/wp\/v2\/posts"}],"about":[{"href":"https:\/\/news.canadamotorjobs.com\/fr\/wp-json\/wp\/v2\/types\/post"}],"author":[{"embeddable":true,"href":"https:\/\/news.canadamotorjobs.com\/fr\/wp-json\/wp\/v2\/users\/8"}],"replies":[{"embeddable":true,"href":"https:\/\/news.canadamotorjobs.com\/fr\/wp-json\/wp\/v2\/comments?post=169586"}],"version-history":[{"count":2,"href":"https:\/\/news.canadamotorjobs.com\/fr\/wp-json\/wp\/v2\/posts\/169586\/revisions"}],"predecessor-version":[{"id":169590,"href":"https:\/\/news.canadamotorjobs.com\/fr\/wp-json\/wp\/v2\/posts\/169586\/revisions\/169590"}],"wp:featuredmedia":[{"embeddable":true,"href":"https:\/\/news.canadamotorjobs.com\/fr\/wp-json\/wp\/v2\/media\/169588"}],"wp:attachment":[{"href":"https:\/\/news.canadamotorjobs.com\/fr\/wp-json\/wp\/v2\/media?parent=169586"}],"wp:term":[{"taxonomy":"category","embeddable":true,"href":"https:\/\/news.canadamotorjobs.com\/fr\/wp-json\/wp\/v2\/categories?post=169586"},{"taxonomy":"post_tag","embeddable":true,"href":"https:\/\/news.canadamotorjobs.com\/fr\/wp-json\/wp\/v2\/tags?post=169586"}],"curies":[{"name":"wp","href":"https:\/\/api.w.org\/{rel}","templated":true}]}}