{"id":169567,"date":"2024-07-25T07:36:31","date_gmt":"2024-07-25T11:36:31","guid":{"rendered":"https:\/\/news.canadamotorjobs.com\/?p=169567"},"modified":"2024-07-25T07:45:46","modified_gmt":"2024-07-25T11:45:46","slug":"volvo-adoucit-sa-strategie-electrique-et-favorise-dorenavant-les-hybrides","status":"publish","type":"post","link":"https:\/\/news.canadamotorjobs.com\/fr\/volvo-adoucit-sa-strategie-electrique-et-favorise-dorenavant-les-hybrides\/","title":{"rendered":"Volvo adoucit sa strat\u00e9gie \u00e9lectrique et favorise dor\u00e9navant les hybrides"},"content":{"rendered":"<\/p>\n<p>Volvo revoit sa strat\u00e9gie audacieuse de se concentrer exclusivement sur les v\u00e9hicules \u00e9lectriques (V\u00c9S) alors que la croissance des ventes ralentit. Le PDG Jim Rowan d\u00e9clare que les hybrides peuvent servir de transition pour les acheteurs h\u00e9sitants.<\/p>\n<h3><strong>Des objectifs EV recalibr\u00e9s<\/strong><\/h3>\n<p>\nLes constructeurs automobiles, de Aston Martin \u00e0 Volkswagen Group, r\u00e9\u00e9valuent leurs ambitions en mati\u00e8re de v\u00e9hicules \u00e9lectriques alors que la trajectoire de croissance de cette technologie perd de son \u00e9lan. La strat\u00e9gie EV-or-Bust de Volvo, l&#8217;une des plus audacieuses de l&#8217;industrie, pourrait \u00eatre repens\u00e9e face \u00e0 la baisse des ventes de VE sur des march\u00e9s cl\u00e9s comme la Chine et les \u00c9tats-Unis.<\/p>\n<h3><strong>Le r\u00f4le des hybrides<\/strong><\/h3>\n<p>\nLors d&#8217;une web\u00e9mission trimestrielle avec les investisseurs, Jim Rowan, PDG de Volvo, a r\u00e9affirm\u00e9 sa foi en la propulsion \u00e9lectrique, tout en reconnaissant que l&#8217;\u00e9lectrification compl\u00e8te prendra du temps. &#8220;Les hybrides rechargeables forment un pont solide pour nos clients qui ne sont pas encore pr\u00eats pour une \u00e9lectrification totale&#8221;, a-t-il d\u00e9clar\u00e9 le 18 juillet. Les hybrides rechargeables et les hybrides l\u00e9gers restent populaires aupr\u00e8s des clients, et Volvo continuera d&#8217;investir dans cette gamme.<\/p>\n<h3><strong>Au-del\u00e0 de 2030<\/strong><\/h3>\n<p>\nLes concessionnaires am\u00e9ricains de Volvo s&#8217;attendent \u00e0 vendre des berlines, des familiales et des VUS hybrides au-del\u00e0 de la d\u00e9cennie. Un concessionnaire a d\u00e9clar\u00e9 : &#8220;Nous devrons le faire, sinon nous mourrons.&#8221; Volvo se concentre sur l&#8217;offre de v\u00e9hicules hybrides rechargeables pendant que le march\u00e9 des VE m\u00fbrit aux \u00c9tats-Unis et ailleurs.<\/p>\n<h3><strong>Collaborations et innovations<\/strong><\/h3>\n<p>\nVolvo cherche \u00e0 exploiter les plateformes du groupe Geely, sa soci\u00e9t\u00e9 m\u00e8re, pour \u00e9largir sa gamme de v\u00e9hicules hybrides rechargeables. En mai, Geely a finalis\u00e9 une coentreprise avec Renault Group pour d\u00e9velopper des moteurs \u00e0 combustion interne et hybrides plus efficaces. Volvo envisage \u00e9galement de mettre \u00e0 jour sa plateforme SPA1, qui soutient les variantes hybrides l\u00e9g\u00e8res et rechargeables des crossovers XC90 et XC60.<\/p>\n<h3><strong>Production et plans futurs<\/strong><\/h3>\n<p>\nSelon AutoForecast Solutions, la production du XC90 phare devrait cesser en mai 2030. Bien que Volvo ait pr\u00e9c\u00e9demment d\u00e9clar\u00e9 qu&#8217;il n&#8217;y aurait pas de troisi\u00e8me g\u00e9n\u00e9ration avec un moteur \u00e0 combustion ou un groupe motopropulseur hybride rechargeable, ces plans pourraient changer. Russell Datz, porte-parole de Volvo, a refus\u00e9 de commenter les plans futurs de produits.<\/p>\n<h3><strong>Adopter les mouvements du march\u00e9<\/strong><\/h3>\n<p>\nVolvo a \u00e9t\u00e9 pr\u00e9curseur en rep\u00e9rant le virage vers la mobilit\u00e9 \u00e9lectrique aliment\u00e9e par la r\u00e9glementation gouvernementale aux \u00c9tats-Unis, en Chine et en Europe. Le constructeur a opt\u00e9 pour une gamme de mod\u00e8les enti\u00e8rement \u00e9lectrifi\u00e9e \u00e0 l&#8217;\u00e9chelle mondiale en 2019 et a livr\u00e9 son premier VE, le XC40 Recharge P8, aux \u00c9tats-Unis deux ans plus tard. Cependant, l&#8217;adoption des VE aux \u00c9tats-Unis a ralenti.<\/p>\n<h3><strong>R\u00e9actions du march\u00e9<\/strong><\/h3>\n<p>\nLes ventes de V\u00c9S de Volvo aux \u00c9tats-Unis ont chut\u00e9 cette ann\u00e9e en raison de la concurrence accrue et d&#8217;une guerre des prix d\u00e9clench\u00e9e par Tesla. Entre janvier et juin, les livraisons des VUS \u00e9lectriques XC40 et C40 ont plong\u00e9 de 74% \u00e0 1 981 unit\u00e9s. En r\u00e9ponse, Volvo a r\u00e9duit l&#8217;offre de VE tout en augmentant les allocations de v\u00e9hicules hybrides rechargeables aux concessionnaires.<\/p>\n<h3><strong>Conclusion<\/strong><\/h3>\n<p>\nUn d\u00e9taillant a r\u00e9sum\u00e9 : &#8220;Volvo r\u00e9alise qu&#8217;il ne peut pas r\u00e9ussir sans les hybrides rechargeables et les hybrides l\u00e9gers. La strat\u00e9gie tout-\u00e9lectrique n&#8217;est pas quelque chose que les concessionnaires peuvent soutenir.&#8221;<\/p>\n<p>Avec des renseignements d&#8217;Automotive news Canada<\/p>\n<p>Le texte <a rel=\"nofollow\" href=\"https:\/\/annuelauto.ca\/volvo-adoucit-sa-strategie-electrique-et-favorise-dorenavant-les-hybrides\/\">Volvo adoucit sa strat\u00e9gie \u00e9lectrique et favorise dor\u00e9navant les hybrides<\/a> provient de <a rel=\"nofollow\" href=\"https:\/\/annuelauto.ca\">L&#8217;annuel de l&#8217;automobile &#8211; Actualit\u00e9 automobile<\/a><\/p>\n<p><\/p>\n","protected":false},"excerpt":{"rendered":"<p>Volvo revoit sa strat\u00e9gie audacieuse de se concentrer exclusivement sur les v\u00e9hicules \u00e9lectriques (V\u00c9S) alors que la croissance des ventes ralentit. Le PDG Jim Rowan d\u00e9clare que les hybrides peuvent servir de transition pour les acheteurs h\u00e9sitants. Des objectifs EV recalibr\u00e9s Les constructeurs automobiles, de Aston Martin \u00e0 Volkswagen Group, r\u00e9\u00e9valuent leurs ambitions en mati\u00e8re [&hellip;]<\/p>\n","protected":false},"author":8,"featured_media":169569,"comment_status":"close","ping_status":"closed","sticky":false,"template":"","format":"standard","meta":{"_monsterinsights_skip_tracking":false,"_monsterinsights_sitenote_active":false,"_monsterinsights_sitenote_note":"","_monsterinsights_sitenote_category":0,"footnotes":""},"categories":[101],"tags":[],"yoast_head":"<!-- This site is optimized with the Yoast SEO plugin v23.2 - https:\/\/yoast.com\/wordpress\/plugins\/seo\/ -->\n<title>Volvo adoucit sa strat\u00e9gie \u00e9lectrique et favorise dor\u00e9navant les hybrides - CanadaMotorJobs.com<\/title>\n<meta name=\"description\" content=\"Volvo adoucit sa strat\u00e9gie \u00e9lectrique et favorise dor\u00e9navant les hybrides - Benoit Charette - Annuel automobile - CanadaMotorJobs.com.\" \/>\n<meta name=\"robots\" content=\"index, follow, max-snippet:-1, max-image-preview:large, max-video-preview:-1\" \/>\n<meta property=\"og:locale\" content=\"fr_CA\" \/>\n<meta property=\"og:type\" content=\"article\" \/>\n<meta property=\"og:title\" content=\"Volvo adoucit sa strat\u00e9gie \u00e9lectrique et favorise dor\u00e9navant les hybrides - CanadaMotorJobs.com\" \/>\n<meta property=\"og:description\" content=\"Volvo adoucit sa strat\u00e9gie \u00e9lectrique et favorise dor\u00e9navant les hybrides - Benoit Charette - Annuel automobile - CanadaMotorJobs.com.\" \/>\n<meta property=\"og:url\" content=\"https:\/\/news.canadamotorjobs.com\/fr\/volvo-adoucit-sa-strategie-electrique-et-favorise-dorenavant-les-hybrides\/\" \/>\n<meta property=\"og:site_name\" content=\"CanadaMotorJobs.com\" \/>\n<meta property=\"article:publisher\" content=\"https:\/\/www.facebook.com\/canadamotorjobs\/\" \/>\n<meta property=\"article:published_time\" content=\"2024-07-25T11:36:31+00:00\" \/>\n<meta property=\"article:modified_time\" content=\"2024-07-25T11:45:46+00:00\" \/>\n<meta property=\"og:image\" content=\"https:\/\/news.canadamotorjobs.com\/wp-content\/uploads\/2024\/07\/294985_xc60_recharge_t8_silver_dawn1651205292616.jpg\" \/>\n\t<meta property=\"og:image:width\" content=\"770\" \/>\n\t<meta property=\"og:image:height\" content=\"513\" \/>\n\t<meta property=\"og:image:type\" content=\"image\/jpeg\" \/>\n<meta name=\"author\" content=\"Benoit Charette\" \/>\n<meta name=\"twitter:card\" content=\"summary_large_image\" \/>\n<meta name=\"twitter:creator\" content=\"@canadamotorjobs\" \/>\n<meta name=\"twitter:site\" content=\"@canadamotorjobs\" \/>\n<meta name=\"twitter:label1\" content=\"\u00c9crit par\" \/>\n\t<meta name=\"twitter:data1\" content=\"Benoit Charette\" \/>\n\t<meta name=\"twitter:label2\" content=\"Estimation du temps de lecture\" \/>\n\t<meta name=\"twitter:data2\" content=\"3 minutes\" \/>\n<!-- \/ Yoast SEO plugin. -->","yoast_head_json":{"title":"Volvo adoucit sa strat\u00e9gie \u00e9lectrique et favorise dor\u00e9navant les hybrides - CanadaMotorJobs.com","description":"Volvo adoucit sa strat\u00e9gie \u00e9lectrique et favorise dor\u00e9navant les hybrides - Benoit Charette - Annuel automobile - CanadaMotorJobs.com.","robots":{"index":"index","follow":"follow","max-snippet":"max-snippet:-1","max-image-preview":"max-image-preview:large","max-video-preview":"max-video-preview:-1"},"og_locale":"fr_CA","og_type":"article","og_title":"Volvo adoucit sa strat\u00e9gie \u00e9lectrique et favorise dor\u00e9navant les hybrides - CanadaMotorJobs.com","og_description":"Volvo adoucit sa strat\u00e9gie \u00e9lectrique et favorise dor\u00e9navant les hybrides - Benoit Charette - Annuel automobile - CanadaMotorJobs.com.","og_url":"https:\/\/news.canadamotorjobs.com\/fr\/volvo-adoucit-sa-strategie-electrique-et-favorise-dorenavant-les-hybrides\/","og_site_name":"CanadaMotorJobs.com","article_publisher":"https:\/\/www.facebook.com\/canadamotorjobs\/","article_published_time":"2024-07-25T11:36:31+00:00","article_modified_time":"2024-07-25T11:45:46+00:00","og_image":[{"width":770,"height":513,"url":"https:\/\/news.canadamotorjobs.com\/wp-content\/uploads\/2024\/07\/294985_xc60_recharge_t8_silver_dawn1651205292616.jpg","type":"image\/jpeg"}],"author":"Benoit Charette","twitter_card":"summary_large_image","twitter_creator":"@canadamotorjobs","twitter_site":"@canadamotorjobs","twitter_misc":{"\u00c9crit par":"Benoit Charette","Estimation du temps de lecture":"3 minutes"},"schema":{"@context":"https:\/\/schema.org","@graph":[{"@type":"Article","@id":"https:\/\/news.canadamotorjobs.com\/fr\/volvo-adoucit-sa-strategie-electrique-et-favorise-dorenavant-les-hybrides\/#article","isPartOf":{"@id":"https:\/\/news.canadamotorjobs.com\/fr\/volvo-adoucit-sa-strategie-electrique-et-favorise-dorenavant-les-hybrides\/"},"author":{"name":"Benoit Charette","@id":"https:\/\/news.canadamotorjobs.com\/#\/schema\/person\/51793d1f87d44011d7bcc2ed99269a90"},"headline":"Volvo adoucit sa strat\u00e9gie \u00e9lectrique et favorise dor\u00e9navant les hybrides","datePublished":"2024-07-25T11:36:31+00:00","dateModified":"2024-07-25T11:45:46+00:00","mainEntityOfPage":{"@id":"https:\/\/news.canadamotorjobs.com\/fr\/volvo-adoucit-sa-strategie-electrique-et-favorise-dorenavant-les-hybrides\/"},"wordCount":631,"publisher":{"@id":"https:\/\/news.canadamotorjobs.com\/#organization"},"image":{"@id":"https:\/\/news.canadamotorjobs.com\/fr\/volvo-adoucit-sa-strategie-electrique-et-favorise-dorenavant-les-hybrides\/#primaryimage"},"thumbnailUrl":"https:\/\/news.canadamotorjobs.com\/wp-content\/uploads\/2024\/07\/294985_xc60_recharge_t8_silver_dawn1651205292616.jpg","articleSection":["Annuel automobile"],"inLanguage":"fr-CA"},{"@type":"WebPage","@id":"https:\/\/news.canadamotorjobs.com\/fr\/volvo-adoucit-sa-strategie-electrique-et-favorise-dorenavant-les-hybrides\/","url":"https:\/\/news.canadamotorjobs.com\/fr\/volvo-adoucit-sa-strategie-electrique-et-favorise-dorenavant-les-hybrides\/","name":"Volvo adoucit sa strat\u00e9gie \u00e9lectrique et favorise dor\u00e9navant les hybrides - CanadaMotorJobs.com","isPartOf":{"@id":"https:\/\/news.canadamotorjobs.com\/#website"},"primaryImageOfPage":{"@id":"https:\/\/news.canadamotorjobs.com\/fr\/volvo-adoucit-sa-strategie-electrique-et-favorise-dorenavant-les-hybrides\/#primaryimage"},"image":{"@id":"https:\/\/news.canadamotorjobs.com\/fr\/volvo-adoucit-sa-strategie-electrique-et-favorise-dorenavant-les-hybrides\/#primaryimage"},"thumbnailUrl":"https:\/\/news.canadamotorjobs.com\/wp-content\/uploads\/2024\/07\/294985_xc60_recharge_t8_silver_dawn1651205292616.jpg","datePublished":"2024-07-25T11:36:31+00:00","dateModified":"2024-07-25T11:45:46+00:00","description":"Volvo adoucit sa strat\u00e9gie \u00e9lectrique et favorise dor\u00e9navant les hybrides - Benoit Charette - Annuel automobile - CanadaMotorJobs.com.","breadcrumb":{"@id":"https:\/\/news.canadamotorjobs.com\/fr\/volvo-adoucit-sa-strategie-electrique-et-favorise-dorenavant-les-hybrides\/#breadcrumb"},"inLanguage":"fr-CA","potentialAction":[{"@type":"ReadAction","target":["https:\/\/news.canadamotorjobs.com\/fr\/volvo-adoucit-sa-strategie-electrique-et-favorise-dorenavant-les-hybrides\/"]}]},{"@type":"ImageObject","inLanguage":"fr-CA","@id":"https:\/\/news.canadamotorjobs.com\/fr\/volvo-adoucit-sa-strategie-electrique-et-favorise-dorenavant-les-hybrides\/#primaryimage","url":"https:\/\/news.canadamotorjobs.com\/wp-content\/uploads\/2024\/07\/294985_xc60_recharge_t8_silver_dawn1651205292616.jpg","contentUrl":"https:\/\/news.canadamotorjobs.com\/wp-content\/uploads\/2024\/07\/294985_xc60_recharge_t8_silver_dawn1651205292616.jpg","width":770,"height":513},{"@type":"BreadcrumbList","@id":"https:\/\/news.canadamotorjobs.com\/fr\/volvo-adoucit-sa-strategie-electrique-et-favorise-dorenavant-les-hybrides\/#breadcrumb","itemListElement":[{"@type":"ListItem","position":1,"name":"Home","item":"https:\/\/news.canadamotorjobs.com\/fr\/blog\/"},{"@type":"ListItem","position":2,"name":"Volvo adoucit sa strat\u00e9gie \u00e9lectrique et favorise dor\u00e9navant les hybrides"}]},{"@type":"WebSite","@id":"https:\/\/news.canadamotorjobs.com\/#website","url":"https:\/\/news.canadamotorjobs.com\/","name":"CanadaMotorJobs.com","description":"Automotive Jobs","publisher":{"@id":"https:\/\/news.canadamotorjobs.com\/#organization"},"potentialAction":[{"@type":"SearchAction","target":{"@type":"EntryPoint","urlTemplate":"https:\/\/news.canadamotorjobs.com\/?s={search_term_string}"},"query-input":"required name=search_term_string"}],"inLanguage":"fr-CA"},{"@type":"Organization","@id":"https:\/\/news.canadamotorjobs.com\/#organization","name":"Canada Motor Jobs","url":"https:\/\/news.canadamotorjobs.com\/","logo":{"@type":"ImageObject","inLanguage":"fr-CA","@id":"https:\/\/news.canadamotorjobs.com\/#\/schema\/logo\/image\/","url":"https:\/\/news.canadamotorjobs.com\/wp-content\/uploads\/2022\/10\/logo-canada-motor-jobs-1.png","contentUrl":"https:\/\/news.canadamotorjobs.com\/wp-content\/uploads\/2022\/10\/logo-canada-motor-jobs-1.png","width":800,"height":400,"caption":"Canada Motor Jobs"},"image":{"@id":"https:\/\/news.canadamotorjobs.com\/#\/schema\/logo\/image\/"},"sameAs":["https:\/\/www.facebook.com\/canadamotorjobs\/","https:\/\/x.com\/canadamotorjobs","https:\/\/www.instagram.com\/canadamotorjobs\/","https:\/\/www.linkedin.com\/company\/canadamotorjobs"]},{"@type":"Person","@id":"https:\/\/news.canadamotorjobs.com\/#\/schema\/person\/51793d1f87d44011d7bcc2ed99269a90","name":"Benoit Charette","image":{"@type":"ImageObject","inLanguage":"fr-CA","@id":"https:\/\/news.canadamotorjobs.com\/#\/schema\/person\/image\/","url":"https:\/\/secure.gravatar.com\/avatar\/45f3d2eebcccd909668d7ce7ea7267b6?s=96&d=mm&r=g","contentUrl":"https:\/\/secure.gravatar.com\/avatar\/45f3d2eebcccd909668d7ce7ea7267b6?s=96&d=mm&r=g","caption":"Benoit Charette"},"description":"Benoit Charette \/ Propri\u00e9taire et r\u00e9dacteur en chef Benoit Charette pratique le journalisme automobile depuis bient\u00f4t 30 ans. Il a fait ses classes au c\u00f4t\u00e9 de Daniel H\u00e9raud et au Carnet de route de 1992 \u00e0 2001. Il est fondateur, copropri\u00e9taire et r\u00e9dacteur en chef de L\u2019Annuel de l\u2019automobile, qu\u2019il publie depuis 2001. Il a anim\u00e9 les \u00e9missions RPM et RPM+ sur V et les L\u00e9gendes de la route sur Historia. \u00c0 la radio depuis 1986, il reprend l\u2019antenne cette ann\u00e9e sur les ondes de Cogeco et participe pour la deuxi\u00e8me ann\u00e9e \u00e0 l\u2019\u00e9mission Passion Auto sur RDS en plus de mettre en ligne le site Web officiel de L\u2019Annuel de l\u2019automobile sur annuelauto.ca.","sameAs":["https:\/\/annuelauto.ca\/"],"url":"https:\/\/news.canadamotorjobs.com\/fr\/author\/benoit-charette\/"}]}},"_links":{"self":[{"href":"https:\/\/news.canadamotorjobs.com\/fr\/wp-json\/wp\/v2\/posts\/169567"}],"collection":[{"href":"https:\/\/news.canadamotorjobs.com\/fr\/wp-json\/wp\/v2\/posts"}],"about":[{"href":"https:\/\/news.canadamotorjobs.com\/fr\/wp-json\/wp\/v2\/types\/post"}],"author":[{"embeddable":true,"href":"https:\/\/news.canadamotorjobs.com\/fr\/wp-json\/wp\/v2\/users\/8"}],"replies":[{"embeddable":true,"href":"https:\/\/news.canadamotorjobs.com\/fr\/wp-json\/wp\/v2\/comments?post=169567"}],"version-history":[{"count":2,"href":"https:\/\/news.canadamotorjobs.com\/fr\/wp-json\/wp\/v2\/posts\/169567\/revisions"}],"predecessor-version":[{"id":169571,"href":"https:\/\/news.canadamotorjobs.com\/fr\/wp-json\/wp\/v2\/posts\/169567\/revisions\/169571"}],"wp:featuredmedia":[{"embeddable":true,"href":"https:\/\/news.canadamotorjobs.com\/fr\/wp-json\/wp\/v2\/media\/169569"}],"wp:attachment":[{"href":"https:\/\/news.canadamotorjobs.com\/fr\/wp-json\/wp\/v2\/media?parent=169567"}],"wp:term":[{"taxonomy":"category","embeddable":true,"href":"https:\/\/news.canadamotorjobs.com\/fr\/wp-json\/wp\/v2\/categories?post=169567"},{"taxonomy":"post_tag","embeddable":true,"href":"https:\/\/news.canadamotorjobs.com\/fr\/wp-json\/wp\/v2\/tags?post=169567"}],"curies":[{"name":"wp","href":"https:\/\/api.w.org\/{rel}","templated":true}]}}