{"id":169548,"date":"2024-07-25T07:17:06","date_gmt":"2024-07-25T11:17:06","guid":{"rendered":"https:\/\/news.canadamotorjobs.com\/?p=169548"},"modified":"2024-07-25T07:33:41","modified_gmt":"2024-07-25T11:33:41","slug":"bmw-rappelle-pres-de-300000-x3-decollement-de-rail-de-chargement","status":"publish","type":"post","link":"https:\/\/news.canadamotorjobs.com\/fr\/bmw-rappelle-pres-de-300000-x3-decollement-de-rail-de-chargement\/","title":{"rendered":"BMW Rappelle Pr\u00e8s de 300,000 X3 d\u00e9collement de Rail de Chargement"},"content":{"rendered":"<\/p>\n<p>BMW a \u00e9mis un rappel pour pr\u00e8s de 300 000 mod\u00e8les BMW X3 des ann\u00e9es 2018 \u00e0 2023. Il y a un risque que le rail de chargement se d\u00e9tache en cas de collision arri\u00e8re, augmentant le risque de blessure pour les occupants. BMW remplacera gratuitement les boulons de fixation du rail de chargement arri\u00e8re.<\/p>\n<h3><strong>Une S\u00e9rie de Rappels pour BMW<\/strong><\/h3>\n<p>\nLes derni\u00e8res semaines n&#8217;ont pas \u00e9t\u00e9 faciles pour BMW. Apr\u00e8s avoir rappel\u00e9 pr\u00e8s de 400 000 mod\u00e8les de la s\u00e9rie 3 pour des probl\u00e8mes li\u00e9s aux airbags, la marque allemande a d\u00fb rappeler 1 145 voitures suppl\u00e9mentaires pour le m\u00eame probl\u00e8me. Maintenant, c&#8217;est au tour des X3 des ann\u00e9es 2018 \u00e0 2023. Un total de 292 112 exemplaires ont \u00e9t\u00e9 rappel\u00e9s en raison d&#8217;un rail de chargement int\u00e9rieur qui peut \u00eatre endommag\u00e9 lors d&#8217;une collision arri\u00e8re, entra\u00eenant son d\u00e9collement.<\/p>\n<p>Cela peut sembler un probl\u00e8me mineur, mais en cas d&#8217;accident, le rail de chargement peut heurter les occupants, augmentant le risque de blessure, en particulier pour ceux assis \u00e0 la deuxi\u00e8me rang\u00e9e. Le X3 est un SUV familial populaire, souvent utilis\u00e9 pour transporter des enfants, donc ce rappel ne doit pas \u00eatre pris \u00e0 la l\u00e9g\u00e8re.<\/p>\n<h3><strong>Les Origines du Rappel<\/strong><\/h3>\n<p>\nBMW a d\u00e9couvert le d\u00e9faut lorsqu&#8217;un X3 de 2022 a \u00e9t\u00e9 impliqu\u00e9 dans une collision arri\u00e8re &#8220;extr\u00eame&#8221;. Le propri\u00e9taire a engag\u00e9 un avocat, ce qui a emp\u00each\u00e9 BMW d&#8217;obtenir des informations sur l&#8217;accident. Ce n&#8217;est qu&#8217;en mars 2024 que BMW a pu inspecter le v\u00e9hicule, apr\u00e8s avoir \u00e9t\u00e9 l\u00e9galement servi. En cons\u00e9quence, BMW a d\u00e9cid\u00e9 &#8220;par pr\u00e9caution&#8221; de lancer un rappel de s\u00e9curit\u00e9 volontaire. Bien que 292 112 v\u00e9hicules soient concern\u00e9s par le rappel, BMW estime que seulement 1% des X3 sont affect\u00e9s. Les propri\u00e9taires sont encourag\u00e9s \u00e0 amener leurs v\u00e9hicules dans un concessionnaire BMW pour une inspection, o\u00f9 les boulons de fixation du rail de chargement arri\u00e8re seront remplac\u00e9s gratuitement.<\/p>\n<p>Liste des mod\u00e8les affect\u00e9s<\/p>\n<ul><\/p>\n<li>BMW X3 sDrive30i 2018-2023<\/li>\n<p><\/p>\n<li>BMW X3 xDrive30i 2018-2023<\/li>\n<p><\/p>\n<li>BMW X3 M40i 2018-2023<\/li>\n<p><\/p>\n<li>BMW X3 M 2018-2023<\/li>\n<p>\n<\/ul>\n<p>\nAvec des renseignements de Carbuzz<\/p>\n<p>Le texte <a rel=\"nofollow\" href=\"https:\/\/annuelauto.ca\/bmw-rappelle-pres-de-300000-x3-decollement-de-rail-de-chargement\/\">BMW Rappelle Pr\u00e8s de 300,000 X3 d\u00e9collement de Rail de Chargement<\/a> provient de <a rel=\"nofollow\" href=\"https:\/\/annuelauto.ca\">L&#8217;annuel de l&#8217;automobile &#8211; Actualit\u00e9 automobile<\/a><\/p>\n<p><\/p>\n","protected":false},"excerpt":{"rendered":"<p>BMW a \u00e9mis un rappel pour pr\u00e8s de 300 000 mod\u00e8les BMW X3 des ann\u00e9es 2018 \u00e0 2023. Il y a un risque que le rail de chargement se d\u00e9tache en cas de collision arri\u00e8re, augmentant le risque de blessure pour les occupants. BMW remplacera gratuitement les boulons de fixation du rail de chargement arri\u00e8re. [&hellip;]<\/p>\n","protected":false},"author":8,"featured_media":169550,"comment_status":"close","ping_status":"closed","sticky":false,"template":"","format":"standard","meta":{"_monsterinsights_skip_tracking":false,"_monsterinsights_sitenote_active":false,"_monsterinsights_sitenote_note":"","_monsterinsights_sitenote_category":0,"footnotes":""},"categories":[101],"tags":[],"yoast_head":"<!-- This site is optimized with the Yoast SEO plugin v23.2 - https:\/\/yoast.com\/wordpress\/plugins\/seo\/ -->\n<title>BMW Rappelle Pr\u00e8s de 300,000 X3 d\u00e9collement de Rail de Chargement - CanadaMotorJobs.com<\/title>\n<meta name=\"description\" content=\"BMW Rappelle Pr\u00e8s de 300,000 X3 d\u00e9collement de Rail de Chargement - Benoit Charette - Annuel automobile - CanadaMotorJobs.com.\" \/>\n<meta name=\"robots\" content=\"index, follow, max-snippet:-1, max-image-preview:large, max-video-preview:-1\" \/>\n<meta property=\"og:locale\" content=\"fr_CA\" \/>\n<meta property=\"og:type\" content=\"article\" \/>\n<meta property=\"og:title\" content=\"BMW Rappelle Pr\u00e8s de 300,000 X3 d\u00e9collement de Rail de Chargement - CanadaMotorJobs.com\" \/>\n<meta property=\"og:description\" content=\"BMW Rappelle Pr\u00e8s de 300,000 X3 d\u00e9collement de Rail de Chargement - Benoit Charette - Annuel automobile - CanadaMotorJobs.com.\" \/>\n<meta property=\"og:url\" content=\"https:\/\/news.canadamotorjobs.com\/fr\/bmw-rappelle-pres-de-300000-x3-decollement-de-rail-de-chargement\/\" \/>\n<meta property=\"og:site_name\" content=\"CanadaMotorJobs.com\" \/>\n<meta property=\"article:publisher\" content=\"https:\/\/www.facebook.com\/canadamotorjobs\/\" \/>\n<meta property=\"article:published_time\" content=\"2024-07-25T11:17:06+00:00\" \/>\n<meta property=\"article:modified_time\" content=\"2024-07-25T11:33:41+00:00\" \/>\n<meta property=\"og:image\" content=\"https:\/\/news.canadamotorjobs.com\/wp-content\/uploads\/2024\/07\/P90423878_highRes_the-new-bmw-x3-m-com-1024x683-1.jpg\" \/>\n\t<meta property=\"og:image:width\" content=\"1024\" \/>\n\t<meta property=\"og:image:height\" content=\"683\" \/>\n\t<meta property=\"og:image:type\" content=\"image\/jpeg\" \/>\n<meta name=\"author\" content=\"Benoit Charette\" \/>\n<meta name=\"twitter:card\" content=\"summary_large_image\" \/>\n<meta name=\"twitter:creator\" content=\"@canadamotorjobs\" \/>\n<meta name=\"twitter:site\" content=\"@canadamotorjobs\" \/>\n<meta name=\"twitter:label1\" content=\"\u00c9crit par\" \/>\n\t<meta name=\"twitter:data1\" content=\"Benoit Charette\" \/>\n\t<meta name=\"twitter:label2\" content=\"Estimation du temps de lecture\" \/>\n\t<meta name=\"twitter:data2\" content=\"2 minutes\" \/>\n<!-- \/ Yoast SEO plugin. -->","yoast_head_json":{"title":"BMW Rappelle Pr\u00e8s de 300,000 X3 d\u00e9collement de Rail de Chargement - CanadaMotorJobs.com","description":"BMW Rappelle Pr\u00e8s de 300,000 X3 d\u00e9collement de Rail de Chargement - Benoit Charette - Annuel automobile - CanadaMotorJobs.com.","robots":{"index":"index","follow":"follow","max-snippet":"max-snippet:-1","max-image-preview":"max-image-preview:large","max-video-preview":"max-video-preview:-1"},"og_locale":"fr_CA","og_type":"article","og_title":"BMW Rappelle Pr\u00e8s de 300,000 X3 d\u00e9collement de Rail de Chargement - CanadaMotorJobs.com","og_description":"BMW Rappelle Pr\u00e8s de 300,000 X3 d\u00e9collement de Rail de Chargement - Benoit Charette - Annuel automobile - CanadaMotorJobs.com.","og_url":"https:\/\/news.canadamotorjobs.com\/fr\/bmw-rappelle-pres-de-300000-x3-decollement-de-rail-de-chargement\/","og_site_name":"CanadaMotorJobs.com","article_publisher":"https:\/\/www.facebook.com\/canadamotorjobs\/","article_published_time":"2024-07-25T11:17:06+00:00","article_modified_time":"2024-07-25T11:33:41+00:00","og_image":[{"width":1024,"height":683,"url":"https:\/\/news.canadamotorjobs.com\/wp-content\/uploads\/2024\/07\/P90423878_highRes_the-new-bmw-x3-m-com-1024x683-1.jpg","type":"image\/jpeg"}],"author":"Benoit Charette","twitter_card":"summary_large_image","twitter_creator":"@canadamotorjobs","twitter_site":"@canadamotorjobs","twitter_misc":{"\u00c9crit par":"Benoit Charette","Estimation du temps de lecture":"2 minutes"},"schema":{"@context":"https:\/\/schema.org","@graph":[{"@type":"Article","@id":"https:\/\/news.canadamotorjobs.com\/fr\/bmw-rappelle-pres-de-300000-x3-decollement-de-rail-de-chargement\/#article","isPartOf":{"@id":"https:\/\/news.canadamotorjobs.com\/fr\/bmw-rappelle-pres-de-300000-x3-decollement-de-rail-de-chargement\/"},"author":{"name":"Benoit Charette","@id":"https:\/\/news.canadamotorjobs.com\/#\/schema\/person\/51793d1f87d44011d7bcc2ed99269a90"},"headline":"BMW Rappelle Pr\u00e8s de 300,000 X3 d\u00e9collement de Rail de Chargement","datePublished":"2024-07-25T11:17:06+00:00","dateModified":"2024-07-25T11:33:41+00:00","mainEntityOfPage":{"@id":"https:\/\/news.canadamotorjobs.com\/fr\/bmw-rappelle-pres-de-300000-x3-decollement-de-rail-de-chargement\/"},"wordCount":412,"publisher":{"@id":"https:\/\/news.canadamotorjobs.com\/#organization"},"image":{"@id":"https:\/\/news.canadamotorjobs.com\/fr\/bmw-rappelle-pres-de-300000-x3-decollement-de-rail-de-chargement\/#primaryimage"},"thumbnailUrl":"https:\/\/news.canadamotorjobs.com\/wp-content\/uploads\/2024\/07\/P90423878_highRes_the-new-bmw-x3-m-com-1024x683-1.jpg","articleSection":["Annuel automobile"],"inLanguage":"fr-CA"},{"@type":"WebPage","@id":"https:\/\/news.canadamotorjobs.com\/fr\/bmw-rappelle-pres-de-300000-x3-decollement-de-rail-de-chargement\/","url":"https:\/\/news.canadamotorjobs.com\/fr\/bmw-rappelle-pres-de-300000-x3-decollement-de-rail-de-chargement\/","name":"BMW Rappelle Pr\u00e8s de 300,000 X3 d\u00e9collement de Rail de Chargement - CanadaMotorJobs.com","isPartOf":{"@id":"https:\/\/news.canadamotorjobs.com\/#website"},"primaryImageOfPage":{"@id":"https:\/\/news.canadamotorjobs.com\/fr\/bmw-rappelle-pres-de-300000-x3-decollement-de-rail-de-chargement\/#primaryimage"},"image":{"@id":"https:\/\/news.canadamotorjobs.com\/fr\/bmw-rappelle-pres-de-300000-x3-decollement-de-rail-de-chargement\/#primaryimage"},"thumbnailUrl":"https:\/\/news.canadamotorjobs.com\/wp-content\/uploads\/2024\/07\/P90423878_highRes_the-new-bmw-x3-m-com-1024x683-1.jpg","datePublished":"2024-07-25T11:17:06+00:00","dateModified":"2024-07-25T11:33:41+00:00","description":"BMW Rappelle Pr\u00e8s de 300,000 X3 d\u00e9collement de Rail de Chargement - Benoit Charette - Annuel automobile - CanadaMotorJobs.com.","breadcrumb":{"@id":"https:\/\/news.canadamotorjobs.com\/fr\/bmw-rappelle-pres-de-300000-x3-decollement-de-rail-de-chargement\/#breadcrumb"},"inLanguage":"fr-CA","potentialAction":[{"@type":"ReadAction","target":["https:\/\/news.canadamotorjobs.com\/fr\/bmw-rappelle-pres-de-300000-x3-decollement-de-rail-de-chargement\/"]}]},{"@type":"ImageObject","inLanguage":"fr-CA","@id":"https:\/\/news.canadamotorjobs.com\/fr\/bmw-rappelle-pres-de-300000-x3-decollement-de-rail-de-chargement\/#primaryimage","url":"https:\/\/news.canadamotorjobs.com\/wp-content\/uploads\/2024\/07\/P90423878_highRes_the-new-bmw-x3-m-com-1024x683-1.jpg","contentUrl":"https:\/\/news.canadamotorjobs.com\/wp-content\/uploads\/2024\/07\/P90423878_highRes_the-new-bmw-x3-m-com-1024x683-1.jpg","width":1024,"height":683},{"@type":"BreadcrumbList","@id":"https:\/\/news.canadamotorjobs.com\/fr\/bmw-rappelle-pres-de-300000-x3-decollement-de-rail-de-chargement\/#breadcrumb","itemListElement":[{"@type":"ListItem","position":1,"name":"Home","item":"https:\/\/news.canadamotorjobs.com\/fr\/blog\/"},{"@type":"ListItem","position":2,"name":"BMW Rappelle Pr\u00e8s de 300,000 X3 d\u00e9collement de Rail de Chargement"}]},{"@type":"WebSite","@id":"https:\/\/news.canadamotorjobs.com\/#website","url":"https:\/\/news.canadamotorjobs.com\/","name":"CanadaMotorJobs.com","description":"Automotive Jobs","publisher":{"@id":"https:\/\/news.canadamotorjobs.com\/#organization"},"potentialAction":[{"@type":"SearchAction","target":{"@type":"EntryPoint","urlTemplate":"https:\/\/news.canadamotorjobs.com\/?s={search_term_string}"},"query-input":"required name=search_term_string"}],"inLanguage":"fr-CA"},{"@type":"Organization","@id":"https:\/\/news.canadamotorjobs.com\/#organization","name":"Canada Motor Jobs","url":"https:\/\/news.canadamotorjobs.com\/","logo":{"@type":"ImageObject","inLanguage":"fr-CA","@id":"https:\/\/news.canadamotorjobs.com\/#\/schema\/logo\/image\/","url":"https:\/\/news.canadamotorjobs.com\/wp-content\/uploads\/2022\/10\/logo-canada-motor-jobs-1.png","contentUrl":"https:\/\/news.canadamotorjobs.com\/wp-content\/uploads\/2022\/10\/logo-canada-motor-jobs-1.png","width":800,"height":400,"caption":"Canada Motor Jobs"},"image":{"@id":"https:\/\/news.canadamotorjobs.com\/#\/schema\/logo\/image\/"},"sameAs":["https:\/\/www.facebook.com\/canadamotorjobs\/","https:\/\/x.com\/canadamotorjobs","https:\/\/www.instagram.com\/canadamotorjobs\/","https:\/\/www.linkedin.com\/company\/canadamotorjobs"]},{"@type":"Person","@id":"https:\/\/news.canadamotorjobs.com\/#\/schema\/person\/51793d1f87d44011d7bcc2ed99269a90","name":"Benoit Charette","image":{"@type":"ImageObject","inLanguage":"fr-CA","@id":"https:\/\/news.canadamotorjobs.com\/#\/schema\/person\/image\/","url":"https:\/\/secure.gravatar.com\/avatar\/45f3d2eebcccd909668d7ce7ea7267b6?s=96&d=mm&r=g","contentUrl":"https:\/\/secure.gravatar.com\/avatar\/45f3d2eebcccd909668d7ce7ea7267b6?s=96&d=mm&r=g","caption":"Benoit Charette"},"description":"Benoit Charette \/ Propri\u00e9taire et r\u00e9dacteur en chef Benoit Charette pratique le journalisme automobile depuis bient\u00f4t 30 ans. Il a fait ses classes au c\u00f4t\u00e9 de Daniel H\u00e9raud et au Carnet de route de 1992 \u00e0 2001. Il est fondateur, copropri\u00e9taire et r\u00e9dacteur en chef de L\u2019Annuel de l\u2019automobile, qu\u2019il publie depuis 2001. Il a anim\u00e9 les \u00e9missions RPM et RPM+ sur V et les L\u00e9gendes de la route sur Historia. \u00c0 la radio depuis 1986, il reprend l\u2019antenne cette ann\u00e9e sur les ondes de Cogeco et participe pour la deuxi\u00e8me ann\u00e9e \u00e0 l\u2019\u00e9mission Passion Auto sur RDS en plus de mettre en ligne le site Web officiel de L\u2019Annuel de l\u2019automobile sur annuelauto.ca.","sameAs":["https:\/\/annuelauto.ca\/"],"url":"https:\/\/news.canadamotorjobs.com\/fr\/author\/benoit-charette\/"}]}},"_links":{"self":[{"href":"https:\/\/news.canadamotorjobs.com\/fr\/wp-json\/wp\/v2\/posts\/169548"}],"collection":[{"href":"https:\/\/news.canadamotorjobs.com\/fr\/wp-json\/wp\/v2\/posts"}],"about":[{"href":"https:\/\/news.canadamotorjobs.com\/fr\/wp-json\/wp\/v2\/types\/post"}],"author":[{"embeddable":true,"href":"https:\/\/news.canadamotorjobs.com\/fr\/wp-json\/wp\/v2\/users\/8"}],"replies":[{"embeddable":true,"href":"https:\/\/news.canadamotorjobs.com\/fr\/wp-json\/wp\/v2\/comments?post=169548"}],"version-history":[{"count":2,"href":"https:\/\/news.canadamotorjobs.com\/fr\/wp-json\/wp\/v2\/posts\/169548\/revisions"}],"predecessor-version":[{"id":169552,"href":"https:\/\/news.canadamotorjobs.com\/fr\/wp-json\/wp\/v2\/posts\/169548\/revisions\/169552"}],"wp:featuredmedia":[{"embeddable":true,"href":"https:\/\/news.canadamotorjobs.com\/fr\/wp-json\/wp\/v2\/media\/169550"}],"wp:attachment":[{"href":"https:\/\/news.canadamotorjobs.com\/fr\/wp-json\/wp\/v2\/media?parent=169548"}],"wp:term":[{"taxonomy":"category","embeddable":true,"href":"https:\/\/news.canadamotorjobs.com\/fr\/wp-json\/wp\/v2\/categories?post=169548"},{"taxonomy":"post_tag","embeddable":true,"href":"https:\/\/news.canadamotorjobs.com\/fr\/wp-json\/wp\/v2\/tags?post=169548"}],"curies":[{"name":"wp","href":"https:\/\/api.w.org\/{rel}","templated":true}]}}