{"id":169529,"date":"2024-07-24T18:26:29","date_gmt":"2024-07-24T22:26:29","guid":{"rendered":"https:\/\/news.canadamotorjobs.com\/?p=169529"},"modified":"2024-07-24T18:29:59","modified_gmt":"2024-07-24T22:29:59","slug":"amg-prevoit-produire-ses-moteurs-v8-plus-longtemps","status":"publish","type":"post","link":"https:\/\/news.canadamotorjobs.com\/fr\/amg-prevoit-produire-ses-moteurs-v8-plus-longtemps\/","title":{"rendered":"AMG pr\u00e9voit produire ses moteurs V8 plus longtemps"},"content":{"rendered":"<\/p>\n<p>L\u2019\u00e9lectrification n\u2019a pas fait beaucoup d\u2019adeptes chez Mercedes et le 4 cylindres d\u2019AMG non plus. L&#8217;\u00e9lectrification compl\u00e8te pour AMG est in\u00e9vitable, avec des plans pour des hybrides et des moteurs \u00e0 combustion interne (ICE) jusqu&#8217;en 2035. Avec la demande pour les v\u00e9hicules \u00e9lectriques en baisse, de nombreux constructeurs ont chang\u00e9 leurs plans d&#8217;\u00e9lectrification, et Mercedes-Benz a d\u00e9cid\u00e9 d&#8217;investir des milliards dans la technologie de combustion de pointe. Cela fait suite \u00e0 une annonce ant\u00e9rieure, o\u00f9 le g\u00e9ant allemand a d\u00e9clar\u00e9 qu&#8217;il r\u00e9viserait sa strat\u00e9gie EV pour se concentrer sur les hybrides et les PHEV.<\/p>\n<h3>Qu&#8217;est-ce que cela signifie pour les moteurs V8 tonitruants d&#8217;AMG ?<\/h3>\n<p>\nDans une interview avec le site anglais Autocar, le PDG d&#8217;AMG, Michael Schiebe, a d\u00e9clar\u00e9 qu&#8217;il n&#8217;y a pas de date officielle pour l&#8217;arr\u00eat de la technologie thermique dans les mod\u00e8les AMG haute performance. Notre objectif principal est de satisfaire les besoins des clients. Nous voyons encore qu&#8217;il y a beaucoup de clients qui aiment nos moteurs V8 et nos moteurs quatre cylindres haute performance. Nous ne fixons pas de date de fin, mais je suis convaincu qu&#8217;AMG deviendra une entreprise enti\u00e8rement \u00e9lectrique.&#8221; &#8211; Michael Schiebe, PDG de Mercedes-AMG<\/p>\n<h3>Les clients devront s&#8217;adapter \u00e0 l&#8217;\u00e9lectrification<\/h3>\n<p>\nR\u00e9put\u00e9e dans le monde entier pour ses moteurs V8 bruyants, AMG se pr\u00e9pare lentement (ainsi que ses clients) \u00e0 l&#8217;\u00e9lectrification. Le nouveau quatre cylindres \u00e9lectrifi\u00e9, trouv\u00e9 dans la C63 S E Performance, est extr\u00eamement puissant et offre des performances rivalisant avec celles du V8. Cependant, il n&#8217;est pas exactement appr\u00e9ci\u00e9 des fans inconditionnels d&#8217;AMG. Concernant cela, Schiebe a d\u00e9clar\u00e9 :<\/p>\n<p>&#8220;Pour certains clients, il leur faut du temps pour vraiment \u00eatre enthousiasm\u00e9s par la technologie&#8221;, mais a not\u00e9 que le quatre cylindres a \u00e9galement attir\u00e9 de nouveaux clients vers la marque. &#8220;Chez AMG, nous sommes une marque technologique, et nous ne voulons pas dire que c&#8217;est seulement le V8 et que nous ferons cela pour toujours&#8221;, a-t-il ajout\u00e9. AMG a d\u00e9j\u00e0 introduit des mod\u00e8les enti\u00e8rement \u00e9lectriques, bas\u00e9s sur les lignes EQE et EQS. Cependant, ce n&#8217;est que le d\u00e9but.<\/p>\n<h3>AMG deviendra enti\u00e8rement \u00e9lectrique un jour, mais ce n&#8217;est pas pour maintenant<\/h3>\n<p>\nEn 2022, la marque de luxe a r\u00e9v\u00e9l\u00e9 la saisissante Mercedes Vision AMG, qui sert de pr\u00e9visualisation de l&#8217;avenir d&#8217;AMG. Bas\u00e9e sur l&#8217;architecture AMG.EA, la voiture \u00e9lectrique sera anim\u00e9e par un moteur \u00e0 flux axial plus puissant et compact que les moteurs \u00e9lectriques actuels. Beaucoup d&#8217;amateurs de voitures per\u00e7oivent les VE (m\u00eame les voitures de performance) comme \u00e9tant sans \u00e2me par rapport \u00e0 leurs homologues \u00e0 moteur ICE, mais le PDG d&#8217;AMG esp\u00e8re renverser cette tendance.<\/p>\n<h3>Le nouveau CLE 63 pourrait finalement avoir un V8<\/h3>\n<p>\nQuoi qu&#8217;il en soit, la direction est claire : AMG deviendra finalement une entreprise enti\u00e8rement \u00e9lectrique, bien qu&#8217;il n&#8217;y ait pas de date de fin pour cela, a d\u00e9clar\u00e9 le PDG. Interrog\u00e9 sur la future CLE 63 AMG, Schiebe n&#8217;a pas donn\u00e9 beaucoup de d\u00e9tails, mais a d\u00e9clar\u00e9 que la branche performance &#8220;a pris la bonne d\u00e9cision&#8221; et a not\u00e9 que les clients &#8220;seront enthousiastes une fois que nous arriverons sur le march\u00e9.&#8221; Des rapports ant\u00e9rieurs ont sugg\u00e9r\u00e9 que la r\u00e9ponse mitig\u00e9e au quatre cylindres de la C63 a pouss\u00e9 Mercedes-AMG \u00e0 \u00e9quiper le CLE d&#8217;un V8, ce que la plupart des clients veulent.<\/p>\n<p>Avec des renseignements de Carbuzz<\/p>\n<p>Le texte <a rel=\"nofollow\" href=\"https:\/\/annuelauto.ca\/amg-prevoit-produire-ses-moteurs-v8-plus-longtemps\/\">AMG pr\u00e9voit produire ses moteurs V8 plus longtemps<\/a> provient de <a rel=\"nofollow\" href=\"https:\/\/annuelauto.ca\">L&#8217;annuel de l&#8217;automobile &#8211; Actualit\u00e9 automobile<\/a><\/p>\n<p><\/p>\n","protected":false},"excerpt":{"rendered":"<p>L\u2019\u00e9lectrification n\u2019a pas fait beaucoup d\u2019adeptes chez Mercedes et le 4 cylindres d\u2019AMG non plus. L&#8217;\u00e9lectrification compl\u00e8te pour AMG est in\u00e9vitable, avec des plans pour des hybrides et des moteurs \u00e0 combustion interne (ICE) jusqu&#8217;en 2035. Avec la demande pour les v\u00e9hicules \u00e9lectriques en baisse, de nombreux constructeurs ont chang\u00e9 leurs plans d&#8217;\u00e9lectrification, et Mercedes-Benz [&hellip;]<\/p>\n","protected":false},"author":8,"featured_media":169531,"comment_status":"close","ping_status":"closed","sticky":false,"template":"","format":"standard","meta":{"_monsterinsights_skip_tracking":false,"_monsterinsights_sitenote_active":false,"_monsterinsights_sitenote_note":"","_monsterinsights_sitenote_category":0,"footnotes":""},"categories":[101],"tags":[],"yoast_head":"<!-- This site is optimized with the Yoast SEO plugin v23.2 - https:\/\/yoast.com\/wordpress\/plugins\/seo\/ -->\n<title>AMG pr\u00e9voit produire ses moteurs V8 plus longtemps - CanadaMotorJobs.com<\/title>\n<meta name=\"description\" content=\"AMG pr\u00e9voit produire ses moteurs V8 plus longtemps - Benoit Charette - Annuel automobile - CanadaMotorJobs.com.\" \/>\n<meta name=\"robots\" content=\"index, follow, max-snippet:-1, max-image-preview:large, max-video-preview:-1\" \/>\n<meta property=\"og:locale\" content=\"fr_CA\" \/>\n<meta property=\"og:type\" content=\"article\" \/>\n<meta property=\"og:title\" content=\"AMG pr\u00e9voit produire ses moteurs V8 plus longtemps - CanadaMotorJobs.com\" \/>\n<meta property=\"og:description\" content=\"AMG pr\u00e9voit produire ses moteurs V8 plus longtemps - Benoit Charette - Annuel automobile - CanadaMotorJobs.com.\" \/>\n<meta property=\"og:url\" content=\"https:\/\/news.canadamotorjobs.com\/fr\/amg-prevoit-produire-ses-moteurs-v8-plus-longtemps\/\" \/>\n<meta property=\"og:site_name\" content=\"CanadaMotorJobs.com\" \/>\n<meta property=\"article:publisher\" content=\"https:\/\/www.facebook.com\/canadamotorjobs\/\" \/>\n<meta property=\"article:published_time\" content=\"2024-07-24T22:26:29+00:00\" \/>\n<meta property=\"article:modified_time\" content=\"2024-07-24T22:29:59+00:00\" \/>\n<meta property=\"og:image\" content=\"https:\/\/news.canadamotorjobs.com\/wp-content\/uploads\/2024\/07\/premedia_24c0120_004-1024x683-1.jpg\" \/>\n\t<meta property=\"og:image:width\" content=\"1024\" \/>\n\t<meta property=\"og:image:height\" content=\"683\" \/>\n\t<meta property=\"og:image:type\" content=\"image\/jpeg\" \/>\n<meta name=\"author\" content=\"Benoit Charette\" \/>\n<meta name=\"twitter:card\" content=\"summary_large_image\" \/>\n<meta name=\"twitter:creator\" content=\"@canadamotorjobs\" \/>\n<meta name=\"twitter:site\" content=\"@canadamotorjobs\" \/>\n<meta name=\"twitter:label1\" content=\"\u00c9crit par\" \/>\n\t<meta name=\"twitter:data1\" content=\"Benoit Charette\" \/>\n\t<meta name=\"twitter:label2\" content=\"Estimation du temps de lecture\" \/>\n\t<meta name=\"twitter:data2\" content=\"3 minutes\" \/>\n<!-- \/ Yoast SEO plugin. -->","yoast_head_json":{"title":"AMG pr\u00e9voit produire ses moteurs V8 plus longtemps - CanadaMotorJobs.com","description":"AMG pr\u00e9voit produire ses moteurs V8 plus longtemps - Benoit Charette - Annuel automobile - CanadaMotorJobs.com.","robots":{"index":"index","follow":"follow","max-snippet":"max-snippet:-1","max-image-preview":"max-image-preview:large","max-video-preview":"max-video-preview:-1"},"og_locale":"fr_CA","og_type":"article","og_title":"AMG pr\u00e9voit produire ses moteurs V8 plus longtemps - CanadaMotorJobs.com","og_description":"AMG pr\u00e9voit produire ses moteurs V8 plus longtemps - Benoit Charette - Annuel automobile - CanadaMotorJobs.com.","og_url":"https:\/\/news.canadamotorjobs.com\/fr\/amg-prevoit-produire-ses-moteurs-v8-plus-longtemps\/","og_site_name":"CanadaMotorJobs.com","article_publisher":"https:\/\/www.facebook.com\/canadamotorjobs\/","article_published_time":"2024-07-24T22:26:29+00:00","article_modified_time":"2024-07-24T22:29:59+00:00","og_image":[{"width":1024,"height":683,"url":"https:\/\/news.canadamotorjobs.com\/wp-content\/uploads\/2024\/07\/premedia_24c0120_004-1024x683-1.jpg","type":"image\/jpeg"}],"author":"Benoit Charette","twitter_card":"summary_large_image","twitter_creator":"@canadamotorjobs","twitter_site":"@canadamotorjobs","twitter_misc":{"\u00c9crit par":"Benoit Charette","Estimation du temps de lecture":"3 minutes"},"schema":{"@context":"https:\/\/schema.org","@graph":[{"@type":"Article","@id":"https:\/\/news.canadamotorjobs.com\/fr\/amg-prevoit-produire-ses-moteurs-v8-plus-longtemps\/#article","isPartOf":{"@id":"https:\/\/news.canadamotorjobs.com\/fr\/amg-prevoit-produire-ses-moteurs-v8-plus-longtemps\/"},"author":{"name":"Benoit Charette","@id":"https:\/\/news.canadamotorjobs.com\/#\/schema\/person\/51793d1f87d44011d7bcc2ed99269a90"},"headline":"AMG pr\u00e9voit produire ses moteurs V8 plus longtemps","datePublished":"2024-07-24T22:26:29+00:00","dateModified":"2024-07-24T22:29:59+00:00","mainEntityOfPage":{"@id":"https:\/\/news.canadamotorjobs.com\/fr\/amg-prevoit-produire-ses-moteurs-v8-plus-longtemps\/"},"wordCount":637,"publisher":{"@id":"https:\/\/news.canadamotorjobs.com\/#organization"},"image":{"@id":"https:\/\/news.canadamotorjobs.com\/fr\/amg-prevoit-produire-ses-moteurs-v8-plus-longtemps\/#primaryimage"},"thumbnailUrl":"https:\/\/news.canadamotorjobs.com\/wp-content\/uploads\/2024\/07\/premedia_24c0120_004-1024x683-1.jpg","articleSection":["Annuel automobile"],"inLanguage":"fr-CA"},{"@type":"WebPage","@id":"https:\/\/news.canadamotorjobs.com\/fr\/amg-prevoit-produire-ses-moteurs-v8-plus-longtemps\/","url":"https:\/\/news.canadamotorjobs.com\/fr\/amg-prevoit-produire-ses-moteurs-v8-plus-longtemps\/","name":"AMG pr\u00e9voit produire ses moteurs V8 plus longtemps - CanadaMotorJobs.com","isPartOf":{"@id":"https:\/\/news.canadamotorjobs.com\/#website"},"primaryImageOfPage":{"@id":"https:\/\/news.canadamotorjobs.com\/fr\/amg-prevoit-produire-ses-moteurs-v8-plus-longtemps\/#primaryimage"},"image":{"@id":"https:\/\/news.canadamotorjobs.com\/fr\/amg-prevoit-produire-ses-moteurs-v8-plus-longtemps\/#primaryimage"},"thumbnailUrl":"https:\/\/news.canadamotorjobs.com\/wp-content\/uploads\/2024\/07\/premedia_24c0120_004-1024x683-1.jpg","datePublished":"2024-07-24T22:26:29+00:00","dateModified":"2024-07-24T22:29:59+00:00","description":"AMG pr\u00e9voit produire ses moteurs V8 plus longtemps - Benoit Charette - Annuel automobile - CanadaMotorJobs.com.","breadcrumb":{"@id":"https:\/\/news.canadamotorjobs.com\/fr\/amg-prevoit-produire-ses-moteurs-v8-plus-longtemps\/#breadcrumb"},"inLanguage":"fr-CA","potentialAction":[{"@type":"ReadAction","target":["https:\/\/news.canadamotorjobs.com\/fr\/amg-prevoit-produire-ses-moteurs-v8-plus-longtemps\/"]}]},{"@type":"ImageObject","inLanguage":"fr-CA","@id":"https:\/\/news.canadamotorjobs.com\/fr\/amg-prevoit-produire-ses-moteurs-v8-plus-longtemps\/#primaryimage","url":"https:\/\/news.canadamotorjobs.com\/wp-content\/uploads\/2024\/07\/premedia_24c0120_004-1024x683-1.jpg","contentUrl":"https:\/\/news.canadamotorjobs.com\/wp-content\/uploads\/2024\/07\/premedia_24c0120_004-1024x683-1.jpg","width":1024,"height":683},{"@type":"BreadcrumbList","@id":"https:\/\/news.canadamotorjobs.com\/fr\/amg-prevoit-produire-ses-moteurs-v8-plus-longtemps\/#breadcrumb","itemListElement":[{"@type":"ListItem","position":1,"name":"Home","item":"https:\/\/news.canadamotorjobs.com\/fr\/blog\/"},{"@type":"ListItem","position":2,"name":"AMG pr\u00e9voit produire ses moteurs V8 plus longtemps"}]},{"@type":"WebSite","@id":"https:\/\/news.canadamotorjobs.com\/#website","url":"https:\/\/news.canadamotorjobs.com\/","name":"CanadaMotorJobs.com","description":"Automotive Jobs","publisher":{"@id":"https:\/\/news.canadamotorjobs.com\/#organization"},"potentialAction":[{"@type":"SearchAction","target":{"@type":"EntryPoint","urlTemplate":"https:\/\/news.canadamotorjobs.com\/?s={search_term_string}"},"query-input":"required name=search_term_string"}],"inLanguage":"fr-CA"},{"@type":"Organization","@id":"https:\/\/news.canadamotorjobs.com\/#organization","name":"Canada Motor Jobs","url":"https:\/\/news.canadamotorjobs.com\/","logo":{"@type":"ImageObject","inLanguage":"fr-CA","@id":"https:\/\/news.canadamotorjobs.com\/#\/schema\/logo\/image\/","url":"https:\/\/news.canadamotorjobs.com\/wp-content\/uploads\/2022\/10\/logo-canada-motor-jobs-1.png","contentUrl":"https:\/\/news.canadamotorjobs.com\/wp-content\/uploads\/2022\/10\/logo-canada-motor-jobs-1.png","width":800,"height":400,"caption":"Canada Motor Jobs"},"image":{"@id":"https:\/\/news.canadamotorjobs.com\/#\/schema\/logo\/image\/"},"sameAs":["https:\/\/www.facebook.com\/canadamotorjobs\/","https:\/\/x.com\/canadamotorjobs","https:\/\/www.instagram.com\/canadamotorjobs\/","https:\/\/www.linkedin.com\/company\/canadamotorjobs"]},{"@type":"Person","@id":"https:\/\/news.canadamotorjobs.com\/#\/schema\/person\/51793d1f87d44011d7bcc2ed99269a90","name":"Benoit Charette","image":{"@type":"ImageObject","inLanguage":"fr-CA","@id":"https:\/\/news.canadamotorjobs.com\/#\/schema\/person\/image\/","url":"https:\/\/secure.gravatar.com\/avatar\/45f3d2eebcccd909668d7ce7ea7267b6?s=96&d=mm&r=g","contentUrl":"https:\/\/secure.gravatar.com\/avatar\/45f3d2eebcccd909668d7ce7ea7267b6?s=96&d=mm&r=g","caption":"Benoit Charette"},"description":"Benoit Charette \/ Propri\u00e9taire et r\u00e9dacteur en chef Benoit Charette pratique le journalisme automobile depuis bient\u00f4t 30 ans. Il a fait ses classes au c\u00f4t\u00e9 de Daniel H\u00e9raud et au Carnet de route de 1992 \u00e0 2001. Il est fondateur, copropri\u00e9taire et r\u00e9dacteur en chef de L\u2019Annuel de l\u2019automobile, qu\u2019il publie depuis 2001. Il a anim\u00e9 les \u00e9missions RPM et RPM+ sur V et les L\u00e9gendes de la route sur Historia. \u00c0 la radio depuis 1986, il reprend l\u2019antenne cette ann\u00e9e sur les ondes de Cogeco et participe pour la deuxi\u00e8me ann\u00e9e \u00e0 l\u2019\u00e9mission Passion Auto sur RDS en plus de mettre en ligne le site Web officiel de L\u2019Annuel de l\u2019automobile sur annuelauto.ca.","sameAs":["https:\/\/annuelauto.ca\/"],"url":"https:\/\/news.canadamotorjobs.com\/fr\/author\/benoit-charette\/"}]}},"_links":{"self":[{"href":"https:\/\/news.canadamotorjobs.com\/fr\/wp-json\/wp\/v2\/posts\/169529"}],"collection":[{"href":"https:\/\/news.canadamotorjobs.com\/fr\/wp-json\/wp\/v2\/posts"}],"about":[{"href":"https:\/\/news.canadamotorjobs.com\/fr\/wp-json\/wp\/v2\/types\/post"}],"author":[{"embeddable":true,"href":"https:\/\/news.canadamotorjobs.com\/fr\/wp-json\/wp\/v2\/users\/8"}],"replies":[{"embeddable":true,"href":"https:\/\/news.canadamotorjobs.com\/fr\/wp-json\/wp\/v2\/comments?post=169529"}],"version-history":[{"count":2,"href":"https:\/\/news.canadamotorjobs.com\/fr\/wp-json\/wp\/v2\/posts\/169529\/revisions"}],"predecessor-version":[{"id":169533,"href":"https:\/\/news.canadamotorjobs.com\/fr\/wp-json\/wp\/v2\/posts\/169529\/revisions\/169533"}],"wp:featuredmedia":[{"embeddable":true,"href":"https:\/\/news.canadamotorjobs.com\/fr\/wp-json\/wp\/v2\/media\/169531"}],"wp:attachment":[{"href":"https:\/\/news.canadamotorjobs.com\/fr\/wp-json\/wp\/v2\/media?parent=169529"}],"wp:term":[{"taxonomy":"category","embeddable":true,"href":"https:\/\/news.canadamotorjobs.com\/fr\/wp-json\/wp\/v2\/categories?post=169529"},{"taxonomy":"post_tag","embeddable":true,"href":"https:\/\/news.canadamotorjobs.com\/fr\/wp-json\/wp\/v2\/tags?post=169529"}],"curies":[{"name":"wp","href":"https:\/\/api.w.org\/{rel}","templated":true}]}}