{"id":169506,"date":"2024-07-24T07:34:41","date_gmt":"2024-07-24T11:34:41","guid":{"rendered":"https:\/\/news.canadamotorjobs.com\/?p=169506"},"modified":"2024-07-24T07:43:54","modified_gmt":"2024-07-24T11:43:54","slug":"les-reclamations-de-la-remise-federale-pour-vehicules-electrique-doublent-au-premier-semestre-de-2024","status":"publish","type":"post","link":"https:\/\/news.canadamotorjobs.com\/fr\/les-reclamations-de-la-remise-federale-pour-vehicules-electrique-doublent-au-premier-semestre-de-2024\/","title":{"rendered":"Les r\u00e9clamations de la remise f\u00e9d\u00e9rale pour v\u00e9hicules \u00e9lectrique doublent au premier semestre de 2024"},"content":{"rendered":"<\/p>\n<p>Autre pays, autres moeurs<\/p>\n<p>Alors que les \u00c9tats-Unis et l&#8217;Europe mettent un frein \u00e0 leur production de v\u00e9hicules \u00e9lectrique, les canadiens eux ont le pied au plancher. Les r\u00e9clamations pour la remise f\u00e9d\u00e9rale sur les v\u00e9hicules \u00e9lectriques ont plus que doubl\u00e9 au premier semestre de 2024, alors que les acheteurs de voitures continuent d&#8217;opter pour des v\u00e9hicules \u00e9lectriques et hybrides rechargeables, malgr\u00e9 des pr\u00e9occupations persistantes concernant les prix et les infrastructures de recharge. Chose certaine, les canadiens, en particulier le Qu\u00e9bec et la Colombie-Britannique, semblent convaincu que l&#8217;avenir est \u00e9lectrique, ce qui n&#8217;est pas le cas de nos voisins am\u00e9ricains.<\/p>\n<h3>Augmentation notable des r\u00e9clamations<\/h3>\n<p>\nLes concessionnaires \u00e0 travers le Canada ont soumis 95 775 r\u00e9clamations pour les Incitatifs pour v\u00e9hicules z\u00e9ro \u00e9mission (iVZE) au nom des acheteurs au cours des six premiers mois de l&#8217;ann\u00e9e, contre 45 669 en 2023, selon les derni\u00e8res donn\u00e9es de Transports Canada. Ces demandes de remises ont totalis\u00e9 464,5 millions de dollars de fonds f\u00e9d\u00e9raux \u00e0 mi-ann\u00e9e 2024, contre 221,6 millions de dollars en 2023.<\/p>\n<h3>R\u00e9clamations mensuelles en hausse<\/h3>\n<p>\nSur une base mensuelle, les r\u00e9clamations d&#8217;incitatifs ont totalis\u00e9 16 739 en juin, en hausse par rapport aux 11 314 du m\u00eame mois en 2023, mais en baisse par rapport aux 19 909 enregistr\u00e9es en mai dernier. Comme c&#8217;\u00e9tait le cas pour presque toute l&#8217;ann\u00e9e 2024, Tesla a domin\u00e9 le classement des constructeurs automobiles avec 3 795 demandes de remise en juin. Hyundai et Ford ont suivi avec respectivement 2 214 et 1 944 r\u00e9clamations d&#8217;incitatifs.<\/p>\n<h4>Incitatifs iVZE par marque<\/h4>\n<p><\/p>\n<table style=\"height: 483px\" width=\"446\"><\/p>\n<thead><\/p>\n<tr><\/p>\n<th>Marque<\/th>\n<p><\/p>\n<th>Juin<\/th>\n<p><\/p>\n<th>Mai<\/th>\n<p><\/p>\n<th>2024 \u00e0 ce jour<\/th>\n<p>\n<\/tr>\n<p>\n<\/thead>\n<p><\/p>\n<tbody><\/p>\n<tr><\/p>\n<td>Tesla<\/td>\n<p><\/p>\n<td>3 795<\/td>\n<p><\/p>\n<td>4 776<\/td>\n<p><\/p>\n<td>23 630<\/td>\n<p>\n<\/tr>\n<p><\/p>\n<tr><\/p>\n<td>Hyundai<\/td>\n<p><\/p>\n<td>2 214<\/td>\n<p><\/p>\n<td>2 611<\/td>\n<p><\/p>\n<td>12 450<\/td>\n<p>\n<\/tr>\n<p><\/p>\n<tr><\/p>\n<td>Ford<\/td>\n<p><\/p>\n<td>1 944<\/td>\n<p><\/p>\n<td>1 921<\/td>\n<p><\/p>\n<td>9 815<\/td>\n<p>\n<\/tr>\n<p><\/p>\n<tr><\/p>\n<td>Kia<\/td>\n<p><\/p>\n<td>1 754<\/td>\n<p><\/p>\n<td>1 989<\/td>\n<p><\/p>\n<td>8 414<\/td>\n<p>\n<\/tr>\n<p><\/p>\n<tr><\/p>\n<td>Toyota<\/td>\n<p><\/p>\n<td>1 228<\/td>\n<p><\/p>\n<td>1 446<\/td>\n<p><\/p>\n<td>9 477<\/td>\n<p>\n<\/tr>\n<p><\/p>\n<tr><\/p>\n<td>Chevrolet<\/td>\n<p><\/p>\n<td>1 189<\/td>\n<p><\/p>\n<td>972<\/td>\n<p><\/p>\n<td>4 640<\/td>\n<p>\n<\/tr>\n<p><\/p>\n<tr><\/p>\n<td>Mitsubishi<\/td>\n<p><\/p>\n<td>1 160<\/td>\n<p><\/p>\n<td>1 495<\/td>\n<p><\/p>\n<td>6 187<\/td>\n<p>\n<\/tr>\n<p><\/p>\n<tr><\/p>\n<td>Volkswagen<\/td>\n<p><\/p>\n<td>757<\/td>\n<p><\/p>\n<td>1 118<\/td>\n<p><\/p>\n<td>5 214<\/td>\n<p>\n<\/tr>\n<p><\/p>\n<tr><\/p>\n<td>Audi<\/td>\n<p><\/p>\n<td>439<\/td>\n<p><\/p>\n<td>504<\/td>\n<p><\/p>\n<td>2 061<\/td>\n<p>\n<\/tr>\n<p><\/p>\n<tr><\/p>\n<td>Mazda<\/td>\n<p><\/p>\n<td>414<\/td>\n<p><\/p>\n<td>462<\/td>\n<p><\/p>\n<td>1 890<\/td>\n<p>\n<\/tr>\n<p><\/p>\n<tr><\/p>\n<td>Nissan<\/td>\n<p><\/p>\n<td>413<\/td>\n<p><\/p>\n<td>529<\/td>\n<p><\/p>\n<td>2 388<\/td>\n<p>\n<\/tr>\n<p><\/p>\n<tr><\/p>\n<td>Volvo<\/td>\n<p><\/p>\n<td>229<\/td>\n<p><\/p>\n<td>357<\/td>\n<p><\/p>\n<td>1 829<\/td>\n<p>\n<\/tr>\n<p><\/p>\n<tr><\/p>\n<td>Polestar<\/td>\n<p><\/p>\n<td>221<\/td>\n<p><\/p>\n<td>394<\/td>\n<p><\/p>\n<td>1 208<\/td>\n<p>\n<\/tr>\n<p><\/p>\n<tr><\/p>\n<td>Jeep<\/td>\n<p><\/p>\n<td>212<\/td>\n<p><\/p>\n<td>280<\/td>\n<p><\/p>\n<td>1 554<\/td>\n<p>\n<\/tr>\n<p><\/p>\n<tr><\/p>\n<td>Vinfast<\/td>\n<p><\/p>\n<td>140<\/td>\n<p><\/p>\n<td>172<\/td>\n<p><\/p>\n<td>868<\/td>\n<p>\n<\/tr>\n<p>\n<\/tbody>\n<p>\n<\/table>\n<p><\/p>\n<h3>Domination de Tesla dans la cat\u00e9gorie des v\u00e9hicules \u00e9lectriques \u00e0 batterie<\/h3>\n<p>\nLes mod\u00e8les Tesla Y et 3 sont rest\u00e9s en t\u00eate de la cat\u00e9gorie des v\u00e9hicules \u00e9lectriques \u00e0 batterie en juin, avec respectivement 2 530 et 1 265 r\u00e9clamations. Les demandes de remise pour 811 Kona EV et 776 Ioniq 5 ont permis \u00e0 Hyundai de se hisser aux deux places suivantes. Le Ford F-150 Lightning a \u00e9galement connu un mois particuli\u00e8rement fort avec pr\u00e8s de 500 r\u00e9clamations, repr\u00e9sentant plus de la moiti\u00e9 de son total pour l&#8217;ann\u00e9e.<\/p>\n<h4>Incitatifs iVZE par VE \u00e0 batterie<\/h4>\n<p><\/p>\n<table style=\"height: 334px\" width=\"481\"><\/p>\n<thead><\/p>\n<tr><\/p>\n<th>Mod\u00e8le<\/th>\n<p><\/p>\n<th>Juin<\/th>\n<p><\/p>\n<th>Mai<\/th>\n<p><\/p>\n<th>2024 \u00e0 ce jour<\/th>\n<p>\n<\/tr>\n<p>\n<\/thead>\n<p><\/p>\n<tbody><\/p>\n<tr><\/p>\n<td>Tesla Model Y<\/td>\n<p><\/p>\n<td>2 530<\/td>\n<p><\/p>\n<td>3 223<\/td>\n<p><\/p>\n<td>16 987<\/td>\n<p>\n<\/tr>\n<p><\/p>\n<tr><\/p>\n<td>Tesla Model 3<\/td>\n<p><\/p>\n<td>1 265<\/td>\n<p><\/p>\n<td>1 553<\/td>\n<p><\/p>\n<td>6 643<\/td>\n<p>\n<\/tr>\n<p><\/p>\n<tr><\/p>\n<td>Hyundai Kona EV<\/td>\n<p><\/p>\n<td>811<\/td>\n<p><\/p>\n<td>1 056<\/td>\n<p><\/p>\n<td>4 943<\/td>\n<p>\n<\/tr>\n<p><\/p>\n<tr><\/p>\n<td>Hyundai Ioniq 5<\/td>\n<p><\/p>\n<td>776<\/td>\n<p><\/p>\n<td>943<\/td>\n<p><\/p>\n<td>4 128<\/td>\n<p>\n<\/tr>\n<p><\/p>\n<tr><\/p>\n<td>Volkswagen ID.4<\/td>\n<p><\/p>\n<td>757<\/td>\n<p><\/p>\n<td>1 118<\/td>\n<p><\/p>\n<td>5 214<\/td>\n<p>\n<\/tr>\n<p><\/p>\n<tr><\/p>\n<td>Ford Mach e<\/td>\n<p><\/p>\n<td>720<\/td>\n<p><\/p>\n<td>874<\/td>\n<p><\/p>\n<td>5 450<\/td>\n<p>\n<\/tr>\n<p><\/p>\n<tr><\/p>\n<td>Kia EV6<\/td>\n<p><\/p>\n<td>623<\/td>\n<p><\/p>\n<td>784<\/td>\n<p><\/p>\n<td>3 131<\/td>\n<p>\n<\/tr>\n<p><\/p>\n<tr><\/p>\n<td>Chevrolet Equinox EV<\/td>\n<p><\/p>\n<td>564<\/td>\n<p><\/p>\n<td>18<\/td>\n<p><\/p>\n<td>582<\/td>\n<p>\n<\/tr>\n<p><\/p>\n<tr><\/p>\n<td>Chevrolet Blazer<\/td>\n<p><\/p>\n<td>538<\/td>\n<p><\/p>\n<td>784<\/td>\n<p><\/p>\n<td>2 101<\/td>\n<p>\n<\/tr>\n<p><\/p>\n<tr><\/p>\n<td>Ford F-150 Lightning<\/td>\n<p><\/p>\n<td>498<\/td>\n<p><\/p>\n<td>104<\/td>\n<p><\/p>\n<td>894<\/td>\n<p>\n<\/tr>\n<p>\n<\/tbody>\n<p>\n<\/table>\n<p><\/p>\n<h3>Peu de changement dans la cat\u00e9gorie des hybrides rechargeables<\/h3>\n<p>\nLe Mitsubishi Outlander a ajout\u00e9 \u00e0 son avance consid\u00e9rable au cours du premier semestre de 2024 avec 1 160 r\u00e9clamations en juin. Le Ford Escape PHEV et le Toyota Rav4 PHEV ont pris les deuxi\u00e8me et troisi\u00e8me places, avec respectivement 704 et 691 r\u00e9clamations.<\/p>\n<h4>Incitatifs iVZE par hybride rechargeable<\/h4>\n<p><\/p>\n<table style=\"height: 324px\" width=\"621\"><\/p>\n<thead><\/p>\n<tr><\/p>\n<th>Mod\u00e8le<\/th>\n<p><\/p>\n<th>Juin<\/th>\n<p><\/p>\n<th>Mai<\/th>\n<p><\/p>\n<th>2024 \u00e0 ce jour<\/th>\n<p>\n<\/tr>\n<p>\n<\/thead>\n<p><\/p>\n<tbody><\/p>\n<tr><\/p>\n<td>Mitsubishi Outlander PHEV<\/td>\n<p><\/p>\n<td>1 160<\/td>\n<p><\/p>\n<td>1 495<\/td>\n<p><\/p>\n<td>6 187<\/td>\n<p>\n<\/tr>\n<p><\/p>\n<tr><\/p>\n<td>Ford Escape PHEV<\/td>\n<p><\/p>\n<td>704<\/td>\n<p><\/p>\n<td>903<\/td>\n<p><\/p>\n<td>3 211<\/td>\n<p>\n<\/tr>\n<p><\/p>\n<tr><\/p>\n<td>Toyota Rav4 PHEV<\/td>\n<p><\/p>\n<td>691<\/td>\n<p><\/p>\n<td>888<\/td>\n<p><\/p>\n<td>4 695<\/td>\n<p>\n<\/tr>\n<p><\/p>\n<tr><\/p>\n<td>Hyundai Tucson PHEV<\/td>\n<p><\/p>\n<td>334<\/td>\n<p><\/p>\n<td>255<\/td>\n<p><\/p>\n<td>1 539<\/td>\n<p>\n<\/tr>\n<p><\/p>\n<tr><\/p>\n<td>Mazda CX-90<\/td>\n<p><\/p>\n<td>264<\/td>\n<p><\/p>\n<td>310<\/td>\n<p><\/p>\n<td>1 468<\/td>\n<p>\n<\/tr>\n<p><\/p>\n<tr><\/p>\n<td>Jeep Wrangler 4xe PHEV<\/td>\n<p><\/p>\n<td>212<\/td>\n<p><\/p>\n<td>280<\/td>\n<p><\/p>\n<td>1 554<\/td>\n<p>\n<\/tr>\n<p><\/p>\n<tr><\/p>\n<td>Kia Sportage PHEV<\/td>\n<p><\/p>\n<td>169<\/td>\n<p><\/p>\n<td>120<\/td>\n<p><\/p>\n<td>852<\/td>\n<p>\n<\/tr>\n<p><\/p>\n<tr><\/p>\n<td>Mazda CX-70<\/td>\n<p><\/p>\n<td>123<\/td>\n<p><\/p>\n<td>130<\/td>\n<p><\/p>\n<td>264<\/td>\n<p>\n<\/tr>\n<p><\/p>\n<tr><\/p>\n<td>Kia Niro PHEV<\/td>\n<p><\/p>\n<td>116<\/td>\n<p><\/p>\n<td>131<\/td>\n<p><\/p>\n<td>481<\/td>\n<p>\n<\/tr>\n<p><\/p>\n<tr><\/p>\n<td>Toyota Prius Prime PHEV<\/td>\n<p><\/p>\n<td>88<\/td>\n<p><\/p>\n<td>105<\/td>\n<p><\/p>\n<td>2 101<\/td>\n<p>\n<\/tr>\n<p>\n<\/tbody>\n<p>\n<\/table>\n<p><\/p>\n<h3>R\u00e9partition des r\u00e9clamations par province<\/h3>\n<p>\nLe Qu\u00e9bec a enregistr\u00e9 un autre mois solide en juin, repr\u00e9sentant 56 % de toutes les r\u00e9clamations iVZE, l\u00e9g\u00e8rement au-dessus de la part historique de la province. Un peu plus de 3 000 demandes de remise en Ontario et en Colombie-Britannique ont donn\u00e9 \u00e0 chaque province une part d&#8217;environ 18 % des r\u00e9clamations iVZE en juin. Le Nunavut, quant \u00e0 lui, a enregistr\u00e9 sa premi\u00e8re r\u00e9clamation de 2024 pour un seul Mitsubishi Outlander.<\/p>\n<h4>Incitatifs iVZE par province<\/h4>\n<p><\/p>\n<table style=\"height: 449px\" width=\"663\"><\/p>\n<thead><\/p>\n<tr><\/p>\n<th>Province<\/th>\n<p><\/p>\n<th>Juin<\/th>\n<p><\/p>\n<th>Mai<\/th>\n<p><\/p>\n<th>2024 \u00e0 ce jour<\/th>\n<p>\n<\/tr>\n<p>\n<\/thead>\n<p><\/p>\n<tbody><\/p>\n<tr><\/p>\n<td>Canada<\/td>\n<p><\/p>\n<td>16 739<\/td>\n<p><\/p>\n<td>19 909<\/td>\n<p><\/p>\n<td>95 775<\/td>\n<p>\n<\/tr>\n<p><\/p>\n<tr><\/p>\n<td>Qu\u00e9bec<\/td>\n<p><\/p>\n<td>9 451<\/td>\n<p><\/p>\n<td>11 178<\/td>\n<p><\/p>\n<td>52 496<\/td>\n<p>\n<\/tr>\n<p><\/p>\n<tr><\/p>\n<td>Ontario<\/td>\n<p><\/p>\n<td>3 048<\/td>\n<p><\/p>\n<td>3 944<\/td>\n<p><\/p>\n<td>18 458<\/td>\n<p>\n<\/tr>\n<p><\/p>\n<tr><\/p>\n<td>Colombie-Britannique<\/td>\n<p><\/p>\n<td>3 003<\/td>\n<p><\/p>\n<td>3 340<\/td>\n<p><\/p>\n<td>17 965<\/td>\n<p>\n<\/tr>\n<p><\/p>\n<tr><\/p>\n<td>Alberta<\/td>\n<p><\/p>\n<td>441<\/td>\n<p><\/p>\n<td>534<\/td>\n<p><\/p>\n<td>2 717<\/td>\n<p>\n<\/tr>\n<p><\/p>\n<tr><\/p>\n<td>Nouveau-Brunswick<\/td>\n<p><\/p>\n<td>205<\/td>\n<p><\/p>\n<td>262<\/td>\n<p><\/p>\n<td>1 119<\/td>\n<p>\n<\/tr>\n<p><\/p>\n<tr><\/p>\n<td>Manitoba<\/td>\n<p><\/p>\n<td>204<\/td>\n<p><\/p>\n<td>170<\/td>\n<p><\/p>\n<td>823<\/td>\n<p>\n<\/tr>\n<p><\/p>\n<tr><\/p>\n<td>Nouvelle-\u00c9cosse<\/td>\n<p><\/p>\n<td>170<\/td>\n<p><\/p>\n<td>226<\/td>\n<p><\/p>\n<td>1 008<\/td>\n<p>\n<\/tr>\n<p><\/p>\n<tr><\/p>\n<td>Saskatchewan<\/td>\n<p><\/p>\n<td>76<\/td>\n<p><\/p>\n<td>78<\/td>\n<p><\/p>\n<td>432<\/td>\n<p>\n<\/tr>\n<p><\/p>\n<tr><\/p>\n<td>\u00cele-du-Prince-\u00c9douard<\/td>\n<p><\/p>\n<td>66<\/td>\n<p><\/p>\n<td>67<\/td>\n<p><\/p>\n<td>309<\/td>\n<p>\n<\/tr>\n<p><\/p>\n<tr><\/p>\n<td>Terre-Neuve-et-Labrador<\/td>\n<p><\/p>\n<td>55<\/td>\n<p><\/p>\n<td>80<\/td>\n<p><\/p>\n<td>346<\/td>\n<p>\n<\/tr>\n<p><\/p>\n<tr><\/p>\n<td>Yukon<\/td>\n<p><\/p>\n<td>16<\/td>\n<p><\/p>\n<td>27<\/td>\n<p><\/p>\n<td>88<\/td>\n<p>\n<\/tr>\n<p><\/p>\n<tr><\/p>\n<td>Territoires du Nord-Ouest<\/td>\n<p><\/p>\n<td>3<\/td>\n<p><\/p>\n<td>3<\/td>\n<p><\/p>\n<td>13<\/td>\n<p>\n<\/tr>\n<p><\/p>\n<tr><\/p>\n<td>Nunavut<\/td>\n<p><\/p>\n<td>1<\/td>\n<p><\/p>\n<td>0<\/td>\n<p><\/p>\n<td>1<\/td>\n<p>\n<\/tr>\n<p>\n<\/tbody>\n<p>\n<\/table>\n<p>\nCette hausse des r\u00e9clamations pour les incitatifs f\u00e9d\u00e9raux montre un engouement croissant pour les v\u00e9hicules z\u00e9ro \u00e9mission au Canada, en d\u00e9pit des d\u00e9fis \u00e9conomiques et des infrastructures.<\/p>\n<p>Avec des renseignements d&#8217;Automotive News Canada<\/p>\n<p>Le texte <a rel=\"nofollow\" href=\"https:\/\/annuelauto.ca\/les-reclamations-de-la-remise-federale-pour-vehicules-electrique-doublent-au-premier-semestre-de-2024\/\">Les r\u00e9clamations de la remise f\u00e9d\u00e9rale pour v\u00e9hicules \u00e9lectrique doublent au premier semestre de 2024<\/a> provient de <a rel=\"nofollow\" href=\"https:\/\/annuelauto.ca\">L&#8217;annuel de l&#8217;automobile &#8211; Actualit\u00e9 automobile<\/a><\/p>\n<p><\/p>\n","protected":false},"excerpt":{"rendered":"<p>Autre pays, autres moeurs Alors que les \u00c9tats-Unis et l&#8217;Europe mettent un frein \u00e0 leur production de v\u00e9hicules \u00e9lectrique, les canadiens eux ont le pied au plancher. Les r\u00e9clamations pour la remise f\u00e9d\u00e9rale sur les v\u00e9hicules \u00e9lectriques ont plus que doubl\u00e9 au premier semestre de 2024, alors que les acheteurs de voitures continuent d&#8217;opter pour [&hellip;]<\/p>\n","protected":false},"author":8,"featured_media":169508,"comment_status":"close","ping_status":"closed","sticky":false,"template":"","format":"standard","meta":{"_monsterinsights_skip_tracking":false,"_monsterinsights_sitenote_active":false,"_monsterinsights_sitenote_note":"","_monsterinsights_sitenote_category":0,"footnotes":""},"categories":[101],"tags":[],"yoast_head":"<!-- This site is optimized with the Yoast SEO plugin v23.2 - https:\/\/yoast.com\/wordpress\/plugins\/seo\/ -->\n<title>Les r\u00e9clamations de la remise f\u00e9d\u00e9rale pour v\u00e9hicules \u00e9lectrique doublent au premier semestre de 2024 - CanadaMotorJobs.com<\/title>\n<meta name=\"description\" content=\"Les r\u00e9clamations de la remise f\u00e9d\u00e9rale pour v\u00e9hicules \u00e9lectrique doublent au premier semestre de 2024 - Benoit Charette - Annuel automobile - CanadaMotorJobs.com.\" \/>\n<meta name=\"robots\" content=\"index, follow, max-snippet:-1, max-image-preview:large, max-video-preview:-1\" \/>\n<meta property=\"og:locale\" content=\"fr_CA\" \/>\n<meta property=\"og:type\" content=\"article\" \/>\n<meta property=\"og:title\" content=\"Les r\u00e9clamations de la remise f\u00e9d\u00e9rale pour v\u00e9hicules \u00e9lectrique doublent au premier semestre de 2024 - CanadaMotorJobs.com\" \/>\n<meta property=\"og:description\" content=\"Les r\u00e9clamations de la remise f\u00e9d\u00e9rale pour v\u00e9hicules \u00e9lectrique doublent au premier semestre de 2024 - Benoit Charette - Annuel automobile - CanadaMotorJobs.com.\" \/>\n<meta property=\"og:url\" content=\"https:\/\/news.canadamotorjobs.com\/fr\/les-reclamations-de-la-remise-federale-pour-vehicules-electrique-doublent-au-premier-semestre-de-2024\/\" \/>\n<meta property=\"og:site_name\" content=\"CanadaMotorJobs.com\" \/>\n<meta property=\"article:publisher\" content=\"https:\/\/www.facebook.com\/canadamotorjobs\/\" \/>\n<meta property=\"article:published_time\" content=\"2024-07-24T11:34:41+00:00\" \/>\n<meta property=\"article:modified_time\" content=\"2024-07-24T11:43:54+00:00\" \/>\n<meta property=\"og:image\" content=\"https:\/\/news.canadamotorjobs.com\/wp-content\/uploads\/2024\/07\/Circuit-electrique-RDL-4.jpg\" \/>\n\t<meta property=\"og:image:width\" content=\"1067\" \/>\n\t<meta property=\"og:image:height\" content=\"800\" \/>\n\t<meta property=\"og:image:type\" content=\"image\/jpeg\" \/>\n<meta name=\"author\" content=\"Benoit Charette\" \/>\n<meta name=\"twitter:card\" content=\"summary_large_image\" \/>\n<meta name=\"twitter:creator\" content=\"@canadamotorjobs\" \/>\n<meta name=\"twitter:site\" content=\"@canadamotorjobs\" \/>\n<meta name=\"twitter:label1\" content=\"\u00c9crit par\" \/>\n\t<meta name=\"twitter:data1\" content=\"Benoit Charette\" \/>\n\t<meta name=\"twitter:label2\" content=\"Estimation du temps de lecture\" \/>\n\t<meta name=\"twitter:data2\" content=\"3 minutes\" \/>\n<!-- \/ Yoast SEO plugin. -->","yoast_head_json":{"title":"Les r\u00e9clamations de la remise f\u00e9d\u00e9rale pour v\u00e9hicules \u00e9lectrique doublent au premier semestre de 2024 - CanadaMotorJobs.com","description":"Les r\u00e9clamations de la remise f\u00e9d\u00e9rale pour v\u00e9hicules \u00e9lectrique doublent au premier semestre de 2024 - Benoit Charette - Annuel automobile - CanadaMotorJobs.com.","robots":{"index":"index","follow":"follow","max-snippet":"max-snippet:-1","max-image-preview":"max-image-preview:large","max-video-preview":"max-video-preview:-1"},"og_locale":"fr_CA","og_type":"article","og_title":"Les r\u00e9clamations de la remise f\u00e9d\u00e9rale pour v\u00e9hicules \u00e9lectrique doublent au premier semestre de 2024 - CanadaMotorJobs.com","og_description":"Les r\u00e9clamations de la remise f\u00e9d\u00e9rale pour v\u00e9hicules \u00e9lectrique doublent au premier semestre de 2024 - Benoit Charette - Annuel automobile - CanadaMotorJobs.com.","og_url":"https:\/\/news.canadamotorjobs.com\/fr\/les-reclamations-de-la-remise-federale-pour-vehicules-electrique-doublent-au-premier-semestre-de-2024\/","og_site_name":"CanadaMotorJobs.com","article_publisher":"https:\/\/www.facebook.com\/canadamotorjobs\/","article_published_time":"2024-07-24T11:34:41+00:00","article_modified_time":"2024-07-24T11:43:54+00:00","og_image":[{"width":1067,"height":800,"url":"https:\/\/news.canadamotorjobs.com\/wp-content\/uploads\/2024\/07\/Circuit-electrique-RDL-4.jpg","type":"image\/jpeg"}],"author":"Benoit Charette","twitter_card":"summary_large_image","twitter_creator":"@canadamotorjobs","twitter_site":"@canadamotorjobs","twitter_misc":{"\u00c9crit par":"Benoit Charette","Estimation du temps de lecture":"3 minutes"},"schema":{"@context":"https:\/\/schema.org","@graph":[{"@type":"Article","@id":"https:\/\/news.canadamotorjobs.com\/fr\/les-reclamations-de-la-remise-federale-pour-vehicules-electrique-doublent-au-premier-semestre-de-2024\/#article","isPartOf":{"@id":"https:\/\/news.canadamotorjobs.com\/fr\/les-reclamations-de-la-remise-federale-pour-vehicules-electrique-doublent-au-premier-semestre-de-2024\/"},"author":{"name":"Benoit Charette","@id":"https:\/\/news.canadamotorjobs.com\/#\/schema\/person\/51793d1f87d44011d7bcc2ed99269a90"},"headline":"Les r\u00e9clamations de la remise f\u00e9d\u00e9rale pour v\u00e9hicules \u00e9lectrique doublent au premier semestre de 2024","datePublished":"2024-07-24T11:34:41+00:00","dateModified":"2024-07-24T11:43:54+00:00","mainEntityOfPage":{"@id":"https:\/\/news.canadamotorjobs.com\/fr\/les-reclamations-de-la-remise-federale-pour-vehicules-electrique-doublent-au-premier-semestre-de-2024\/"},"wordCount":697,"publisher":{"@id":"https:\/\/news.canadamotorjobs.com\/#organization"},"image":{"@id":"https:\/\/news.canadamotorjobs.com\/fr\/les-reclamations-de-la-remise-federale-pour-vehicules-electrique-doublent-au-premier-semestre-de-2024\/#primaryimage"},"thumbnailUrl":"https:\/\/news.canadamotorjobs.com\/wp-content\/uploads\/2024\/07\/Circuit-electrique-RDL-4.jpg","articleSection":["Annuel automobile"],"inLanguage":"fr-CA"},{"@type":"WebPage","@id":"https:\/\/news.canadamotorjobs.com\/fr\/les-reclamations-de-la-remise-federale-pour-vehicules-electrique-doublent-au-premier-semestre-de-2024\/","url":"https:\/\/news.canadamotorjobs.com\/fr\/les-reclamations-de-la-remise-federale-pour-vehicules-electrique-doublent-au-premier-semestre-de-2024\/","name":"Les r\u00e9clamations de la remise f\u00e9d\u00e9rale pour v\u00e9hicules \u00e9lectrique doublent au premier semestre de 2024 - CanadaMotorJobs.com","isPartOf":{"@id":"https:\/\/news.canadamotorjobs.com\/#website"},"primaryImageOfPage":{"@id":"https:\/\/news.canadamotorjobs.com\/fr\/les-reclamations-de-la-remise-federale-pour-vehicules-electrique-doublent-au-premier-semestre-de-2024\/#primaryimage"},"image":{"@id":"https:\/\/news.canadamotorjobs.com\/fr\/les-reclamations-de-la-remise-federale-pour-vehicules-electrique-doublent-au-premier-semestre-de-2024\/#primaryimage"},"thumbnailUrl":"https:\/\/news.canadamotorjobs.com\/wp-content\/uploads\/2024\/07\/Circuit-electrique-RDL-4.jpg","datePublished":"2024-07-24T11:34:41+00:00","dateModified":"2024-07-24T11:43:54+00:00","description":"Les r\u00e9clamations de la remise f\u00e9d\u00e9rale pour v\u00e9hicules \u00e9lectrique doublent au premier semestre de 2024 - Benoit Charette - Annuel automobile - CanadaMotorJobs.com.","breadcrumb":{"@id":"https:\/\/news.canadamotorjobs.com\/fr\/les-reclamations-de-la-remise-federale-pour-vehicules-electrique-doublent-au-premier-semestre-de-2024\/#breadcrumb"},"inLanguage":"fr-CA","potentialAction":[{"@type":"ReadAction","target":["https:\/\/news.canadamotorjobs.com\/fr\/les-reclamations-de-la-remise-federale-pour-vehicules-electrique-doublent-au-premier-semestre-de-2024\/"]}]},{"@type":"ImageObject","inLanguage":"fr-CA","@id":"https:\/\/news.canadamotorjobs.com\/fr\/les-reclamations-de-la-remise-federale-pour-vehicules-electrique-doublent-au-premier-semestre-de-2024\/#primaryimage","url":"https:\/\/news.canadamotorjobs.com\/wp-content\/uploads\/2024\/07\/Circuit-electrique-RDL-4.jpg","contentUrl":"https:\/\/news.canadamotorjobs.com\/wp-content\/uploads\/2024\/07\/Circuit-electrique-RDL-4.jpg","width":1067,"height":800},{"@type":"BreadcrumbList","@id":"https:\/\/news.canadamotorjobs.com\/fr\/les-reclamations-de-la-remise-federale-pour-vehicules-electrique-doublent-au-premier-semestre-de-2024\/#breadcrumb","itemListElement":[{"@type":"ListItem","position":1,"name":"Home","item":"https:\/\/news.canadamotorjobs.com\/fr\/blog\/"},{"@type":"ListItem","position":2,"name":"Les r\u00e9clamations de la remise f\u00e9d\u00e9rale pour v\u00e9hicules \u00e9lectrique doublent au premier semestre de 2024"}]},{"@type":"WebSite","@id":"https:\/\/news.canadamotorjobs.com\/#website","url":"https:\/\/news.canadamotorjobs.com\/","name":"CanadaMotorJobs.com","description":"Automotive Jobs","publisher":{"@id":"https:\/\/news.canadamotorjobs.com\/#organization"},"potentialAction":[{"@type":"SearchAction","target":{"@type":"EntryPoint","urlTemplate":"https:\/\/news.canadamotorjobs.com\/?s={search_term_string}"},"query-input":"required name=search_term_string"}],"inLanguage":"fr-CA"},{"@type":"Organization","@id":"https:\/\/news.canadamotorjobs.com\/#organization","name":"Canada Motor Jobs","url":"https:\/\/news.canadamotorjobs.com\/","logo":{"@type":"ImageObject","inLanguage":"fr-CA","@id":"https:\/\/news.canadamotorjobs.com\/#\/schema\/logo\/image\/","url":"https:\/\/news.canadamotorjobs.com\/wp-content\/uploads\/2022\/10\/logo-canada-motor-jobs-1.png","contentUrl":"https:\/\/news.canadamotorjobs.com\/wp-content\/uploads\/2022\/10\/logo-canada-motor-jobs-1.png","width":800,"height":400,"caption":"Canada Motor Jobs"},"image":{"@id":"https:\/\/news.canadamotorjobs.com\/#\/schema\/logo\/image\/"},"sameAs":["https:\/\/www.facebook.com\/canadamotorjobs\/","https:\/\/x.com\/canadamotorjobs","https:\/\/www.instagram.com\/canadamotorjobs\/","https:\/\/www.linkedin.com\/company\/canadamotorjobs"]},{"@type":"Person","@id":"https:\/\/news.canadamotorjobs.com\/#\/schema\/person\/51793d1f87d44011d7bcc2ed99269a90","name":"Benoit Charette","image":{"@type":"ImageObject","inLanguage":"fr-CA","@id":"https:\/\/news.canadamotorjobs.com\/#\/schema\/person\/image\/","url":"https:\/\/secure.gravatar.com\/avatar\/45f3d2eebcccd909668d7ce7ea7267b6?s=96&d=mm&r=g","contentUrl":"https:\/\/secure.gravatar.com\/avatar\/45f3d2eebcccd909668d7ce7ea7267b6?s=96&d=mm&r=g","caption":"Benoit Charette"},"description":"Benoit Charette \/ Propri\u00e9taire et r\u00e9dacteur en chef Benoit Charette pratique le journalisme automobile depuis bient\u00f4t 30 ans. Il a fait ses classes au c\u00f4t\u00e9 de Daniel H\u00e9raud et au Carnet de route de 1992 \u00e0 2001. Il est fondateur, copropri\u00e9taire et r\u00e9dacteur en chef de L\u2019Annuel de l\u2019automobile, qu\u2019il publie depuis 2001. Il a anim\u00e9 les \u00e9missions RPM et RPM+ sur V et les L\u00e9gendes de la route sur Historia. \u00c0 la radio depuis 1986, il reprend l\u2019antenne cette ann\u00e9e sur les ondes de Cogeco et participe pour la deuxi\u00e8me ann\u00e9e \u00e0 l\u2019\u00e9mission Passion Auto sur RDS en plus de mettre en ligne le site Web officiel de L\u2019Annuel de l\u2019automobile sur annuelauto.ca.","sameAs":["https:\/\/annuelauto.ca\/"],"url":"https:\/\/news.canadamotorjobs.com\/fr\/author\/benoit-charette\/"}]}},"_links":{"self":[{"href":"https:\/\/news.canadamotorjobs.com\/fr\/wp-json\/wp\/v2\/posts\/169506"}],"collection":[{"href":"https:\/\/news.canadamotorjobs.com\/fr\/wp-json\/wp\/v2\/posts"}],"about":[{"href":"https:\/\/news.canadamotorjobs.com\/fr\/wp-json\/wp\/v2\/types\/post"}],"author":[{"embeddable":true,"href":"https:\/\/news.canadamotorjobs.com\/fr\/wp-json\/wp\/v2\/users\/8"}],"replies":[{"embeddable":true,"href":"https:\/\/news.canadamotorjobs.com\/fr\/wp-json\/wp\/v2\/comments?post=169506"}],"version-history":[{"count":2,"href":"https:\/\/news.canadamotorjobs.com\/fr\/wp-json\/wp\/v2\/posts\/169506\/revisions"}],"predecessor-version":[{"id":169510,"href":"https:\/\/news.canadamotorjobs.com\/fr\/wp-json\/wp\/v2\/posts\/169506\/revisions\/169510"}],"wp:featuredmedia":[{"embeddable":true,"href":"https:\/\/news.canadamotorjobs.com\/fr\/wp-json\/wp\/v2\/media\/169508"}],"wp:attachment":[{"href":"https:\/\/news.canadamotorjobs.com\/fr\/wp-json\/wp\/v2\/media?parent=169506"}],"wp:term":[{"taxonomy":"category","embeddable":true,"href":"https:\/\/news.canadamotorjobs.com\/fr\/wp-json\/wp\/v2\/categories?post=169506"},{"taxonomy":"post_tag","embeddable":true,"href":"https:\/\/news.canadamotorjobs.com\/fr\/wp-json\/wp\/v2\/tags?post=169506"}],"curies":[{"name":"wp","href":"https:\/\/api.w.org\/{rel}","templated":true}]}}