{"id":169479,"date":"2024-07-24T07:02:23","date_gmt":"2024-07-24T11:02:23","guid":{"rendered":"https:\/\/news.canadamotorjobs.com\/?p=169479"},"modified":"2024-07-24T07:14:06","modified_gmt":"2024-07-24T11:14:06","slug":"gm-reporte-la-production-de-son-pick-up-electrique-a-2026","status":"publish","type":"post","link":"https:\/\/news.canadamotorjobs.com\/fr\/gm-reporte-la-production-de-son-pick-up-electrique-a-2026\/","title":{"rendered":"GM reporte la production de son pick-up \u00e9lectrique \u00e0 2026"},"content":{"rendered":"<\/p>\n<p>General Motors (GM) a annonc\u00e9 un report de la production de pickups \u00e9lectriques \u00e0 son usine d&#8217;Orion Assembly dans le Michigan jusqu&#8217;\u00e0 la mi-2026, repoussant ainsi la date de d\u00e9but de six mois. Ce retard est d\u00fb \u00e0 une r\u00e9\u00e9valuation des investissements dans les v\u00e9hicules \u00e9lectriques face \u00e0 une demande consommateur en ralentissement.<\/p>\n<h3>Report \u00e9galement chez Buick<\/h3>\n<p>\nGM reportera \u00e9galement le lancement du premier v\u00e9hicule \u00e9lectrique de Buick, initialement pr\u00e9vu pour 2024. Cependant, la PDG Mary Barra n&#8217;a pas fourni de nouvelle date lors d&#8217;un appel avec les analystes le 23 juillet pour discuter des r\u00e9sultats financiers du deuxi\u00e8me trimestre de l&#8217;entreprise.<\/p>\n<h3>Ajustement des plans d&#8217;investissement<\/h3>\n<p>\n&#8220;Nous sommes tr\u00e8s enthousiastes quant \u00e0 notre portefeuille, mais nous nous engageons \u00e0 cro\u00eetre de mani\u00e8re responsable et rentable dans n&#8217;importe quel environnement de demande,&#8221; a d\u00e9clar\u00e9 Mary Barra. &#8220;Au cours des prochaines ann\u00e9es, les pr\u00e9visionnistes tiers voient maintenant le march\u00e9 des v\u00e9hicules \u00e9lectriques cro\u00eetre de mani\u00e8re stable, mais plus lentement que ces derni\u00e8res ann\u00e9es. En cons\u00e9quence, nous ajustons nos plans de d\u00e9penses pour nous assurer d&#8217;\u00eatre efficaces en termes de capital et de nous aligner sur les attentes des clients.&#8221;<\/p>\n<h3>Investissements dans l&#8217;usine d&#8217;Orion<\/h3>\n<p>\nGM avait initialement pr\u00e9vu de r\u00e9nover l&#8217;usine d&#8217;Orion pour la rendre op\u00e9rationnelle d\u00e9but 2025 afin de construire des Chevrolet Silverado et GMC Sierra \u00e9lectriques apr\u00e8s la fin de la production des Chevy Bolt EV et Bolt EUV l&#8217;ann\u00e9e derni\u00e8re. Cependant, la date a \u00e9t\u00e9 repouss\u00e9e \u00e0 fin 2025. Le constructeur automobile pr\u00e9voit d&#8217;investir 4 milliards de dollars dans cette usine pour la production de pickups \u00e9lectriques.<\/p>\n<h3>Production \u00e0 Factory Zero<\/h3>\n<p>\n&#8220;Nous sommes convaincus que nous pouvons r\u00e9pondre \u00e0 la demande des clients pour des camions \u00e9lectriques exceptionnels en utilisant les capacit\u00e9s de production et la flexibilit\u00e9 de Factory Zero,&#8221; a d\u00e9clar\u00e9 Mary Barra. Cette usine de Detroit produit les Silverado EV et bient\u00f4t les Sierra EV. &#8220;Nous continuerons \u00e9galement \u00e0 tirer parti de la flexibilit\u00e9 dont nous disposons pour m\u00e9langer la production entre les v\u00e9hicules \u00e0 moteur thermique et les v\u00e9hicules \u00e9lectriques dans des usines cl\u00e9s.&#8221;<\/p>\n<h3>Impact des tarifs douaniers sur Buick<\/h3>\n<p>\nBuick avait annonc\u00e9 que son premier v\u00e9hicule \u00e9lectrique serait probablement lanc\u00e9 en 2025. Cependant, l&#8217;administration Biden a quadrupl\u00e9 les tarifs douaniers \u00e0 100% sur les v\u00e9hicules \u00e9lectriques import\u00e9s de Chine cette ann\u00e9e. Buick construit et vend deux v\u00e9hicules \u00e9lectriques en Chine, le crossover Electra E5 et le plus petit Electra E4, mais n&#8217;a pas comment\u00e9 sur l&#8217;impact potentiel de ces tarifs ou sur ses plans de produit.<\/p>\n<h3>Augmentation de la capacit\u00e9 des cellules de batterie Ultium<\/h3>\n<p>\nMary Barra a \u00e9galement d\u00e9clar\u00e9 que l&#8217;entreprise commune Ultium Cells LLC avec LG Energy Solution augmentait l&#8217;approvisionnement en cellules de batterie bas\u00e9es sur Ultium, actuellement produites pr\u00e8s de Lordstown, Ohio, et \u00e0 Spring Hill, Tennessee. Cependant, la capacit\u00e9 suppl\u00e9mentaire sera d\u00e9ploy\u00e9e progressivement.<\/p>\n<h3>Objectif de production de v\u00e9hicules \u00e9lectriques r\u00e9vis\u00e9<\/h3>\n<p>\nGM a r\u00e9duit son objectif de production de v\u00e9hicules \u00e9lectriques pour cette ann\u00e9e en raison d&#8217;une demande plus faible que pr\u00e9vu. L&#8217;entreprise pr\u00e9voit d\u00e9sormais de produire entre 200 000 et 250 000 v\u00e9hicules \u00e9lectriques cette ann\u00e9e, au lieu des 300 000 initialement pr\u00e9vus, comprenant des mod\u00e8les Chevrolet, GMC, Cadillac et de la marque de fourgons \u00e9lectriques commerciaux BrightDrop.<\/p>\n<p>Paul Jacobson, directeur financier de GM, a d\u00e9clar\u00e9 que l&#8217;entreprise continuait de travailler \u00e0 atteindre un b\u00e9n\u00e9fice variable positif, hors co\u00fbts fixes, pour ses v\u00e9hicules \u00e9lectriques au quatri\u00e8me trimestre. GM a construit et vendu en gros 75 000 v\u00e9hicules \u00e9lectriques bas\u00e9s sur Ultium au premier semestre 2024, d\u00e9passant les ventes aux clients par un ratio de 2 pour 1. Les ventes de v\u00e9hicules \u00e9lectriques aux \u00c9tats-Unis ont augment\u00e9 de 34% au deuxi\u00e8me trimestre par rapport au premier trimestre et de 40% par rapport \u00e0 l&#8217;ann\u00e9e pr\u00e9c\u00e9dente. Mary Barra a ajout\u00e9 qu&#8217;environ 54% des clients de v\u00e9hicules \u00e9lectriques de GM \u00e9taient nouveaux pour la marque.<\/p>\n<p>Avec des renseignements d\u2019Automotive News<\/p>\n<p>Le texte <a rel=\"nofollow\" href=\"https:\/\/annuelauto.ca\/gm-reporte-la-production-de-son-pick-up-electrique-a-2026\/\">GM reporte la production de son pick-up \u00e9lectrique \u00e0 2026<\/a> provient de <a rel=\"nofollow\" href=\"https:\/\/annuelauto.ca\">L&#8217;annuel de l&#8217;automobile &#8211; Actualit\u00e9 automobile<\/a><\/p>\n<p><\/p>\n","protected":false},"excerpt":{"rendered":"<p>General Motors (GM) a annonc\u00e9 un report de la production de pickups \u00e9lectriques \u00e0 son usine d&#8217;Orion Assembly dans le Michigan jusqu&#8217;\u00e0 la mi-2026, repoussant ainsi la date de d\u00e9but de six mois. Ce retard est d\u00fb \u00e0 une r\u00e9\u00e9valuation des investissements dans les v\u00e9hicules \u00e9lectriques face \u00e0 une demande consommateur en ralentissement. Report \u00e9galement [&hellip;]<\/p>\n","protected":false},"author":8,"featured_media":169481,"comment_status":"close","ping_status":"closed","sticky":false,"template":"","format":"standard","meta":{"_monsterinsights_skip_tracking":false,"_monsterinsights_sitenote_active":false,"_monsterinsights_sitenote_note":"","_monsterinsights_sitenote_category":0,"footnotes":""},"categories":[101],"tags":[],"yoast_head":"<!-- This site is optimized with the Yoast SEO plugin v23.2 - https:\/\/yoast.com\/wordpress\/plugins\/seo\/ -->\n<title>GM reporte la production de son pick-up \u00e9lectrique \u00e0 2026 - CanadaMotorJobs.com<\/title>\n<meta name=\"description\" content=\"GM reporte la production de son pick-up \u00e9lectrique \u00e0 2026 - Benoit Charette - Annuel automobile - CanadaMotorJobs.com.\" \/>\n<meta name=\"robots\" content=\"index, follow, max-snippet:-1, max-image-preview:large, max-video-preview:-1\" \/>\n<meta property=\"og:locale\" content=\"fr_CA\" \/>\n<meta property=\"og:type\" content=\"article\" \/>\n<meta property=\"og:title\" content=\"GM reporte la production de son pick-up \u00e9lectrique \u00e0 2026 - CanadaMotorJobs.com\" \/>\n<meta property=\"og:description\" content=\"GM reporte la production de son pick-up \u00e9lectrique \u00e0 2026 - Benoit Charette - Annuel automobile - CanadaMotorJobs.com.\" \/>\n<meta property=\"og:url\" content=\"https:\/\/news.canadamotorjobs.com\/fr\/gm-reporte-la-production-de-son-pick-up-electrique-a-2026\/\" \/>\n<meta property=\"og:site_name\" content=\"CanadaMotorJobs.com\" \/>\n<meta property=\"article:publisher\" content=\"https:\/\/www.facebook.com\/canadamotorjobs\/\" \/>\n<meta property=\"article:published_time\" content=\"2024-07-24T11:02:23+00:00\" \/>\n<meta property=\"article:modified_time\" content=\"2024-07-24T11:14:06+00:00\" \/>\n<meta property=\"og:image\" content=\"https:\/\/news.canadamotorjobs.com\/wp-content\/uploads\/2024\/07\/Chevrolet-Silverado-EV-2024-2.jpg\" \/>\n\t<meta property=\"og:image:width\" content=\"1920\" \/>\n\t<meta property=\"og:image:height\" content=\"1080\" \/>\n\t<meta property=\"og:image:type\" content=\"image\/jpeg\" \/>\n<meta name=\"author\" content=\"Benoit Charette\" \/>\n<meta name=\"twitter:card\" content=\"summary_large_image\" \/>\n<meta name=\"twitter:creator\" content=\"@canadamotorjobs\" \/>\n<meta name=\"twitter:site\" content=\"@canadamotorjobs\" \/>\n<meta name=\"twitter:label1\" content=\"\u00c9crit par\" \/>\n\t<meta name=\"twitter:data1\" content=\"Benoit Charette\" \/>\n\t<meta name=\"twitter:label2\" content=\"Estimation du temps de lecture\" \/>\n\t<meta name=\"twitter:data2\" content=\"3 minutes\" \/>\n<!-- \/ Yoast SEO plugin. -->","yoast_head_json":{"title":"GM reporte la production de son pick-up \u00e9lectrique \u00e0 2026 - CanadaMotorJobs.com","description":"GM reporte la production de son pick-up \u00e9lectrique \u00e0 2026 - Benoit Charette - Annuel automobile - CanadaMotorJobs.com.","robots":{"index":"index","follow":"follow","max-snippet":"max-snippet:-1","max-image-preview":"max-image-preview:large","max-video-preview":"max-video-preview:-1"},"og_locale":"fr_CA","og_type":"article","og_title":"GM reporte la production de son pick-up \u00e9lectrique \u00e0 2026 - CanadaMotorJobs.com","og_description":"GM reporte la production de son pick-up \u00e9lectrique \u00e0 2026 - Benoit Charette - Annuel automobile - CanadaMotorJobs.com.","og_url":"https:\/\/news.canadamotorjobs.com\/fr\/gm-reporte-la-production-de-son-pick-up-electrique-a-2026\/","og_site_name":"CanadaMotorJobs.com","article_publisher":"https:\/\/www.facebook.com\/canadamotorjobs\/","article_published_time":"2024-07-24T11:02:23+00:00","article_modified_time":"2024-07-24T11:14:06+00:00","og_image":[{"width":1920,"height":1080,"url":"https:\/\/news.canadamotorjobs.com\/wp-content\/uploads\/2024\/07\/Chevrolet-Silverado-EV-2024-2.jpg","type":"image\/jpeg"}],"author":"Benoit Charette","twitter_card":"summary_large_image","twitter_creator":"@canadamotorjobs","twitter_site":"@canadamotorjobs","twitter_misc":{"\u00c9crit par":"Benoit Charette","Estimation du temps de lecture":"3 minutes"},"schema":{"@context":"https:\/\/schema.org","@graph":[{"@type":"Article","@id":"https:\/\/news.canadamotorjobs.com\/fr\/gm-reporte-la-production-de-son-pick-up-electrique-a-2026\/#article","isPartOf":{"@id":"https:\/\/news.canadamotorjobs.com\/fr\/gm-reporte-la-production-de-son-pick-up-electrique-a-2026\/"},"author":{"name":"Benoit Charette","@id":"https:\/\/news.canadamotorjobs.com\/#\/schema\/person\/51793d1f87d44011d7bcc2ed99269a90"},"headline":"GM reporte la production de son pick-up \u00e9lectrique \u00e0 2026","datePublished":"2024-07-24T11:02:23+00:00","dateModified":"2024-07-24T11:14:06+00:00","mainEntityOfPage":{"@id":"https:\/\/news.canadamotorjobs.com\/fr\/gm-reporte-la-production-de-son-pick-up-electrique-a-2026\/"},"wordCount":726,"publisher":{"@id":"https:\/\/news.canadamotorjobs.com\/#organization"},"image":{"@id":"https:\/\/news.canadamotorjobs.com\/fr\/gm-reporte-la-production-de-son-pick-up-electrique-a-2026\/#primaryimage"},"thumbnailUrl":"https:\/\/news.canadamotorjobs.com\/wp-content\/uploads\/2024\/07\/Chevrolet-Silverado-EV-2024-2.jpg","articleSection":["Annuel automobile"],"inLanguage":"fr-CA"},{"@type":"WebPage","@id":"https:\/\/news.canadamotorjobs.com\/fr\/gm-reporte-la-production-de-son-pick-up-electrique-a-2026\/","url":"https:\/\/news.canadamotorjobs.com\/fr\/gm-reporte-la-production-de-son-pick-up-electrique-a-2026\/","name":"GM reporte la production de son pick-up \u00e9lectrique \u00e0 2026 - CanadaMotorJobs.com","isPartOf":{"@id":"https:\/\/news.canadamotorjobs.com\/#website"},"primaryImageOfPage":{"@id":"https:\/\/news.canadamotorjobs.com\/fr\/gm-reporte-la-production-de-son-pick-up-electrique-a-2026\/#primaryimage"},"image":{"@id":"https:\/\/news.canadamotorjobs.com\/fr\/gm-reporte-la-production-de-son-pick-up-electrique-a-2026\/#primaryimage"},"thumbnailUrl":"https:\/\/news.canadamotorjobs.com\/wp-content\/uploads\/2024\/07\/Chevrolet-Silverado-EV-2024-2.jpg","datePublished":"2024-07-24T11:02:23+00:00","dateModified":"2024-07-24T11:14:06+00:00","description":"GM reporte la production de son pick-up \u00e9lectrique \u00e0 2026 - Benoit Charette - Annuel automobile - CanadaMotorJobs.com.","breadcrumb":{"@id":"https:\/\/news.canadamotorjobs.com\/fr\/gm-reporte-la-production-de-son-pick-up-electrique-a-2026\/#breadcrumb"},"inLanguage":"fr-CA","potentialAction":[{"@type":"ReadAction","target":["https:\/\/news.canadamotorjobs.com\/fr\/gm-reporte-la-production-de-son-pick-up-electrique-a-2026\/"]}]},{"@type":"ImageObject","inLanguage":"fr-CA","@id":"https:\/\/news.canadamotorjobs.com\/fr\/gm-reporte-la-production-de-son-pick-up-electrique-a-2026\/#primaryimage","url":"https:\/\/news.canadamotorjobs.com\/wp-content\/uploads\/2024\/07\/Chevrolet-Silverado-EV-2024-2.jpg","contentUrl":"https:\/\/news.canadamotorjobs.com\/wp-content\/uploads\/2024\/07\/Chevrolet-Silverado-EV-2024-2.jpg","width":1920,"height":1080},{"@type":"BreadcrumbList","@id":"https:\/\/news.canadamotorjobs.com\/fr\/gm-reporte-la-production-de-son-pick-up-electrique-a-2026\/#breadcrumb","itemListElement":[{"@type":"ListItem","position":1,"name":"Home","item":"https:\/\/news.canadamotorjobs.com\/fr\/blog\/"},{"@type":"ListItem","position":2,"name":"GM reporte la production de son pick-up \u00e9lectrique \u00e0 2026"}]},{"@type":"WebSite","@id":"https:\/\/news.canadamotorjobs.com\/#website","url":"https:\/\/news.canadamotorjobs.com\/","name":"CanadaMotorJobs.com","description":"Automotive Jobs","publisher":{"@id":"https:\/\/news.canadamotorjobs.com\/#organization"},"potentialAction":[{"@type":"SearchAction","target":{"@type":"EntryPoint","urlTemplate":"https:\/\/news.canadamotorjobs.com\/?s={search_term_string}"},"query-input":"required name=search_term_string"}],"inLanguage":"fr-CA"},{"@type":"Organization","@id":"https:\/\/news.canadamotorjobs.com\/#organization","name":"Canada Motor Jobs","url":"https:\/\/news.canadamotorjobs.com\/","logo":{"@type":"ImageObject","inLanguage":"fr-CA","@id":"https:\/\/news.canadamotorjobs.com\/#\/schema\/logo\/image\/","url":"https:\/\/news.canadamotorjobs.com\/wp-content\/uploads\/2022\/10\/logo-canada-motor-jobs-1.png","contentUrl":"https:\/\/news.canadamotorjobs.com\/wp-content\/uploads\/2022\/10\/logo-canada-motor-jobs-1.png","width":800,"height":400,"caption":"Canada Motor Jobs"},"image":{"@id":"https:\/\/news.canadamotorjobs.com\/#\/schema\/logo\/image\/"},"sameAs":["https:\/\/www.facebook.com\/canadamotorjobs\/","https:\/\/x.com\/canadamotorjobs","https:\/\/www.instagram.com\/canadamotorjobs\/","https:\/\/www.linkedin.com\/company\/canadamotorjobs"]},{"@type":"Person","@id":"https:\/\/news.canadamotorjobs.com\/#\/schema\/person\/51793d1f87d44011d7bcc2ed99269a90","name":"Benoit Charette","image":{"@type":"ImageObject","inLanguage":"fr-CA","@id":"https:\/\/news.canadamotorjobs.com\/#\/schema\/person\/image\/","url":"https:\/\/secure.gravatar.com\/avatar\/45f3d2eebcccd909668d7ce7ea7267b6?s=96&d=mm&r=g","contentUrl":"https:\/\/secure.gravatar.com\/avatar\/45f3d2eebcccd909668d7ce7ea7267b6?s=96&d=mm&r=g","caption":"Benoit Charette"},"description":"Benoit Charette \/ Propri\u00e9taire et r\u00e9dacteur en chef Benoit Charette pratique le journalisme automobile depuis bient\u00f4t 30 ans. Il a fait ses classes au c\u00f4t\u00e9 de Daniel H\u00e9raud et au Carnet de route de 1992 \u00e0 2001. Il est fondateur, copropri\u00e9taire et r\u00e9dacteur en chef de L\u2019Annuel de l\u2019automobile, qu\u2019il publie depuis 2001. Il a anim\u00e9 les \u00e9missions RPM et RPM+ sur V et les L\u00e9gendes de la route sur Historia. \u00c0 la radio depuis 1986, il reprend l\u2019antenne cette ann\u00e9e sur les ondes de Cogeco et participe pour la deuxi\u00e8me ann\u00e9e \u00e0 l\u2019\u00e9mission Passion Auto sur RDS en plus de mettre en ligne le site Web officiel de L\u2019Annuel de l\u2019automobile sur annuelauto.ca.","sameAs":["https:\/\/annuelauto.ca\/"],"url":"https:\/\/news.canadamotorjobs.com\/fr\/author\/benoit-charette\/"}]}},"_links":{"self":[{"href":"https:\/\/news.canadamotorjobs.com\/fr\/wp-json\/wp\/v2\/posts\/169479"}],"collection":[{"href":"https:\/\/news.canadamotorjobs.com\/fr\/wp-json\/wp\/v2\/posts"}],"about":[{"href":"https:\/\/news.canadamotorjobs.com\/fr\/wp-json\/wp\/v2\/types\/post"}],"author":[{"embeddable":true,"href":"https:\/\/news.canadamotorjobs.com\/fr\/wp-json\/wp\/v2\/users\/8"}],"replies":[{"embeddable":true,"href":"https:\/\/news.canadamotorjobs.com\/fr\/wp-json\/wp\/v2\/comments?post=169479"}],"version-history":[{"count":2,"href":"https:\/\/news.canadamotorjobs.com\/fr\/wp-json\/wp\/v2\/posts\/169479\/revisions"}],"predecessor-version":[{"id":169483,"href":"https:\/\/news.canadamotorjobs.com\/fr\/wp-json\/wp\/v2\/posts\/169479\/revisions\/169483"}],"wp:featuredmedia":[{"embeddable":true,"href":"https:\/\/news.canadamotorjobs.com\/fr\/wp-json\/wp\/v2\/media\/169481"}],"wp:attachment":[{"href":"https:\/\/news.canadamotorjobs.com\/fr\/wp-json\/wp\/v2\/media?parent=169479"}],"wp:term":[{"taxonomy":"category","embeddable":true,"href":"https:\/\/news.canadamotorjobs.com\/fr\/wp-json\/wp\/v2\/categories?post=169479"},{"taxonomy":"post_tag","embeddable":true,"href":"https:\/\/news.canadamotorjobs.com\/fr\/wp-json\/wp\/v2\/tags?post=169479"}],"curies":[{"name":"wp","href":"https:\/\/api.w.org\/{rel}","templated":true}]}}