{"id":169429,"date":"2024-07-23T08:55:35","date_gmt":"2024-07-23T12:55:35","guid":{"rendered":"https:\/\/news.canadamotorjobs.com\/?p=169429"},"modified":"2024-07-23T09:01:54","modified_gmt":"2024-07-23T13:01:54","slug":"bentley-met-fin-a-la-production-de-son-moteur-w12","status":"publish","type":"post","link":"https:\/\/news.canadamotorjobs.com\/fr\/bentley-met-fin-a-la-production-de-son-moteur-w12\/","title":{"rendered":"Bentley met fin \u00e0 la production de son moteur W12"},"content":{"rendered":"<\/p>\n<p>C&#8217;est une journ\u00e9e triste pour l&#8217;industrie automobile qui dit adieu \u00e0 un moteur embl\u00e9matique : le W12. Bentley a mis fin \u00e0 la production de ce moteur et a organis\u00e9 une c\u00e9r\u00e9monie dans son usine de Crewe, en Angleterre, pour c\u00e9l\u00e9brer ce moment alors que les trois derniers v\u00e9hicules \u00e9quip\u00e9s du W12, une Continental GT, une Flying Spur et une Bentayga, ont quitt\u00e9 la cha\u00eene de montage.<\/p>\n<h3>Une longue histoire de performance<\/h3>\n<p>\nDepuis son introduction dans la premi\u00e8re Continental GT en 2003, plus de 100 000 exemplaires du moteur W12 ont vu le jour. Ce moteur initial d\u00e9livrait 552 ch (560 ps\/412 kW) et 479 lb-ft (650 Nm) de couple.<\/p>\n<p>Ensuite, Bentley a pr\u00e9sent\u00e9 la deuxi\u00e8me g\u00e9n\u00e9ration du W12 avec le lancement du Bentayga en 2015. Ce nouveau moteur \u00e9tait con\u00e7u pour fonctionner \u00e0 des angles d&#8217;inclinaison allant jusqu&#8217;\u00e0 35 degr\u00e9s dans toutes les directions. La d\u00e9sactivation des cylindres a \u00e9t\u00e9 introduite pour r\u00e9duire les \u00e9missions de dioxyde de carbone et am\u00e9liorer la consommation de carburant, en d\u00e9sactivant une rang\u00e9e de six cylindres.<\/p>\n<h3>Une \u00e9volution continue<\/h3>\n<p>\n&#8220;Ce jour marque la fin d&#8217;un parcours de d\u00e9veloppement dont nos coll\u00e8gues en R&amp;D et en production devraient \u00eatre extr\u00eamement fiers,&#8221; a comment\u00e9 Dr. Matthias Rabe, membre du conseil d&#8217;administration de Bentley pour la recherche et le d\u00e9veloppement. &#8220;Non seulement dans la conceptualisation, mais aussi dans les progr\u00e8s continus en termes d&#8217;optimisation de la puissance et des performances, tout en am\u00e9liorant les \u00e9missions et le raffinement.&#8221;<\/p>\n<h3>Am\u00e9liorations et innovation<\/h3>\n<p>\nAu fil des ans, le moteur W12 est devenu 34 % plus puissant et 54 % plus coupleux. En m\u00eame temps, ce moteur, qui combine deux unit\u00e9s V6 \u00e0 angle \u00e9troit partageant un vilebrequin commun et est 24 % plus court qu&#8217;un V12 conventionnel, est devenu 25 % plus propre. Il a \u00e9galement jou\u00e9 un r\u00f4le vital dans l&#8217;\u00e9volution de l&#8217;entreprise, qui vient de franchir une nouvelle \u00e9tape avec l&#8217;introduction d&#8217;une nouvelle motorisation V8 \u00e9lectrifi\u00e9e.<\/p>\n<h3>L&#8217;\u00e9lectrification<\/h3>\n<p>\nLe nouveau groupe motopropulseur a fait ses d\u00e9buts sur la derni\u00e8re Continental GT Speed, la transformant en une machine hybride rechargeable. Un moteur \u00e9lectrique unique int\u00e9gr\u00e9 dans la transmission \u00e0 8 vitesses assiste le V8 biturbo de 4,0 L. Cette combinaison offre \u00e0 la voiture une puissance totale de 771 chevaux (782 ps\/575 kW) et 738 lb-ft (1 000 Nm) de couple. C&#8217;est plus que ce que vous obtenez avec les moteurs W12 et V8 non \u00e9lectrifi\u00e9s, faisant de cette voiture la Bentley la plus puissante jamais fabriqu\u00e9e.<\/p>\n<h3>La nouvelle Flying Spur<\/h3>\n<p>\nCe titre sera bient\u00f4t \u00e9gal\u00e9 par la nouvelle Flying Spur. La berline de luxe mise \u00e0 jour a \u00e9t\u00e9 r\u00e9cemment d\u00e9voil\u00e9e, et Bentley a r\u00e9v\u00e9l\u00e9 qu&#8217;elle recevra la m\u00eame motorisation que la Continental GT Speed de 2025. Ainsi, elle b\u00e9n\u00e9ficiera de la m\u00eame puissance et pouss\u00e9e. Savez-vous quel autre mod\u00e8le du portefeuille du groupe VW utilise cette m\u00eame recette ? Ce serait la Porsche Panamera Turbo S E-Hybrid de 2025. Bentley annonce que la Flying Spur de 2025 offrira une autonomie combin\u00e9e de plus de 500 miles (805+ km) avec la batterie enti\u00e8rement charg\u00e9e et un plein d&#8217;essence, et elle devrait \u00eatre disponible dans quelques semaines ou mois.<\/p>\n<p>\u00a0<\/p>\n<p>Avec des renseignements d&#8217;Auto Evolution<\/p>\n<p>Le texte <a rel=\"nofollow\" href=\"https:\/\/annuelauto.ca\/bentley-met-fin-a-la-production-de-son-moteur-w12\/\">Bentley met fin \u00e0 la production de son moteur W12<\/a> provient de <a rel=\"nofollow\" href=\"https:\/\/annuelauto.ca\">L&#8217;annuel de l&#8217;automobile &#8211; Actualit\u00e9 automobile<\/a><\/p>\n<p><\/p>\n","protected":false},"excerpt":{"rendered":"<p>C&#8217;est une journ\u00e9e triste pour l&#8217;industrie automobile qui dit adieu \u00e0 un moteur embl\u00e9matique : le W12. Bentley a mis fin \u00e0 la production de ce moteur et a organis\u00e9 une c\u00e9r\u00e9monie dans son usine de Crewe, en Angleterre, pour c\u00e9l\u00e9brer ce moment alors que les trois derniers v\u00e9hicules \u00e9quip\u00e9s du W12, une Continental GT, [&hellip;]<\/p>\n","protected":false},"author":8,"featured_media":169431,"comment_status":"close","ping_status":"closed","sticky":false,"template":"","format":"standard","meta":{"_monsterinsights_skip_tracking":false,"_monsterinsights_sitenote_active":false,"_monsterinsights_sitenote_note":"","_monsterinsights_sitenote_category":0,"footnotes":""},"categories":[101],"tags":[],"yoast_head":"<!-- This site is optimized with the Yoast SEO plugin v23.2 - https:\/\/yoast.com\/wordpress\/plugins\/seo\/ -->\n<title>Bentley met fin \u00e0 la production de son moteur W12 - CanadaMotorJobs.com<\/title>\n<meta name=\"description\" content=\"Bentley met fin \u00e0 la production de son moteur W12 - Benoit Charette - Annuel automobile - CanadaMotorJobs.com.\" \/>\n<meta name=\"robots\" content=\"index, follow, max-snippet:-1, max-image-preview:large, max-video-preview:-1\" \/>\n<meta property=\"og:locale\" content=\"fr_CA\" \/>\n<meta property=\"og:type\" content=\"article\" \/>\n<meta property=\"og:title\" content=\"Bentley met fin \u00e0 la production de son moteur W12 - CanadaMotorJobs.com\" \/>\n<meta property=\"og:description\" content=\"Bentley met fin \u00e0 la production de son moteur W12 - Benoit Charette - Annuel automobile - CanadaMotorJobs.com.\" \/>\n<meta property=\"og:url\" content=\"https:\/\/news.canadamotorjobs.com\/fr\/bentley-met-fin-a-la-production-de-son-moteur-w12\/\" \/>\n<meta property=\"og:site_name\" content=\"CanadaMotorJobs.com\" \/>\n<meta property=\"article:publisher\" content=\"https:\/\/www.facebook.com\/canadamotorjobs\/\" \/>\n<meta property=\"article:published_time\" content=\"2024-07-23T12:55:35+00:00\" \/>\n<meta property=\"article:modified_time\" content=\"2024-07-23T13:01:54+00:00\" \/>\n<meta property=\"og:image\" content=\"https:\/\/news.canadamotorjobs.com\/wp-content\/uploads\/2024\/07\/2020-Bentley-Continental-GT-W12-Convertible-review-45-scaled-1.jpg\" \/>\n\t<meta property=\"og:image:width\" content=\"2560\" \/>\n\t<meta property=\"og:image:height\" content=\"1707\" \/>\n\t<meta property=\"og:image:type\" content=\"image\/jpeg\" \/>\n<meta name=\"author\" content=\"Benoit Charette\" \/>\n<meta name=\"twitter:card\" content=\"summary_large_image\" \/>\n<meta name=\"twitter:creator\" content=\"@canadamotorjobs\" \/>\n<meta name=\"twitter:site\" content=\"@canadamotorjobs\" \/>\n<meta name=\"twitter:label1\" content=\"\u00c9crit par\" \/>\n\t<meta name=\"twitter:data1\" content=\"Benoit Charette\" \/>\n\t<meta name=\"twitter:label2\" content=\"Estimation du temps de lecture\" \/>\n\t<meta name=\"twitter:data2\" content=\"3 minutes\" \/>\n<!-- \/ Yoast SEO plugin. -->","yoast_head_json":{"title":"Bentley met fin \u00e0 la production de son moteur W12 - CanadaMotorJobs.com","description":"Bentley met fin \u00e0 la production de son moteur W12 - Benoit Charette - Annuel automobile - CanadaMotorJobs.com.","robots":{"index":"index","follow":"follow","max-snippet":"max-snippet:-1","max-image-preview":"max-image-preview:large","max-video-preview":"max-video-preview:-1"},"og_locale":"fr_CA","og_type":"article","og_title":"Bentley met fin \u00e0 la production de son moteur W12 - CanadaMotorJobs.com","og_description":"Bentley met fin \u00e0 la production de son moteur W12 - Benoit Charette - Annuel automobile - CanadaMotorJobs.com.","og_url":"https:\/\/news.canadamotorjobs.com\/fr\/bentley-met-fin-a-la-production-de-son-moteur-w12\/","og_site_name":"CanadaMotorJobs.com","article_publisher":"https:\/\/www.facebook.com\/canadamotorjobs\/","article_published_time":"2024-07-23T12:55:35+00:00","article_modified_time":"2024-07-23T13:01:54+00:00","og_image":[{"width":2560,"height":1707,"url":"https:\/\/news.canadamotorjobs.com\/wp-content\/uploads\/2024\/07\/2020-Bentley-Continental-GT-W12-Convertible-review-45-scaled-1.jpg","type":"image\/jpeg"}],"author":"Benoit Charette","twitter_card":"summary_large_image","twitter_creator":"@canadamotorjobs","twitter_site":"@canadamotorjobs","twitter_misc":{"\u00c9crit par":"Benoit Charette","Estimation du temps de lecture":"3 minutes"},"schema":{"@context":"https:\/\/schema.org","@graph":[{"@type":"Article","@id":"https:\/\/news.canadamotorjobs.com\/fr\/bentley-met-fin-a-la-production-de-son-moteur-w12\/#article","isPartOf":{"@id":"https:\/\/news.canadamotorjobs.com\/fr\/bentley-met-fin-a-la-production-de-son-moteur-w12\/"},"author":{"name":"Benoit Charette","@id":"https:\/\/news.canadamotorjobs.com\/#\/schema\/person\/51793d1f87d44011d7bcc2ed99269a90"},"headline":"Bentley met fin \u00e0 la production de son moteur W12","datePublished":"2024-07-23T12:55:35+00:00","dateModified":"2024-07-23T13:01:54+00:00","mainEntityOfPage":{"@id":"https:\/\/news.canadamotorjobs.com\/fr\/bentley-met-fin-a-la-production-de-son-moteur-w12\/"},"wordCount":589,"publisher":{"@id":"https:\/\/news.canadamotorjobs.com\/#organization"},"image":{"@id":"https:\/\/news.canadamotorjobs.com\/fr\/bentley-met-fin-a-la-production-de-son-moteur-w12\/#primaryimage"},"thumbnailUrl":"https:\/\/news.canadamotorjobs.com\/wp-content\/uploads\/2024\/07\/2020-Bentley-Continental-GT-W12-Convertible-review-45-scaled-1.jpg","articleSection":["Annuel automobile"],"inLanguage":"fr-CA"},{"@type":"WebPage","@id":"https:\/\/news.canadamotorjobs.com\/fr\/bentley-met-fin-a-la-production-de-son-moteur-w12\/","url":"https:\/\/news.canadamotorjobs.com\/fr\/bentley-met-fin-a-la-production-de-son-moteur-w12\/","name":"Bentley met fin \u00e0 la production de son moteur W12 - CanadaMotorJobs.com","isPartOf":{"@id":"https:\/\/news.canadamotorjobs.com\/#website"},"primaryImageOfPage":{"@id":"https:\/\/news.canadamotorjobs.com\/fr\/bentley-met-fin-a-la-production-de-son-moteur-w12\/#primaryimage"},"image":{"@id":"https:\/\/news.canadamotorjobs.com\/fr\/bentley-met-fin-a-la-production-de-son-moteur-w12\/#primaryimage"},"thumbnailUrl":"https:\/\/news.canadamotorjobs.com\/wp-content\/uploads\/2024\/07\/2020-Bentley-Continental-GT-W12-Convertible-review-45-scaled-1.jpg","datePublished":"2024-07-23T12:55:35+00:00","dateModified":"2024-07-23T13:01:54+00:00","description":"Bentley met fin \u00e0 la production de son moteur W12 - Benoit Charette - Annuel automobile - CanadaMotorJobs.com.","breadcrumb":{"@id":"https:\/\/news.canadamotorjobs.com\/fr\/bentley-met-fin-a-la-production-de-son-moteur-w12\/#breadcrumb"},"inLanguage":"fr-CA","potentialAction":[{"@type":"ReadAction","target":["https:\/\/news.canadamotorjobs.com\/fr\/bentley-met-fin-a-la-production-de-son-moteur-w12\/"]}]},{"@type":"ImageObject","inLanguage":"fr-CA","@id":"https:\/\/news.canadamotorjobs.com\/fr\/bentley-met-fin-a-la-production-de-son-moteur-w12\/#primaryimage","url":"https:\/\/news.canadamotorjobs.com\/wp-content\/uploads\/2024\/07\/2020-Bentley-Continental-GT-W12-Convertible-review-45-scaled-1.jpg","contentUrl":"https:\/\/news.canadamotorjobs.com\/wp-content\/uploads\/2024\/07\/2020-Bentley-Continental-GT-W12-Convertible-review-45-scaled-1.jpg","width":2560,"height":1707},{"@type":"BreadcrumbList","@id":"https:\/\/news.canadamotorjobs.com\/fr\/bentley-met-fin-a-la-production-de-son-moteur-w12\/#breadcrumb","itemListElement":[{"@type":"ListItem","position":1,"name":"Home","item":"https:\/\/news.canadamotorjobs.com\/fr\/blog\/"},{"@type":"ListItem","position":2,"name":"Bentley met fin \u00e0 la production de son moteur W12"}]},{"@type":"WebSite","@id":"https:\/\/news.canadamotorjobs.com\/#website","url":"https:\/\/news.canadamotorjobs.com\/","name":"CanadaMotorJobs.com","description":"Automotive Jobs","publisher":{"@id":"https:\/\/news.canadamotorjobs.com\/#organization"},"potentialAction":[{"@type":"SearchAction","target":{"@type":"EntryPoint","urlTemplate":"https:\/\/news.canadamotorjobs.com\/?s={search_term_string}"},"query-input":"required name=search_term_string"}],"inLanguage":"fr-CA"},{"@type":"Organization","@id":"https:\/\/news.canadamotorjobs.com\/#organization","name":"Canada Motor Jobs","url":"https:\/\/news.canadamotorjobs.com\/","logo":{"@type":"ImageObject","inLanguage":"fr-CA","@id":"https:\/\/news.canadamotorjobs.com\/#\/schema\/logo\/image\/","url":"https:\/\/news.canadamotorjobs.com\/wp-content\/uploads\/2022\/10\/logo-canada-motor-jobs-1.png","contentUrl":"https:\/\/news.canadamotorjobs.com\/wp-content\/uploads\/2022\/10\/logo-canada-motor-jobs-1.png","width":800,"height":400,"caption":"Canada Motor Jobs"},"image":{"@id":"https:\/\/news.canadamotorjobs.com\/#\/schema\/logo\/image\/"},"sameAs":["https:\/\/www.facebook.com\/canadamotorjobs\/","https:\/\/x.com\/canadamotorjobs","https:\/\/www.instagram.com\/canadamotorjobs\/","https:\/\/www.linkedin.com\/company\/canadamotorjobs"]},{"@type":"Person","@id":"https:\/\/news.canadamotorjobs.com\/#\/schema\/person\/51793d1f87d44011d7bcc2ed99269a90","name":"Benoit Charette","image":{"@type":"ImageObject","inLanguage":"fr-CA","@id":"https:\/\/news.canadamotorjobs.com\/#\/schema\/person\/image\/","url":"https:\/\/secure.gravatar.com\/avatar\/45f3d2eebcccd909668d7ce7ea7267b6?s=96&d=mm&r=g","contentUrl":"https:\/\/secure.gravatar.com\/avatar\/45f3d2eebcccd909668d7ce7ea7267b6?s=96&d=mm&r=g","caption":"Benoit Charette"},"description":"Benoit Charette \/ Propri\u00e9taire et r\u00e9dacteur en chef Benoit Charette pratique le journalisme automobile depuis bient\u00f4t 30 ans. Il a fait ses classes au c\u00f4t\u00e9 de Daniel H\u00e9raud et au Carnet de route de 1992 \u00e0 2001. Il est fondateur, copropri\u00e9taire et r\u00e9dacteur en chef de L\u2019Annuel de l\u2019automobile, qu\u2019il publie depuis 2001. Il a anim\u00e9 les \u00e9missions RPM et RPM+ sur V et les L\u00e9gendes de la route sur Historia. \u00c0 la radio depuis 1986, il reprend l\u2019antenne cette ann\u00e9e sur les ondes de Cogeco et participe pour la deuxi\u00e8me ann\u00e9e \u00e0 l\u2019\u00e9mission Passion Auto sur RDS en plus de mettre en ligne le site Web officiel de L\u2019Annuel de l\u2019automobile sur annuelauto.ca.","sameAs":["https:\/\/annuelauto.ca\/"],"url":"https:\/\/news.canadamotorjobs.com\/fr\/author\/benoit-charette\/"}]}},"_links":{"self":[{"href":"https:\/\/news.canadamotorjobs.com\/fr\/wp-json\/wp\/v2\/posts\/169429"}],"collection":[{"href":"https:\/\/news.canadamotorjobs.com\/fr\/wp-json\/wp\/v2\/posts"}],"about":[{"href":"https:\/\/news.canadamotorjobs.com\/fr\/wp-json\/wp\/v2\/types\/post"}],"author":[{"embeddable":true,"href":"https:\/\/news.canadamotorjobs.com\/fr\/wp-json\/wp\/v2\/users\/8"}],"replies":[{"embeddable":true,"href":"https:\/\/news.canadamotorjobs.com\/fr\/wp-json\/wp\/v2\/comments?post=169429"}],"version-history":[{"count":2,"href":"https:\/\/news.canadamotorjobs.com\/fr\/wp-json\/wp\/v2\/posts\/169429\/revisions"}],"predecessor-version":[{"id":169433,"href":"https:\/\/news.canadamotorjobs.com\/fr\/wp-json\/wp\/v2\/posts\/169429\/revisions\/169433"}],"wp:featuredmedia":[{"embeddable":true,"href":"https:\/\/news.canadamotorjobs.com\/fr\/wp-json\/wp\/v2\/media\/169431"}],"wp:attachment":[{"href":"https:\/\/news.canadamotorjobs.com\/fr\/wp-json\/wp\/v2\/media?parent=169429"}],"wp:term":[{"taxonomy":"category","embeddable":true,"href":"https:\/\/news.canadamotorjobs.com\/fr\/wp-json\/wp\/v2\/categories?post=169429"},{"taxonomy":"post_tag","embeddable":true,"href":"https:\/\/news.canadamotorjobs.com\/fr\/wp-json\/wp\/v2\/tags?post=169429"}],"curies":[{"name":"wp","href":"https:\/\/api.w.org\/{rel}","templated":true}]}}