{"id":169406,"date":"2024-07-23T08:33:15","date_gmt":"2024-07-23T12:33:15","guid":{"rendered":"https:\/\/news.canadamotorjobs.com\/?p=169406"},"modified":"2024-07-23T08:43:52","modified_gmt":"2024-07-23T12:43:52","slug":"cadillac-presente-le-vehicule-concept-sollei","status":"publish","type":"post","link":"https:\/\/news.canadamotorjobs.com\/fr\/cadillac-presente-le-vehicule-concept-sollei\/","title":{"rendered":"Cadillac Pr\u00e9sente le v\u00e9hicule concept SOLLEI"},"content":{"rendered":"<\/p>\n<p>Cadillac a d\u00e9voil\u00e9 le v\u00e9hicule concept SOLLEI, une expression ultime du design d&#8217;un cabriolet de luxe \u00e9lectrique construit sur mesure. Cet exercice de design innovant repousse les limites des futures commandes personnalis\u00e9es, adapt\u00e9es pour refl\u00e9ter les passions et les int\u00e9r\u00eats uniques de ses clients.<\/p>\n<h3>Un concept visionnaire<\/h3>\n<p>\nLe SOLLEI est conceptualis\u00e9 comme un cabriolet enti\u00e8rement \u00e9lectrique, 2+2, \u00e9quip\u00e9 de l&#8217;\u00e9cran signature de la marque de 55 pouces de pilier \u00e0 pilier, d&#8217;un int\u00e9rieur impressionnant, d&#8217;une chor\u00e9graphie lumineuse ext\u00e9rieure pour l&#8217;arriv\u00e9e et le d\u00e9part, et d&#8217;une console de commande intuitive \u00e0 l&#8217;avant et \u00e0 l&#8217;arri\u00e8re.<\/p>\n<h3>Inspiration et philosophie<\/h3>\n<p>\nD\u00e9fini par son nom d\u00e9riv\u00e9 du soleil (&#8220;SOL&#8221;) et du loisir (&#8220;LEI&#8221;), SOLLEI repr\u00e9sente l&#8217;inspiration optimiste de Cadillac pour un style de vie en plein air et d\u00e9contract\u00e9.<\/p>\n<p>&#8220;Le SOLLEI r\u00e9invente la d\u00e9couverte du voyage, envisageant une exp\u00e9rience de conduite personnalis\u00e9e qui connecte avec le monde naturel environnant&#8221;, a d\u00e9clar\u00e9 Erin Crossley, directrice du design chez Cadillac. &#8220;Le concept c\u00e9l\u00e8bre le pedigree des cabriolets \u00e9l\u00e9gants de Cadillac sous une forme moderne en cultivant le luxe \u00e9lev\u00e9 \u00e0 travers des expressions et des exp\u00e9riences de design.&#8221;<\/p>\n<h3>Mat\u00e9riaux innovants<\/h3>\n<p>\nLe SOLLEI est \u00e9galement le premier v\u00e9hicule concept de Cadillac \u00e0 incorporer un mat\u00e9riau innovant \u00e0 base biologique d\u00e9velopp\u00e9 en collaboration avec MycoWorks. Utilis\u00e9 dans les tapis de chargement de la console et les poches de carte des portes, le Fine Mycelium\u2122 de MycoWorks inaugure une nouvelle \u00e8re de mat\u00e9riaux de luxe cultiv\u00e9s \u00e0 partir de myc\u00e9lium (la structure racinaire renouvelable des champignons). Ce mat\u00e9riau refl\u00e8te la mission de Cadillac de pionnier des ressources automobiles renouvelables.<\/p>\n<h3>Design ext\u00e9rieur raffin\u00e9<\/h3>\n<p>\nL&#8217;ext\u00e9rieur du SOLLEI exsude l&#8217;\u00e9motion et incarne les proportions audacieuses inimitables de Cadillac. La carrosserie basse et allong\u00e9e est accentu\u00e9e par une large position et une longue porte de coup\u00e9, facilitant l&#8217;acc\u00e8s \u00e0 l&#8217;arri\u00e8re spacieux.<\/p>\n<p>Les surfaces ininterrompues et la ligne A \u00e9tir\u00e9e accentuent la longueur du v\u00e9hicule, tandis que le design de l&#8217;arri\u00e8re bas cr\u00e9e des proportions dynamiques mais \u00e9l\u00e9gantes. La ligne m\u00e9diane du corps relie harmonieusement le phare au feu arri\u00e8re. Les poign\u00e9es de porte conventionnelles sont remplac\u00e9es par des boutons discrets, contribuant \u00e0 une ligne de profil propre.<\/p>\n<h3>Un h\u00e9ritage de couleurs audacieuses<\/h3>\n<p>\nC\u00e9l\u00e9brant l&#8217;h\u00e9ritage des couleurs audacieuses de Cadillac, l&#8217;ext\u00e9rieur est fini en &#8220;Manila Cream&#8221;, une couleur utilis\u00e9e \u00e0 l&#8217;origine sur les Cadillac en 1957 et 1958. Cette finition ressuscit\u00e9e a \u00e9t\u00e9 minutieusement s\u00e9lectionn\u00e9e et peinte \u00e0 la main par les artisans de Cadillac.<\/p>\n<h3>Int\u00e9rieur artistique et expressif<\/h3>\n<p>\nL&#8217;int\u00e9rieur du SOLLEI canalise la philosophie de design &#8220;art du voyage&#8221; de Cadillac, \u00e9levant l&#8217;exp\u00e9rience de voyage pour le conducteur et le passager. Les caract\u00e9ristiques incluent un refroidisseur de boissons int\u00e9gr\u00e9 avec une porte en verre motoris\u00e9e et des verres en cristal, fusionnant le loisir avec le voyage.<\/p>\n<p>Le savoir-faire est au c\u0153ur du design de Cadillac. Chaque d\u00e9tail est intentionnellement con\u00e7u pour transformer l&#8217;ordinaire en extraordinaire. Les d\u00e9cors illumin\u00e9s et les ornements uniques ajoutent une expression aux esth\u00e9tiques in\u00e9gal\u00e9es de la marque. La d\u00e9coration int\u00e9rieure, envelopp\u00e9e de placages de bois non teint\u00e9s, honore les variations naturelles de couleur et de grain, tandis que les surfaces pr\u00e9sentent des finitions \u00e0 pores ouverts qui peuvent \u00eatre senties au toucher. Chaque pi\u00e8ce est coup\u00e9e et pos\u00e9e \u00e0 la main en utilisant des techniques de marqueterie, cr\u00e9ant un point focal magnifique qui attire l&#8217;\u0153il des portes avant \u00e0 la console, et jusqu&#8217;au compartiment arri\u00e8re. Le pare-brise est encadr\u00e9 en aluminium bross\u00e9 usin\u00e9, continuant l&#8217;utilisation de mat\u00e9riaux naturels par Cadillac.<\/p>\n<h3>Personnalisation et Connexion avec la Nature<\/h3>\n<p>\nLe design de Cadillac utilise l&#8217;\u00e9clairage dans de nombreux produits comme une couche de personnalisation. Le SOLLEI \u00e9l\u00e8ve cette offre avec un \u00e9clairage d&#8217;ambiance distingu\u00e9 pour une v\u00e9ritable personnalisation, incluant plusieurs zones et 126 options de couleur dans chaque zone. L&#8217;\u00e9clairage peut \u00e9voquer des ambiances sp\u00e9cifiques et personnaliser l&#8217;ambiance int\u00e9rieure.<\/p>\n<p>Le SOLLEI r\u00e9pond \u00e9galement aux passionn\u00e9s d&#8217;observation des oiseaux avec un accessoire int\u00e9rieur unique. Un \u00e9tui personnalis\u00e9 en m\u00e9tal bross\u00e9 et cuir contient des appels d&#8217;oiseaux en acrylique imprim\u00e9s en 3D, un journal reli\u00e9 en cuir avec des illustrations d&#8217;oiseaux peintes \u00e0 la main et un rouleau \u00e0 outils en cuir pour stylos et crayons, con\u00e7u pour correspondre \u00e0 l&#8217;int\u00e9rieur du v\u00e9hicule, permettant aux passionn\u00e9s de capturer leurs exp\u00e9riences d&#8217;observation des oiseaux.<\/p>\n<p>\u00a0<\/p>\n<p>Source: Cadillac<\/p>\n<p>Le texte <a rel=\"nofollow\" href=\"https:\/\/annuelauto.ca\/cadillac-presente-le-vehicule-concept-sollei\/\">Cadillac Pr\u00e9sente le v\u00e9hicule concept SOLLEI<\/a> provient de <a rel=\"nofollow\" href=\"https:\/\/annuelauto.ca\">L&#8217;annuel de l&#8217;automobile &#8211; Actualit\u00e9 automobile<\/a><\/p>\n<p><\/p>\n","protected":false},"excerpt":{"rendered":"<p>Cadillac a d\u00e9voil\u00e9 le v\u00e9hicule concept SOLLEI, une expression ultime du design d&#8217;un cabriolet de luxe \u00e9lectrique construit sur mesure. Cet exercice de design innovant repousse les limites des futures commandes personnalis\u00e9es, adapt\u00e9es pour refl\u00e9ter les passions et les int\u00e9r\u00eats uniques de ses clients. Un concept visionnaire Le SOLLEI est conceptualis\u00e9 comme un cabriolet enti\u00e8rement [&hellip;]<\/p>\n","protected":false},"author":8,"featured_media":169408,"comment_status":"close","ping_status":"closed","sticky":false,"template":"","format":"standard","meta":{"_monsterinsights_skip_tracking":false,"_monsterinsights_sitenote_active":false,"_monsterinsights_sitenote_note":"","_monsterinsights_sitenote_category":0,"footnotes":""},"categories":[101],"tags":[],"yoast_head":"<!-- This site is optimized with the Yoast SEO plugin v23.2 - https:\/\/yoast.com\/wordpress\/plugins\/seo\/ -->\n<title>Cadillac Pr\u00e9sente le v\u00e9hicule concept SOLLEI - CanadaMotorJobs.com<\/title>\n<meta name=\"description\" content=\"Cadillac Pr\u00e9sente le v\u00e9hicule concept SOLLEI - Benoit Charette - Annuel automobile - CanadaMotorJobs.com.\" \/>\n<meta name=\"robots\" content=\"index, follow, max-snippet:-1, max-image-preview:large, max-video-preview:-1\" \/>\n<meta property=\"og:locale\" content=\"fr_CA\" \/>\n<meta property=\"og:type\" content=\"article\" \/>\n<meta property=\"og:title\" content=\"Cadillac Pr\u00e9sente le v\u00e9hicule concept SOLLEI - CanadaMotorJobs.com\" \/>\n<meta property=\"og:description\" content=\"Cadillac Pr\u00e9sente le v\u00e9hicule concept SOLLEI - Benoit Charette - Annuel automobile - CanadaMotorJobs.com.\" \/>\n<meta property=\"og:url\" content=\"https:\/\/news.canadamotorjobs.com\/fr\/cadillac-presente-le-vehicule-concept-sollei\/\" \/>\n<meta property=\"og:site_name\" content=\"CanadaMotorJobs.com\" \/>\n<meta property=\"article:publisher\" content=\"https:\/\/www.facebook.com\/canadamotorjobs\/\" \/>\n<meta property=\"article:published_time\" content=\"2024-07-23T12:33:15+00:00\" \/>\n<meta property=\"article:modified_time\" content=\"2024-07-23T12:43:52+00:00\" \/>\n<meta property=\"og:image\" content=\"https:\/\/news.canadamotorjobs.com\/wp-content\/uploads\/2024\/07\/Cadillac_SOLLEI_AP1_0643.jpg\" \/>\n\t<meta property=\"og:image:width\" content=\"1372\" \/>\n\t<meta property=\"og:image:height\" content=\"800\" \/>\n\t<meta property=\"og:image:type\" content=\"image\/jpeg\" \/>\n<meta name=\"author\" content=\"Benoit Charette\" \/>\n<meta name=\"twitter:card\" content=\"summary_large_image\" \/>\n<meta name=\"twitter:creator\" content=\"@canadamotorjobs\" \/>\n<meta name=\"twitter:site\" content=\"@canadamotorjobs\" \/>\n<meta name=\"twitter:label1\" content=\"\u00c9crit par\" \/>\n\t<meta name=\"twitter:data1\" content=\"Benoit Charette\" \/>\n\t<meta name=\"twitter:label2\" content=\"Estimation du temps de lecture\" \/>\n\t<meta name=\"twitter:data2\" content=\"4 minutes\" \/>\n<!-- \/ Yoast SEO plugin. -->","yoast_head_json":{"title":"Cadillac Pr\u00e9sente le v\u00e9hicule concept SOLLEI - CanadaMotorJobs.com","description":"Cadillac Pr\u00e9sente le v\u00e9hicule concept SOLLEI - Benoit Charette - Annuel automobile - CanadaMotorJobs.com.","robots":{"index":"index","follow":"follow","max-snippet":"max-snippet:-1","max-image-preview":"max-image-preview:large","max-video-preview":"max-video-preview:-1"},"og_locale":"fr_CA","og_type":"article","og_title":"Cadillac Pr\u00e9sente le v\u00e9hicule concept SOLLEI - CanadaMotorJobs.com","og_description":"Cadillac Pr\u00e9sente le v\u00e9hicule concept SOLLEI - Benoit Charette - Annuel automobile - CanadaMotorJobs.com.","og_url":"https:\/\/news.canadamotorjobs.com\/fr\/cadillac-presente-le-vehicule-concept-sollei\/","og_site_name":"CanadaMotorJobs.com","article_publisher":"https:\/\/www.facebook.com\/canadamotorjobs\/","article_published_time":"2024-07-23T12:33:15+00:00","article_modified_time":"2024-07-23T12:43:52+00:00","og_image":[{"width":1372,"height":800,"url":"https:\/\/news.canadamotorjobs.com\/wp-content\/uploads\/2024\/07\/Cadillac_SOLLEI_AP1_0643.jpg","type":"image\/jpeg"}],"author":"Benoit Charette","twitter_card":"summary_large_image","twitter_creator":"@canadamotorjobs","twitter_site":"@canadamotorjobs","twitter_misc":{"\u00c9crit par":"Benoit Charette","Estimation du temps de lecture":"4 minutes"},"schema":{"@context":"https:\/\/schema.org","@graph":[{"@type":"Article","@id":"https:\/\/news.canadamotorjobs.com\/fr\/cadillac-presente-le-vehicule-concept-sollei\/#article","isPartOf":{"@id":"https:\/\/news.canadamotorjobs.com\/fr\/cadillac-presente-le-vehicule-concept-sollei\/"},"author":{"name":"Benoit Charette","@id":"https:\/\/news.canadamotorjobs.com\/#\/schema\/person\/51793d1f87d44011d7bcc2ed99269a90"},"headline":"Cadillac Pr\u00e9sente le v\u00e9hicule concept SOLLEI","datePublished":"2024-07-23T12:33:15+00:00","dateModified":"2024-07-23T12:43:52+00:00","mainEntityOfPage":{"@id":"https:\/\/news.canadamotorjobs.com\/fr\/cadillac-presente-le-vehicule-concept-sollei\/"},"wordCount":837,"publisher":{"@id":"https:\/\/news.canadamotorjobs.com\/#organization"},"image":{"@id":"https:\/\/news.canadamotorjobs.com\/fr\/cadillac-presente-le-vehicule-concept-sollei\/#primaryimage"},"thumbnailUrl":"https:\/\/news.canadamotorjobs.com\/wp-content\/uploads\/2024\/07\/Cadillac_SOLLEI_AP1_0643.jpg","articleSection":["Annuel automobile"],"inLanguage":"fr-CA"},{"@type":"WebPage","@id":"https:\/\/news.canadamotorjobs.com\/fr\/cadillac-presente-le-vehicule-concept-sollei\/","url":"https:\/\/news.canadamotorjobs.com\/fr\/cadillac-presente-le-vehicule-concept-sollei\/","name":"Cadillac Pr\u00e9sente le v\u00e9hicule concept SOLLEI - CanadaMotorJobs.com","isPartOf":{"@id":"https:\/\/news.canadamotorjobs.com\/#website"},"primaryImageOfPage":{"@id":"https:\/\/news.canadamotorjobs.com\/fr\/cadillac-presente-le-vehicule-concept-sollei\/#primaryimage"},"image":{"@id":"https:\/\/news.canadamotorjobs.com\/fr\/cadillac-presente-le-vehicule-concept-sollei\/#primaryimage"},"thumbnailUrl":"https:\/\/news.canadamotorjobs.com\/wp-content\/uploads\/2024\/07\/Cadillac_SOLLEI_AP1_0643.jpg","datePublished":"2024-07-23T12:33:15+00:00","dateModified":"2024-07-23T12:43:52+00:00","description":"Cadillac Pr\u00e9sente le v\u00e9hicule concept SOLLEI - Benoit Charette - Annuel automobile - CanadaMotorJobs.com.","breadcrumb":{"@id":"https:\/\/news.canadamotorjobs.com\/fr\/cadillac-presente-le-vehicule-concept-sollei\/#breadcrumb"},"inLanguage":"fr-CA","potentialAction":[{"@type":"ReadAction","target":["https:\/\/news.canadamotorjobs.com\/fr\/cadillac-presente-le-vehicule-concept-sollei\/"]}]},{"@type":"ImageObject","inLanguage":"fr-CA","@id":"https:\/\/news.canadamotorjobs.com\/fr\/cadillac-presente-le-vehicule-concept-sollei\/#primaryimage","url":"https:\/\/news.canadamotorjobs.com\/wp-content\/uploads\/2024\/07\/Cadillac_SOLLEI_AP1_0643.jpg","contentUrl":"https:\/\/news.canadamotorjobs.com\/wp-content\/uploads\/2024\/07\/Cadillac_SOLLEI_AP1_0643.jpg","width":1372,"height":800},{"@type":"BreadcrumbList","@id":"https:\/\/news.canadamotorjobs.com\/fr\/cadillac-presente-le-vehicule-concept-sollei\/#breadcrumb","itemListElement":[{"@type":"ListItem","position":1,"name":"Home","item":"https:\/\/news.canadamotorjobs.com\/fr\/blog\/"},{"@type":"ListItem","position":2,"name":"Cadillac Pr\u00e9sente le v\u00e9hicule concept SOLLEI"}]},{"@type":"WebSite","@id":"https:\/\/news.canadamotorjobs.com\/#website","url":"https:\/\/news.canadamotorjobs.com\/","name":"CanadaMotorJobs.com","description":"Automotive Jobs","publisher":{"@id":"https:\/\/news.canadamotorjobs.com\/#organization"},"potentialAction":[{"@type":"SearchAction","target":{"@type":"EntryPoint","urlTemplate":"https:\/\/news.canadamotorjobs.com\/?s={search_term_string}"},"query-input":"required name=search_term_string"}],"inLanguage":"fr-CA"},{"@type":"Organization","@id":"https:\/\/news.canadamotorjobs.com\/#organization","name":"Canada Motor Jobs","url":"https:\/\/news.canadamotorjobs.com\/","logo":{"@type":"ImageObject","inLanguage":"fr-CA","@id":"https:\/\/news.canadamotorjobs.com\/#\/schema\/logo\/image\/","url":"https:\/\/news.canadamotorjobs.com\/wp-content\/uploads\/2022\/10\/logo-canada-motor-jobs-1.png","contentUrl":"https:\/\/news.canadamotorjobs.com\/wp-content\/uploads\/2022\/10\/logo-canada-motor-jobs-1.png","width":800,"height":400,"caption":"Canada Motor Jobs"},"image":{"@id":"https:\/\/news.canadamotorjobs.com\/#\/schema\/logo\/image\/"},"sameAs":["https:\/\/www.facebook.com\/canadamotorjobs\/","https:\/\/x.com\/canadamotorjobs","https:\/\/www.instagram.com\/canadamotorjobs\/","https:\/\/www.linkedin.com\/company\/canadamotorjobs"]},{"@type":"Person","@id":"https:\/\/news.canadamotorjobs.com\/#\/schema\/person\/51793d1f87d44011d7bcc2ed99269a90","name":"Benoit Charette","image":{"@type":"ImageObject","inLanguage":"fr-CA","@id":"https:\/\/news.canadamotorjobs.com\/#\/schema\/person\/image\/","url":"https:\/\/secure.gravatar.com\/avatar\/45f3d2eebcccd909668d7ce7ea7267b6?s=96&d=mm&r=g","contentUrl":"https:\/\/secure.gravatar.com\/avatar\/45f3d2eebcccd909668d7ce7ea7267b6?s=96&d=mm&r=g","caption":"Benoit Charette"},"description":"Benoit Charette \/ Propri\u00e9taire et r\u00e9dacteur en chef Benoit Charette pratique le journalisme automobile depuis bient\u00f4t 30 ans. Il a fait ses classes au c\u00f4t\u00e9 de Daniel H\u00e9raud et au Carnet de route de 1992 \u00e0 2001. Il est fondateur, copropri\u00e9taire et r\u00e9dacteur en chef de L\u2019Annuel de l\u2019automobile, qu\u2019il publie depuis 2001. Il a anim\u00e9 les \u00e9missions RPM et RPM+ sur V et les L\u00e9gendes de la route sur Historia. \u00c0 la radio depuis 1986, il reprend l\u2019antenne cette ann\u00e9e sur les ondes de Cogeco et participe pour la deuxi\u00e8me ann\u00e9e \u00e0 l\u2019\u00e9mission Passion Auto sur RDS en plus de mettre en ligne le site Web officiel de L\u2019Annuel de l\u2019automobile sur annuelauto.ca.","sameAs":["https:\/\/annuelauto.ca\/"],"url":"https:\/\/news.canadamotorjobs.com\/fr\/author\/benoit-charette\/"}]}},"_links":{"self":[{"href":"https:\/\/news.canadamotorjobs.com\/fr\/wp-json\/wp\/v2\/posts\/169406"}],"collection":[{"href":"https:\/\/news.canadamotorjobs.com\/fr\/wp-json\/wp\/v2\/posts"}],"about":[{"href":"https:\/\/news.canadamotorjobs.com\/fr\/wp-json\/wp\/v2\/types\/post"}],"author":[{"embeddable":true,"href":"https:\/\/news.canadamotorjobs.com\/fr\/wp-json\/wp\/v2\/users\/8"}],"replies":[{"embeddable":true,"href":"https:\/\/news.canadamotorjobs.com\/fr\/wp-json\/wp\/v2\/comments?post=169406"}],"version-history":[{"count":2,"href":"https:\/\/news.canadamotorjobs.com\/fr\/wp-json\/wp\/v2\/posts\/169406\/revisions"}],"predecessor-version":[{"id":169410,"href":"https:\/\/news.canadamotorjobs.com\/fr\/wp-json\/wp\/v2\/posts\/169406\/revisions\/169410"}],"wp:featuredmedia":[{"embeddable":true,"href":"https:\/\/news.canadamotorjobs.com\/fr\/wp-json\/wp\/v2\/media\/169408"}],"wp:attachment":[{"href":"https:\/\/news.canadamotorjobs.com\/fr\/wp-json\/wp\/v2\/media?parent=169406"}],"wp:term":[{"taxonomy":"category","embeddable":true,"href":"https:\/\/news.canadamotorjobs.com\/fr\/wp-json\/wp\/v2\/categories?post=169406"},{"taxonomy":"post_tag","embeddable":true,"href":"https:\/\/news.canadamotorjobs.com\/fr\/wp-json\/wp\/v2\/tags?post=169406"}],"curies":[{"name":"wp","href":"https:\/\/api.w.org\/{rel}","templated":true}]}}