{"id":169329,"date":"2024-07-22T07:31:46","date_gmt":"2024-07-22T11:31:46","guid":{"rendered":"https:\/\/news.canadamotorjobs.com\/?p=169329"},"modified":"2024-07-22T07:44:32","modified_gmt":"2024-07-22T11:44:32","slug":"1904-la-premiere-voiture-studebaker-a-essence-fait-ses-debuts-a-south-bend","status":"publish","type":"post","link":"https:\/\/news.canadamotorjobs.com\/fr\/1904-la-premiere-voiture-studebaker-a-essence-fait-ses-debuts-a-south-bend\/","title":{"rendered":"1904\u00a0:La premi\u00e8re voiture Studebaker \u00e0 essence fait ses d\u00e9buts \u00e0 South Bend"},"content":{"rendered":"<\/p>\n<p>La premi\u00e8re voiture \u00e0 essence Studebaker a \u00e9t\u00e9 produite \u00e0 South Bend, Indiana, aux \u00c9tats-Unis, et a fait ses d\u00e9buts dans la rue.<\/p>\n<h3>Un \u00e9v\u00e9nement orchestr\u00e9 avec soin<\/h3>\n<p>\nLa premi\u00e8re automobile \u00e0 essence Studebaker a \u00e9t\u00e9 vendue sur-le-champ \u00e0 H. D. Johnson, qui se trouvait par hasard sur place. En r\u00e9alit\u00e9, Johnson \u00e9tait le beau-fils de John M. Studebaker, et toute la transaction avait \u00e9t\u00e9 soigneusement orchestr\u00e9e pour marquer cet \u00e9v\u00e9nement historique.<\/p>\n<h3>Une r\u00e9putation de qualit\u00e9 et de fiabilit\u00e9<\/h3>\n<p>\nAu cours des 50 ann\u00e9es suivantes, Studebaker a \u00e9tabli une solide r\u00e9putation pour la qualit\u00e9 et la fiabilit\u00e9 de ses v\u00e9hicules. Cependant, des probl\u00e8mes financiers ont commenc\u00e9 \u00e0 \u00e9merger au fil des ans.<\/p>\n<h3>Fusion avec Packard et d\u00e9clin<\/h3>\n<p>\nEn 1954, face \u00e0 des difficult\u00e9s financi\u00e8res croissantes, la soci\u00e9t\u00e9 a fusionn\u00e9 avec le constructeur de voitures de luxe Packard pour former la Studebaker-Packard Corporation. Cependant, les probl\u00e8mes financiers de Studebaker \u00e9taient plus graves que les dirigeants de Packard ne l&#8217;avaient anticip\u00e9. La marque Packard a \u00e9t\u00e9 progressivement supprim\u00e9e, et en 1962, la soci\u00e9t\u00e9 est revenue \u00e0 son nom d&#8217;origine, Studebaker Corporation.<\/p>\n<h3>Fin de production<\/h3>\n<p>\nL&#8217;usine de South Bend a cess\u00e9 sa production le 20 d\u00e9cembre 1963. La derni\u00e8re automobile Studebaker est sortie de la cha\u00eene de montage de Hamilton, en Ontario, Canada, le 16 mars 1966.<\/p>\n<h3>Conclusion<\/h3>\n<p>\nL&#8217;histoire de Studebaker, marqu\u00e9e par des d\u00e9buts prometteurs et des innovations, s&#8217;est termin\u00e9e apr\u00e8s des d\u00e9cennies de lutte financi\u00e8re. Aujourd&#8217;hui, la marque reste un symbole de l&#8217;histoire automobile am\u00e9ricaine.<\/p>\n<p>Le texte <a rel=\"nofollow\" href=\"https:\/\/annuelauto.ca\/1904-la-premiere-voiture-studebaker-a-essence-fait-ses-debuts-a-south-bend\/\">1904\u00a0:La premi\u00e8re voiture Studebaker \u00e0 essence fait ses d\u00e9buts \u00e0 South Bend<\/a> provient de <a rel=\"nofollow\" href=\"https:\/\/annuelauto.ca\">L&#8217;annuel de l&#8217;automobile &#8211; Actualit\u00e9 automobile<\/a><\/p>\n<p><\/p>\n","protected":false},"excerpt":{"rendered":"<p>La premi\u00e8re voiture \u00e0 essence Studebaker a \u00e9t\u00e9 produite \u00e0 South Bend, Indiana, aux \u00c9tats-Unis, et a fait ses d\u00e9buts dans la rue. Un \u00e9v\u00e9nement orchestr\u00e9 avec soin La premi\u00e8re automobile \u00e0 essence Studebaker a \u00e9t\u00e9 vendue sur-le-champ \u00e0 H. D. Johnson, qui se trouvait par hasard sur place. En r\u00e9alit\u00e9, Johnson \u00e9tait le beau-fils [&hellip;]<\/p>\n","protected":false},"author":8,"featured_media":169331,"comment_status":"close","ping_status":"closed","sticky":false,"template":"","format":"standard","meta":{"_monsterinsights_skip_tracking":false,"_monsterinsights_sitenote_active":false,"_monsterinsights_sitenote_note":"","_monsterinsights_sitenote_category":0,"footnotes":""},"categories":[101],"tags":[],"yoast_head":"<!-- This site is optimized with the Yoast SEO plugin v23.2 - https:\/\/yoast.com\/wordpress\/plugins\/seo\/ -->\n<title>1904\u00a0:La premi\u00e8re voiture Studebaker \u00e0 essence fait ses d\u00e9buts \u00e0 South Bend - CanadaMotorJobs.com<\/title>\n<meta name=\"description\" content=\"1904\u00a0:La premi\u00e8re voiture Studebaker \u00e0 essence fait ses d\u00e9buts \u00e0 South Bend - Benoit Charette - Annuel automobile - CanadaMotorJobs.com.\" \/>\n<meta name=\"robots\" content=\"index, follow, max-snippet:-1, max-image-preview:large, max-video-preview:-1\" \/>\n<meta property=\"og:locale\" content=\"fr_CA\" \/>\n<meta property=\"og:type\" content=\"article\" \/>\n<meta property=\"og:title\" content=\"1904\u00a0:La premi\u00e8re voiture Studebaker \u00e0 essence fait ses d\u00e9buts \u00e0 South Bend - CanadaMotorJobs.com\" \/>\n<meta property=\"og:description\" content=\"1904\u00a0:La premi\u00e8re voiture Studebaker \u00e0 essence fait ses d\u00e9buts \u00e0 South Bend - Benoit Charette - Annuel automobile - CanadaMotorJobs.com.\" \/>\n<meta property=\"og:url\" content=\"https:\/\/news.canadamotorjobs.com\/fr\/1904-la-premiere-voiture-studebaker-a-essence-fait-ses-debuts-a-south-bend\/\" \/>\n<meta property=\"og:site_name\" content=\"CanadaMotorJobs.com\" \/>\n<meta property=\"article:publisher\" content=\"https:\/\/www.facebook.com\/canadamotorjobs\/\" \/>\n<meta property=\"article:published_time\" content=\"2024-07-22T11:31:46+00:00\" \/>\n<meta property=\"article:modified_time\" content=\"2024-07-22T11:44:32+00:00\" \/>\n<meta property=\"og:image\" content=\"https:\/\/news.canadamotorjobs.com\/wp-content\/uploads\/2024\/07\/7750486636_ff21e0e0fa_b.jpg\" \/>\n\t<meta property=\"og:image:width\" content=\"1024\" \/>\n\t<meta property=\"og:image:height\" content=\"766\" \/>\n\t<meta property=\"og:image:type\" content=\"image\/jpeg\" \/>\n<meta name=\"author\" content=\"Benoit Charette\" \/>\n<meta name=\"twitter:card\" content=\"summary_large_image\" \/>\n<meta name=\"twitter:creator\" content=\"@canadamotorjobs\" \/>\n<meta name=\"twitter:site\" content=\"@canadamotorjobs\" \/>\n<meta name=\"twitter:label1\" content=\"\u00c9crit par\" \/>\n\t<meta name=\"twitter:data1\" content=\"Benoit Charette\" \/>\n\t<meta name=\"twitter:label2\" content=\"Estimation du temps de lecture\" \/>\n\t<meta name=\"twitter:data2\" content=\"1 minute\" \/>\n<!-- \/ Yoast SEO plugin. -->","yoast_head_json":{"title":"1904\u00a0:La premi\u00e8re voiture Studebaker \u00e0 essence fait ses d\u00e9buts \u00e0 South Bend - CanadaMotorJobs.com","description":"1904\u00a0:La premi\u00e8re voiture Studebaker \u00e0 essence fait ses d\u00e9buts \u00e0 South Bend - Benoit Charette - Annuel automobile - CanadaMotorJobs.com.","robots":{"index":"index","follow":"follow","max-snippet":"max-snippet:-1","max-image-preview":"max-image-preview:large","max-video-preview":"max-video-preview:-1"},"og_locale":"fr_CA","og_type":"article","og_title":"1904\u00a0:La premi\u00e8re voiture Studebaker \u00e0 essence fait ses d\u00e9buts \u00e0 South Bend - CanadaMotorJobs.com","og_description":"1904\u00a0:La premi\u00e8re voiture Studebaker \u00e0 essence fait ses d\u00e9buts \u00e0 South Bend - Benoit Charette - Annuel automobile - CanadaMotorJobs.com.","og_url":"https:\/\/news.canadamotorjobs.com\/fr\/1904-la-premiere-voiture-studebaker-a-essence-fait-ses-debuts-a-south-bend\/","og_site_name":"CanadaMotorJobs.com","article_publisher":"https:\/\/www.facebook.com\/canadamotorjobs\/","article_published_time":"2024-07-22T11:31:46+00:00","article_modified_time":"2024-07-22T11:44:32+00:00","og_image":[{"width":1024,"height":766,"url":"https:\/\/news.canadamotorjobs.com\/wp-content\/uploads\/2024\/07\/7750486636_ff21e0e0fa_b.jpg","type":"image\/jpeg"}],"author":"Benoit Charette","twitter_card":"summary_large_image","twitter_creator":"@canadamotorjobs","twitter_site":"@canadamotorjobs","twitter_misc":{"\u00c9crit par":"Benoit Charette","Estimation du temps de lecture":"1 minute"},"schema":{"@context":"https:\/\/schema.org","@graph":[{"@type":"Article","@id":"https:\/\/news.canadamotorjobs.com\/fr\/1904-la-premiere-voiture-studebaker-a-essence-fait-ses-debuts-a-south-bend\/#article","isPartOf":{"@id":"https:\/\/news.canadamotorjobs.com\/fr\/1904-la-premiere-voiture-studebaker-a-essence-fait-ses-debuts-a-south-bend\/"},"author":{"name":"Benoit Charette","@id":"https:\/\/news.canadamotorjobs.com\/#\/schema\/person\/51793d1f87d44011d7bcc2ed99269a90"},"headline":"1904\u00a0:La premi\u00e8re voiture Studebaker \u00e0 essence fait ses d\u00e9buts \u00e0 South Bend","datePublished":"2024-07-22T11:31:46+00:00","dateModified":"2024-07-22T11:44:32+00:00","mainEntityOfPage":{"@id":"https:\/\/news.canadamotorjobs.com\/fr\/1904-la-premiere-voiture-studebaker-a-essence-fait-ses-debuts-a-south-bend\/"},"wordCount":302,"publisher":{"@id":"https:\/\/news.canadamotorjobs.com\/#organization"},"image":{"@id":"https:\/\/news.canadamotorjobs.com\/fr\/1904-la-premiere-voiture-studebaker-a-essence-fait-ses-debuts-a-south-bend\/#primaryimage"},"thumbnailUrl":"https:\/\/news.canadamotorjobs.com\/wp-content\/uploads\/2024\/07\/7750486636_ff21e0e0fa_b.jpg","articleSection":["Annuel automobile"],"inLanguage":"fr-CA"},{"@type":"WebPage","@id":"https:\/\/news.canadamotorjobs.com\/fr\/1904-la-premiere-voiture-studebaker-a-essence-fait-ses-debuts-a-south-bend\/","url":"https:\/\/news.canadamotorjobs.com\/fr\/1904-la-premiere-voiture-studebaker-a-essence-fait-ses-debuts-a-south-bend\/","name":"1904\u00a0:La premi\u00e8re voiture Studebaker \u00e0 essence fait ses d\u00e9buts \u00e0 South Bend - CanadaMotorJobs.com","isPartOf":{"@id":"https:\/\/news.canadamotorjobs.com\/#website"},"primaryImageOfPage":{"@id":"https:\/\/news.canadamotorjobs.com\/fr\/1904-la-premiere-voiture-studebaker-a-essence-fait-ses-debuts-a-south-bend\/#primaryimage"},"image":{"@id":"https:\/\/news.canadamotorjobs.com\/fr\/1904-la-premiere-voiture-studebaker-a-essence-fait-ses-debuts-a-south-bend\/#primaryimage"},"thumbnailUrl":"https:\/\/news.canadamotorjobs.com\/wp-content\/uploads\/2024\/07\/7750486636_ff21e0e0fa_b.jpg","datePublished":"2024-07-22T11:31:46+00:00","dateModified":"2024-07-22T11:44:32+00:00","description":"1904\u00a0:La premi\u00e8re voiture Studebaker \u00e0 essence fait ses d\u00e9buts \u00e0 South Bend - Benoit Charette - Annuel automobile - CanadaMotorJobs.com.","breadcrumb":{"@id":"https:\/\/news.canadamotorjobs.com\/fr\/1904-la-premiere-voiture-studebaker-a-essence-fait-ses-debuts-a-south-bend\/#breadcrumb"},"inLanguage":"fr-CA","potentialAction":[{"@type":"ReadAction","target":["https:\/\/news.canadamotorjobs.com\/fr\/1904-la-premiere-voiture-studebaker-a-essence-fait-ses-debuts-a-south-bend\/"]}]},{"@type":"ImageObject","inLanguage":"fr-CA","@id":"https:\/\/news.canadamotorjobs.com\/fr\/1904-la-premiere-voiture-studebaker-a-essence-fait-ses-debuts-a-south-bend\/#primaryimage","url":"https:\/\/news.canadamotorjobs.com\/wp-content\/uploads\/2024\/07\/7750486636_ff21e0e0fa_b.jpg","contentUrl":"https:\/\/news.canadamotorjobs.com\/wp-content\/uploads\/2024\/07\/7750486636_ff21e0e0fa_b.jpg","width":1024,"height":766},{"@type":"BreadcrumbList","@id":"https:\/\/news.canadamotorjobs.com\/fr\/1904-la-premiere-voiture-studebaker-a-essence-fait-ses-debuts-a-south-bend\/#breadcrumb","itemListElement":[{"@type":"ListItem","position":1,"name":"Home","item":"https:\/\/news.canadamotorjobs.com\/fr\/blog\/"},{"@type":"ListItem","position":2,"name":"1904\u00a0:La premi\u00e8re voiture Studebaker \u00e0 essence fait ses d\u00e9buts \u00e0 South Bend"}]},{"@type":"WebSite","@id":"https:\/\/news.canadamotorjobs.com\/#website","url":"https:\/\/news.canadamotorjobs.com\/","name":"CanadaMotorJobs.com","description":"Automotive Jobs","publisher":{"@id":"https:\/\/news.canadamotorjobs.com\/#organization"},"potentialAction":[{"@type":"SearchAction","target":{"@type":"EntryPoint","urlTemplate":"https:\/\/news.canadamotorjobs.com\/?s={search_term_string}"},"query-input":"required name=search_term_string"}],"inLanguage":"fr-CA"},{"@type":"Organization","@id":"https:\/\/news.canadamotorjobs.com\/#organization","name":"Canada Motor Jobs","url":"https:\/\/news.canadamotorjobs.com\/","logo":{"@type":"ImageObject","inLanguage":"fr-CA","@id":"https:\/\/news.canadamotorjobs.com\/#\/schema\/logo\/image\/","url":"https:\/\/news.canadamotorjobs.com\/wp-content\/uploads\/2022\/10\/logo-canada-motor-jobs-1.png","contentUrl":"https:\/\/news.canadamotorjobs.com\/wp-content\/uploads\/2022\/10\/logo-canada-motor-jobs-1.png","width":800,"height":400,"caption":"Canada Motor Jobs"},"image":{"@id":"https:\/\/news.canadamotorjobs.com\/#\/schema\/logo\/image\/"},"sameAs":["https:\/\/www.facebook.com\/canadamotorjobs\/","https:\/\/x.com\/canadamotorjobs","https:\/\/www.instagram.com\/canadamotorjobs\/","https:\/\/www.linkedin.com\/company\/canadamotorjobs"]},{"@type":"Person","@id":"https:\/\/news.canadamotorjobs.com\/#\/schema\/person\/51793d1f87d44011d7bcc2ed99269a90","name":"Benoit Charette","image":{"@type":"ImageObject","inLanguage":"fr-CA","@id":"https:\/\/news.canadamotorjobs.com\/#\/schema\/person\/image\/","url":"https:\/\/secure.gravatar.com\/avatar\/45f3d2eebcccd909668d7ce7ea7267b6?s=96&d=mm&r=g","contentUrl":"https:\/\/secure.gravatar.com\/avatar\/45f3d2eebcccd909668d7ce7ea7267b6?s=96&d=mm&r=g","caption":"Benoit Charette"},"description":"Benoit Charette \/ Propri\u00e9taire et r\u00e9dacteur en chef Benoit Charette pratique le journalisme automobile depuis bient\u00f4t 30 ans. Il a fait ses classes au c\u00f4t\u00e9 de Daniel H\u00e9raud et au Carnet de route de 1992 \u00e0 2001. Il est fondateur, copropri\u00e9taire et r\u00e9dacteur en chef de L\u2019Annuel de l\u2019automobile, qu\u2019il publie depuis 2001. Il a anim\u00e9 les \u00e9missions RPM et RPM+ sur V et les L\u00e9gendes de la route sur Historia. \u00c0 la radio depuis 1986, il reprend l\u2019antenne cette ann\u00e9e sur les ondes de Cogeco et participe pour la deuxi\u00e8me ann\u00e9e \u00e0 l\u2019\u00e9mission Passion Auto sur RDS en plus de mettre en ligne le site Web officiel de L\u2019Annuel de l\u2019automobile sur annuelauto.ca.","sameAs":["https:\/\/annuelauto.ca\/"],"url":"https:\/\/news.canadamotorjobs.com\/fr\/author\/benoit-charette\/"}]}},"_links":{"self":[{"href":"https:\/\/news.canadamotorjobs.com\/fr\/wp-json\/wp\/v2\/posts\/169329"}],"collection":[{"href":"https:\/\/news.canadamotorjobs.com\/fr\/wp-json\/wp\/v2\/posts"}],"about":[{"href":"https:\/\/news.canadamotorjobs.com\/fr\/wp-json\/wp\/v2\/types\/post"}],"author":[{"embeddable":true,"href":"https:\/\/news.canadamotorjobs.com\/fr\/wp-json\/wp\/v2\/users\/8"}],"replies":[{"embeddable":true,"href":"https:\/\/news.canadamotorjobs.com\/fr\/wp-json\/wp\/v2\/comments?post=169329"}],"version-history":[{"count":2,"href":"https:\/\/news.canadamotorjobs.com\/fr\/wp-json\/wp\/v2\/posts\/169329\/revisions"}],"predecessor-version":[{"id":169333,"href":"https:\/\/news.canadamotorjobs.com\/fr\/wp-json\/wp\/v2\/posts\/169329\/revisions\/169333"}],"wp:featuredmedia":[{"embeddable":true,"href":"https:\/\/news.canadamotorjobs.com\/fr\/wp-json\/wp\/v2\/media\/169331"}],"wp:attachment":[{"href":"https:\/\/news.canadamotorjobs.com\/fr\/wp-json\/wp\/v2\/media?parent=169329"}],"wp:term":[{"taxonomy":"category","embeddable":true,"href":"https:\/\/news.canadamotorjobs.com\/fr\/wp-json\/wp\/v2\/categories?post=169329"},{"taxonomy":"post_tag","embeddable":true,"href":"https:\/\/news.canadamotorjobs.com\/fr\/wp-json\/wp\/v2\/tags?post=169329"}],"curies":[{"name":"wp","href":"https:\/\/api.w.org\/{rel}","templated":true}]}}