{"id":169306,"date":"2024-07-20T09:29:46","date_gmt":"2024-07-20T13:29:46","guid":{"rendered":"https:\/\/news.canadamotorjobs.com\/?p=169306"},"modified":"2024-07-22T07:18:22","modified_gmt":"2024-07-22T11:18:22","slug":"ford-le-prochain-super-duty-sera-hybride","status":"publish","type":"post","link":"https:\/\/news.canadamotorjobs.com\/fr\/ford-le-prochain-super-duty-sera-hybride\/","title":{"rendered":"Ford : Le Prochain Super Duty Sera Hybride"},"content":{"rendered":"<\/p>\n<p>Dans un communiqu\u00e9 de presse, Ford a annonc\u00e9 que son complexe d&#8217;assemblage d&#8217;Oakville, en Ontario, commencera la production de camions en 2026. Ce d\u00e9m\u00e9nagement ajoutera 100 000 unit\u00e9s \u00e0 l&#8217;approvisionnement annuel de Super Duty de Ford. Mais cela introduira \u00e9galement l&#8217;\u00e9lectrification dans la gamme de camions lourds.<\/p>\n<h3>Peu de d\u00e9tails pour le moment<\/h3>\n<p>\nActuellement, tr\u00e8s peu de d\u00e9tails sont disponibles sur le camion. L&#8217;annonce de Ford indique qu&#8217;Oakville &#8220;ouvre la voie pour apporter une technologie multi-\u00e9nergie \u00e0 la prochaine g\u00e9n\u00e9ration de camions Super Duty, offrant aux clients plus de libert\u00e9 de choix et soutenant le plan d&#8217;\u00e9lectrification de Ford.&#8221; On peut supposer en toute s\u00e9curit\u00e9 que &#8220;multi-\u00e9nergie&#8221; signifie hybride. Mais s&#8217;il s&#8217;agit d&#8217;hybrides rechargeables, d&#8217;hybrides l\u00e9gers ou de piles \u00e0 hydrog\u00e8ne, cela reste inconnu.<\/p>\n<h3>Plan futur<\/h3>\n<p>\nCette annonce intervient alors que Ford\u2014comme de nombreux autres constructeurs automobiles\u2014reconsid\u00e8re ses plans futurs pour les v\u00e9hicules \u00e9lectriques. Oakville \u00e9tait initialement pr\u00e9vu pour construire un SUV \u00e9lectrique \u00e0 trois rang\u00e9es, donc l&#8217;emplacement est d\u00e9j\u00e0 pr\u00e9par\u00e9 pour au moins une certaine \u00e9lectrification de la production Super Duty. Actuellement, les camions lourds sont fabriqu\u00e9s dans deux grandes usines au Kentucky et en Ohio, et Ford dit qu&#8217;ils travaillent \u00e0 plein r\u00e9gime pour r\u00e9pondre \u00e0 la demande.<\/p>\n<h3>Et les v\u00e9hicules \u00e9lectriques<\/h3>\n<p>\nQuant au VUS \u00e9lectrique \u00e0 trois rang\u00e9es, Ford a toujours l&#8217;intention de le construire, mais o\u00f9 et quand cela se fera reste incertain. Initialement pr\u00e9vu pour 2025, il a \u00e9t\u00e9 retard\u00e9 jusqu&#8217;en 2027, mais avec cette nouvelle annonce, il est possible que le retard soit encore prolong\u00e9. En ce qui concerne les emplacements, Ford travaille toujours sur son vaste complexe BlueOval City EV dans le Tennessee. Le prochain camion \u00e9lectrique de nouvelle g\u00e9n\u00e9ration de la soci\u00e9t\u00e9 y sera construit. Il est concevable que le SUV puisse \u00e9galement y \u00eatre transf\u00e9r\u00e9.<\/p>\n<h3>Miser sur une valeur s\u00fbre<\/h3>\n<p>\nLe &#8220;Super Duty est un outil vital pour les entreprises et les personnes du monde entier et, m\u00eame avec notre usine de camions du Kentucky et notre usine d&#8217;assemblage de l&#8217;Ohio fonctionnant \u00e0 plein r\u00e9gime, nous ne pouvons pas r\u00e9pondre \u00e0 la demande,&#8221; a d\u00e9clar\u00e9 le PDG de Ford, Jim Farley. &#8220;Ce d\u00e9m\u00e9nagement b\u00e9n\u00e9ficie \u00e0 nos clients et dynamise notre activit\u00e9 commerciale Ford Pro. En m\u00eame temps, nous nous r\u00e9jouissons d&#8217;introduire des v\u00e9hicules utilitaires \u00e9lectriques \u00e0 trois rang\u00e9es, en tirant parti de notre exp\u00e9rience en mati\u00e8re de v\u00e9hicules utilitaires \u00e0 trois rang\u00e9es et de nos apprentissages en tant que deuxi\u00e8me marque de v\u00e9hicules \u00e9lectriques aux \u00c9tats-Unis pour offrir des v\u00e9hicules fantastiques et rentables.&#8221;<\/p>\n<p>Avec des renseignements d&#8217;Automotive News<\/p>\n<p>Le texte <a rel=\"nofollow\" href=\"https:\/\/annuelauto.ca\/le-prochain-ford-super-duty-offrira-une-version-hybride\/\">Ford : Le Prochain Super Duty Sera Hybride<\/a> provient de <a rel=\"nofollow\" href=\"https:\/\/annuelauto.ca\">L&#8217;annuel de l&#8217;automobile &#8211; Actualit\u00e9 automobile<\/a><\/p>\n<p><\/p>\n","protected":false},"excerpt":{"rendered":"<p>Dans un communiqu\u00e9 de presse, Ford a annonc\u00e9 que son complexe d&#8217;assemblage d&#8217;Oakville, en Ontario, commencera la production de camions en 2026. Ce d\u00e9m\u00e9nagement ajoutera 100 000 unit\u00e9s \u00e0 l&#8217;approvisionnement annuel de Super Duty de Ford. Mais cela introduira \u00e9galement l&#8217;\u00e9lectrification dans la gamme de camions lourds. Peu de d\u00e9tails pour le moment Actuellement, tr\u00e8s [&hellip;]<\/p>\n","protected":false},"author":8,"featured_media":169308,"comment_status":"close","ping_status":"closed","sticky":false,"template":"","format":"standard","meta":{"_monsterinsights_skip_tracking":false,"_monsterinsights_sitenote_active":false,"_monsterinsights_sitenote_note":"","_monsterinsights_sitenote_category":0,"footnotes":""},"categories":[101],"tags":[],"yoast_head":"<!-- This site is optimized with the Yoast SEO plugin v23.2 - https:\/\/yoast.com\/wordpress\/plugins\/seo\/ -->\n<title>Ford : Le Prochain Super Duty Sera Hybride - CanadaMotorJobs.com<\/title>\n<meta name=\"description\" content=\"Ford : Le Prochain Super Duty Sera Hybride - Benoit Charette - Annuel automobile - CanadaMotorJobs.com.\" \/>\n<meta name=\"robots\" content=\"index, follow, max-snippet:-1, max-image-preview:large, max-video-preview:-1\" \/>\n<meta property=\"og:locale\" content=\"fr_CA\" \/>\n<meta property=\"og:type\" content=\"article\" \/>\n<meta property=\"og:title\" content=\"Ford : Le Prochain Super Duty Sera Hybride - CanadaMotorJobs.com\" \/>\n<meta property=\"og:description\" content=\"Ford : Le Prochain Super Duty Sera Hybride - Benoit Charette - Annuel automobile - CanadaMotorJobs.com.\" \/>\n<meta property=\"og:url\" content=\"https:\/\/news.canadamotorjobs.com\/fr\/ford-le-prochain-super-duty-sera-hybride\/\" \/>\n<meta property=\"og:site_name\" content=\"CanadaMotorJobs.com\" \/>\n<meta property=\"article:publisher\" content=\"https:\/\/www.facebook.com\/canadamotorjobs\/\" \/>\n<meta property=\"article:published_time\" content=\"2024-07-20T13:29:46+00:00\" \/>\n<meta property=\"article:modified_time\" content=\"2024-07-22T11:18:22+00:00\" \/>\n<meta property=\"og:image\" content=\"https:\/\/news.canadamotorjobs.com\/wp-content\/uploads\/2024\/07\/2023-Ford-Super-Duty-F-350-Lariat_01.jpg\" \/>\n\t<meta property=\"og:image:width\" content=\"1280\" \/>\n\t<meta property=\"og:image:height\" content=\"682\" \/>\n\t<meta property=\"og:image:type\" content=\"image\/jpeg\" \/>\n<meta name=\"author\" content=\"Benoit Charette\" \/>\n<meta name=\"twitter:card\" content=\"summary_large_image\" \/>\n<meta name=\"twitter:creator\" content=\"@canadamotorjobs\" \/>\n<meta name=\"twitter:site\" content=\"@canadamotorjobs\" \/>\n<meta name=\"twitter:label1\" content=\"\u00c9crit par\" \/>\n\t<meta name=\"twitter:data1\" content=\"Benoit Charette\" \/>\n\t<meta name=\"twitter:label2\" content=\"Estimation du temps de lecture\" \/>\n\t<meta name=\"twitter:data2\" content=\"2 minutes\" \/>\n<!-- \/ Yoast SEO plugin. -->","yoast_head_json":{"title":"Ford : Le Prochain Super Duty Sera Hybride - CanadaMotorJobs.com","description":"Ford : Le Prochain Super Duty Sera Hybride - Benoit Charette - Annuel automobile - CanadaMotorJobs.com.","robots":{"index":"index","follow":"follow","max-snippet":"max-snippet:-1","max-image-preview":"max-image-preview:large","max-video-preview":"max-video-preview:-1"},"og_locale":"fr_CA","og_type":"article","og_title":"Ford : Le Prochain Super Duty Sera Hybride - CanadaMotorJobs.com","og_description":"Ford : Le Prochain Super Duty Sera Hybride - Benoit Charette - Annuel automobile - CanadaMotorJobs.com.","og_url":"https:\/\/news.canadamotorjobs.com\/fr\/ford-le-prochain-super-duty-sera-hybride\/","og_site_name":"CanadaMotorJobs.com","article_publisher":"https:\/\/www.facebook.com\/canadamotorjobs\/","article_published_time":"2024-07-20T13:29:46+00:00","article_modified_time":"2024-07-22T11:18:22+00:00","og_image":[{"width":1280,"height":682,"url":"https:\/\/news.canadamotorjobs.com\/wp-content\/uploads\/2024\/07\/2023-Ford-Super-Duty-F-350-Lariat_01.jpg","type":"image\/jpeg"}],"author":"Benoit Charette","twitter_card":"summary_large_image","twitter_creator":"@canadamotorjobs","twitter_site":"@canadamotorjobs","twitter_misc":{"\u00c9crit par":"Benoit Charette","Estimation du temps de lecture":"2 minutes"},"schema":{"@context":"https:\/\/schema.org","@graph":[{"@type":"Article","@id":"https:\/\/news.canadamotorjobs.com\/fr\/ford-le-prochain-super-duty-sera-hybride\/#article","isPartOf":{"@id":"https:\/\/news.canadamotorjobs.com\/fr\/ford-le-prochain-super-duty-sera-hybride\/"},"author":{"name":"Benoit Charette","@id":"https:\/\/news.canadamotorjobs.com\/#\/schema\/person\/51793d1f87d44011d7bcc2ed99269a90"},"headline":"Ford : Le Prochain Super Duty Sera Hybride","datePublished":"2024-07-20T13:29:46+00:00","dateModified":"2024-07-22T11:18:22+00:00","mainEntityOfPage":{"@id":"https:\/\/news.canadamotorjobs.com\/fr\/ford-le-prochain-super-duty-sera-hybride\/"},"wordCount":495,"publisher":{"@id":"https:\/\/news.canadamotorjobs.com\/#organization"},"image":{"@id":"https:\/\/news.canadamotorjobs.com\/fr\/ford-le-prochain-super-duty-sera-hybride\/#primaryimage"},"thumbnailUrl":"https:\/\/news.canadamotorjobs.com\/wp-content\/uploads\/2024\/07\/2023-Ford-Super-Duty-F-350-Lariat_01.jpg","articleSection":["Annuel automobile"],"inLanguage":"fr-CA"},{"@type":"WebPage","@id":"https:\/\/news.canadamotorjobs.com\/fr\/ford-le-prochain-super-duty-sera-hybride\/","url":"https:\/\/news.canadamotorjobs.com\/fr\/ford-le-prochain-super-duty-sera-hybride\/","name":"Ford : Le Prochain Super Duty Sera Hybride - CanadaMotorJobs.com","isPartOf":{"@id":"https:\/\/news.canadamotorjobs.com\/#website"},"primaryImageOfPage":{"@id":"https:\/\/news.canadamotorjobs.com\/fr\/ford-le-prochain-super-duty-sera-hybride\/#primaryimage"},"image":{"@id":"https:\/\/news.canadamotorjobs.com\/fr\/ford-le-prochain-super-duty-sera-hybride\/#primaryimage"},"thumbnailUrl":"https:\/\/news.canadamotorjobs.com\/wp-content\/uploads\/2024\/07\/2023-Ford-Super-Duty-F-350-Lariat_01.jpg","datePublished":"2024-07-20T13:29:46+00:00","dateModified":"2024-07-22T11:18:22+00:00","description":"Ford : Le Prochain Super Duty Sera Hybride - Benoit Charette - Annuel automobile - CanadaMotorJobs.com.","breadcrumb":{"@id":"https:\/\/news.canadamotorjobs.com\/fr\/ford-le-prochain-super-duty-sera-hybride\/#breadcrumb"},"inLanguage":"fr-CA","potentialAction":[{"@type":"ReadAction","target":["https:\/\/news.canadamotorjobs.com\/fr\/ford-le-prochain-super-duty-sera-hybride\/"]}]},{"@type":"ImageObject","inLanguage":"fr-CA","@id":"https:\/\/news.canadamotorjobs.com\/fr\/ford-le-prochain-super-duty-sera-hybride\/#primaryimage","url":"https:\/\/news.canadamotorjobs.com\/wp-content\/uploads\/2024\/07\/2023-Ford-Super-Duty-F-350-Lariat_01.jpg","contentUrl":"https:\/\/news.canadamotorjobs.com\/wp-content\/uploads\/2024\/07\/2023-Ford-Super-Duty-F-350-Lariat_01.jpg","width":1280,"height":682},{"@type":"BreadcrumbList","@id":"https:\/\/news.canadamotorjobs.com\/fr\/ford-le-prochain-super-duty-sera-hybride\/#breadcrumb","itemListElement":[{"@type":"ListItem","position":1,"name":"Home","item":"https:\/\/news.canadamotorjobs.com\/fr\/blog\/"},{"@type":"ListItem","position":2,"name":"Ford : Le Prochain Super Duty Sera Hybride"}]},{"@type":"WebSite","@id":"https:\/\/news.canadamotorjobs.com\/#website","url":"https:\/\/news.canadamotorjobs.com\/","name":"CanadaMotorJobs.com","description":"Automotive Jobs","publisher":{"@id":"https:\/\/news.canadamotorjobs.com\/#organization"},"potentialAction":[{"@type":"SearchAction","target":{"@type":"EntryPoint","urlTemplate":"https:\/\/news.canadamotorjobs.com\/?s={search_term_string}"},"query-input":"required name=search_term_string"}],"inLanguage":"fr-CA"},{"@type":"Organization","@id":"https:\/\/news.canadamotorjobs.com\/#organization","name":"Canada Motor Jobs","url":"https:\/\/news.canadamotorjobs.com\/","logo":{"@type":"ImageObject","inLanguage":"fr-CA","@id":"https:\/\/news.canadamotorjobs.com\/#\/schema\/logo\/image\/","url":"https:\/\/news.canadamotorjobs.com\/wp-content\/uploads\/2022\/10\/logo-canada-motor-jobs-1.png","contentUrl":"https:\/\/news.canadamotorjobs.com\/wp-content\/uploads\/2022\/10\/logo-canada-motor-jobs-1.png","width":800,"height":400,"caption":"Canada Motor Jobs"},"image":{"@id":"https:\/\/news.canadamotorjobs.com\/#\/schema\/logo\/image\/"},"sameAs":["https:\/\/www.facebook.com\/canadamotorjobs\/","https:\/\/x.com\/canadamotorjobs","https:\/\/www.instagram.com\/canadamotorjobs\/","https:\/\/www.linkedin.com\/company\/canadamotorjobs"]},{"@type":"Person","@id":"https:\/\/news.canadamotorjobs.com\/#\/schema\/person\/51793d1f87d44011d7bcc2ed99269a90","name":"Benoit Charette","image":{"@type":"ImageObject","inLanguage":"fr-CA","@id":"https:\/\/news.canadamotorjobs.com\/#\/schema\/person\/image\/","url":"https:\/\/secure.gravatar.com\/avatar\/45f3d2eebcccd909668d7ce7ea7267b6?s=96&d=mm&r=g","contentUrl":"https:\/\/secure.gravatar.com\/avatar\/45f3d2eebcccd909668d7ce7ea7267b6?s=96&d=mm&r=g","caption":"Benoit Charette"},"description":"Benoit Charette \/ Propri\u00e9taire et r\u00e9dacteur en chef Benoit Charette pratique le journalisme automobile depuis bient\u00f4t 30 ans. Il a fait ses classes au c\u00f4t\u00e9 de Daniel H\u00e9raud et au Carnet de route de 1992 \u00e0 2001. Il est fondateur, copropri\u00e9taire et r\u00e9dacteur en chef de L\u2019Annuel de l\u2019automobile, qu\u2019il publie depuis 2001. Il a anim\u00e9 les \u00e9missions RPM et RPM+ sur V et les L\u00e9gendes de la route sur Historia. \u00c0 la radio depuis 1986, il reprend l\u2019antenne cette ann\u00e9e sur les ondes de Cogeco et participe pour la deuxi\u00e8me ann\u00e9e \u00e0 l\u2019\u00e9mission Passion Auto sur RDS en plus de mettre en ligne le site Web officiel de L\u2019Annuel de l\u2019automobile sur annuelauto.ca.","sameAs":["https:\/\/annuelauto.ca\/"],"url":"https:\/\/news.canadamotorjobs.com\/fr\/author\/benoit-charette\/"}]}},"_links":{"self":[{"href":"https:\/\/news.canadamotorjobs.com\/fr\/wp-json\/wp\/v2\/posts\/169306"}],"collection":[{"href":"https:\/\/news.canadamotorjobs.com\/fr\/wp-json\/wp\/v2\/posts"}],"about":[{"href":"https:\/\/news.canadamotorjobs.com\/fr\/wp-json\/wp\/v2\/types\/post"}],"author":[{"embeddable":true,"href":"https:\/\/news.canadamotorjobs.com\/fr\/wp-json\/wp\/v2\/users\/8"}],"replies":[{"embeddable":true,"href":"https:\/\/news.canadamotorjobs.com\/fr\/wp-json\/wp\/v2\/comments?post=169306"}],"version-history":[{"count":2,"href":"https:\/\/news.canadamotorjobs.com\/fr\/wp-json\/wp\/v2\/posts\/169306\/revisions"}],"predecessor-version":[{"id":169310,"href":"https:\/\/news.canadamotorjobs.com\/fr\/wp-json\/wp\/v2\/posts\/169306\/revisions\/169310"}],"wp:featuredmedia":[{"embeddable":true,"href":"https:\/\/news.canadamotorjobs.com\/fr\/wp-json\/wp\/v2\/media\/169308"}],"wp:attachment":[{"href":"https:\/\/news.canadamotorjobs.com\/fr\/wp-json\/wp\/v2\/media?parent=169306"}],"wp:term":[{"taxonomy":"category","embeddable":true,"href":"https:\/\/news.canadamotorjobs.com\/fr\/wp-json\/wp\/v2\/categories?post=169306"},{"taxonomy":"post_tag","embeddable":true,"href":"https:\/\/news.canadamotorjobs.com\/fr\/wp-json\/wp\/v2\/tags?post=169306"}],"curies":[{"name":"wp","href":"https:\/\/api.w.org\/{rel}","templated":true}]}}