{"id":169229,"date":"2024-07-19T12:17:11","date_gmt":"2024-07-19T16:17:11","guid":{"rendered":"https:\/\/news.canadamotorjobs.com\/?p=169229"},"modified":"2024-07-19T12:30:12","modified_gmt":"2024-07-19T16:30:12","slug":"ford-en-tete-des-rappels-en-2024","status":"publish","type":"post","link":"https:\/\/news.canadamotorjobs.com\/fr\/ford-en-tete-des-rappels-en-2024\/","title":{"rendered":"Ford en t\u00eate des rappels en 2024"},"content":{"rendered":"<\/p>\n<h3><strong>Un d\u00e9but d&#8217;ann\u00e9e difficile pour Ford<\/strong><\/h3>\n<p>\nFord a \u00e9mis 31 rappels pour pr\u00e8s de 3,7 millions de v\u00e9hicules au cours du premier semestre 2024. En comparaison, Tesla, le deuxi\u00e8me constructeur le plus touch\u00e9, a annonc\u00e9 huit rappels pour 2,6 millions de voitures, bien que certains probl\u00e8mes aient \u00e9t\u00e9 r\u00e9solus par des mises \u00e0 jour \u00e0 distance. De son c\u00f4t\u00e9, GM, le grand rival de Ford, n&#8217;a rappel\u00e9 que 655 867 v\u00e9hicules en 2024.<\/p>\n<h3><strong>Une tendance qui se poursuit<\/strong><\/h3>\n<p>\nFord continue de montrer une constance remarquable, mais pour les mauvaises raisons. L&#8217;entreprise am\u00e9ricaine a re\u00e7u la &#8220;cuill\u00e8re en bois&#8221; du contr\u00f4le de qualit\u00e9 en 2023 pour la troisi\u00e8me ann\u00e9e cons\u00e9cutive, bas\u00e9e sur le nombre de rappels annonc\u00e9s et le nombre de voitures concern\u00e9es par ces campagnes. \u00c0 mi-parcours de 2024, les choses semblent encore pires.<\/p>\n<h3><strong>Statistiques et grands rappels<\/strong><\/h3>\n<p>\nEn 2023, Ford a \u00e9mis 54 rappels couvrant 5 692 135 v\u00e9hicules. Cependant, avec seulement six mois \u00e9coul\u00e9s en 2024, Ford \u2013 et sa filiale Lincoln \u2013 a d\u00e9j\u00e0 annonc\u00e9 31 rappels affectant 3 660 752 voitures, camions et SUV. Parmi les plus grands rappels de Ford cette ann\u00e9e, on compte plus d&#8217;un demi-million de camions F-150 n\u00e9cessitant une calibration logicielle pour \u00e9viter un passage inattendu en premi\u00e8re vitesse, et presque autant de Bronco Sports et Mavericks devant retourner chez les concessionnaires en raison d&#8217;un probl\u00e8me \u00e9lectrique.<\/p>\n<h3><strong>Les autres constructeurs<\/strong><\/h3>\n<p>\nTesla, bien qu&#8217;\u00e9tant le deuxi\u00e8me constructeur le plus touch\u00e9, a \u00e9mis huit rappels pour 2 552 178 v\u00e9hicules, un r\u00e9sultat m\u00e9diocre compte tenu du nombre relativement faible de voitures vendues par rapport \u00e0 Ford. Chrysler a \u00e9mis 28 rappels pour 2 247 965 voitures, tandis que Kia, Honda et Toyota ont chacun rappel\u00e9 un peu plus de 1 million de v\u00e9hicules.<\/p>\n<h3><strong>Le cas de GM<\/strong><\/h3>\n<p>\nCompar\u00e9 aux autres constructeurs, GM s&#8217;en sort bien mieux avec seulement 655 867 v\u00e9hicules rappel\u00e9s au cours du premier semestre de 2024, se pla\u00e7ant en huiti\u00e8me position sur le tableau des rappels.<\/p>\n<table><\/p>\n<thead><\/p>\n<tr><\/p>\n<td><strong>Constructeur<\/strong><\/td>\n<p><\/p>\n<td><strong>V\u00e9hicules Potentiellement Affect\u00e9s<\/strong><\/td>\n<p><\/p>\n<td><strong>Nombre de Rappels<\/strong><\/td>\n<p>\n<\/tr>\n<p>\n<\/thead>\n<p><\/p>\n<tbody><\/p>\n<tr><\/p>\n<td>Ford Motor Company<\/td>\n<p><\/p>\n<td>3 660 752<\/td>\n<p><\/p>\n<td>31<\/td>\n<p>\n<\/tr>\n<p><\/p>\n<tr><\/p>\n<td>Tesla, Inc.<\/td>\n<p><\/p>\n<td>2 552 178<\/td>\n<p><\/p>\n<td>8<\/td>\n<p>\n<\/tr>\n<p><\/p>\n<tr><\/p>\n<td>Chrysler (FCA US, LLC)<\/td>\n<p><\/p>\n<td>2 247 965<\/td>\n<p><\/p>\n<td>28<\/td>\n<p>\n<\/tr>\n<p><\/p>\n<tr><\/p>\n<td>Kia America, Inc.<\/td>\n<p><\/p>\n<td>1 120 958<\/td>\n<p><\/p>\n<td>15<\/td>\n<p>\n<\/tr>\n<p><\/p>\n<tr><\/p>\n<td>Honda (American Honda Motor Co.)<\/td>\n<p><\/p>\n<td>1 081 822<\/td>\n<p><\/p>\n<td>6<\/td>\n<p>\n<\/tr>\n<p><\/p>\n<tr><\/p>\n<td>Toyota Motor Engineering &amp; Manufacturing<\/td>\n<p><\/p>\n<td>1 012 730<\/td>\n<p><\/p>\n<td>10<\/td>\n<p>\n<\/tr>\n<p><\/p>\n<tr><\/p>\n<td>Volkswagen Group of America, Inc.<\/td>\n<p><\/p>\n<td>725 620<\/td>\n<p><\/p>\n<td>10<\/td>\n<p>\n<\/tr>\n<p><\/p>\n<tr><\/p>\n<td>General Motors, LLC<\/td>\n<p><\/p>\n<td>655 867<\/td>\n<p><\/p>\n<td>13<\/td>\n<p>\n<\/tr>\n<p><\/p>\n<tr><\/p>\n<td>Hyundai Motor America<\/td>\n<p><\/p>\n<td>489 998<\/td>\n<p><\/p>\n<td>12<\/td>\n<p>\n<\/tr>\n<p><\/p>\n<tr><\/p>\n<td>Mercedes-Benz USA, LLC<\/td>\n<p><\/p>\n<td>330 345<\/td>\n<p><\/p>\n<td>14<\/td>\n<p>\n<\/tr>\n<p><\/p>\n<tr><\/p>\n<td>Subaru of America, Inc.<\/td>\n<p><\/p>\n<td>118 723<\/td>\n<p><\/p>\n<td>1<\/td>\n<p>\n<\/tr>\n<p><\/p>\n<tr><\/p>\n<td>Nissan North America, Inc.<\/td>\n<p><\/p>\n<td>102 890<\/td>\n<p><\/p>\n<td>9<\/td>\n<p>\n<\/tr>\n<p><\/p>\n<tr><\/p>\n<td>Jaguar Land Rover North America, LLC<\/td>\n<p><\/p>\n<td>90 809<\/td>\n<p><\/p>\n<td>12<\/td>\n<p>\n<\/tr>\n<p><\/p>\n<tr><\/p>\n<td>BMW of North America, LLC<\/td>\n<p><\/p>\n<td>90 121<\/td>\n<p><\/p>\n<td>11<\/td>\n<p>\n<\/tr>\n<p><\/p>\n<tr><\/p>\n<td>Mazda North American Operations<\/td>\n<p><\/p>\n<td>53 368<\/td>\n<p><\/p>\n<td>2<\/td>\n<p>\n<\/tr>\n<p><\/p>\n<tr><\/p>\n<td>Porsche Cars North America, Inc.<\/td>\n<p><\/p>\n<td>42 069<\/td>\n<p><\/p>\n<td>6<\/td>\n<p>\n<\/tr>\n<p><\/p>\n<tr><\/p>\n<td>Polestar Automotive USA, Inc.<\/td>\n<p><\/p>\n<td>25 825<\/td>\n<p><\/p>\n<td>1<\/td>\n<p>\n<\/tr>\n<p><\/p>\n<tr><\/p>\n<td>Fisker Group Inc<\/td>\n<p><\/p>\n<td>21 932<\/td>\n<p><\/p>\n<td>3<\/td>\n<p>\n<\/tr>\n<p><\/p>\n<tr><\/p>\n<td>Volvo Car USA, LLC<\/td>\n<p><\/p>\n<td>17 409<\/td>\n<p><\/p>\n<td>1<\/td>\n<p>\n<\/tr>\n<p><\/p>\n<tr><\/p>\n<td>Rivian Automotive, LLC<\/td>\n<p><\/p>\n<td>4 850<\/td>\n<p><\/p>\n<td>4<\/td>\n<p>\n<\/tr>\n<p><\/p>\n<tr><\/p>\n<td>Aston Martin The Americas<\/td>\n<p><\/p>\n<td>3 632<\/td>\n<p><\/p>\n<td>3<\/td>\n<p>\n<\/tr>\n<p><\/p>\n<tr><\/p>\n<td>Lucid USA, Inc.<\/td>\n<p><\/p>\n<td>2 231<\/td>\n<p><\/p>\n<td>2<\/td>\n<p>\n<\/tr>\n<p><\/p>\n<tr><\/p>\n<td>Lamborghini (Automobili Lamborghini)<\/td>\n<p><\/p>\n<td>2 155<\/td>\n<p><\/p>\n<td>2<\/td>\n<p>\n<\/tr>\n<p><\/p>\n<tr><\/p>\n<td>VinFast Auto, LLC<\/td>\n<p><\/p>\n<td>284<\/td>\n<p><\/p>\n<td>1<\/td>\n<p>\n<\/tr>\n<p><\/p>\n<tr><\/p>\n<td>Bugatti<\/td>\n<p><\/p>\n<td>156<\/td>\n<p><\/p>\n<td>1<\/td>\n<p>\n<\/tr>\n<p><\/p>\n<tr><\/p>\n<td>Maserati North America, Inc.<\/td>\n<p><\/p>\n<td>58<\/td>\n<p><\/p>\n<td>1<\/td>\n<p>\n<\/tr>\n<p><\/p>\n<tr><\/p>\n<td><strong>Total<\/strong><\/td>\n<p><\/p>\n<td><strong>14 454 820<\/strong><\/td>\n<p><\/p>\n<td><strong>209<\/strong><\/td>\n<p>\n<\/tr>\n<p>\n<\/tbody>\n<p>\n<\/table>\n<p>\nFord doit r\u00e9\u00e9valuer et am\u00e9liorer ses processus de contr\u00f4le qualit\u00e9 pour \u00e9viter de nouveaux rappels et r\u00e9tablir la confiance des consommateurs.<\/p>\n<p>Avec des renseignements de Carscoops<\/p>\n<p>Le texte <a rel=\"nofollow\" href=\"https:\/\/annuelauto.ca\/ford-en-tete-des-rappels-en-2024\/\">Ford en t\u00eate des rappels en 2024<\/a> provient de <a rel=\"nofollow\" href=\"https:\/\/annuelauto.ca\">L&#8217;annuel de l&#8217;automobile &#8211; Actualit\u00e9 automobile<\/a><\/p>\n<p><\/p>\n","protected":false},"excerpt":{"rendered":"<p>Un d\u00e9but d&#8217;ann\u00e9e difficile pour Ford Ford a \u00e9mis 31 rappels pour pr\u00e8s de 3,7 millions de v\u00e9hicules au cours du premier semestre 2024. En comparaison, Tesla, le deuxi\u00e8me constructeur le plus touch\u00e9, a annonc\u00e9 huit rappels pour 2,6 millions de voitures, bien que certains probl\u00e8mes aient \u00e9t\u00e9 r\u00e9solus par des mises \u00e0 jour \u00e0 [&hellip;]<\/p>\n","protected":false},"author":8,"featured_media":169231,"comment_status":"close","ping_status":"closed","sticky":false,"template":"","format":"standard","meta":{"_monsterinsights_skip_tracking":false,"_monsterinsights_sitenote_active":false,"_monsterinsights_sitenote_note":"","_monsterinsights_sitenote_category":0,"footnotes":""},"categories":[101],"tags":[],"yoast_head":"<!-- This site is optimized with the Yoast SEO plugin v23.2 - https:\/\/yoast.com\/wordpress\/plugins\/seo\/ -->\n<title>Ford en t\u00eate des rappels en 2024 - CanadaMotorJobs.com<\/title>\n<meta name=\"description\" content=\"Ford en t\u00eate des rappels en 2024 - Benoit Charette - Annuel automobile - CanadaMotorJobs.com.\" \/>\n<meta name=\"robots\" content=\"index, follow, max-snippet:-1, max-image-preview:large, max-video-preview:-1\" \/>\n<meta property=\"og:locale\" content=\"fr_CA\" \/>\n<meta property=\"og:type\" content=\"article\" \/>\n<meta property=\"og:title\" content=\"Ford en t\u00eate des rappels en 2024 - CanadaMotorJobs.com\" \/>\n<meta property=\"og:description\" content=\"Ford en t\u00eate des rappels en 2024 - Benoit Charette - Annuel automobile - CanadaMotorJobs.com.\" \/>\n<meta property=\"og:url\" content=\"https:\/\/news.canadamotorjobs.com\/fr\/ford-en-tete-des-rappels-en-2024\/\" \/>\n<meta property=\"og:site_name\" content=\"CanadaMotorJobs.com\" \/>\n<meta property=\"article:publisher\" content=\"https:\/\/www.facebook.com\/canadamotorjobs\/\" \/>\n<meta property=\"article:published_time\" content=\"2024-07-19T16:17:11+00:00\" \/>\n<meta property=\"article:modified_time\" content=\"2024-07-19T16:30:12+00:00\" \/>\n<meta property=\"og:image\" content=\"https:\/\/news.canadamotorjobs.com\/wp-content\/uploads\/2024\/07\/Ford_logo_flat.svg_.png\" \/>\n\t<meta property=\"og:image:width\" content=\"2560\" \/>\n\t<meta property=\"og:image:height\" content=\"922\" \/>\n\t<meta property=\"og:image:type\" content=\"image\/png\" \/>\n<meta name=\"author\" content=\"Benoit Charette\" \/>\n<meta name=\"twitter:card\" content=\"summary_large_image\" \/>\n<meta name=\"twitter:creator\" content=\"@canadamotorjobs\" \/>\n<meta name=\"twitter:site\" content=\"@canadamotorjobs\" \/>\n<meta name=\"twitter:label1\" content=\"\u00c9crit par\" \/>\n\t<meta name=\"twitter:data1\" content=\"Benoit Charette\" \/>\n\t<meta name=\"twitter:label2\" content=\"Estimation du temps de lecture\" \/>\n\t<meta name=\"twitter:data2\" content=\"2 minutes\" \/>\n<!-- \/ Yoast SEO plugin. -->","yoast_head_json":{"title":"Ford en t\u00eate des rappels en 2024 - CanadaMotorJobs.com","description":"Ford en t\u00eate des rappels en 2024 - Benoit Charette - Annuel automobile - CanadaMotorJobs.com.","robots":{"index":"index","follow":"follow","max-snippet":"max-snippet:-1","max-image-preview":"max-image-preview:large","max-video-preview":"max-video-preview:-1"},"og_locale":"fr_CA","og_type":"article","og_title":"Ford en t\u00eate des rappels en 2024 - CanadaMotorJobs.com","og_description":"Ford en t\u00eate des rappels en 2024 - Benoit Charette - Annuel automobile - CanadaMotorJobs.com.","og_url":"https:\/\/news.canadamotorjobs.com\/fr\/ford-en-tete-des-rappels-en-2024\/","og_site_name":"CanadaMotorJobs.com","article_publisher":"https:\/\/www.facebook.com\/canadamotorjobs\/","article_published_time":"2024-07-19T16:17:11+00:00","article_modified_time":"2024-07-19T16:30:12+00:00","og_image":[{"width":2560,"height":922,"url":"https:\/\/news.canadamotorjobs.com\/wp-content\/uploads\/2024\/07\/Ford_logo_flat.svg_.png","type":"image\/png"}],"author":"Benoit Charette","twitter_card":"summary_large_image","twitter_creator":"@canadamotorjobs","twitter_site":"@canadamotorjobs","twitter_misc":{"\u00c9crit par":"Benoit Charette","Estimation du temps de lecture":"2 minutes"},"schema":{"@context":"https:\/\/schema.org","@graph":[{"@type":"Article","@id":"https:\/\/news.canadamotorjobs.com\/fr\/ford-en-tete-des-rappels-en-2024\/#article","isPartOf":{"@id":"https:\/\/news.canadamotorjobs.com\/fr\/ford-en-tete-des-rappels-en-2024\/"},"author":{"name":"Benoit Charette","@id":"https:\/\/news.canadamotorjobs.com\/#\/schema\/person\/51793d1f87d44011d7bcc2ed99269a90"},"headline":"Ford en t\u00eate des rappels en 2024","datePublished":"2024-07-19T16:17:11+00:00","dateModified":"2024-07-19T16:30:12+00:00","mainEntityOfPage":{"@id":"https:\/\/news.canadamotorjobs.com\/fr\/ford-en-tete-des-rappels-en-2024\/"},"wordCount":492,"publisher":{"@id":"https:\/\/news.canadamotorjobs.com\/#organization"},"image":{"@id":"https:\/\/news.canadamotorjobs.com\/fr\/ford-en-tete-des-rappels-en-2024\/#primaryimage"},"thumbnailUrl":"https:\/\/news.canadamotorjobs.com\/wp-content\/uploads\/2024\/07\/Ford_logo_flat.svg_.png","articleSection":["Annuel automobile"],"inLanguage":"fr-CA"},{"@type":"WebPage","@id":"https:\/\/news.canadamotorjobs.com\/fr\/ford-en-tete-des-rappels-en-2024\/","url":"https:\/\/news.canadamotorjobs.com\/fr\/ford-en-tete-des-rappels-en-2024\/","name":"Ford en t\u00eate des rappels en 2024 - CanadaMotorJobs.com","isPartOf":{"@id":"https:\/\/news.canadamotorjobs.com\/#website"},"primaryImageOfPage":{"@id":"https:\/\/news.canadamotorjobs.com\/fr\/ford-en-tete-des-rappels-en-2024\/#primaryimage"},"image":{"@id":"https:\/\/news.canadamotorjobs.com\/fr\/ford-en-tete-des-rappels-en-2024\/#primaryimage"},"thumbnailUrl":"https:\/\/news.canadamotorjobs.com\/wp-content\/uploads\/2024\/07\/Ford_logo_flat.svg_.png","datePublished":"2024-07-19T16:17:11+00:00","dateModified":"2024-07-19T16:30:12+00:00","description":"Ford en t\u00eate des rappels en 2024 - Benoit Charette - Annuel automobile - CanadaMotorJobs.com.","breadcrumb":{"@id":"https:\/\/news.canadamotorjobs.com\/fr\/ford-en-tete-des-rappels-en-2024\/#breadcrumb"},"inLanguage":"fr-CA","potentialAction":[{"@type":"ReadAction","target":["https:\/\/news.canadamotorjobs.com\/fr\/ford-en-tete-des-rappels-en-2024\/"]}]},{"@type":"ImageObject","inLanguage":"fr-CA","@id":"https:\/\/news.canadamotorjobs.com\/fr\/ford-en-tete-des-rappels-en-2024\/#primaryimage","url":"https:\/\/news.canadamotorjobs.com\/wp-content\/uploads\/2024\/07\/Ford_logo_flat.svg_.png","contentUrl":"https:\/\/news.canadamotorjobs.com\/wp-content\/uploads\/2024\/07\/Ford_logo_flat.svg_.png","width":2560,"height":922},{"@type":"BreadcrumbList","@id":"https:\/\/news.canadamotorjobs.com\/fr\/ford-en-tete-des-rappels-en-2024\/#breadcrumb","itemListElement":[{"@type":"ListItem","position":1,"name":"Home","item":"https:\/\/news.canadamotorjobs.com\/fr\/blog\/"},{"@type":"ListItem","position":2,"name":"Ford en t\u00eate des rappels en 2024"}]},{"@type":"WebSite","@id":"https:\/\/news.canadamotorjobs.com\/#website","url":"https:\/\/news.canadamotorjobs.com\/","name":"CanadaMotorJobs.com","description":"Automotive Jobs","publisher":{"@id":"https:\/\/news.canadamotorjobs.com\/#organization"},"potentialAction":[{"@type":"SearchAction","target":{"@type":"EntryPoint","urlTemplate":"https:\/\/news.canadamotorjobs.com\/?s={search_term_string}"},"query-input":"required name=search_term_string"}],"inLanguage":"fr-CA"},{"@type":"Organization","@id":"https:\/\/news.canadamotorjobs.com\/#organization","name":"Canada Motor Jobs","url":"https:\/\/news.canadamotorjobs.com\/","logo":{"@type":"ImageObject","inLanguage":"fr-CA","@id":"https:\/\/news.canadamotorjobs.com\/#\/schema\/logo\/image\/","url":"https:\/\/news.canadamotorjobs.com\/wp-content\/uploads\/2022\/10\/logo-canada-motor-jobs-1.png","contentUrl":"https:\/\/news.canadamotorjobs.com\/wp-content\/uploads\/2022\/10\/logo-canada-motor-jobs-1.png","width":800,"height":400,"caption":"Canada Motor Jobs"},"image":{"@id":"https:\/\/news.canadamotorjobs.com\/#\/schema\/logo\/image\/"},"sameAs":["https:\/\/www.facebook.com\/canadamotorjobs\/","https:\/\/x.com\/canadamotorjobs","https:\/\/www.instagram.com\/canadamotorjobs\/","https:\/\/www.linkedin.com\/company\/canadamotorjobs"]},{"@type":"Person","@id":"https:\/\/news.canadamotorjobs.com\/#\/schema\/person\/51793d1f87d44011d7bcc2ed99269a90","name":"Benoit Charette","image":{"@type":"ImageObject","inLanguage":"fr-CA","@id":"https:\/\/news.canadamotorjobs.com\/#\/schema\/person\/image\/","url":"https:\/\/secure.gravatar.com\/avatar\/45f3d2eebcccd909668d7ce7ea7267b6?s=96&d=mm&r=g","contentUrl":"https:\/\/secure.gravatar.com\/avatar\/45f3d2eebcccd909668d7ce7ea7267b6?s=96&d=mm&r=g","caption":"Benoit Charette"},"description":"Benoit Charette \/ Propri\u00e9taire et r\u00e9dacteur en chef Benoit Charette pratique le journalisme automobile depuis bient\u00f4t 30 ans. Il a fait ses classes au c\u00f4t\u00e9 de Daniel H\u00e9raud et au Carnet de route de 1992 \u00e0 2001. Il est fondateur, copropri\u00e9taire et r\u00e9dacteur en chef de L\u2019Annuel de l\u2019automobile, qu\u2019il publie depuis 2001. Il a anim\u00e9 les \u00e9missions RPM et RPM+ sur V et les L\u00e9gendes de la route sur Historia. \u00c0 la radio depuis 1986, il reprend l\u2019antenne cette ann\u00e9e sur les ondes de Cogeco et participe pour la deuxi\u00e8me ann\u00e9e \u00e0 l\u2019\u00e9mission Passion Auto sur RDS en plus de mettre en ligne le site Web officiel de L\u2019Annuel de l\u2019automobile sur annuelauto.ca.","sameAs":["https:\/\/annuelauto.ca\/"],"url":"https:\/\/news.canadamotorjobs.com\/fr\/author\/benoit-charette\/"}]}},"_links":{"self":[{"href":"https:\/\/news.canadamotorjobs.com\/fr\/wp-json\/wp\/v2\/posts\/169229"}],"collection":[{"href":"https:\/\/news.canadamotorjobs.com\/fr\/wp-json\/wp\/v2\/posts"}],"about":[{"href":"https:\/\/news.canadamotorjobs.com\/fr\/wp-json\/wp\/v2\/types\/post"}],"author":[{"embeddable":true,"href":"https:\/\/news.canadamotorjobs.com\/fr\/wp-json\/wp\/v2\/users\/8"}],"replies":[{"embeddable":true,"href":"https:\/\/news.canadamotorjobs.com\/fr\/wp-json\/wp\/v2\/comments?post=169229"}],"version-history":[{"count":2,"href":"https:\/\/news.canadamotorjobs.com\/fr\/wp-json\/wp\/v2\/posts\/169229\/revisions"}],"predecessor-version":[{"id":169233,"href":"https:\/\/news.canadamotorjobs.com\/fr\/wp-json\/wp\/v2\/posts\/169229\/revisions\/169233"}],"wp:featuredmedia":[{"embeddable":true,"href":"https:\/\/news.canadamotorjobs.com\/fr\/wp-json\/wp\/v2\/media\/169231"}],"wp:attachment":[{"href":"https:\/\/news.canadamotorjobs.com\/fr\/wp-json\/wp\/v2\/media?parent=169229"}],"wp:term":[{"taxonomy":"category","embeddable":true,"href":"https:\/\/news.canadamotorjobs.com\/fr\/wp-json\/wp\/v2\/categories?post=169229"},{"taxonomy":"post_tag","embeddable":true,"href":"https:\/\/news.canadamotorjobs.com\/fr\/wp-json\/wp\/v2\/tags?post=169229"}],"curies":[{"name":"wp","href":"https:\/\/api.w.org\/{rel}","templated":true}]}}