{"id":169152,"date":"2024-07-18T08:38:34","date_gmt":"2024-07-18T12:38:34","guid":{"rendered":"https:\/\/news.canadamotorjobs.com\/?p=169152"},"modified":"2024-07-18T08:44:34","modified_gmt":"2024-07-18T12:44:34","slug":"des-camions-super-duty-a-la-place-des-vehicules-electriques-a-oakville","status":"publish","type":"post","link":"https:\/\/news.canadamotorjobs.com\/fr\/des-camions-super-duty-a-la-place-des-vehicules-electriques-a-oakville\/","title":{"rendered":"Des camions Super Duty \u00e0 la place des v\u00e9hicules \u00e9lectriques \u00e0 Oakville"},"content":{"rendered":"<\/p>\n<p>Ford a annonc\u00e9 qu&#8217;il d\u00e9pensera 3,1 milliards de dollars pour installer des op\u00e9rations d&#8217;assemblage et de estampage int\u00e9gr\u00e9 \u00e0 Oakville, ajoutant environ 400 emplois de plus que la production de v\u00e9hicules \u00e9lectriques n&#8217;aurait pu le faire.<\/p>\n<h3><strong>Expansion de la production de Super Duty<\/strong><\/h3>\n<p>\nFord Motor Co. pr\u00e9voit d&#8217;\u00e9tendre la production de sa gamme de pickups Super Duty \u00e0 son usine d&#8217;Oakville, en Ontario, abandonnant ainsi les projets de pr\u00e8s de 2 milliards de dollars pour transformer le site en un centre d&#8217;assemblage de v\u00e9hicules \u00e9lectriques.<\/p>\n<h3><strong>Production annuelle de 100 000 camions<\/strong><\/h3>\n<p>\nFord affirme que l&#8217;usine pourra produire environ 100 000 camions par an \u00e0 partir de 2026. Les plans initiaux de construction de deux VUS \u00e9lectriques \u00e0 trois rang\u00e9es ont \u00e9t\u00e9 report\u00e9s de 2025 \u00e0 2027.<\/p>\n<h3><strong>Transformation du site non entam\u00e9e<\/strong><\/h3>\n<p>\nLa transformation du site n&#8217;a pas encore commenc\u00e9 ; l&#8217;entreprise n&#8217;a install\u00e9 aucun outillage ni \u00e9quipement pour v\u00e9hicules \u00e9lectriques. Ford a d\u00e9clar\u00e9 qu&#8217;elle pr\u00e9voit toujours de produire les v\u00e9hicules \u00e9lectriques \u00e0 trois rang\u00e9es en 2027, mais n&#8217;a pas pr\u00e9cis\u00e9 o\u00f9.<\/p>\n<h3><strong>Cr\u00e9ation de 1 800 emplois<\/strong><\/h3>\n<p>\nLa d\u00e9cision ajoutera environ 1 800 emplois, soit 400 de plus que les plans pour les v\u00e9hicules \u00e9lectriques. Ford a d\u00e9clar\u00e9 que la prochaine g\u00e9n\u00e9ration de Super Duty inclurait une &#8220;technologie multi-\u00e9nergie&#8221;, bien que les responsables n&#8217;aient pas pr\u00e9cis\u00e9 si cela serait hybride, enti\u00e8rement \u00e9lectrique ou autre chose.<\/p>\n<h3><strong>D\u00e9claration du PDG de Ford<\/strong><\/h3>\n<p>\n&#8220;Le Super Duty est un outil vital pour les entreprises et les gens du monde entier et, m\u00eame avec notre usine de camions du Kentucky et notre usine d&#8217;assemblage de l&#8217;Ohio en pleine capacit\u00e9, nous ne pouvons pas r\u00e9pondre \u00e0 la demande. Ce mouvement b\u00e9n\u00e9ficie \u00e0 nos clients et dynamise notre activit\u00e9 commerciale Ford Pro&#8221;, a d\u00e9clar\u00e9 le PDG de Ford, Jim Farley, dans un communiqu\u00e9. &#8220;En m\u00eame temps, nous sommes impatients de pr\u00e9senter des v\u00e9hicules utilitaires \u00e9lectriques \u00e0 trois rang\u00e9es, en tirant parti de notre exp\u00e9rience dans les v\u00e9hicules utilitaires \u00e0 trois rang\u00e9es et de notre exp\u00e9rience en tant que deuxi\u00e8me marque de v\u00e9hicules \u00e9lectriques en Am\u00e9rique pour offrir des v\u00e9hicules fantastiques et rentables.&#8221;<\/p>\n<h3><strong>Investissement total de 3 milliards de dollars<\/strong><\/h3>\n<p>\nFord pr\u00e9voit d&#8217;investir environ 3 milliards de dollars pour \u00e9tendre la production de Super Duty, y compris les 2,3 milliards de dollars pour installer des op\u00e9rations d&#8217;assemblage et de estampage int\u00e9gr\u00e9 \u00e0 Oakville.<\/p>\n<h3><strong>Impact sur les usines am\u00e9ricaines<\/strong><\/h3>\n<p>\nL&#8217;ajout de la production de Super Duty \u00e0 Oakville n&#8217;affectera pas la production dans le Kentucky et l&#8217;Ohio. Si la demande diminue, Ford a d\u00e9clar\u00e9 qu&#8217;elle prot\u00e9gerait ses usines am\u00e9ricaines et r\u00e9duirait d&#8217;abord la production \u00e0 Oakville.<\/p>\n<p>Avec des renseignements d\u2019Automotive News<\/p>\n<p>Le texte <a rel=\"nofollow\" href=\"https:\/\/annuelauto.ca\/des-camions-super-duty-a-la-place-des-vehicules-electrique-a-oakville\/\">Des camions Super Duty \u00e0 la place des v\u00e9hicules \u00e9lectriques \u00e0 Oakville<\/a> provient de <a rel=\"nofollow\" href=\"https:\/\/annuelauto.ca\">L&#8217;annuel de l&#8217;automobile &#8211; Actualit\u00e9 automobile<\/a><\/p>\n<p><\/p>\n","protected":false},"excerpt":{"rendered":"<p>Ford a annonc\u00e9 qu&#8217;il d\u00e9pensera 3,1 milliards de dollars pour installer des op\u00e9rations d&#8217;assemblage et de estampage int\u00e9gr\u00e9 \u00e0 Oakville, ajoutant environ 400 emplois de plus que la production de v\u00e9hicules \u00e9lectriques n&#8217;aurait pu le faire. Expansion de la production de Super Duty Ford Motor Co. pr\u00e9voit d&#8217;\u00e9tendre la production de sa gamme de pickups [&hellip;]<\/p>\n","protected":false},"author":8,"featured_media":169154,"comment_status":"close","ping_status":"closed","sticky":false,"template":"","format":"standard","meta":{"_monsterinsights_skip_tracking":false,"_monsterinsights_sitenote_active":false,"_monsterinsights_sitenote_note":"","_monsterinsights_sitenote_category":0,"footnotes":""},"categories":[101],"tags":[],"yoast_head":"<!-- This site is optimized with the Yoast SEO plugin v23.2 - https:\/\/yoast.com\/wordpress\/plugins\/seo\/ -->\n<title>Des camions Super Duty \u00e0 la place des v\u00e9hicules \u00e9lectriques \u00e0 Oakville - CanadaMotorJobs.com<\/title>\n<meta name=\"description\" content=\"Des camions Super Duty \u00e0 la place des v\u00e9hicules \u00e9lectriques \u00e0 Oakville - Benoit Charette - Annuel automobile - CanadaMotorJobs.com.\" \/>\n<meta name=\"robots\" content=\"index, follow, max-snippet:-1, max-image-preview:large, max-video-preview:-1\" \/>\n<meta property=\"og:locale\" content=\"fr_CA\" \/>\n<meta property=\"og:type\" content=\"article\" \/>\n<meta property=\"og:title\" content=\"Des camions Super Duty \u00e0 la place des v\u00e9hicules \u00e9lectriques \u00e0 Oakville - CanadaMotorJobs.com\" \/>\n<meta property=\"og:description\" content=\"Des camions Super Duty \u00e0 la place des v\u00e9hicules \u00e9lectriques \u00e0 Oakville - Benoit Charette - Annuel automobile - CanadaMotorJobs.com.\" \/>\n<meta property=\"og:url\" content=\"https:\/\/news.canadamotorjobs.com\/fr\/des-camions-super-duty-a-la-place-des-vehicules-electriques-a-oakville\/\" \/>\n<meta property=\"og:site_name\" content=\"CanadaMotorJobs.com\" \/>\n<meta property=\"article:publisher\" content=\"https:\/\/www.facebook.com\/canadamotorjobs\/\" \/>\n<meta property=\"article:published_time\" content=\"2024-07-18T12:38:34+00:00\" \/>\n<meta property=\"article:modified_time\" content=\"2024-07-18T12:44:34+00:00\" \/>\n<meta property=\"og:image\" content=\"https:\/\/news.canadamotorjobs.com\/wp-content\/uploads\/2024\/07\/18FordSuperDuty-Limited_12_HR-scaled-1.jpg\" \/>\n\t<meta property=\"og:image:width\" content=\"2560\" \/>\n\t<meta property=\"og:image:height\" content=\"1299\" \/>\n\t<meta property=\"og:image:type\" content=\"image\/jpeg\" \/>\n<meta name=\"author\" content=\"Benoit Charette\" \/>\n<meta name=\"twitter:card\" content=\"summary_large_image\" \/>\n<meta name=\"twitter:creator\" content=\"@canadamotorjobs\" \/>\n<meta name=\"twitter:site\" content=\"@canadamotorjobs\" \/>\n<meta name=\"twitter:label1\" content=\"\u00c9crit par\" \/>\n\t<meta name=\"twitter:data1\" content=\"Benoit Charette\" \/>\n\t<meta name=\"twitter:label2\" content=\"Estimation du temps de lecture\" \/>\n\t<meta name=\"twitter:data2\" content=\"2 minutes\" \/>\n<!-- \/ Yoast SEO plugin. -->","yoast_head_json":{"title":"Des camions Super Duty \u00e0 la place des v\u00e9hicules \u00e9lectriques \u00e0 Oakville - CanadaMotorJobs.com","description":"Des camions Super Duty \u00e0 la place des v\u00e9hicules \u00e9lectriques \u00e0 Oakville - Benoit Charette - Annuel automobile - CanadaMotorJobs.com.","robots":{"index":"index","follow":"follow","max-snippet":"max-snippet:-1","max-image-preview":"max-image-preview:large","max-video-preview":"max-video-preview:-1"},"og_locale":"fr_CA","og_type":"article","og_title":"Des camions Super Duty \u00e0 la place des v\u00e9hicules \u00e9lectriques \u00e0 Oakville - CanadaMotorJobs.com","og_description":"Des camions Super Duty \u00e0 la place des v\u00e9hicules \u00e9lectriques \u00e0 Oakville - Benoit Charette - Annuel automobile - CanadaMotorJobs.com.","og_url":"https:\/\/news.canadamotorjobs.com\/fr\/des-camions-super-duty-a-la-place-des-vehicules-electriques-a-oakville\/","og_site_name":"CanadaMotorJobs.com","article_publisher":"https:\/\/www.facebook.com\/canadamotorjobs\/","article_published_time":"2024-07-18T12:38:34+00:00","article_modified_time":"2024-07-18T12:44:34+00:00","og_image":[{"width":2560,"height":1299,"url":"https:\/\/news.canadamotorjobs.com\/wp-content\/uploads\/2024\/07\/18FordSuperDuty-Limited_12_HR-scaled-1.jpg","type":"image\/jpeg"}],"author":"Benoit Charette","twitter_card":"summary_large_image","twitter_creator":"@canadamotorjobs","twitter_site":"@canadamotorjobs","twitter_misc":{"\u00c9crit par":"Benoit Charette","Estimation du temps de lecture":"2 minutes"},"schema":{"@context":"https:\/\/schema.org","@graph":[{"@type":"Article","@id":"https:\/\/news.canadamotorjobs.com\/fr\/des-camions-super-duty-a-la-place-des-vehicules-electriques-a-oakville\/#article","isPartOf":{"@id":"https:\/\/news.canadamotorjobs.com\/fr\/des-camions-super-duty-a-la-place-des-vehicules-electriques-a-oakville\/"},"author":{"name":"Benoit Charette","@id":"https:\/\/news.canadamotorjobs.com\/#\/schema\/person\/51793d1f87d44011d7bcc2ed99269a90"},"headline":"Des camions Super Duty \u00e0 la place des v\u00e9hicules \u00e9lectriques \u00e0 Oakville","datePublished":"2024-07-18T12:38:34+00:00","dateModified":"2024-07-18T12:44:34+00:00","mainEntityOfPage":{"@id":"https:\/\/news.canadamotorjobs.com\/fr\/des-camions-super-duty-a-la-place-des-vehicules-electriques-a-oakville\/"},"wordCount":505,"publisher":{"@id":"https:\/\/news.canadamotorjobs.com\/#organization"},"image":{"@id":"https:\/\/news.canadamotorjobs.com\/fr\/des-camions-super-duty-a-la-place-des-vehicules-electriques-a-oakville\/#primaryimage"},"thumbnailUrl":"https:\/\/news.canadamotorjobs.com\/wp-content\/uploads\/2024\/07\/18FordSuperDuty-Limited_12_HR-scaled-1.jpg","articleSection":["Annuel automobile"],"inLanguage":"fr-CA"},{"@type":"WebPage","@id":"https:\/\/news.canadamotorjobs.com\/fr\/des-camions-super-duty-a-la-place-des-vehicules-electriques-a-oakville\/","url":"https:\/\/news.canadamotorjobs.com\/fr\/des-camions-super-duty-a-la-place-des-vehicules-electriques-a-oakville\/","name":"Des camions Super Duty \u00e0 la place des v\u00e9hicules \u00e9lectriques \u00e0 Oakville - CanadaMotorJobs.com","isPartOf":{"@id":"https:\/\/news.canadamotorjobs.com\/#website"},"primaryImageOfPage":{"@id":"https:\/\/news.canadamotorjobs.com\/fr\/des-camions-super-duty-a-la-place-des-vehicules-electriques-a-oakville\/#primaryimage"},"image":{"@id":"https:\/\/news.canadamotorjobs.com\/fr\/des-camions-super-duty-a-la-place-des-vehicules-electriques-a-oakville\/#primaryimage"},"thumbnailUrl":"https:\/\/news.canadamotorjobs.com\/wp-content\/uploads\/2024\/07\/18FordSuperDuty-Limited_12_HR-scaled-1.jpg","datePublished":"2024-07-18T12:38:34+00:00","dateModified":"2024-07-18T12:44:34+00:00","description":"Des camions Super Duty \u00e0 la place des v\u00e9hicules \u00e9lectriques \u00e0 Oakville - Benoit Charette - Annuel automobile - CanadaMotorJobs.com.","breadcrumb":{"@id":"https:\/\/news.canadamotorjobs.com\/fr\/des-camions-super-duty-a-la-place-des-vehicules-electriques-a-oakville\/#breadcrumb"},"inLanguage":"fr-CA","potentialAction":[{"@type":"ReadAction","target":["https:\/\/news.canadamotorjobs.com\/fr\/des-camions-super-duty-a-la-place-des-vehicules-electriques-a-oakville\/"]}]},{"@type":"ImageObject","inLanguage":"fr-CA","@id":"https:\/\/news.canadamotorjobs.com\/fr\/des-camions-super-duty-a-la-place-des-vehicules-electriques-a-oakville\/#primaryimage","url":"https:\/\/news.canadamotorjobs.com\/wp-content\/uploads\/2024\/07\/18FordSuperDuty-Limited_12_HR-scaled-1.jpg","contentUrl":"https:\/\/news.canadamotorjobs.com\/wp-content\/uploads\/2024\/07\/18FordSuperDuty-Limited_12_HR-scaled-1.jpg","width":2560,"height":1299},{"@type":"BreadcrumbList","@id":"https:\/\/news.canadamotorjobs.com\/fr\/des-camions-super-duty-a-la-place-des-vehicules-electriques-a-oakville\/#breadcrumb","itemListElement":[{"@type":"ListItem","position":1,"name":"Home","item":"https:\/\/news.canadamotorjobs.com\/fr\/blog\/"},{"@type":"ListItem","position":2,"name":"Des camions Super Duty \u00e0 la place des v\u00e9hicules \u00e9lectriques \u00e0 Oakville"}]},{"@type":"WebSite","@id":"https:\/\/news.canadamotorjobs.com\/#website","url":"https:\/\/news.canadamotorjobs.com\/","name":"CanadaMotorJobs.com","description":"Automotive Jobs","publisher":{"@id":"https:\/\/news.canadamotorjobs.com\/#organization"},"potentialAction":[{"@type":"SearchAction","target":{"@type":"EntryPoint","urlTemplate":"https:\/\/news.canadamotorjobs.com\/?s={search_term_string}"},"query-input":"required name=search_term_string"}],"inLanguage":"fr-CA"},{"@type":"Organization","@id":"https:\/\/news.canadamotorjobs.com\/#organization","name":"Canada Motor Jobs","url":"https:\/\/news.canadamotorjobs.com\/","logo":{"@type":"ImageObject","inLanguage":"fr-CA","@id":"https:\/\/news.canadamotorjobs.com\/#\/schema\/logo\/image\/","url":"https:\/\/news.canadamotorjobs.com\/wp-content\/uploads\/2022\/10\/logo-canada-motor-jobs-1.png","contentUrl":"https:\/\/news.canadamotorjobs.com\/wp-content\/uploads\/2022\/10\/logo-canada-motor-jobs-1.png","width":800,"height":400,"caption":"Canada Motor Jobs"},"image":{"@id":"https:\/\/news.canadamotorjobs.com\/#\/schema\/logo\/image\/"},"sameAs":["https:\/\/www.facebook.com\/canadamotorjobs\/","https:\/\/x.com\/canadamotorjobs","https:\/\/www.instagram.com\/canadamotorjobs\/","https:\/\/www.linkedin.com\/company\/canadamotorjobs"]},{"@type":"Person","@id":"https:\/\/news.canadamotorjobs.com\/#\/schema\/person\/51793d1f87d44011d7bcc2ed99269a90","name":"Benoit Charette","image":{"@type":"ImageObject","inLanguage":"fr-CA","@id":"https:\/\/news.canadamotorjobs.com\/#\/schema\/person\/image\/","url":"https:\/\/secure.gravatar.com\/avatar\/45f3d2eebcccd909668d7ce7ea7267b6?s=96&d=mm&r=g","contentUrl":"https:\/\/secure.gravatar.com\/avatar\/45f3d2eebcccd909668d7ce7ea7267b6?s=96&d=mm&r=g","caption":"Benoit Charette"},"description":"Benoit Charette \/ Propri\u00e9taire et r\u00e9dacteur en chef Benoit Charette pratique le journalisme automobile depuis bient\u00f4t 30 ans. Il a fait ses classes au c\u00f4t\u00e9 de Daniel H\u00e9raud et au Carnet de route de 1992 \u00e0 2001. Il est fondateur, copropri\u00e9taire et r\u00e9dacteur en chef de L\u2019Annuel de l\u2019automobile, qu\u2019il publie depuis 2001. Il a anim\u00e9 les \u00e9missions RPM et RPM+ sur V et les L\u00e9gendes de la route sur Historia. \u00c0 la radio depuis 1986, il reprend l\u2019antenne cette ann\u00e9e sur les ondes de Cogeco et participe pour la deuxi\u00e8me ann\u00e9e \u00e0 l\u2019\u00e9mission Passion Auto sur RDS en plus de mettre en ligne le site Web officiel de L\u2019Annuel de l\u2019automobile sur annuelauto.ca.","sameAs":["https:\/\/annuelauto.ca\/"],"url":"https:\/\/news.canadamotorjobs.com\/fr\/author\/benoit-charette\/"}]}},"_links":{"self":[{"href":"https:\/\/news.canadamotorjobs.com\/fr\/wp-json\/wp\/v2\/posts\/169152"}],"collection":[{"href":"https:\/\/news.canadamotorjobs.com\/fr\/wp-json\/wp\/v2\/posts"}],"about":[{"href":"https:\/\/news.canadamotorjobs.com\/fr\/wp-json\/wp\/v2\/types\/post"}],"author":[{"embeddable":true,"href":"https:\/\/news.canadamotorjobs.com\/fr\/wp-json\/wp\/v2\/users\/8"}],"replies":[{"embeddable":true,"href":"https:\/\/news.canadamotorjobs.com\/fr\/wp-json\/wp\/v2\/comments?post=169152"}],"version-history":[{"count":2,"href":"https:\/\/news.canadamotorjobs.com\/fr\/wp-json\/wp\/v2\/posts\/169152\/revisions"}],"predecessor-version":[{"id":169156,"href":"https:\/\/news.canadamotorjobs.com\/fr\/wp-json\/wp\/v2\/posts\/169152\/revisions\/169156"}],"wp:featuredmedia":[{"embeddable":true,"href":"https:\/\/news.canadamotorjobs.com\/fr\/wp-json\/wp\/v2\/media\/169154"}],"wp:attachment":[{"href":"https:\/\/news.canadamotorjobs.com\/fr\/wp-json\/wp\/v2\/media?parent=169152"}],"wp:term":[{"taxonomy":"category","embeddable":true,"href":"https:\/\/news.canadamotorjobs.com\/fr\/wp-json\/wp\/v2\/categories?post=169152"},{"taxonomy":"post_tag","embeddable":true,"href":"https:\/\/news.canadamotorjobs.com\/fr\/wp-json\/wp\/v2\/tags?post=169152"}],"curies":[{"name":"wp","href":"https:\/\/api.w.org\/{rel}","templated":true}]}}