{"id":169102,"date":"2024-07-18T06:27:22","date_gmt":"2024-07-18T10:27:22","guid":{"rendered":"https:\/\/news.canadamotorjobs.com\/?p=169102"},"modified":"2024-07-18T06:29:05","modified_gmt":"2024-07-18T10:29:05","slug":"packard-250-mayfair-1952","status":"publish","type":"post","link":"https:\/\/news.canadamotorjobs.com\/fr\/packard-250-mayfair-1952\/","title":{"rendered":"Packard 250 Mayfair 1952"},"content":{"rendered":"<\/p>\n<p>En mars et avril 2022, j\u2019ai pass\u00e9 35\u00a0jours en Californie pour photographier tout ce que je pouvais trouver sur la route, en pr\u00e9vision de la sortie d\u2019un livre\u00a0: Californie, le paradis des voitures anciennes. Ce dernier a \u00e9t\u00e9 publi\u00e9 en avril 2023 aux \u00e9ditions Saint-Jean et il est toujours disponible. Afin de vous le faire d\u00e9couvrir \u00e0 petit feu, et vous donner envie de m\u2019encourager en en faisant l\u2019achat, je vais vous pr\u00e9senter au fil des prochaines semaines quelques-unes des voitures que l\u2019on peut trouver \u00e0 l\u2019int\u00e9rieur.<\/p>\n<p>Pour cette premi\u00e8re, un r\u00e9cit qui semble tir\u00e9 d\u2019Hollywood, une histoire qui s\u2019est \u00e9crite sur une p\u00e9riode de huit mois.<\/p>\n<p>Si vous souhaitez un exemplaire, pri\u00e8re de me contacter au <a href=\"mailto:drufiange@auto123.com\">drufiange@auto123.com<\/a><\/p>\n<p>&#8212;&#8212;&#8212;&#8212;&#8212;&#8212;&#8212;-<\/p>\n<p><strong>Si j\u2019avais eu \u00e0 dresser une liste des mod\u00e8les que je m\u2019attendais le moins \u00e0 retrouver sur la route lors de ma chasse au tr\u00e9sor, une Packard des ann\u00e9es\u00a050 y aurait probablement figur\u00e9, et pour deux raisons. Pourtant. Et attendez de d\u00e9couvrir la suite de l\u2019histoire incroyable qui nous fait voir le propri\u00e9taire de cette voiture.<\/strong><\/p>\n<p>Une belle surprise donc de trouver cette superbe Packard\u00a0250 Mayfair sur ma route. Et non pas une, mais deux fois. En effet, lors d\u2019un retour \u00e0 la maison, une amie qui voyageait avec moi, et qui avait le mandat de photographier tout ce qui ressemblait \u00e0 une voiture ancienne, a immortalis\u00e9 cette Packard alors qu\u2019on la suivait. Son identification ne s\u2019annon\u00e7ait pas facile, car entre le post\u00e9rieur d\u2019\u00e9ditions\u00a01951 et 1952, les diff\u00e9rences sont pratiquement nulles.<\/p>\n<p>Deux jours plus tard, la chance m\u2019a souri alors qu\u2019en d\u00e9ambulant sur la route\u00a0101 \u00e0 Oceanside, j\u2019ai vu le m\u00eame mod\u00e8le, cette fois \u00e0 sa sortie d\u2019un stationnement. J\u2019ai aussi \u00e9tabli un contact visuel avec le propri\u00e9taire qui n\u2019\u00e9tait pas peu fier de voir son bolide \u00eatre mitraill\u00e9 par une lentille. Le petit sourire qu\u2019il nous lance est \u00e9vocateur. Le probl\u00e8me, c\u2019est qu\u2019on ne pouvait pas utiliser cette photo sans son consentement, puisqu\u2019il est facilement identifiable. Huit mois plus tard, je me suis retrouv\u00e9 dans le m\u00eame coin pour le travail. Je me suis rendu au O\u2019Reillys\u2019 Auto Parts, esp\u00e9rant que notre propri\u00e9taire soit un habitu\u00e9 de la place. En montrant la photo \u00e0 l\u2019employ\u00e9 qui \u00e9tait sur place, il a simplement souri avant d\u2019ajouter\u00a0: \u00ab\u2009Bien s\u00fbr, c\u2019est Manny\u2009; il est toujours ici. Laissez-moi l\u2019appeler.\u2009\u00bb Je n\u2019en croyais pas mes oreilles. Mieux, dix minutes plus tard, Manuel Mancillas\u00a0III est venu me rencontrer avec un autre de ses bolides, une Chevrolet Impala\u00a01963. Quelle chance\u2009!<\/p>\n<p>Quant \u00e0 la qualit\u00e9 de sa Packard, vraiment, on ne peut qu\u2019\u00eatre en admiration. Son \u00e9tat nous laisse croire \u00e0 une restauration datant de quelques ann\u00e9es, mais le bolide a clairement pass\u00e9 du temps \u00e0 l\u2019atelier, comme en t\u00e9moigne l\u2019\u00e9tat impeccable de son chrome. Manuel venait de l\u2019acqu\u00e9rir au moment o\u00f9 il a crois\u00e9 mon chemin. La peinture qu\u2019il a fait refaire \u00e9tait encore fra\u00eeche.<\/p>\n<p>Si l\u2019on se reporte au d\u00e9but des ann\u00e9es\u00a050, on d\u00e9couvre qu\u2019il fallait d\u00e9bourser 3293\u00a0$ US (une deuxi\u00e8me source fait \u00e9tat de 3318\u00a0$ US) pour mettre la main sur ce superbe coup\u00e9. Il a \u00e9t\u00e9 produit \u00e0 raison de quelque 4200\u00a0exemplaires sur un total de 5201, les 1000\u00a0autres \u00e9tant des versions d\u00e9capotables (le ratio de 3959\/1242 a aussi \u00e9t\u00e9 trouv\u00e9). Qu\u2019importe, cela fait du mod\u00e8le aper\u00e7u une raret\u00e9.<\/p>\n<p>Pour ceux que \u00e7a int\u00e9resse, cette Packard \u00e9tait servie avec un moteur\u00a08-cylindres en ligne de 327\u00a0pouces cubes, lequel proposait 150\u00a0chevaux. Une transmission manuelle \u00e0 trois rapports \u00e9tait d\u2019office, mais une bo\u00eete automatique \u00e9tait livrable en option en \u00e9change de 189\u00a0$ US. C\u2019est le cas avec cette version qui est \u00e0 vendre, d\u00e9j\u00e0. Notre propri\u00e9taire semble aimer la vari\u00e9t\u00e9, lui qui poss\u00e8de aussi un troisi\u00e8me mod\u00e8le. En parfaite condition, ce v\u00e9hicule vaut 26\u2009200\u00a0$ sur le march\u00e9. Parce que son int\u00e9rieur a besoin de soin, un prix de 16\u2009000\u00a0$ US ou 17\u2009000\u00a0$ US nous semble plus appropri\u00e9. C\u2019est tr\u00e8s raisonnable pour une beaut\u00e9 de la sorte.<\/p>\n<h3>Sous les palmiers<\/h3>\n<p><\/p>\n<ul><\/p>\n<li>Packard ne produisait que 69\u2009921\u00a0v\u00e9hicules en 1952.<\/li>\n<p><\/p>\n<li>La compagnie occupait le 16<sup>e<\/sup>rang des constructeurs au chapitre des ventes.<\/li>\n<p><\/p>\n<li>En raison de la Guerre de Cor\u00e9e et des restrictions de mat\u00e9riaux, le chrome des mod\u00e8les\u00a01952 comprenait moins de nickel et se d\u00e9t\u00e9riorait plus rapidement.<\/li>\n<p>\n<\/ul>\n<p>\n\u00a0<\/p>\n<p>\u00a0<\/p>\n<p>Le texte <a rel=\"nofollow\" href=\"https:\/\/annuelauto.ca\/packard-250-mayfair-1952\/\">Packard 250 Mayfair 1952<\/a> provient de <a rel=\"nofollow\" href=\"https:\/\/annuelauto.ca\">L&#8217;annuel de l&#8217;automobile &#8211; Actualit\u00e9 automobile<\/a><\/p>\n<p><\/p>\n","protected":false},"excerpt":{"rendered":"<p>En mars et avril 2022, j\u2019ai pass\u00e9 35\u00a0jours en Californie pour photographier tout ce que je pouvais trouver sur la route, en pr\u00e9vision de la sortie d\u2019un livre\u00a0: Californie, le paradis des voitures anciennes. Ce dernier a \u00e9t\u00e9 publi\u00e9 en avril 2023 aux \u00e9ditions Saint-Jean et il est toujours disponible. Afin de vous le faire [&hellip;]<\/p>\n","protected":false},"author":8,"featured_media":169104,"comment_status":"close","ping_status":"closed","sticky":false,"template":"","format":"standard","meta":{"_monsterinsights_skip_tracking":false,"_monsterinsights_sitenote_active":false,"_monsterinsights_sitenote_note":"","_monsterinsights_sitenote_category":0,"footnotes":""},"categories":[101],"tags":[],"yoast_head":"<!-- This site is optimized with the Yoast SEO plugin v23.2 - https:\/\/yoast.com\/wordpress\/plugins\/seo\/ -->\n<title>Packard 250 Mayfair 1952 - CanadaMotorJobs.com<\/title>\n<meta name=\"description\" content=\"Packard 250 Mayfair 1952 - Benoit Charette - Annuel automobile - CanadaMotorJobs.com.\" \/>\n<meta name=\"robots\" content=\"index, follow, max-snippet:-1, max-image-preview:large, max-video-preview:-1\" \/>\n<meta property=\"og:locale\" content=\"fr_CA\" \/>\n<meta property=\"og:type\" content=\"article\" \/>\n<meta property=\"og:title\" content=\"Packard 250 Mayfair 1952 - CanadaMotorJobs.com\" \/>\n<meta property=\"og:description\" content=\"Packard 250 Mayfair 1952 - Benoit Charette - Annuel automobile - CanadaMotorJobs.com.\" \/>\n<meta property=\"og:url\" content=\"https:\/\/news.canadamotorjobs.com\/fr\/packard-250-mayfair-1952\/\" \/>\n<meta property=\"og:site_name\" content=\"CanadaMotorJobs.com\" \/>\n<meta property=\"article:publisher\" content=\"https:\/\/www.facebook.com\/canadamotorjobs\/\" \/>\n<meta property=\"article:published_time\" content=\"2024-07-18T10:27:22+00:00\" \/>\n<meta property=\"article:modified_time\" content=\"2024-07-18T10:29:05+00:00\" \/>\n<meta property=\"og:image\" content=\"https:\/\/news.canadamotorjobs.com\/wp-content\/uploads\/2024\/07\/Annees-50-Packard-250-Mayfair-1952-Principale.jpg\" \/>\n\t<meta property=\"og:image:width\" content=\"1199\" \/>\n\t<meta property=\"og:image:height\" content=\"800\" \/>\n\t<meta property=\"og:image:type\" content=\"image\/jpeg\" \/>\n<meta name=\"author\" content=\"Benoit Charette\" \/>\n<meta name=\"twitter:card\" content=\"summary_large_image\" \/>\n<meta name=\"twitter:creator\" content=\"@canadamotorjobs\" \/>\n<meta name=\"twitter:site\" content=\"@canadamotorjobs\" \/>\n<meta name=\"twitter:label1\" content=\"\u00c9crit par\" \/>\n\t<meta name=\"twitter:data1\" content=\"Benoit Charette\" \/>\n\t<meta name=\"twitter:label2\" content=\"Estimation du temps de lecture\" \/>\n\t<meta name=\"twitter:data2\" content=\"4 minutes\" \/>\n<!-- \/ Yoast SEO plugin. -->","yoast_head_json":{"title":"Packard 250 Mayfair 1952 - CanadaMotorJobs.com","description":"Packard 250 Mayfair 1952 - Benoit Charette - Annuel automobile - CanadaMotorJobs.com.","robots":{"index":"index","follow":"follow","max-snippet":"max-snippet:-1","max-image-preview":"max-image-preview:large","max-video-preview":"max-video-preview:-1"},"og_locale":"fr_CA","og_type":"article","og_title":"Packard 250 Mayfair 1952 - CanadaMotorJobs.com","og_description":"Packard 250 Mayfair 1952 - Benoit Charette - Annuel automobile - CanadaMotorJobs.com.","og_url":"https:\/\/news.canadamotorjobs.com\/fr\/packard-250-mayfair-1952\/","og_site_name":"CanadaMotorJobs.com","article_publisher":"https:\/\/www.facebook.com\/canadamotorjobs\/","article_published_time":"2024-07-18T10:27:22+00:00","article_modified_time":"2024-07-18T10:29:05+00:00","og_image":[{"width":1199,"height":800,"url":"https:\/\/news.canadamotorjobs.com\/wp-content\/uploads\/2024\/07\/Annees-50-Packard-250-Mayfair-1952-Principale.jpg","type":"image\/jpeg"}],"author":"Benoit Charette","twitter_card":"summary_large_image","twitter_creator":"@canadamotorjobs","twitter_site":"@canadamotorjobs","twitter_misc":{"\u00c9crit par":"Benoit Charette","Estimation du temps de lecture":"4 minutes"},"schema":{"@context":"https:\/\/schema.org","@graph":[{"@type":"Article","@id":"https:\/\/news.canadamotorjobs.com\/fr\/packard-250-mayfair-1952\/#article","isPartOf":{"@id":"https:\/\/news.canadamotorjobs.com\/fr\/packard-250-mayfair-1952\/"},"author":{"name":"Benoit Charette","@id":"https:\/\/news.canadamotorjobs.com\/#\/schema\/person\/51793d1f87d44011d7bcc2ed99269a90"},"headline":"Packard 250 Mayfair 1952","datePublished":"2024-07-18T10:27:22+00:00","dateModified":"2024-07-18T10:29:05+00:00","mainEntityOfPage":{"@id":"https:\/\/news.canadamotorjobs.com\/fr\/packard-250-mayfair-1952\/"},"wordCount":784,"publisher":{"@id":"https:\/\/news.canadamotorjobs.com\/#organization"},"image":{"@id":"https:\/\/news.canadamotorjobs.com\/fr\/packard-250-mayfair-1952\/#primaryimage"},"thumbnailUrl":"https:\/\/news.canadamotorjobs.com\/wp-content\/uploads\/2024\/07\/Annees-50-Packard-250-Mayfair-1952-Principale.jpg","articleSection":["Annuel automobile"],"inLanguage":"fr-CA"},{"@type":"WebPage","@id":"https:\/\/news.canadamotorjobs.com\/fr\/packard-250-mayfair-1952\/","url":"https:\/\/news.canadamotorjobs.com\/fr\/packard-250-mayfair-1952\/","name":"Packard 250 Mayfair 1952 - CanadaMotorJobs.com","isPartOf":{"@id":"https:\/\/news.canadamotorjobs.com\/#website"},"primaryImageOfPage":{"@id":"https:\/\/news.canadamotorjobs.com\/fr\/packard-250-mayfair-1952\/#primaryimage"},"image":{"@id":"https:\/\/news.canadamotorjobs.com\/fr\/packard-250-mayfair-1952\/#primaryimage"},"thumbnailUrl":"https:\/\/news.canadamotorjobs.com\/wp-content\/uploads\/2024\/07\/Annees-50-Packard-250-Mayfair-1952-Principale.jpg","datePublished":"2024-07-18T10:27:22+00:00","dateModified":"2024-07-18T10:29:05+00:00","description":"Packard 250 Mayfair 1952 - Benoit Charette - Annuel automobile - CanadaMotorJobs.com.","breadcrumb":{"@id":"https:\/\/news.canadamotorjobs.com\/fr\/packard-250-mayfair-1952\/#breadcrumb"},"inLanguage":"fr-CA","potentialAction":[{"@type":"ReadAction","target":["https:\/\/news.canadamotorjobs.com\/fr\/packard-250-mayfair-1952\/"]}]},{"@type":"ImageObject","inLanguage":"fr-CA","@id":"https:\/\/news.canadamotorjobs.com\/fr\/packard-250-mayfair-1952\/#primaryimage","url":"https:\/\/news.canadamotorjobs.com\/wp-content\/uploads\/2024\/07\/Annees-50-Packard-250-Mayfair-1952-Principale.jpg","contentUrl":"https:\/\/news.canadamotorjobs.com\/wp-content\/uploads\/2024\/07\/Annees-50-Packard-250-Mayfair-1952-Principale.jpg","width":1199,"height":800},{"@type":"BreadcrumbList","@id":"https:\/\/news.canadamotorjobs.com\/fr\/packard-250-mayfair-1952\/#breadcrumb","itemListElement":[{"@type":"ListItem","position":1,"name":"Home","item":"https:\/\/news.canadamotorjobs.com\/fr\/blog\/"},{"@type":"ListItem","position":2,"name":"Packard 250 Mayfair 1952"}]},{"@type":"WebSite","@id":"https:\/\/news.canadamotorjobs.com\/#website","url":"https:\/\/news.canadamotorjobs.com\/","name":"CanadaMotorJobs.com","description":"Automotive Jobs","publisher":{"@id":"https:\/\/news.canadamotorjobs.com\/#organization"},"potentialAction":[{"@type":"SearchAction","target":{"@type":"EntryPoint","urlTemplate":"https:\/\/news.canadamotorjobs.com\/?s={search_term_string}"},"query-input":"required name=search_term_string"}],"inLanguage":"fr-CA"},{"@type":"Organization","@id":"https:\/\/news.canadamotorjobs.com\/#organization","name":"Canada Motor Jobs","url":"https:\/\/news.canadamotorjobs.com\/","logo":{"@type":"ImageObject","inLanguage":"fr-CA","@id":"https:\/\/news.canadamotorjobs.com\/#\/schema\/logo\/image\/","url":"https:\/\/news.canadamotorjobs.com\/wp-content\/uploads\/2022\/10\/logo-canada-motor-jobs-1.png","contentUrl":"https:\/\/news.canadamotorjobs.com\/wp-content\/uploads\/2022\/10\/logo-canada-motor-jobs-1.png","width":800,"height":400,"caption":"Canada Motor Jobs"},"image":{"@id":"https:\/\/news.canadamotorjobs.com\/#\/schema\/logo\/image\/"},"sameAs":["https:\/\/www.facebook.com\/canadamotorjobs\/","https:\/\/x.com\/canadamotorjobs","https:\/\/www.instagram.com\/canadamotorjobs\/","https:\/\/www.linkedin.com\/company\/canadamotorjobs"]},{"@type":"Person","@id":"https:\/\/news.canadamotorjobs.com\/#\/schema\/person\/51793d1f87d44011d7bcc2ed99269a90","name":"Benoit Charette","image":{"@type":"ImageObject","inLanguage":"fr-CA","@id":"https:\/\/news.canadamotorjobs.com\/#\/schema\/person\/image\/","url":"https:\/\/secure.gravatar.com\/avatar\/45f3d2eebcccd909668d7ce7ea7267b6?s=96&d=mm&r=g","contentUrl":"https:\/\/secure.gravatar.com\/avatar\/45f3d2eebcccd909668d7ce7ea7267b6?s=96&d=mm&r=g","caption":"Benoit Charette"},"description":"Benoit Charette \/ Propri\u00e9taire et r\u00e9dacteur en chef Benoit Charette pratique le journalisme automobile depuis bient\u00f4t 30 ans. Il a fait ses classes au c\u00f4t\u00e9 de Daniel H\u00e9raud et au Carnet de route de 1992 \u00e0 2001. Il est fondateur, copropri\u00e9taire et r\u00e9dacteur en chef de L\u2019Annuel de l\u2019automobile, qu\u2019il publie depuis 2001. Il a anim\u00e9 les \u00e9missions RPM et RPM+ sur V et les L\u00e9gendes de la route sur Historia. \u00c0 la radio depuis 1986, il reprend l\u2019antenne cette ann\u00e9e sur les ondes de Cogeco et participe pour la deuxi\u00e8me ann\u00e9e \u00e0 l\u2019\u00e9mission Passion Auto sur RDS en plus de mettre en ligne le site Web officiel de L\u2019Annuel de l\u2019automobile sur annuelauto.ca.","sameAs":["https:\/\/annuelauto.ca\/"],"url":"https:\/\/news.canadamotorjobs.com\/fr\/author\/benoit-charette\/"}]}},"_links":{"self":[{"href":"https:\/\/news.canadamotorjobs.com\/fr\/wp-json\/wp\/v2\/posts\/169102"}],"collection":[{"href":"https:\/\/news.canadamotorjobs.com\/fr\/wp-json\/wp\/v2\/posts"}],"about":[{"href":"https:\/\/news.canadamotorjobs.com\/fr\/wp-json\/wp\/v2\/types\/post"}],"author":[{"embeddable":true,"href":"https:\/\/news.canadamotorjobs.com\/fr\/wp-json\/wp\/v2\/users\/8"}],"replies":[{"embeddable":true,"href":"https:\/\/news.canadamotorjobs.com\/fr\/wp-json\/wp\/v2\/comments?post=169102"}],"version-history":[{"count":2,"href":"https:\/\/news.canadamotorjobs.com\/fr\/wp-json\/wp\/v2\/posts\/169102\/revisions"}],"predecessor-version":[{"id":169106,"href":"https:\/\/news.canadamotorjobs.com\/fr\/wp-json\/wp\/v2\/posts\/169102\/revisions\/169106"}],"wp:featuredmedia":[{"embeddable":true,"href":"https:\/\/news.canadamotorjobs.com\/fr\/wp-json\/wp\/v2\/media\/169104"}],"wp:attachment":[{"href":"https:\/\/news.canadamotorjobs.com\/fr\/wp-json\/wp\/v2\/media?parent=169102"}],"wp:term":[{"taxonomy":"category","embeddable":true,"href":"https:\/\/news.canadamotorjobs.com\/fr\/wp-json\/wp\/v2\/categories?post=169102"},{"taxonomy":"post_tag","embeddable":true,"href":"https:\/\/news.canadamotorjobs.com\/fr\/wp-json\/wp\/v2\/tags?post=169102"}],"curies":[{"name":"wp","href":"https:\/\/api.w.org\/{rel}","templated":true}]}}