{"id":169064,"date":"2024-07-17T06:51:24","date_gmt":"2024-07-17T10:51:24","guid":{"rendered":"https:\/\/news.canadamotorjobs.com\/?p=169064"},"modified":"2024-07-17T06:59:48","modified_gmt":"2024-07-17T10:59:48","slug":"vinfast-met-un-frein-au-developpement-en-amerique-du-nord","status":"publish","type":"post","link":"https:\/\/news.canadamotorjobs.com\/fr\/vinfast-met-un-frein-au-developpement-en-amerique-du-nord\/","title":{"rendered":"Vinfast met un frein au d\u00e9veloppement en Am\u00e9rique du Nord"},"content":{"rendered":"<\/p>\n<p>Le constructeur automobile a report\u00e9 \u00e0 2028 la production de son usine en Caroline du Nord. La soci\u00e9t\u00e9 a annonc\u00e9 cette nouvelle dans un communiqu\u00e9 de presse, citant des d\u00e9fis \u00e9conomiques, des incertitudes macro\u00e9conomiques et un changement dans le paysage mondial des v\u00e9hicules \u00e9lectriques (VE) comme raisons de ce dernier retard. Cette usine \u00e9tait cens\u00e9e cr\u00e9er des emplois dans la r\u00e9gion, et VinFast a re\u00e7u environ 1,2 milliard de dollars en incitations \u00e9tatiques et locales pour r\u00e9aliser son r\u00eave de produire des VE sur le sol am\u00e9ricain. Cependant, l&#8217;usine, annonc\u00e9e pour la premi\u00e8re fois en mars 2022, n&#8217;est d\u00e9sormais &#8220;pr\u00e9vue pour commencer la production qu&#8217;en 2028&#8221;.<\/p>\n<h3>La Caroline du Nord m\u00e9contente des retards<\/h3>\n<p>\nEn 2023, apr\u00e8s avoir re\u00e7u l&#8217;autorisation de commencer la construction, VinFast a organis\u00e9 une c\u00e9r\u00e9monie de lancement pour sa nouvelle usine en Caroline du Nord et a annonc\u00e9 que la production du VF 7 d\u00e9buterait en 2025. Cette installation de 92 500 m\u00e8tres carr\u00e9s devait fournir 7 500 emplois aux travailleurs locaux et viser une production annuelle de 150 000 VE, incluant le VF 8, lanc\u00e9 en premier. L&#8217;entreprise a ensuite d\u00e9clar\u00e9 que l&#8217;usine commencerait ses op\u00e9rations en 2025, mais cette date a \u00e9t\u00e9 repouss\u00e9e \u00e0 2028, et lorsque l&#8217;installation sera enfin op\u00e9rationnelle, elle pourrait ne pas \u00eatre aussi impressionnante que les responsables de l&#8217;\u00c9tat et du comt\u00e9 l&#8217;avaient initialement pr\u00e9vu.<\/p>\n<p>Selon The Carolina Journal, la construction a \u00e9t\u00e9 suspendue apr\u00e8s que ce qui \u00e9tait initialement pr\u00e9sent\u00e9 comme le &#8220;joyau de l&#8217;expansion mondiale de VinFast&#8221; a vu ses plans modifi\u00e9s. &#8220;En d\u00e9cembre 2023, VinFast a soumis des plans de fondation r\u00e9vis\u00e9s qui modifiaient l&#8217;empreinte et la superficie \u00e0 72 654 m\u00e8tres carr\u00e9s,&#8221; selon Kara Lusk, responsable de l&#8217;information publique du comt\u00e9 de Chatham, qui a \u00e9galement d\u00e9clar\u00e9 au m\u00e9dia que le permis de construction de VinFast avait \u00e9t\u00e9 plac\u00e9 en r\u00e9vision en cons\u00e9quence.<\/p>\n<h3>VinFast voit toujours un \u00e9norme potentiel en Am\u00e9rique<\/h3>\n<p>\nVinFast a rapport\u00e9 des ventes mondiales de 12 058 unit\u00e9s pour le deuxi\u00e8me trimestre de 2024, repr\u00e9sentant une augmentation de 26 % en glissement annuel. Au premier semestre de cette ann\u00e9e, 21 747 v\u00e9hicules ont \u00e9t\u00e9 vendus, contre 34 855 pour l&#8217;ensemble de 2023. Malgr\u00e9 ces ventes d\u00e9cevantes, dont beaucoup proviennent de commandes d&#8217;autres entreprises du conglom\u00e9rat parent VinGroup, VinFast s&#8217;attend toujours \u00e0 vendre 80 000 v\u00e9hicules dans le monde d&#8217;ici janvier 2025.<\/p>\n<p>Peut-elle y parvenir ? Avec des offres de location attractives et un ensemble de garanties remarquables, certains consommateurs pourraient \u00eatre pr\u00eats \u00e0 tenter leur chance avec ce constructeur relativement jeune, et si le VF 3 \u00e0 bas co\u00fbt est lanc\u00e9 ici, il pourrait attirer de nouveaux acheteurs. Cependant, VinFast a \u00e9t\u00e9 enqu\u00eat\u00e9e par la NHTSA \u00e0 la suite d&#8217;un accident mortel, ses v\u00e9hicules offrent une autonomie de conduite limit\u00e9e, et le contr\u00f4le qualit\u00e9 est un probl\u00e8me s\u00e9rieux. N\u00e9anmoins, l&#8217;entreprise semble d\u00e9termin\u00e9e, et tant que le financement ne se tarit pas, nous continuerons d&#8217;esp\u00e9rer que VinFast tiendra ses promesses envers la Caroline du Nord et le comt\u00e9 de Chatham.<\/p>\n<p>Avec des renseignements de Carbuzz<\/p>\n<p>Le texte <a rel=\"nofollow\" href=\"https:\/\/annuelauto.ca\/vinfast-met-un-frein-au-developpement-en-amerique-du-nord\/\">Vinfast met un frein au d\u00e9veloppement en Am\u00e9rique du Nord<\/a> provient de <a rel=\"nofollow\" href=\"https:\/\/annuelauto.ca\">L&#8217;annuel de l&#8217;automobile &#8211; Actualit\u00e9 automobile<\/a><\/p>\n<p><\/p>\n","protected":false},"excerpt":{"rendered":"<p>Le constructeur automobile a report\u00e9 \u00e0 2028 la production de son usine en Caroline du Nord. La soci\u00e9t\u00e9 a annonc\u00e9 cette nouvelle dans un communiqu\u00e9 de presse, citant des d\u00e9fis \u00e9conomiques, des incertitudes macro\u00e9conomiques et un changement dans le paysage mondial des v\u00e9hicules \u00e9lectriques (VE) comme raisons de ce dernier retard. Cette usine \u00e9tait cens\u00e9e [&hellip;]<\/p>\n","protected":false},"author":8,"featured_media":169066,"comment_status":"close","ping_status":"closed","sticky":false,"template":"","format":"standard","meta":{"_monsterinsights_skip_tracking":false,"_monsterinsights_sitenote_active":false,"_monsterinsights_sitenote_note":"","_monsterinsights_sitenote_category":0,"footnotes":""},"categories":[101],"tags":[],"yoast_head":"<!-- This site is optimized with the Yoast SEO plugin v23.2 - https:\/\/yoast.com\/wordpress\/plugins\/seo\/ -->\n<title>Vinfast met un frein au d\u00e9veloppement en Am\u00e9rique du Nord - CanadaMotorJobs.com<\/title>\n<meta name=\"description\" content=\"Vinfast met un frein au d\u00e9veloppement en Am\u00e9rique du Nord - Benoit Charette - Annuel automobile - CanadaMotorJobs.com.\" \/>\n<meta name=\"robots\" content=\"index, follow, max-snippet:-1, max-image-preview:large, max-video-preview:-1\" \/>\n<meta property=\"og:locale\" content=\"fr_CA\" \/>\n<meta property=\"og:type\" content=\"article\" \/>\n<meta property=\"og:title\" content=\"Vinfast met un frein au d\u00e9veloppement en Am\u00e9rique du Nord - CanadaMotorJobs.com\" \/>\n<meta property=\"og:description\" content=\"Vinfast met un frein au d\u00e9veloppement en Am\u00e9rique du Nord - Benoit Charette - Annuel automobile - CanadaMotorJobs.com.\" \/>\n<meta property=\"og:url\" content=\"https:\/\/news.canadamotorjobs.com\/fr\/vinfast-met-un-frein-au-developpement-en-amerique-du-nord\/\" \/>\n<meta property=\"og:site_name\" content=\"CanadaMotorJobs.com\" \/>\n<meta property=\"article:publisher\" content=\"https:\/\/www.facebook.com\/canadamotorjobs\/\" \/>\n<meta property=\"article:published_time\" content=\"2024-07-17T10:51:24+00:00\" \/>\n<meta property=\"article:modified_time\" content=\"2024-07-17T10:59:48+00:00\" \/>\n<meta property=\"og:image\" content=\"https:\/\/news.canadamotorjobs.com\/wp-content\/uploads\/2024\/07\/f2lplujasaagtmv.jpeg\" \/>\n\t<meta property=\"og:image:width\" content=\"1500\" \/>\n\t<meta property=\"og:image:height\" content=\"844\" \/>\n\t<meta property=\"og:image:type\" content=\"image\/jpeg\" \/>\n<meta name=\"author\" content=\"Benoit Charette\" \/>\n<meta name=\"twitter:card\" content=\"summary_large_image\" \/>\n<meta name=\"twitter:creator\" content=\"@canadamotorjobs\" \/>\n<meta name=\"twitter:site\" content=\"@canadamotorjobs\" \/>\n<meta name=\"twitter:label1\" content=\"\u00c9crit par\" \/>\n\t<meta name=\"twitter:data1\" content=\"Benoit Charette\" \/>\n\t<meta name=\"twitter:label2\" content=\"Estimation du temps de lecture\" \/>\n\t<meta name=\"twitter:data2\" content=\"3 minutes\" \/>\n<!-- \/ Yoast SEO plugin. -->","yoast_head_json":{"title":"Vinfast met un frein au d\u00e9veloppement en Am\u00e9rique du Nord - CanadaMotorJobs.com","description":"Vinfast met un frein au d\u00e9veloppement en Am\u00e9rique du Nord - Benoit Charette - Annuel automobile - CanadaMotorJobs.com.","robots":{"index":"index","follow":"follow","max-snippet":"max-snippet:-1","max-image-preview":"max-image-preview:large","max-video-preview":"max-video-preview:-1"},"og_locale":"fr_CA","og_type":"article","og_title":"Vinfast met un frein au d\u00e9veloppement en Am\u00e9rique du Nord - CanadaMotorJobs.com","og_description":"Vinfast met un frein au d\u00e9veloppement en Am\u00e9rique du Nord - Benoit Charette - Annuel automobile - CanadaMotorJobs.com.","og_url":"https:\/\/news.canadamotorjobs.com\/fr\/vinfast-met-un-frein-au-developpement-en-amerique-du-nord\/","og_site_name":"CanadaMotorJobs.com","article_publisher":"https:\/\/www.facebook.com\/canadamotorjobs\/","article_published_time":"2024-07-17T10:51:24+00:00","article_modified_time":"2024-07-17T10:59:48+00:00","og_image":[{"width":1500,"height":844,"url":"https:\/\/news.canadamotorjobs.com\/wp-content\/uploads\/2024\/07\/f2lplujasaagtmv.jpeg","type":"image\/jpeg"}],"author":"Benoit Charette","twitter_card":"summary_large_image","twitter_creator":"@canadamotorjobs","twitter_site":"@canadamotorjobs","twitter_misc":{"\u00c9crit par":"Benoit Charette","Estimation du temps de lecture":"3 minutes"},"schema":{"@context":"https:\/\/schema.org","@graph":[{"@type":"Article","@id":"https:\/\/news.canadamotorjobs.com\/fr\/vinfast-met-un-frein-au-developpement-en-amerique-du-nord\/#article","isPartOf":{"@id":"https:\/\/news.canadamotorjobs.com\/fr\/vinfast-met-un-frein-au-developpement-en-amerique-du-nord\/"},"author":{"name":"Benoit Charette","@id":"https:\/\/news.canadamotorjobs.com\/#\/schema\/person\/51793d1f87d44011d7bcc2ed99269a90"},"headline":"Vinfast met un frein au d\u00e9veloppement en Am\u00e9rique du Nord","datePublished":"2024-07-17T10:51:24+00:00","dateModified":"2024-07-17T10:59:48+00:00","mainEntityOfPage":{"@id":"https:\/\/news.canadamotorjobs.com\/fr\/vinfast-met-un-frein-au-developpement-en-amerique-du-nord\/"},"wordCount":575,"publisher":{"@id":"https:\/\/news.canadamotorjobs.com\/#organization"},"image":{"@id":"https:\/\/news.canadamotorjobs.com\/fr\/vinfast-met-un-frein-au-developpement-en-amerique-du-nord\/#primaryimage"},"thumbnailUrl":"https:\/\/news.canadamotorjobs.com\/wp-content\/uploads\/2024\/07\/f2lplujasaagtmv.jpeg","articleSection":["Annuel automobile"],"inLanguage":"fr-CA"},{"@type":"WebPage","@id":"https:\/\/news.canadamotorjobs.com\/fr\/vinfast-met-un-frein-au-developpement-en-amerique-du-nord\/","url":"https:\/\/news.canadamotorjobs.com\/fr\/vinfast-met-un-frein-au-developpement-en-amerique-du-nord\/","name":"Vinfast met un frein au d\u00e9veloppement en Am\u00e9rique du Nord - CanadaMotorJobs.com","isPartOf":{"@id":"https:\/\/news.canadamotorjobs.com\/#website"},"primaryImageOfPage":{"@id":"https:\/\/news.canadamotorjobs.com\/fr\/vinfast-met-un-frein-au-developpement-en-amerique-du-nord\/#primaryimage"},"image":{"@id":"https:\/\/news.canadamotorjobs.com\/fr\/vinfast-met-un-frein-au-developpement-en-amerique-du-nord\/#primaryimage"},"thumbnailUrl":"https:\/\/news.canadamotorjobs.com\/wp-content\/uploads\/2024\/07\/f2lplujasaagtmv.jpeg","datePublished":"2024-07-17T10:51:24+00:00","dateModified":"2024-07-17T10:59:48+00:00","description":"Vinfast met un frein au d\u00e9veloppement en Am\u00e9rique du Nord - Benoit Charette - Annuel automobile - CanadaMotorJobs.com.","breadcrumb":{"@id":"https:\/\/news.canadamotorjobs.com\/fr\/vinfast-met-un-frein-au-developpement-en-amerique-du-nord\/#breadcrumb"},"inLanguage":"fr-CA","potentialAction":[{"@type":"ReadAction","target":["https:\/\/news.canadamotorjobs.com\/fr\/vinfast-met-un-frein-au-developpement-en-amerique-du-nord\/"]}]},{"@type":"ImageObject","inLanguage":"fr-CA","@id":"https:\/\/news.canadamotorjobs.com\/fr\/vinfast-met-un-frein-au-developpement-en-amerique-du-nord\/#primaryimage","url":"https:\/\/news.canadamotorjobs.com\/wp-content\/uploads\/2024\/07\/f2lplujasaagtmv.jpeg","contentUrl":"https:\/\/news.canadamotorjobs.com\/wp-content\/uploads\/2024\/07\/f2lplujasaagtmv.jpeg","width":1500,"height":844},{"@type":"BreadcrumbList","@id":"https:\/\/news.canadamotorjobs.com\/fr\/vinfast-met-un-frein-au-developpement-en-amerique-du-nord\/#breadcrumb","itemListElement":[{"@type":"ListItem","position":1,"name":"Home","item":"https:\/\/news.canadamotorjobs.com\/fr\/blog\/"},{"@type":"ListItem","position":2,"name":"Vinfast met un frein au d\u00e9veloppement en Am\u00e9rique du Nord"}]},{"@type":"WebSite","@id":"https:\/\/news.canadamotorjobs.com\/#website","url":"https:\/\/news.canadamotorjobs.com\/","name":"CanadaMotorJobs.com","description":"Automotive Jobs","publisher":{"@id":"https:\/\/news.canadamotorjobs.com\/#organization"},"potentialAction":[{"@type":"SearchAction","target":{"@type":"EntryPoint","urlTemplate":"https:\/\/news.canadamotorjobs.com\/?s={search_term_string}"},"query-input":"required name=search_term_string"}],"inLanguage":"fr-CA"},{"@type":"Organization","@id":"https:\/\/news.canadamotorjobs.com\/#organization","name":"Canada Motor Jobs","url":"https:\/\/news.canadamotorjobs.com\/","logo":{"@type":"ImageObject","inLanguage":"fr-CA","@id":"https:\/\/news.canadamotorjobs.com\/#\/schema\/logo\/image\/","url":"https:\/\/news.canadamotorjobs.com\/wp-content\/uploads\/2022\/10\/logo-canada-motor-jobs-1.png","contentUrl":"https:\/\/news.canadamotorjobs.com\/wp-content\/uploads\/2022\/10\/logo-canada-motor-jobs-1.png","width":800,"height":400,"caption":"Canada Motor Jobs"},"image":{"@id":"https:\/\/news.canadamotorjobs.com\/#\/schema\/logo\/image\/"},"sameAs":["https:\/\/www.facebook.com\/canadamotorjobs\/","https:\/\/x.com\/canadamotorjobs","https:\/\/www.instagram.com\/canadamotorjobs\/","https:\/\/www.linkedin.com\/company\/canadamotorjobs"]},{"@type":"Person","@id":"https:\/\/news.canadamotorjobs.com\/#\/schema\/person\/51793d1f87d44011d7bcc2ed99269a90","name":"Benoit Charette","image":{"@type":"ImageObject","inLanguage":"fr-CA","@id":"https:\/\/news.canadamotorjobs.com\/#\/schema\/person\/image\/","url":"https:\/\/secure.gravatar.com\/avatar\/45f3d2eebcccd909668d7ce7ea7267b6?s=96&d=mm&r=g","contentUrl":"https:\/\/secure.gravatar.com\/avatar\/45f3d2eebcccd909668d7ce7ea7267b6?s=96&d=mm&r=g","caption":"Benoit Charette"},"description":"Benoit Charette \/ Propri\u00e9taire et r\u00e9dacteur en chef Benoit Charette pratique le journalisme automobile depuis bient\u00f4t 30 ans. Il a fait ses classes au c\u00f4t\u00e9 de Daniel H\u00e9raud et au Carnet de route de 1992 \u00e0 2001. Il est fondateur, copropri\u00e9taire et r\u00e9dacteur en chef de L\u2019Annuel de l\u2019automobile, qu\u2019il publie depuis 2001. Il a anim\u00e9 les \u00e9missions RPM et RPM+ sur V et les L\u00e9gendes de la route sur Historia. \u00c0 la radio depuis 1986, il reprend l\u2019antenne cette ann\u00e9e sur les ondes de Cogeco et participe pour la deuxi\u00e8me ann\u00e9e \u00e0 l\u2019\u00e9mission Passion Auto sur RDS en plus de mettre en ligne le site Web officiel de L\u2019Annuel de l\u2019automobile sur annuelauto.ca.","sameAs":["https:\/\/annuelauto.ca\/"],"url":"https:\/\/news.canadamotorjobs.com\/fr\/author\/benoit-charette\/"}]}},"_links":{"self":[{"href":"https:\/\/news.canadamotorjobs.com\/fr\/wp-json\/wp\/v2\/posts\/169064"}],"collection":[{"href":"https:\/\/news.canadamotorjobs.com\/fr\/wp-json\/wp\/v2\/posts"}],"about":[{"href":"https:\/\/news.canadamotorjobs.com\/fr\/wp-json\/wp\/v2\/types\/post"}],"author":[{"embeddable":true,"href":"https:\/\/news.canadamotorjobs.com\/fr\/wp-json\/wp\/v2\/users\/8"}],"replies":[{"embeddable":true,"href":"https:\/\/news.canadamotorjobs.com\/fr\/wp-json\/wp\/v2\/comments?post=169064"}],"version-history":[{"count":2,"href":"https:\/\/news.canadamotorjobs.com\/fr\/wp-json\/wp\/v2\/posts\/169064\/revisions"}],"predecessor-version":[{"id":169068,"href":"https:\/\/news.canadamotorjobs.com\/fr\/wp-json\/wp\/v2\/posts\/169064\/revisions\/169068"}],"wp:featuredmedia":[{"embeddable":true,"href":"https:\/\/news.canadamotorjobs.com\/fr\/wp-json\/wp\/v2\/media\/169066"}],"wp:attachment":[{"href":"https:\/\/news.canadamotorjobs.com\/fr\/wp-json\/wp\/v2\/media?parent=169064"}],"wp:term":[{"taxonomy":"category","embeddable":true,"href":"https:\/\/news.canadamotorjobs.com\/fr\/wp-json\/wp\/v2\/categories?post=169064"},{"taxonomy":"post_tag","embeddable":true,"href":"https:\/\/news.canadamotorjobs.com\/fr\/wp-json\/wp\/v2\/tags?post=169064"}],"curies":[{"name":"wp","href":"https:\/\/api.w.org\/{rel}","templated":true}]}}