{"id":169010,"date":"2024-07-16T10:52:55","date_gmt":"2024-07-16T14:52:55","guid":{"rendered":"https:\/\/news.canadamotorjobs.com\/?p=169010"},"modified":"2024-07-16T10:59:07","modified_gmt":"2024-07-16T14:59:07","slug":"baisse-des-vols-de-voitures-de-17-au-canada","status":"publish","type":"post","link":"https:\/\/news.canadamotorjobs.com\/fr\/baisse-des-vols-de-voitures-de-17-au-canada\/","title":{"rendered":"Baisse des vols de voitures de 17 % au Canada"},"content":{"rendered":"<\/p>\n<p>Le vol de voitures au Canada a consid\u00e9rablement diminu\u00e9 au cours du premier semestre de 2024, alors que la lutte du pays contre la crise du vol de v\u00e9hicules montre des &#8220;signes pr\u00e9coces de progr\u00e8s&#8221;, selon l&#8217;organisation contre la criminalit\u00e9 d&#8217;assurance \u00c9quit\u00e9 Association.<\/p>\n<h2>Des statistiques encouragentes<\/h2>\n<p>\nEnviron 28 000 v\u00e9hicules ont \u00e9t\u00e9 signal\u00e9s vol\u00e9s \u00e0 travers le Canada de janvier \u00e0 juin, soit une baisse de 17 % par rapport \u00e0 la m\u00eame p\u00e9riode l&#8217;ann\u00e9e derni\u00e8re, selon le rapport semestriel d&#8217;\u00c9quit\u00e9 publi\u00e9 le 16 juillet. Bryan Gast, vice-pr\u00e9sident des services d&#8217;enqu\u00eate d&#8217;\u00c9quit\u00e9, a attribu\u00e9 cette diminution aux actions entreprises par l&#8217;industrie et le gouvernement, mais a soulign\u00e9 qu&#8217;il ne fallait pas se reposer sur ses lauriers.<\/p>\n<h2>R\u00e9duction notable en Ontario et au Qu\u00e9bec<\/h2>\n<p>\nLes vols dans les deux provinces les plus touch\u00e9es, l&#8217;Ontario et le Qu\u00e9bec, ont chut\u00e9 de 14 % et 36 % respectivement au cours des six premiers mois de 2024. Le nombre de v\u00e9hicules vol\u00e9s a \u00e9galement diminu\u00e9 de 10 % dans l&#8217;Ouest canadien.<\/p>\n<h2>Augmentation des vols dans les provinces atlantiques<\/h2>\n<p>\nEn revanche, les provinces de l&#8217;Atlantique ont connu une augmentation de 11 % des vols, probablement en raison des mesures en Ontario et au Qu\u00e9bec qui ont &#8220;forc\u00e9 les voleurs \u00e0 se d\u00e9placer vers d&#8217;autres provinces&#8221;, a d\u00e9clar\u00e9 \u00c9quit\u00e9.<\/p>\n<h2>La pr\u00e9vention des vols au c\u0153ur des prochaines actions<\/h2>\n<p>\nBien que l&#8217;organisation contre la criminalit\u00e9 d&#8217;assurance ait qualifi\u00e9 la baisse des vols \u00e0 l&#8217;\u00e9chelle nationale de &#8220;prometteuse&#8221;, elle a averti que des progr\u00e8s suppl\u00e9mentaires n\u00e9cessiteront de d\u00e9placer l&#8217;accent des r\u00e9cup\u00e9rations de v\u00e9hicules vers la pr\u00e9vention des vols avec l&#8217;installation en usine de technologies anti-vol.<\/p>\n<p>Avec des renseignements d\u2019Automotive News Canada<\/p>\n<p>Le texte <a rel=\"nofollow\" href=\"https:\/\/annuelauto.ca\/baisse-des-vols-de-voitures-de-17-au-canada\/\">Baisse des vols de voitures de 17 % au Canada<\/a> provient de <a rel=\"nofollow\" href=\"https:\/\/annuelauto.ca\">L&#8217;annuel de l&#8217;automobile &#8211; Actualit\u00e9 automobile<\/a><\/p>\n<p><\/p>\n","protected":false},"excerpt":{"rendered":"<p>Le vol de voitures au Canada a consid\u00e9rablement diminu\u00e9 au cours du premier semestre de 2024, alors que la lutte du pays contre la crise du vol de v\u00e9hicules montre des &#8220;signes pr\u00e9coces de progr\u00e8s&#8221;, selon l&#8217;organisation contre la criminalit\u00e9 d&#8217;assurance \u00c9quit\u00e9 Association. Des statistiques encouragentes Environ 28 000 v\u00e9hicules ont \u00e9t\u00e9 signal\u00e9s vol\u00e9s \u00e0 [&hellip;]<\/p>\n","protected":false},"author":8,"featured_media":169012,"comment_status":"close","ping_status":"closed","sticky":false,"template":"","format":"standard","meta":{"_monsterinsights_skip_tracking":false,"_monsterinsights_sitenote_active":false,"_monsterinsights_sitenote_note":"","_monsterinsights_sitenote_category":0,"footnotes":""},"categories":[101],"tags":[],"yoast_head":"<!-- This site is optimized with the Yoast SEO plugin v23.2 - https:\/\/yoast.com\/wordpress\/plugins\/seo\/ -->\n<title>Baisse des vols de voitures de 17 % au Canada - CanadaMotorJobs.com<\/title>\n<meta name=\"description\" content=\"Baisse des vols de voitures de 17 % au Canada - Benoit Charette - Annuel automobile - CanadaMotorJobs.com.\" \/>\n<meta name=\"robots\" content=\"index, follow, max-snippet:-1, max-image-preview:large, max-video-preview:-1\" \/>\n<meta property=\"og:locale\" content=\"fr_CA\" \/>\n<meta property=\"og:type\" content=\"article\" \/>\n<meta property=\"og:title\" content=\"Baisse des vols de voitures de 17 % au Canada - CanadaMotorJobs.com\" \/>\n<meta property=\"og:description\" content=\"Baisse des vols de voitures de 17 % au Canada - Benoit Charette - Annuel automobile - CanadaMotorJobs.com.\" \/>\n<meta property=\"og:url\" content=\"https:\/\/news.canadamotorjobs.com\/fr\/baisse-des-vols-de-voitures-de-17-au-canada\/\" \/>\n<meta property=\"og:site_name\" content=\"CanadaMotorJobs.com\" \/>\n<meta property=\"article:publisher\" content=\"https:\/\/www.facebook.com\/canadamotorjobs\/\" \/>\n<meta property=\"article:published_time\" content=\"2024-07-16T14:52:55+00:00\" \/>\n<meta property=\"article:modified_time\" content=\"2024-07-16T14:59:07+00:00\" \/>\n<meta property=\"og:image\" content=\"https:\/\/news.canadamotorjobs.com\/wp-content\/uploads\/2024\/07\/20220105121500-vol-voiture-1.jpg\" \/>\n\t<meta property=\"og:image:width\" content=\"1688\" \/>\n\t<meta property=\"og:image:height\" content=\"1125\" \/>\n\t<meta property=\"og:image:type\" content=\"image\/jpeg\" \/>\n<meta name=\"author\" content=\"Benoit Charette\" \/>\n<meta name=\"twitter:card\" content=\"summary_large_image\" \/>\n<meta name=\"twitter:creator\" content=\"@canadamotorjobs\" \/>\n<meta name=\"twitter:site\" content=\"@canadamotorjobs\" \/>\n<meta name=\"twitter:label1\" content=\"\u00c9crit par\" \/>\n\t<meta name=\"twitter:data1\" content=\"Benoit Charette\" \/>\n\t<meta name=\"twitter:label2\" content=\"Estimation du temps de lecture\" \/>\n\t<meta name=\"twitter:data2\" content=\"2 minutes\" \/>\n<!-- \/ Yoast SEO plugin. -->","yoast_head_json":{"title":"Baisse des vols de voitures de 17 % au Canada - CanadaMotorJobs.com","description":"Baisse des vols de voitures de 17 % au Canada - Benoit Charette - Annuel automobile - CanadaMotorJobs.com.","robots":{"index":"index","follow":"follow","max-snippet":"max-snippet:-1","max-image-preview":"max-image-preview:large","max-video-preview":"max-video-preview:-1"},"og_locale":"fr_CA","og_type":"article","og_title":"Baisse des vols de voitures de 17 % au Canada - CanadaMotorJobs.com","og_description":"Baisse des vols de voitures de 17 % au Canada - Benoit Charette - Annuel automobile - CanadaMotorJobs.com.","og_url":"https:\/\/news.canadamotorjobs.com\/fr\/baisse-des-vols-de-voitures-de-17-au-canada\/","og_site_name":"CanadaMotorJobs.com","article_publisher":"https:\/\/www.facebook.com\/canadamotorjobs\/","article_published_time":"2024-07-16T14:52:55+00:00","article_modified_time":"2024-07-16T14:59:07+00:00","og_image":[{"width":1688,"height":1125,"url":"https:\/\/news.canadamotorjobs.com\/wp-content\/uploads\/2024\/07\/20220105121500-vol-voiture-1.jpg","type":"image\/jpeg"}],"author":"Benoit Charette","twitter_card":"summary_large_image","twitter_creator":"@canadamotorjobs","twitter_site":"@canadamotorjobs","twitter_misc":{"\u00c9crit par":"Benoit Charette","Estimation du temps de lecture":"2 minutes"},"schema":{"@context":"https:\/\/schema.org","@graph":[{"@type":"Article","@id":"https:\/\/news.canadamotorjobs.com\/fr\/baisse-des-vols-de-voitures-de-17-au-canada\/#article","isPartOf":{"@id":"https:\/\/news.canadamotorjobs.com\/fr\/baisse-des-vols-de-voitures-de-17-au-canada\/"},"author":{"name":"Benoit Charette","@id":"https:\/\/news.canadamotorjobs.com\/#\/schema\/person\/51793d1f87d44011d7bcc2ed99269a90"},"headline":"Baisse des vols de voitures de 17 % au Canada","datePublished":"2024-07-16T14:52:55+00:00","dateModified":"2024-07-16T14:59:07+00:00","mainEntityOfPage":{"@id":"https:\/\/news.canadamotorjobs.com\/fr\/baisse-des-vols-de-voitures-de-17-au-canada\/"},"wordCount":330,"publisher":{"@id":"https:\/\/news.canadamotorjobs.com\/#organization"},"image":{"@id":"https:\/\/news.canadamotorjobs.com\/fr\/baisse-des-vols-de-voitures-de-17-au-canada\/#primaryimage"},"thumbnailUrl":"https:\/\/news.canadamotorjobs.com\/wp-content\/uploads\/2024\/07\/20220105121500-vol-voiture-1.jpg","articleSection":["Annuel automobile"],"inLanguage":"fr-CA"},{"@type":"WebPage","@id":"https:\/\/news.canadamotorjobs.com\/fr\/baisse-des-vols-de-voitures-de-17-au-canada\/","url":"https:\/\/news.canadamotorjobs.com\/fr\/baisse-des-vols-de-voitures-de-17-au-canada\/","name":"Baisse des vols de voitures de 17 % au Canada - CanadaMotorJobs.com","isPartOf":{"@id":"https:\/\/news.canadamotorjobs.com\/#website"},"primaryImageOfPage":{"@id":"https:\/\/news.canadamotorjobs.com\/fr\/baisse-des-vols-de-voitures-de-17-au-canada\/#primaryimage"},"image":{"@id":"https:\/\/news.canadamotorjobs.com\/fr\/baisse-des-vols-de-voitures-de-17-au-canada\/#primaryimage"},"thumbnailUrl":"https:\/\/news.canadamotorjobs.com\/wp-content\/uploads\/2024\/07\/20220105121500-vol-voiture-1.jpg","datePublished":"2024-07-16T14:52:55+00:00","dateModified":"2024-07-16T14:59:07+00:00","description":"Baisse des vols de voitures de 17 % au Canada - Benoit Charette - Annuel automobile - CanadaMotorJobs.com.","breadcrumb":{"@id":"https:\/\/news.canadamotorjobs.com\/fr\/baisse-des-vols-de-voitures-de-17-au-canada\/#breadcrumb"},"inLanguage":"fr-CA","potentialAction":[{"@type":"ReadAction","target":["https:\/\/news.canadamotorjobs.com\/fr\/baisse-des-vols-de-voitures-de-17-au-canada\/"]}]},{"@type":"ImageObject","inLanguage":"fr-CA","@id":"https:\/\/news.canadamotorjobs.com\/fr\/baisse-des-vols-de-voitures-de-17-au-canada\/#primaryimage","url":"https:\/\/news.canadamotorjobs.com\/wp-content\/uploads\/2024\/07\/20220105121500-vol-voiture-1.jpg","contentUrl":"https:\/\/news.canadamotorjobs.com\/wp-content\/uploads\/2024\/07\/20220105121500-vol-voiture-1.jpg","width":1688,"height":1125},{"@type":"BreadcrumbList","@id":"https:\/\/news.canadamotorjobs.com\/fr\/baisse-des-vols-de-voitures-de-17-au-canada\/#breadcrumb","itemListElement":[{"@type":"ListItem","position":1,"name":"Home","item":"https:\/\/news.canadamotorjobs.com\/fr\/blog\/"},{"@type":"ListItem","position":2,"name":"Baisse des vols de voitures de 17 % au Canada"}]},{"@type":"WebSite","@id":"https:\/\/news.canadamotorjobs.com\/#website","url":"https:\/\/news.canadamotorjobs.com\/","name":"CanadaMotorJobs.com","description":"Automotive Jobs","publisher":{"@id":"https:\/\/news.canadamotorjobs.com\/#organization"},"potentialAction":[{"@type":"SearchAction","target":{"@type":"EntryPoint","urlTemplate":"https:\/\/news.canadamotorjobs.com\/?s={search_term_string}"},"query-input":"required name=search_term_string"}],"inLanguage":"fr-CA"},{"@type":"Organization","@id":"https:\/\/news.canadamotorjobs.com\/#organization","name":"Canada Motor Jobs","url":"https:\/\/news.canadamotorjobs.com\/","logo":{"@type":"ImageObject","inLanguage":"fr-CA","@id":"https:\/\/news.canadamotorjobs.com\/#\/schema\/logo\/image\/","url":"https:\/\/news.canadamotorjobs.com\/wp-content\/uploads\/2022\/10\/logo-canada-motor-jobs-1.png","contentUrl":"https:\/\/news.canadamotorjobs.com\/wp-content\/uploads\/2022\/10\/logo-canada-motor-jobs-1.png","width":800,"height":400,"caption":"Canada Motor Jobs"},"image":{"@id":"https:\/\/news.canadamotorjobs.com\/#\/schema\/logo\/image\/"},"sameAs":["https:\/\/www.facebook.com\/canadamotorjobs\/","https:\/\/x.com\/canadamotorjobs","https:\/\/www.instagram.com\/canadamotorjobs\/","https:\/\/www.linkedin.com\/company\/canadamotorjobs"]},{"@type":"Person","@id":"https:\/\/news.canadamotorjobs.com\/#\/schema\/person\/51793d1f87d44011d7bcc2ed99269a90","name":"Benoit Charette","image":{"@type":"ImageObject","inLanguage":"fr-CA","@id":"https:\/\/news.canadamotorjobs.com\/#\/schema\/person\/image\/","url":"https:\/\/secure.gravatar.com\/avatar\/45f3d2eebcccd909668d7ce7ea7267b6?s=96&d=mm&r=g","contentUrl":"https:\/\/secure.gravatar.com\/avatar\/45f3d2eebcccd909668d7ce7ea7267b6?s=96&d=mm&r=g","caption":"Benoit Charette"},"description":"Benoit Charette \/ Propri\u00e9taire et r\u00e9dacteur en chef Benoit Charette pratique le journalisme automobile depuis bient\u00f4t 30 ans. Il a fait ses classes au c\u00f4t\u00e9 de Daniel H\u00e9raud et au Carnet de route de 1992 \u00e0 2001. Il est fondateur, copropri\u00e9taire et r\u00e9dacteur en chef de L\u2019Annuel de l\u2019automobile, qu\u2019il publie depuis 2001. Il a anim\u00e9 les \u00e9missions RPM et RPM+ sur V et les L\u00e9gendes de la route sur Historia. \u00c0 la radio depuis 1986, il reprend l\u2019antenne cette ann\u00e9e sur les ondes de Cogeco et participe pour la deuxi\u00e8me ann\u00e9e \u00e0 l\u2019\u00e9mission Passion Auto sur RDS en plus de mettre en ligne le site Web officiel de L\u2019Annuel de l\u2019automobile sur annuelauto.ca.","sameAs":["https:\/\/annuelauto.ca\/"],"url":"https:\/\/news.canadamotorjobs.com\/fr\/author\/benoit-charette\/"}]}},"_links":{"self":[{"href":"https:\/\/news.canadamotorjobs.com\/fr\/wp-json\/wp\/v2\/posts\/169010"}],"collection":[{"href":"https:\/\/news.canadamotorjobs.com\/fr\/wp-json\/wp\/v2\/posts"}],"about":[{"href":"https:\/\/news.canadamotorjobs.com\/fr\/wp-json\/wp\/v2\/types\/post"}],"author":[{"embeddable":true,"href":"https:\/\/news.canadamotorjobs.com\/fr\/wp-json\/wp\/v2\/users\/8"}],"replies":[{"embeddable":true,"href":"https:\/\/news.canadamotorjobs.com\/fr\/wp-json\/wp\/v2\/comments?post=169010"}],"version-history":[{"count":2,"href":"https:\/\/news.canadamotorjobs.com\/fr\/wp-json\/wp\/v2\/posts\/169010\/revisions"}],"predecessor-version":[{"id":169014,"href":"https:\/\/news.canadamotorjobs.com\/fr\/wp-json\/wp\/v2\/posts\/169010\/revisions\/169014"}],"wp:featuredmedia":[{"embeddable":true,"href":"https:\/\/news.canadamotorjobs.com\/fr\/wp-json\/wp\/v2\/media\/169012"}],"wp:attachment":[{"href":"https:\/\/news.canadamotorjobs.com\/fr\/wp-json\/wp\/v2\/media?parent=169010"}],"wp:term":[{"taxonomy":"category","embeddable":true,"href":"https:\/\/news.canadamotorjobs.com\/fr\/wp-json\/wp\/v2\/categories?post=169010"},{"taxonomy":"post_tag","embeddable":true,"href":"https:\/\/news.canadamotorjobs.com\/fr\/wp-json\/wp\/v2\/tags?post=169010"}],"curies":[{"name":"wp","href":"https:\/\/api.w.org\/{rel}","templated":true}]}}