{"id":168987,"date":"2024-07-16T10:34:01","date_gmt":"2024-07-16T14:34:01","guid":{"rendered":"https:\/\/news.canadamotorjobs.com\/?p=168987"},"modified":"2024-07-16T10:44:12","modified_gmt":"2024-07-16T14:44:12","slug":"audi-devoile-la-toute-nouvelle-a5","status":"publish","type":"post","link":"https:\/\/news.canadamotorjobs.com\/fr\/audi-devoile-la-toute-nouvelle-a5\/","title":{"rendered":"Audi d\u00e9voile la toute nouvelle A5"},"content":{"rendered":"<\/p>\n<p>Audi a lev\u00e9 le voile sur la nouvelle Audi A5, qui prend la rel\u00e8ve de la gamme A4 sous le nouveau syst\u00e8me de d\u00e9nomination de la marque. Disponible en versions Avant (pour l\u2019Europe) et Berline chez nous, la gamme A5 offre aux consommateurs une gamme de v\u00e9hicules thermiques efficaces. Ce sont les premi\u00e8res Audi \u00e0 \u00eatre bas\u00e9es sur l&#8217;architecture Premium Platform Combustion (PPC). \u00c0 noter que l&#8217;A4 deviendra une berline enti\u00e8rement \u00e9lectrique en 2026.<\/p>\n<h3><strong>Sous le capot<\/strong><\/h3>\n<p>\nLa motorisation de base repose sur un syst\u00e8me \u00e9lectrique embarqu\u00e9 de 48 volts qui soutient le moteur \u00e0 combustion et r\u00e9duit les \u00e9missions de CO2 tout en augmentant les performances. Le g\u00e9n\u00e9rateur de puissance (PTG) permet une conduite partiellement \u00e9lectrique qui contribue \u00e0 une r\u00e9duction de la consommation de carburant. Le moteur d&#8217;entr\u00e9e de gamme est un 2.0 TFSI de 204 chevaux. Il est \u00e9quip\u00e9 d&#8217;un turbocompresseur \u00e0 g\u00e9om\u00e9trie de turbine variable (VTG) et fonctionne avec un processus de combustion modifi\u00e9 qui est particuli\u00e8rement \u00e9conome en carburant sous charge partielle. Le rouage int\u00e9gral fait toujours parti de l\u2019offre de base. Il faut noter que l\u2019actuelle version de l\u2019Audi A4 et A5 offre 261 chevaux dans sa livr\u00e9e de base et 273 lb-pi de couple. Il y a donc une baisse significative de puissance dans la nouvelle A5. Ce changement est obligatoire pour respecter les nouvelles normes anti-pollution tant en Europe que chez nous. Dans le cas de la S5, le moteur est toujours le V6\u00a0 de 3,0 litres qui lui augmente l\u00e9g\u00e8rement sa puissance \u00e0 367 chevaux gr\u00e2ce \u00e0 l\u2019apport des 24 chevaux de l\u2019hybridation douce. \u00c0 noter qu\u2019une version hybride rechargeable sera disponible en Europe l\u2019an prochain avec une autonomie annonc\u00e9e de 100 km (WLTP). Un mod\u00e8le qui9 pourrait venir chez nous en 2026 tout comme la future RS5.<\/p>\n<h3><strong>Conduite plus pr\u00e9cise<\/strong><\/h3>\n<p>\nAvec les amortisseurs adaptatifs en option, les conducteurs de l&#8217;A5 peuvent choisir entre des dynamiques orient\u00e9es confort ou sport d&#8217;une simple pression sur un bouton. Les supports de direction et de suspension sur l&#8217;essieu avant sont plus rigides qu&#8217;auparavant, favorisant une direction plus pr\u00e9cise. Audi d\u00e9clare que le syst\u00e8me de direction progressive est d\u00e9sormais standard sur la nouvelle A5 Berline et Avant. Les mod\u00e8les S et S line re\u00e7oivent une suspension sport de s\u00e9rie, qui abaisse le v\u00e9hicule de 0,78 pouces. Le vectoriel de couple de freinage est \u00e9galement disponible et permet \u00e0 la voiture de tourner dans les virages avec moins de sous-virage, un probl\u00e8me r\u00e9current des Audi grand public. Les mod\u00e8les S5 re\u00e7oivent un diff\u00e9rentiel sport quattro avec vectoriel de couple et un embrayage de transmission int\u00e9grale ajustable.<\/p>\n<h3><strong>Approche plus moderne<\/strong><\/h3>\n<p>\nC\u00f4t\u00e9 style, la A5 offre des touches de style moderne emprunt\u00e9es aux Q6 e-tron, Q8 e-tron et \u00e0 la future gamme A6 e-tron. Les proportions globales ont \u00e9t\u00e9 ajust\u00e9es, avec d\u00e9sormais un empattement plus long, des roues plus grandes et des panneaux de carrosserie plus plats. Cela conf\u00e8re \u00e0 la gamme A5 plus de pr\u00e9sence et une apparence muscl\u00e9e, comme en t\u00e9moignent les ailes plus pro\u00e9minentes, la calandre en nid d&#8217;abeille plus large et plus mince, et les groupes de phares plus aiguis\u00e9s. Le hayon de la berline abandonne le design traditionnel du coffre, avec un hayon de style fastback comprenant le verre et le coffre. Essentiellement, la berline conventionnelle a laiss\u00e9 place \u00e0 un arri\u00e8re de type Sportback.<\/p>\n<h3><strong>Le luxe plus pr\u00e9sent que jamais \u00e0 l\u2019int\u00e9rieur<\/strong><\/h3>\n<p>\nL&#8217;int\u00e9rieur a \u00e9t\u00e9 pouss\u00e9 vers le haut de gamme, avec plus de technologie, de fonctionnalit\u00e9s et de mat\u00e9riaux haut de gamme. Audi d\u00e9crit la collection d&#8217;\u00e9crans comme la &#8220;Digital Stage&#8221;, qui comprend les cadrans num\u00e9riques de 11,9 pouces, l&#8217;\u00e9cran central incurv\u00e9 de 14,5 pouces du conducteur, et l&#8217;\u00e9cran passager optionnel de 10,9 pouces. Il y a aussi un affichage t\u00eate haute configurable qu&#8217;Audi d\u00e9clare pouvoir d\u00e9sormais contr\u00f4ler diverses fonctions d&#8217;infodivertissement et du v\u00e9hicule. Audi utilise cinq ordinateurs haute performance pour offrir la meilleure fonctionnalit\u00e9 possible sur plusieurs fonctionnalit\u00e9s du v\u00e9hicule. ChatGPT sera \u00e9galement int\u00e9gr\u00e9 \u00e0 la fonctionnalit\u00e9 Audi Assistant. Cela a \u00e9t\u00e9 introduit pour la premi\u00e8re fois dans le groupe VW sur la nouvelle Golf GTI.<\/p>\n<p>L&#8217;introduction du Softwrap conf\u00e8re une sensation haut de gamme. Ce mat\u00e9riau s&#8217;\u00e9tend sur toute la largeur de la fa\u00e7ade, et, avec les tissus utilis\u00e9s pour les accoudoirs et les panneaux de portes, l&#8217;int\u00e9rieur est cens\u00e9 offrir une &#8220;ambiance chaleureuse&#8221;. Les acheteurs peuvent personnaliser l&#8217;int\u00e9rieur avec diff\u00e9rentes couleurs et mat\u00e9riaux de haute qualit\u00e9. Sur le plan de la s\u00e9curit\u00e9, la nouvelle A5 sera \u00e9quip\u00e9e de feux de jour num\u00e9riques, de phares \u00e0 DEL et de feux arri\u00e8re OLED. Comme le Q6 e-tron, la gamme A5 peut d\u00e9sormais communiquer avec d&#8217;autres usagers de la route via un \u00e9clairage dynamique, les avertissant des dangers potentiels plus loin sur la route.<\/p>\n<h3><strong>Conclusion<\/strong><\/h3>\n<p>\nDe s\u00e9rie, les lignes A5 et S5 b\u00e9n\u00e9ficient de plusieurs syst\u00e8mes d&#8217;assistance au conducteur, notamment l&#8217;avertissement de sortie de voie, l&#8217;assistance \u00e0 l&#8217;attention, l&#8217;assistance au stationnement arri\u00e8re et le r\u00e9gulateur de vitesse. En option, les clients peuvent choisir parmi plusieurs packs, qui introduisent des fonctionnalit\u00e9s telles que le r\u00e9gulateur de vitesse adaptatif, l&#8217;assistance au freinage d&#8217;urgence avant, l&#8217;assistance au trafic transversal avant, et plus encore. L&#8217;A5 ne sera commercialis\u00e9e au 2<sup>e<\/sup> trimestre de 2025 au Canada et il est encore trop t\u00f4t pour parler de prix<\/p>\n<p>Source\u00a0: Audi<\/p>\n<p>\u00a0<\/p>\n<p>Le texte <a rel=\"nofollow\" href=\"https:\/\/annuelauto.ca\/audi-devoile-la-toute-nouvelle-a5\/\">Audi d\u00e9voile la toute nouvelle A5<\/a> provient de <a rel=\"nofollow\" href=\"https:\/\/annuelauto.ca\">L&#8217;annuel de l&#8217;automobile &#8211; Actualit\u00e9 automobile<\/a><\/p>\n<p><\/p>\n","protected":false},"excerpt":{"rendered":"<p>Audi a lev\u00e9 le voile sur la nouvelle Audi A5, qui prend la rel\u00e8ve de la gamme A4 sous le nouveau syst\u00e8me de d\u00e9nomination de la marque. Disponible en versions Avant (pour l\u2019Europe) et Berline chez nous, la gamme A5 offre aux consommateurs une gamme de v\u00e9hicules thermiques efficaces. Ce sont les premi\u00e8res Audi \u00e0 [&hellip;]<\/p>\n","protected":false},"author":8,"featured_media":168989,"comment_status":"close","ping_status":"closed","sticky":false,"template":"","format":"standard","meta":{"_monsterinsights_skip_tracking":false,"_monsterinsights_sitenote_active":false,"_monsterinsights_sitenote_note":"","_monsterinsights_sitenote_category":0,"footnotes":""},"categories":[101],"tags":[],"yoast_head":"<!-- This site is optimized with the Yoast SEO plugin v23.2 - https:\/\/yoast.com\/wordpress\/plugins\/seo\/ -->\n<title>Audi d\u00e9voile la toute nouvelle A5 - CanadaMotorJobs.com<\/title>\n<meta name=\"description\" content=\"Audi d\u00e9voile la toute nouvelle A5 - Benoit Charette - Annuel automobile - CanadaMotorJobs.com.\" \/>\n<meta name=\"robots\" content=\"index, follow, max-snippet:-1, max-image-preview:large, max-video-preview:-1\" \/>\n<meta property=\"og:locale\" content=\"fr_CA\" \/>\n<meta property=\"og:type\" content=\"article\" \/>\n<meta property=\"og:title\" content=\"Audi d\u00e9voile la toute nouvelle A5 - CanadaMotorJobs.com\" \/>\n<meta property=\"og:description\" content=\"Audi d\u00e9voile la toute nouvelle A5 - Benoit Charette - Annuel automobile - CanadaMotorJobs.com.\" \/>\n<meta property=\"og:url\" content=\"https:\/\/news.canadamotorjobs.com\/fr\/audi-devoile-la-toute-nouvelle-a5\/\" \/>\n<meta property=\"og:site_name\" content=\"CanadaMotorJobs.com\" \/>\n<meta property=\"article:publisher\" content=\"https:\/\/www.facebook.com\/canadamotorjobs\/\" \/>\n<meta property=\"article:published_time\" content=\"2024-07-16T14:34:01+00:00\" \/>\n<meta property=\"article:modified_time\" content=\"2024-07-16T14:44:12+00:00\" \/>\n<meta property=\"og:image\" content=\"https:\/\/news.canadamotorjobs.com\/wp-content\/uploads\/2024\/07\/A242933_large.jpg\" \/>\n\t<meta property=\"og:image:width\" content=\"1067\" \/>\n\t<meta property=\"og:image:height\" content=\"800\" \/>\n\t<meta property=\"og:image:type\" content=\"image\/jpeg\" \/>\n<meta name=\"author\" content=\"Benoit Charette\" \/>\n<meta name=\"twitter:card\" content=\"summary_large_image\" \/>\n<meta name=\"twitter:creator\" content=\"@canadamotorjobs\" \/>\n<meta name=\"twitter:site\" content=\"@canadamotorjobs\" \/>\n<meta name=\"twitter:label1\" content=\"\u00c9crit par\" \/>\n\t<meta name=\"twitter:data1\" content=\"Benoit Charette\" \/>\n\t<meta name=\"twitter:label2\" content=\"Estimation du temps de lecture\" \/>\n\t<meta name=\"twitter:data2\" content=\"5 minutes\" \/>\n<!-- \/ Yoast SEO plugin. -->","yoast_head_json":{"title":"Audi d\u00e9voile la toute nouvelle A5 - CanadaMotorJobs.com","description":"Audi d\u00e9voile la toute nouvelle A5 - Benoit Charette - Annuel automobile - CanadaMotorJobs.com.","robots":{"index":"index","follow":"follow","max-snippet":"max-snippet:-1","max-image-preview":"max-image-preview:large","max-video-preview":"max-video-preview:-1"},"og_locale":"fr_CA","og_type":"article","og_title":"Audi d\u00e9voile la toute nouvelle A5 - CanadaMotorJobs.com","og_description":"Audi d\u00e9voile la toute nouvelle A5 - Benoit Charette - Annuel automobile - CanadaMotorJobs.com.","og_url":"https:\/\/news.canadamotorjobs.com\/fr\/audi-devoile-la-toute-nouvelle-a5\/","og_site_name":"CanadaMotorJobs.com","article_publisher":"https:\/\/www.facebook.com\/canadamotorjobs\/","article_published_time":"2024-07-16T14:34:01+00:00","article_modified_time":"2024-07-16T14:44:12+00:00","og_image":[{"width":1067,"height":800,"url":"https:\/\/news.canadamotorjobs.com\/wp-content\/uploads\/2024\/07\/A242933_large.jpg","type":"image\/jpeg"}],"author":"Benoit Charette","twitter_card":"summary_large_image","twitter_creator":"@canadamotorjobs","twitter_site":"@canadamotorjobs","twitter_misc":{"\u00c9crit par":"Benoit Charette","Estimation du temps de lecture":"5 minutes"},"schema":{"@context":"https:\/\/schema.org","@graph":[{"@type":"Article","@id":"https:\/\/news.canadamotorjobs.com\/fr\/audi-devoile-la-toute-nouvelle-a5\/#article","isPartOf":{"@id":"https:\/\/news.canadamotorjobs.com\/fr\/audi-devoile-la-toute-nouvelle-a5\/"},"author":{"name":"Benoit Charette","@id":"https:\/\/news.canadamotorjobs.com\/#\/schema\/person\/51793d1f87d44011d7bcc2ed99269a90"},"headline":"Audi d\u00e9voile la toute nouvelle A5","datePublished":"2024-07-16T14:34:01+00:00","dateModified":"2024-07-16T14:44:12+00:00","mainEntityOfPage":{"@id":"https:\/\/news.canadamotorjobs.com\/fr\/audi-devoile-la-toute-nouvelle-a5\/"},"wordCount":993,"publisher":{"@id":"https:\/\/news.canadamotorjobs.com\/#organization"},"image":{"@id":"https:\/\/news.canadamotorjobs.com\/fr\/audi-devoile-la-toute-nouvelle-a5\/#primaryimage"},"thumbnailUrl":"https:\/\/news.canadamotorjobs.com\/wp-content\/uploads\/2024\/07\/A242933_large.jpg","articleSection":["Annuel automobile"],"inLanguage":"fr-CA"},{"@type":"WebPage","@id":"https:\/\/news.canadamotorjobs.com\/fr\/audi-devoile-la-toute-nouvelle-a5\/","url":"https:\/\/news.canadamotorjobs.com\/fr\/audi-devoile-la-toute-nouvelle-a5\/","name":"Audi d\u00e9voile la toute nouvelle A5 - CanadaMotorJobs.com","isPartOf":{"@id":"https:\/\/news.canadamotorjobs.com\/#website"},"primaryImageOfPage":{"@id":"https:\/\/news.canadamotorjobs.com\/fr\/audi-devoile-la-toute-nouvelle-a5\/#primaryimage"},"image":{"@id":"https:\/\/news.canadamotorjobs.com\/fr\/audi-devoile-la-toute-nouvelle-a5\/#primaryimage"},"thumbnailUrl":"https:\/\/news.canadamotorjobs.com\/wp-content\/uploads\/2024\/07\/A242933_large.jpg","datePublished":"2024-07-16T14:34:01+00:00","dateModified":"2024-07-16T14:44:12+00:00","description":"Audi d\u00e9voile la toute nouvelle A5 - Benoit Charette - Annuel automobile - CanadaMotorJobs.com.","breadcrumb":{"@id":"https:\/\/news.canadamotorjobs.com\/fr\/audi-devoile-la-toute-nouvelle-a5\/#breadcrumb"},"inLanguage":"fr-CA","potentialAction":[{"@type":"ReadAction","target":["https:\/\/news.canadamotorjobs.com\/fr\/audi-devoile-la-toute-nouvelle-a5\/"]}]},{"@type":"ImageObject","inLanguage":"fr-CA","@id":"https:\/\/news.canadamotorjobs.com\/fr\/audi-devoile-la-toute-nouvelle-a5\/#primaryimage","url":"https:\/\/news.canadamotorjobs.com\/wp-content\/uploads\/2024\/07\/A242933_large.jpg","contentUrl":"https:\/\/news.canadamotorjobs.com\/wp-content\/uploads\/2024\/07\/A242933_large.jpg","width":1067,"height":800},{"@type":"BreadcrumbList","@id":"https:\/\/news.canadamotorjobs.com\/fr\/audi-devoile-la-toute-nouvelle-a5\/#breadcrumb","itemListElement":[{"@type":"ListItem","position":1,"name":"Home","item":"https:\/\/news.canadamotorjobs.com\/fr\/blog\/"},{"@type":"ListItem","position":2,"name":"Audi d\u00e9voile la toute nouvelle A5"}]},{"@type":"WebSite","@id":"https:\/\/news.canadamotorjobs.com\/#website","url":"https:\/\/news.canadamotorjobs.com\/","name":"CanadaMotorJobs.com","description":"Automotive Jobs","publisher":{"@id":"https:\/\/news.canadamotorjobs.com\/#organization"},"potentialAction":[{"@type":"SearchAction","target":{"@type":"EntryPoint","urlTemplate":"https:\/\/news.canadamotorjobs.com\/?s={search_term_string}"},"query-input":"required name=search_term_string"}],"inLanguage":"fr-CA"},{"@type":"Organization","@id":"https:\/\/news.canadamotorjobs.com\/#organization","name":"Canada Motor Jobs","url":"https:\/\/news.canadamotorjobs.com\/","logo":{"@type":"ImageObject","inLanguage":"fr-CA","@id":"https:\/\/news.canadamotorjobs.com\/#\/schema\/logo\/image\/","url":"https:\/\/news.canadamotorjobs.com\/wp-content\/uploads\/2022\/10\/logo-canada-motor-jobs-1.png","contentUrl":"https:\/\/news.canadamotorjobs.com\/wp-content\/uploads\/2022\/10\/logo-canada-motor-jobs-1.png","width":800,"height":400,"caption":"Canada Motor Jobs"},"image":{"@id":"https:\/\/news.canadamotorjobs.com\/#\/schema\/logo\/image\/"},"sameAs":["https:\/\/www.facebook.com\/canadamotorjobs\/","https:\/\/x.com\/canadamotorjobs","https:\/\/www.instagram.com\/canadamotorjobs\/","https:\/\/www.linkedin.com\/company\/canadamotorjobs"]},{"@type":"Person","@id":"https:\/\/news.canadamotorjobs.com\/#\/schema\/person\/51793d1f87d44011d7bcc2ed99269a90","name":"Benoit Charette","image":{"@type":"ImageObject","inLanguage":"fr-CA","@id":"https:\/\/news.canadamotorjobs.com\/#\/schema\/person\/image\/","url":"https:\/\/secure.gravatar.com\/avatar\/45f3d2eebcccd909668d7ce7ea7267b6?s=96&d=mm&r=g","contentUrl":"https:\/\/secure.gravatar.com\/avatar\/45f3d2eebcccd909668d7ce7ea7267b6?s=96&d=mm&r=g","caption":"Benoit Charette"},"description":"Benoit Charette \/ Propri\u00e9taire et r\u00e9dacteur en chef Benoit Charette pratique le journalisme automobile depuis bient\u00f4t 30 ans. Il a fait ses classes au c\u00f4t\u00e9 de Daniel H\u00e9raud et au Carnet de route de 1992 \u00e0 2001. Il est fondateur, copropri\u00e9taire et r\u00e9dacteur en chef de L\u2019Annuel de l\u2019automobile, qu\u2019il publie depuis 2001. Il a anim\u00e9 les \u00e9missions RPM et RPM+ sur V et les L\u00e9gendes de la route sur Historia. \u00c0 la radio depuis 1986, il reprend l\u2019antenne cette ann\u00e9e sur les ondes de Cogeco et participe pour la deuxi\u00e8me ann\u00e9e \u00e0 l\u2019\u00e9mission Passion Auto sur RDS en plus de mettre en ligne le site Web officiel de L\u2019Annuel de l\u2019automobile sur annuelauto.ca.","sameAs":["https:\/\/annuelauto.ca\/"],"url":"https:\/\/news.canadamotorjobs.com\/fr\/author\/benoit-charette\/"}]}},"_links":{"self":[{"href":"https:\/\/news.canadamotorjobs.com\/fr\/wp-json\/wp\/v2\/posts\/168987"}],"collection":[{"href":"https:\/\/news.canadamotorjobs.com\/fr\/wp-json\/wp\/v2\/posts"}],"about":[{"href":"https:\/\/news.canadamotorjobs.com\/fr\/wp-json\/wp\/v2\/types\/post"}],"author":[{"embeddable":true,"href":"https:\/\/news.canadamotorjobs.com\/fr\/wp-json\/wp\/v2\/users\/8"}],"replies":[{"embeddable":true,"href":"https:\/\/news.canadamotorjobs.com\/fr\/wp-json\/wp\/v2\/comments?post=168987"}],"version-history":[{"count":2,"href":"https:\/\/news.canadamotorjobs.com\/fr\/wp-json\/wp\/v2\/posts\/168987\/revisions"}],"predecessor-version":[{"id":168991,"href":"https:\/\/news.canadamotorjobs.com\/fr\/wp-json\/wp\/v2\/posts\/168987\/revisions\/168991"}],"wp:featuredmedia":[{"embeddable":true,"href":"https:\/\/news.canadamotorjobs.com\/fr\/wp-json\/wp\/v2\/media\/168989"}],"wp:attachment":[{"href":"https:\/\/news.canadamotorjobs.com\/fr\/wp-json\/wp\/v2\/media?parent=168987"}],"wp:term":[{"taxonomy":"category","embeddable":true,"href":"https:\/\/news.canadamotorjobs.com\/fr\/wp-json\/wp\/v2\/categories?post=168987"},{"taxonomy":"post_tag","embeddable":true,"href":"https:\/\/news.canadamotorjobs.com\/fr\/wp-json\/wp\/v2\/tags?post=168987"}],"curies":[{"name":"wp","href":"https:\/\/api.w.org\/{rel}","templated":true}]}}