{"id":168960,"date":"2024-07-15T16:25:40","date_gmt":"2024-07-15T20:25:40","guid":{"rendered":"https:\/\/news.canadamotorjobs.com\/?p=168960"},"modified":"2024-07-15T16:30:05","modified_gmt":"2024-07-15T20:30:05","slug":"15-mois-de-retard-pour-lid-golf-de-volkswagen","status":"publish","type":"post","link":"https:\/\/news.canadamotorjobs.com\/fr\/15-mois-de-retard-pour-lid-golf-de-volkswagen\/","title":{"rendered":"15 mois de retard pour l\u2019ID Golf de Volkswagen"},"content":{"rendered":"<\/p>\n<p>Volkswagen a r\u00e9cemment annonc\u00e9 le report de son mod\u00e8le tout \u00e9lectrique, l&#8217;ID. Golf, initialement pr\u00e9vu pour 2027. Ce d\u00e9lai de 15 mois est principalement d\u00fb \u00e0 des probl\u00e8mes logiciels persistants, affectant \u00e9galement d&#8217;autres mod\u00e8les comme le VUS T-Sport, maintenant attendu en 2031.<\/p>\n<h3>Retards pr\u00e9c\u00e9dents chez VW<\/h3>\n<p>\nCe n&#8217;est pas la premi\u00e8re fois que Cariad cause des retards. Les Audi Q6 e-tron et Porsche Macan EV, initialement pr\u00e9vus pour 2023, ont \u00e9t\u00e9 retard\u00e9s de plusieurs mois et d\u00e9voil\u00e9s cette ann\u00e9e. De plus, l&#8217;Artemis EV d&#8217;Audi, autre mod\u00e8le haut de gamme, a \u00e9t\u00e9 mis en attente jusqu&#8217;en 2027, prolongeant ainsi la dur\u00e9e de vie de l&#8217;A8 actuelle.<\/p>\n<h3>La Plateforme MEB+<\/h3>\n<p>\nPour maintenir l&#8217;attrait de ses mod\u00e8les actuels, Volkswagen mise sur l&#8217;architecture MEB, qui sera mise \u00e0 jour pour devenir la plateforme MEB+. Les premiers v\u00e9hicules bas\u00e9s sur cette architecture arriveront en 2026, trois ans avant l&#8217;ID. Golf. Les co\u00fbts li\u00e9s \u00e0 cette mise \u00e0 jour signifient que VW devra maintenir la plateforme MEB+ plus longtemps pour rentabiliser l&#8217;investissement, ce qui contribue \u00e9galement aux retards de la plateforme SSP.<\/p>\n<h3>Un partenariat prometteur avec Rivian<\/h3>\n<p>\nVolkswagen a r\u00e9cemment annonc\u00e9 un partenariat avec Rivian, ce qui pourrait am\u00e9liorer la situation gr\u00e2ce \u00e0 l&#8217;expertise logicielle de Rivian. Cependant, cette collaboration ne commencera qu&#8217;\u00e0 la seconde moiti\u00e9 de la d\u00e9cennie, laissant Cariad g\u00e9rer les probl\u00e8mes actuels de mani\u00e8re autonome.<\/p>\n<h3>L&#8217;ID. Golf : un h\u00e9ritage \u00e9lectrique<\/h3>\n<p>\nL&#8217;ID. Golf succ\u00e9dera \u00e0 l&#8217;actuelle Mk8, devenant ainsi un mod\u00e8le enti\u00e8rement \u00e9lectrique tout en conservant son nom embl\u00e9matique. Thomas Sch\u00e4fer, PDG de Volkswagen Passenger Cars, a affirm\u00e9 en 2022 que &#8220;ce serait fou de les laisser mourir et dispara\u00eetre. Il y a un lien entre VW et ID, et il n&#8217;est pas n\u00e9cessaire d&#8217;annuler [ID]. Nous resterons fid\u00e8les \u00e0 la logique ID, mais les mod\u00e8les embl\u00e9matiques porteront un nom.&#8221; Les concepts ID. 2all et ID. GTI influenceront le design de la future ID. Golf, m\u00eame si les fans devront attendre 15 mois suppl\u00e9mentaires pour d\u00e9couvrir le produit final.<\/p>\n<h3>Conclusion<\/h3>\n<p>\nLa nouvelle ID. Golf de Volkswagen, bien que retard\u00e9e, promet de perp\u00e9tuer l&#8217;h\u00e9ritage de la Golf tout en entrant dans l&#8217;\u00e8re \u00e9lectrique. Malgr\u00e9 les d\u00e9fis logiciels rencontr\u00e9s par Cariad, l&#8217;avenir de l&#8217;ID. Golf semble prometteur, avec des attentes \u00e9lev\u00e9es pour sa r\u00e9v\u00e9lation en 2029.<\/p>\n<p>Avec des renseignements de Carbuzz<\/p>\n<p>Le texte <a rel=\"nofollow\" href=\"https:\/\/annuelauto.ca\/15-mois-de-retard-pour-lid-golf-de-volkswagen\/\">15 mois de retard pour l\u2019ID Golf de Volkswagen<\/a> provient de <a rel=\"nofollow\" href=\"https:\/\/annuelauto.ca\">L&#8217;annuel de l&#8217;automobile &#8211; Actualit\u00e9 automobile<\/a><\/p>\n<p><\/p>\n","protected":false},"excerpt":{"rendered":"<p>Volkswagen a r\u00e9cemment annonc\u00e9 le report de son mod\u00e8le tout \u00e9lectrique, l&#8217;ID. Golf, initialement pr\u00e9vu pour 2027. Ce d\u00e9lai de 15 mois est principalement d\u00fb \u00e0 des probl\u00e8mes logiciels persistants, affectant \u00e9galement d&#8217;autres mod\u00e8les comme le VUS T-Sport, maintenant attendu en 2031. Retards pr\u00e9c\u00e9dents chez VW Ce n&#8217;est pas la premi\u00e8re fois que Cariad cause [&hellip;]<\/p>\n","protected":false},"author":8,"featured_media":168962,"comment_status":"close","ping_status":"closed","sticky":false,"template":"","format":"standard","meta":{"_monsterinsights_skip_tracking":false,"_monsterinsights_sitenote_active":false,"_monsterinsights_sitenote_note":"","_monsterinsights_sitenote_category":0,"footnotes":""},"categories":[101],"tags":[],"yoast_head":"<!-- This site is optimized with the Yoast SEO plugin v23.2 - https:\/\/yoast.com\/wordpress\/plugins\/seo\/ -->\n<title>15 mois de retard pour l\u2019ID Golf de Volkswagen - CanadaMotorJobs.com<\/title>\n<meta name=\"description\" content=\"15 mois de retard pour l\u2019ID Golf de Volkswagen - Benoit Charette - Annuel automobile - CanadaMotorJobs.com.\" \/>\n<meta name=\"robots\" content=\"index, follow, max-snippet:-1, max-image-preview:large, max-video-preview:-1\" \/>\n<meta property=\"og:locale\" content=\"fr_CA\" \/>\n<meta property=\"og:type\" content=\"article\" \/>\n<meta property=\"og:title\" content=\"15 mois de retard pour l\u2019ID Golf de Volkswagen - CanadaMotorJobs.com\" \/>\n<meta property=\"og:description\" content=\"15 mois de retard pour l\u2019ID Golf de Volkswagen - Benoit Charette - Annuel automobile - CanadaMotorJobs.com.\" \/>\n<meta property=\"og:url\" content=\"https:\/\/news.canadamotorjobs.com\/fr\/15-mois-de-retard-pour-lid-golf-de-volkswagen\/\" \/>\n<meta property=\"og:site_name\" content=\"CanadaMotorJobs.com\" \/>\n<meta property=\"article:publisher\" content=\"https:\/\/www.facebook.com\/canadamotorjobs\/\" \/>\n<meta property=\"article:published_time\" content=\"2024-07-15T20:25:40+00:00\" \/>\n<meta property=\"article:modified_time\" content=\"2024-07-15T20:30:05+00:00\" \/>\n<meta property=\"og:image\" content=\"https:\/\/news.canadamotorjobs.com\/wp-content\/uploads\/2024\/07\/volkswagen-id-gti-concept-00001-1-1030x687.jpg\" \/>\n\t<meta property=\"og:image:width\" content=\"1030\" \/>\n\t<meta property=\"og:image:height\" content=\"687\" \/>\n\t<meta property=\"og:image:type\" content=\"image\/jpeg\" \/>\n<meta name=\"author\" content=\"Benoit Charette\" \/>\n<meta name=\"twitter:card\" content=\"summary_large_image\" \/>\n<meta name=\"twitter:creator\" content=\"@canadamotorjobs\" \/>\n<meta name=\"twitter:site\" content=\"@canadamotorjobs\" \/>\n<meta name=\"twitter:label1\" content=\"\u00c9crit par\" \/>\n\t<meta name=\"twitter:data1\" content=\"Benoit Charette\" \/>\n\t<meta name=\"twitter:label2\" content=\"Estimation du temps de lecture\" \/>\n\t<meta name=\"twitter:data2\" content=\"2 minutes\" \/>\n<!-- \/ Yoast SEO plugin. -->","yoast_head_json":{"title":"15 mois de retard pour l\u2019ID Golf de Volkswagen - CanadaMotorJobs.com","description":"15 mois de retard pour l\u2019ID Golf de Volkswagen - Benoit Charette - Annuel automobile - CanadaMotorJobs.com.","robots":{"index":"index","follow":"follow","max-snippet":"max-snippet:-1","max-image-preview":"max-image-preview:large","max-video-preview":"max-video-preview:-1"},"og_locale":"fr_CA","og_type":"article","og_title":"15 mois de retard pour l\u2019ID Golf de Volkswagen - CanadaMotorJobs.com","og_description":"15 mois de retard pour l\u2019ID Golf de Volkswagen - Benoit Charette - Annuel automobile - CanadaMotorJobs.com.","og_url":"https:\/\/news.canadamotorjobs.com\/fr\/15-mois-de-retard-pour-lid-golf-de-volkswagen\/","og_site_name":"CanadaMotorJobs.com","article_publisher":"https:\/\/www.facebook.com\/canadamotorjobs\/","article_published_time":"2024-07-15T20:25:40+00:00","article_modified_time":"2024-07-15T20:30:05+00:00","og_image":[{"width":1030,"height":687,"url":"https:\/\/news.canadamotorjobs.com\/wp-content\/uploads\/2024\/07\/volkswagen-id-gti-concept-00001-1-1030x687.jpg","type":"image\/jpeg"}],"author":"Benoit Charette","twitter_card":"summary_large_image","twitter_creator":"@canadamotorjobs","twitter_site":"@canadamotorjobs","twitter_misc":{"\u00c9crit par":"Benoit Charette","Estimation du temps de lecture":"2 minutes"},"schema":{"@context":"https:\/\/schema.org","@graph":[{"@type":"Article","@id":"https:\/\/news.canadamotorjobs.com\/fr\/15-mois-de-retard-pour-lid-golf-de-volkswagen\/#article","isPartOf":{"@id":"https:\/\/news.canadamotorjobs.com\/fr\/15-mois-de-retard-pour-lid-golf-de-volkswagen\/"},"author":{"name":"Benoit Charette","@id":"https:\/\/news.canadamotorjobs.com\/#\/schema\/person\/51793d1f87d44011d7bcc2ed99269a90"},"headline":"15 mois de retard pour l\u2019ID Golf de Volkswagen","datePublished":"2024-07-15T20:25:40+00:00","dateModified":"2024-07-15T20:30:05+00:00","mainEntityOfPage":{"@id":"https:\/\/news.canadamotorjobs.com\/fr\/15-mois-de-retard-pour-lid-golf-de-volkswagen\/"},"wordCount":459,"publisher":{"@id":"https:\/\/news.canadamotorjobs.com\/#organization"},"image":{"@id":"https:\/\/news.canadamotorjobs.com\/fr\/15-mois-de-retard-pour-lid-golf-de-volkswagen\/#primaryimage"},"thumbnailUrl":"https:\/\/news.canadamotorjobs.com\/wp-content\/uploads\/2024\/07\/volkswagen-id-gti-concept-00001-1.jpg","articleSection":["Annuel automobile"],"inLanguage":"fr-CA"},{"@type":"WebPage","@id":"https:\/\/news.canadamotorjobs.com\/fr\/15-mois-de-retard-pour-lid-golf-de-volkswagen\/","url":"https:\/\/news.canadamotorjobs.com\/fr\/15-mois-de-retard-pour-lid-golf-de-volkswagen\/","name":"15 mois de retard pour l\u2019ID Golf de Volkswagen - CanadaMotorJobs.com","isPartOf":{"@id":"https:\/\/news.canadamotorjobs.com\/#website"},"primaryImageOfPage":{"@id":"https:\/\/news.canadamotorjobs.com\/fr\/15-mois-de-retard-pour-lid-golf-de-volkswagen\/#primaryimage"},"image":{"@id":"https:\/\/news.canadamotorjobs.com\/fr\/15-mois-de-retard-pour-lid-golf-de-volkswagen\/#primaryimage"},"thumbnailUrl":"https:\/\/news.canadamotorjobs.com\/wp-content\/uploads\/2024\/07\/volkswagen-id-gti-concept-00001-1.jpg","datePublished":"2024-07-15T20:25:40+00:00","dateModified":"2024-07-15T20:30:05+00:00","description":"15 mois de retard pour l\u2019ID Golf de Volkswagen - Benoit Charette - Annuel automobile - CanadaMotorJobs.com.","breadcrumb":{"@id":"https:\/\/news.canadamotorjobs.com\/fr\/15-mois-de-retard-pour-lid-golf-de-volkswagen\/#breadcrumb"},"inLanguage":"fr-CA","potentialAction":[{"@type":"ReadAction","target":["https:\/\/news.canadamotorjobs.com\/fr\/15-mois-de-retard-pour-lid-golf-de-volkswagen\/"]}]},{"@type":"ImageObject","inLanguage":"fr-CA","@id":"https:\/\/news.canadamotorjobs.com\/fr\/15-mois-de-retard-pour-lid-golf-de-volkswagen\/#primaryimage","url":"https:\/\/news.canadamotorjobs.com\/wp-content\/uploads\/2024\/07\/volkswagen-id-gti-concept-00001-1.jpg","contentUrl":"https:\/\/news.canadamotorjobs.com\/wp-content\/uploads\/2024\/07\/volkswagen-id-gti-concept-00001-1.jpg","width":1920,"height":1280},{"@type":"BreadcrumbList","@id":"https:\/\/news.canadamotorjobs.com\/fr\/15-mois-de-retard-pour-lid-golf-de-volkswagen\/#breadcrumb","itemListElement":[{"@type":"ListItem","position":1,"name":"Home","item":"https:\/\/news.canadamotorjobs.com\/fr\/blog\/"},{"@type":"ListItem","position":2,"name":"15 mois de retard pour l\u2019ID Golf de Volkswagen"}]},{"@type":"WebSite","@id":"https:\/\/news.canadamotorjobs.com\/#website","url":"https:\/\/news.canadamotorjobs.com\/","name":"CanadaMotorJobs.com","description":"Automotive Jobs","publisher":{"@id":"https:\/\/news.canadamotorjobs.com\/#organization"},"potentialAction":[{"@type":"SearchAction","target":{"@type":"EntryPoint","urlTemplate":"https:\/\/news.canadamotorjobs.com\/?s={search_term_string}"},"query-input":"required name=search_term_string"}],"inLanguage":"fr-CA"},{"@type":"Organization","@id":"https:\/\/news.canadamotorjobs.com\/#organization","name":"Canada Motor Jobs","url":"https:\/\/news.canadamotorjobs.com\/","logo":{"@type":"ImageObject","inLanguage":"fr-CA","@id":"https:\/\/news.canadamotorjobs.com\/#\/schema\/logo\/image\/","url":"https:\/\/news.canadamotorjobs.com\/wp-content\/uploads\/2022\/10\/logo-canada-motor-jobs-1.png","contentUrl":"https:\/\/news.canadamotorjobs.com\/wp-content\/uploads\/2022\/10\/logo-canada-motor-jobs-1.png","width":800,"height":400,"caption":"Canada Motor Jobs"},"image":{"@id":"https:\/\/news.canadamotorjobs.com\/#\/schema\/logo\/image\/"},"sameAs":["https:\/\/www.facebook.com\/canadamotorjobs\/","https:\/\/x.com\/canadamotorjobs","https:\/\/www.instagram.com\/canadamotorjobs\/","https:\/\/www.linkedin.com\/company\/canadamotorjobs"]},{"@type":"Person","@id":"https:\/\/news.canadamotorjobs.com\/#\/schema\/person\/51793d1f87d44011d7bcc2ed99269a90","name":"Benoit Charette","image":{"@type":"ImageObject","inLanguage":"fr-CA","@id":"https:\/\/news.canadamotorjobs.com\/#\/schema\/person\/image\/","url":"https:\/\/secure.gravatar.com\/avatar\/45f3d2eebcccd909668d7ce7ea7267b6?s=96&d=mm&r=g","contentUrl":"https:\/\/secure.gravatar.com\/avatar\/45f3d2eebcccd909668d7ce7ea7267b6?s=96&d=mm&r=g","caption":"Benoit Charette"},"description":"Benoit Charette \/ Propri\u00e9taire et r\u00e9dacteur en chef Benoit Charette pratique le journalisme automobile depuis bient\u00f4t 30 ans. Il a fait ses classes au c\u00f4t\u00e9 de Daniel H\u00e9raud et au Carnet de route de 1992 \u00e0 2001. Il est fondateur, copropri\u00e9taire et r\u00e9dacteur en chef de L\u2019Annuel de l\u2019automobile, qu\u2019il publie depuis 2001. Il a anim\u00e9 les \u00e9missions RPM et RPM+ sur V et les L\u00e9gendes de la route sur Historia. \u00c0 la radio depuis 1986, il reprend l\u2019antenne cette ann\u00e9e sur les ondes de Cogeco et participe pour la deuxi\u00e8me ann\u00e9e \u00e0 l\u2019\u00e9mission Passion Auto sur RDS en plus de mettre en ligne le site Web officiel de L\u2019Annuel de l\u2019automobile sur annuelauto.ca.","sameAs":["https:\/\/annuelauto.ca\/"],"url":"https:\/\/news.canadamotorjobs.com\/fr\/author\/benoit-charette\/"}]}},"_links":{"self":[{"href":"https:\/\/news.canadamotorjobs.com\/fr\/wp-json\/wp\/v2\/posts\/168960"}],"collection":[{"href":"https:\/\/news.canadamotorjobs.com\/fr\/wp-json\/wp\/v2\/posts"}],"about":[{"href":"https:\/\/news.canadamotorjobs.com\/fr\/wp-json\/wp\/v2\/types\/post"}],"author":[{"embeddable":true,"href":"https:\/\/news.canadamotorjobs.com\/fr\/wp-json\/wp\/v2\/users\/8"}],"replies":[{"embeddable":true,"href":"https:\/\/news.canadamotorjobs.com\/fr\/wp-json\/wp\/v2\/comments?post=168960"}],"version-history":[{"count":2,"href":"https:\/\/news.canadamotorjobs.com\/fr\/wp-json\/wp\/v2\/posts\/168960\/revisions"}],"predecessor-version":[{"id":168964,"href":"https:\/\/news.canadamotorjobs.com\/fr\/wp-json\/wp\/v2\/posts\/168960\/revisions\/168964"}],"wp:featuredmedia":[{"embeddable":true,"href":"https:\/\/news.canadamotorjobs.com\/fr\/wp-json\/wp\/v2\/media\/168962"}],"wp:attachment":[{"href":"https:\/\/news.canadamotorjobs.com\/fr\/wp-json\/wp\/v2\/media?parent=168960"}],"wp:term":[{"taxonomy":"category","embeddable":true,"href":"https:\/\/news.canadamotorjobs.com\/fr\/wp-json\/wp\/v2\/categories?post=168960"},{"taxonomy":"post_tag","embeddable":true,"href":"https:\/\/news.canadamotorjobs.com\/fr\/wp-json\/wp\/v2\/tags?post=168960"}],"curies":[{"name":"wp","href":"https:\/\/api.w.org\/{rel}","templated":true}]}}