{"id":168803,"date":"2024-07-12T08:26:04","date_gmt":"2024-07-12T12:26:04","guid":{"rendered":"https:\/\/news.canadamotorjobs.com\/?p=168803"},"modified":"2024-07-12T08:31:47","modified_gmt":"2024-07-12T12:31:47","slug":"la-nissan-versa-va-disparaitre-apres-2025","status":"publish","type":"post","link":"https:\/\/news.canadamotorjobs.com\/fr\/la-nissan-versa-va-disparaitre-apres-2025\/","title":{"rendered":"La Nissan Versa va dispara\u00eetre apr\u00e8s 2025"},"content":{"rendered":"<\/p>\n<p>Apr\u00e8s Mitsubishi qui a annonc\u00e9 le retrait de la Mirage aux \u00c9tats-Unis, c\u2019est au tour de Nissan de faire la m\u00eame chose avec la Versa. Il sera de plus en plus difficile de trouver une voiture abordable et le m\u00eame sort attend ces deux voitures chez-nous.<\/p>\n<h3>Une annonce pr\u00e9vue pour avril<\/h3>\n<p>\nDes sources proches du dossier ont r\u00e9v\u00e9l\u00e9 \u00e0 Automotive News que la Versa serait retir\u00e9e du march\u00e9 en avril prochain, mettant fin pr\u00e9matur\u00e9ment \u00e0 l&#8217;ann\u00e9e mod\u00e8le 2025. Il n&#8217;y aura apparemment pas de mod\u00e8le de nouvelle g\u00e9n\u00e9ration. Cela laissera le march\u00e9 am\u00e9ricain totalement d\u00e9pourvu de voitures sous-compactes, avec uniquement des VUS sous-compacts plus chers et des mod\u00e8les compactes de luxe comme MINI ou la Fiat 5ooe.<\/p>\n<h3>Une r\u00e9duction drastique de la gamme de berlines de Nissan<\/h3>\n<p>\nCela signifie \u00e9galement que la gamme de berlines de Nissan est presque totalement supprim\u00e9e, avec la Maxima discontinu\u00e9e l&#8217;ann\u00e9e derni\u00e8re et l&#8217;Altima en sursis. Cette derni\u00e8re continuera apparemment jusqu&#8217;\u00e0 l&#8217;ann\u00e9e mod\u00e8le 2026. La derni\u00e8re berline restante de Nissan sera la compacte Sentra, qui \u00e9tait le deuxi\u00e8me mod\u00e8le le plus vendu de la marque au cours du premier semestre de 2024.<\/p>\n<h3>R\u00e9actions de Nissan<\/h3>\n<p>\nNissan a refus\u00e9 de commenter la pr\u00e9tendue fin de la Versa, d\u00e9crivant le rapport d&#8217;Automotive News comme &#8220;des sp\u00e9culations&#8221;. &#8220;Nous n&#8217;avons fait aucune annonce de ce genre, et la Versa reste une partie importante de notre gamme,&#8221; a d\u00e9clar\u00e9 un porte-parole. &#8220;Nous continuons d&#8217;investir dans les berlines pour offrir des voitures au look attrayant, \u00e9quip\u00e9es de technologies centr\u00e9es sur le client. Les berlines restent une partie importante de la strat\u00e9gie produit de notre entreprise, offrant des avantages en termes de co\u00fbt de possession.&#8221;<\/p>\n<h3>Les cons\u00e9quences pour les consommateurs<\/h3>\n<p>\nEn excluant la Mirage, la voiture neuve la moins ch\u00e8re au Canada, la Versa est \u00e0 20\u00a0298 $ et ensuite le Hyundai Venue \u00e0 un peu plus de 23\u00a0000$. La fin de la Versa ne fera qu&#8217;aggraver l&#8217;accessibilit\u00e9 des voitures neuves, avec des revenus stagnants face \u00e0 un co\u00fbt de la vie en constante augmentation dans une \u00e9conomie en d\u00e9clin.<\/p>\n<h3>Une industrie automobile aveugl\u00e9e par les profits<\/h3>\n<p>\n\u00c9videmment, les constructeurs s&#8217;attendent \u00e0 ce que nous d\u00e9pensions toujours plus d&#8217;argent que nous n&#8217;avons pas pour des voitures plus ch\u00e8res que n\u00e9cessaires. Une fois de plus, l&#8217;industrie automobile se pr\u00e9pare \u00e0 \u00eatre surpass\u00e9e par de nouveaux acteurs, comme cela s&#8217;est produit par le pass\u00e9. Elle n&#8217;a pas besoin d&#8217;attendre le moment fatidique de la prochaine crise \u00e9conomique, mais il semble que ce soit l&#8217;avenir que les constructeurs ont collectivement d\u00e9cid\u00e9.<\/p>\n<p>Avec des renseignements de The Drive<\/p>\n<p>Le texte <a rel=\"nofollow\" href=\"https:\/\/annuelauto.ca\/la-nissan-versa-va-disparaitre-apres-2025\/\">La Nissan Versa va dispara\u00eetre apr\u00e8s 2025<\/a> provient de <a rel=\"nofollow\" href=\"https:\/\/annuelauto.ca\">L&#8217;annuel de l&#8217;automobile &#8211; Actualit\u00e9 automobile<\/a><\/p>\n<p><\/p>\n","protected":false},"excerpt":{"rendered":"<p>Apr\u00e8s Mitsubishi qui a annonc\u00e9 le retrait de la Mirage aux \u00c9tats-Unis, c\u2019est au tour de Nissan de faire la m\u00eame chose avec la Versa. Il sera de plus en plus difficile de trouver une voiture abordable et le m\u00eame sort attend ces deux voitures chez-nous. Une annonce pr\u00e9vue pour avril Des sources proches du [&hellip;]<\/p>\n","protected":false},"author":8,"featured_media":168805,"comment_status":"close","ping_status":"closed","sticky":false,"template":"","format":"standard","meta":{"_monsterinsights_skip_tracking":false,"_monsterinsights_sitenote_active":false,"_monsterinsights_sitenote_note":"","_monsterinsights_sitenote_category":0,"footnotes":""},"categories":[101],"tags":[],"yoast_head":"<!-- This site is optimized with the Yoast SEO plugin v23.2 - https:\/\/yoast.com\/wordpress\/plugins\/seo\/ -->\n<title>La Nissan Versa va dispara\u00eetre apr\u00e8s 2025 - CanadaMotorJobs.com<\/title>\n<meta name=\"description\" content=\"La Nissan Versa va dispara\u00eetre apr\u00e8s 2025 - Benoit Charette - Annuel automobile - CanadaMotorJobs.com.\" \/>\n<meta name=\"robots\" content=\"index, follow, max-snippet:-1, max-image-preview:large, max-video-preview:-1\" \/>\n<meta property=\"og:locale\" content=\"fr_CA\" \/>\n<meta property=\"og:type\" content=\"article\" \/>\n<meta property=\"og:title\" content=\"La Nissan Versa va dispara\u00eetre apr\u00e8s 2025 - CanadaMotorJobs.com\" \/>\n<meta property=\"og:description\" content=\"La Nissan Versa va dispara\u00eetre apr\u00e8s 2025 - Benoit Charette - Annuel automobile - CanadaMotorJobs.com.\" \/>\n<meta property=\"og:url\" content=\"https:\/\/news.canadamotorjobs.com\/fr\/la-nissan-versa-va-disparaitre-apres-2025\/\" \/>\n<meta property=\"og:site_name\" content=\"CanadaMotorJobs.com\" \/>\n<meta property=\"article:publisher\" content=\"https:\/\/www.facebook.com\/canadamotorjobs\/\" \/>\n<meta property=\"article:published_time\" content=\"2024-07-12T12:26:04+00:00\" \/>\n<meta property=\"article:modified_time\" content=\"2024-07-12T12:31:47+00:00\" \/>\n<meta property=\"og:image\" content=\"https:\/\/news.canadamotorjobs.com\/wp-content\/uploads\/2024\/07\/2023-nissan-versa-front-3-4.jpg\" \/>\n\t<meta property=\"og:image:width\" content=\"1280\" \/>\n\t<meta property=\"og:image:height\" content=\"720\" \/>\n\t<meta property=\"og:image:type\" content=\"image\/jpeg\" \/>\n<meta name=\"author\" content=\"Benoit Charette\" \/>\n<meta name=\"twitter:card\" content=\"summary_large_image\" \/>\n<meta name=\"twitter:creator\" content=\"@canadamotorjobs\" \/>\n<meta name=\"twitter:site\" content=\"@canadamotorjobs\" \/>\n<meta name=\"twitter:label1\" content=\"\u00c9crit par\" \/>\n\t<meta name=\"twitter:data1\" content=\"Benoit Charette\" \/>\n\t<meta name=\"twitter:label2\" content=\"Estimation du temps de lecture\" \/>\n\t<meta name=\"twitter:data2\" content=\"2 minutes\" \/>\n<!-- \/ Yoast SEO plugin. -->","yoast_head_json":{"title":"La Nissan Versa va dispara\u00eetre apr\u00e8s 2025 - CanadaMotorJobs.com","description":"La Nissan Versa va dispara\u00eetre apr\u00e8s 2025 - Benoit Charette - Annuel automobile - CanadaMotorJobs.com.","robots":{"index":"index","follow":"follow","max-snippet":"max-snippet:-1","max-image-preview":"max-image-preview:large","max-video-preview":"max-video-preview:-1"},"og_locale":"fr_CA","og_type":"article","og_title":"La Nissan Versa va dispara\u00eetre apr\u00e8s 2025 - CanadaMotorJobs.com","og_description":"La Nissan Versa va dispara\u00eetre apr\u00e8s 2025 - Benoit Charette - Annuel automobile - CanadaMotorJobs.com.","og_url":"https:\/\/news.canadamotorjobs.com\/fr\/la-nissan-versa-va-disparaitre-apres-2025\/","og_site_name":"CanadaMotorJobs.com","article_publisher":"https:\/\/www.facebook.com\/canadamotorjobs\/","article_published_time":"2024-07-12T12:26:04+00:00","article_modified_time":"2024-07-12T12:31:47+00:00","og_image":[{"width":1280,"height":720,"url":"https:\/\/news.canadamotorjobs.com\/wp-content\/uploads\/2024\/07\/2023-nissan-versa-front-3-4.jpg","type":"image\/jpeg"}],"author":"Benoit Charette","twitter_card":"summary_large_image","twitter_creator":"@canadamotorjobs","twitter_site":"@canadamotorjobs","twitter_misc":{"\u00c9crit par":"Benoit Charette","Estimation du temps de lecture":"2 minutes"},"schema":{"@context":"https:\/\/schema.org","@graph":[{"@type":"Article","@id":"https:\/\/news.canadamotorjobs.com\/fr\/la-nissan-versa-va-disparaitre-apres-2025\/#article","isPartOf":{"@id":"https:\/\/news.canadamotorjobs.com\/fr\/la-nissan-versa-va-disparaitre-apres-2025\/"},"author":{"name":"Benoit Charette","@id":"https:\/\/news.canadamotorjobs.com\/#\/schema\/person\/51793d1f87d44011d7bcc2ed99269a90"},"headline":"La Nissan Versa va dispara\u00eetre apr\u00e8s 2025","datePublished":"2024-07-12T12:26:04+00:00","dateModified":"2024-07-12T12:31:47+00:00","mainEntityOfPage":{"@id":"https:\/\/news.canadamotorjobs.com\/fr\/la-nissan-versa-va-disparaitre-apres-2025\/"},"wordCount":503,"publisher":{"@id":"https:\/\/news.canadamotorjobs.com\/#organization"},"image":{"@id":"https:\/\/news.canadamotorjobs.com\/fr\/la-nissan-versa-va-disparaitre-apres-2025\/#primaryimage"},"thumbnailUrl":"https:\/\/news.canadamotorjobs.com\/wp-content\/uploads\/2024\/07\/2023-nissan-versa-front-3-4.jpg","articleSection":["Annuel automobile"],"inLanguage":"fr-CA"},{"@type":"WebPage","@id":"https:\/\/news.canadamotorjobs.com\/fr\/la-nissan-versa-va-disparaitre-apres-2025\/","url":"https:\/\/news.canadamotorjobs.com\/fr\/la-nissan-versa-va-disparaitre-apres-2025\/","name":"La Nissan Versa va dispara\u00eetre apr\u00e8s 2025 - CanadaMotorJobs.com","isPartOf":{"@id":"https:\/\/news.canadamotorjobs.com\/#website"},"primaryImageOfPage":{"@id":"https:\/\/news.canadamotorjobs.com\/fr\/la-nissan-versa-va-disparaitre-apres-2025\/#primaryimage"},"image":{"@id":"https:\/\/news.canadamotorjobs.com\/fr\/la-nissan-versa-va-disparaitre-apres-2025\/#primaryimage"},"thumbnailUrl":"https:\/\/news.canadamotorjobs.com\/wp-content\/uploads\/2024\/07\/2023-nissan-versa-front-3-4.jpg","datePublished":"2024-07-12T12:26:04+00:00","dateModified":"2024-07-12T12:31:47+00:00","description":"La Nissan Versa va dispara\u00eetre apr\u00e8s 2025 - Benoit Charette - Annuel automobile - CanadaMotorJobs.com.","breadcrumb":{"@id":"https:\/\/news.canadamotorjobs.com\/fr\/la-nissan-versa-va-disparaitre-apres-2025\/#breadcrumb"},"inLanguage":"fr-CA","potentialAction":[{"@type":"ReadAction","target":["https:\/\/news.canadamotorjobs.com\/fr\/la-nissan-versa-va-disparaitre-apres-2025\/"]}]},{"@type":"ImageObject","inLanguage":"fr-CA","@id":"https:\/\/news.canadamotorjobs.com\/fr\/la-nissan-versa-va-disparaitre-apres-2025\/#primaryimage","url":"https:\/\/news.canadamotorjobs.com\/wp-content\/uploads\/2024\/07\/2023-nissan-versa-front-3-4.jpg","contentUrl":"https:\/\/news.canadamotorjobs.com\/wp-content\/uploads\/2024\/07\/2023-nissan-versa-front-3-4.jpg","width":1280,"height":720},{"@type":"BreadcrumbList","@id":"https:\/\/news.canadamotorjobs.com\/fr\/la-nissan-versa-va-disparaitre-apres-2025\/#breadcrumb","itemListElement":[{"@type":"ListItem","position":1,"name":"Home","item":"https:\/\/news.canadamotorjobs.com\/fr\/blog\/"},{"@type":"ListItem","position":2,"name":"La Nissan Versa va dispara\u00eetre apr\u00e8s 2025"}]},{"@type":"WebSite","@id":"https:\/\/news.canadamotorjobs.com\/#website","url":"https:\/\/news.canadamotorjobs.com\/","name":"CanadaMotorJobs.com","description":"Automotive Jobs","publisher":{"@id":"https:\/\/news.canadamotorjobs.com\/#organization"},"potentialAction":[{"@type":"SearchAction","target":{"@type":"EntryPoint","urlTemplate":"https:\/\/news.canadamotorjobs.com\/?s={search_term_string}"},"query-input":"required name=search_term_string"}],"inLanguage":"fr-CA"},{"@type":"Organization","@id":"https:\/\/news.canadamotorjobs.com\/#organization","name":"Canada Motor Jobs","url":"https:\/\/news.canadamotorjobs.com\/","logo":{"@type":"ImageObject","inLanguage":"fr-CA","@id":"https:\/\/news.canadamotorjobs.com\/#\/schema\/logo\/image\/","url":"https:\/\/news.canadamotorjobs.com\/wp-content\/uploads\/2022\/10\/logo-canada-motor-jobs-1.png","contentUrl":"https:\/\/news.canadamotorjobs.com\/wp-content\/uploads\/2022\/10\/logo-canada-motor-jobs-1.png","width":800,"height":400,"caption":"Canada Motor Jobs"},"image":{"@id":"https:\/\/news.canadamotorjobs.com\/#\/schema\/logo\/image\/"},"sameAs":["https:\/\/www.facebook.com\/canadamotorjobs\/","https:\/\/x.com\/canadamotorjobs","https:\/\/www.instagram.com\/canadamotorjobs\/","https:\/\/www.linkedin.com\/company\/canadamotorjobs"]},{"@type":"Person","@id":"https:\/\/news.canadamotorjobs.com\/#\/schema\/person\/51793d1f87d44011d7bcc2ed99269a90","name":"Benoit Charette","image":{"@type":"ImageObject","inLanguage":"fr-CA","@id":"https:\/\/news.canadamotorjobs.com\/#\/schema\/person\/image\/","url":"https:\/\/secure.gravatar.com\/avatar\/45f3d2eebcccd909668d7ce7ea7267b6?s=96&d=mm&r=g","contentUrl":"https:\/\/secure.gravatar.com\/avatar\/45f3d2eebcccd909668d7ce7ea7267b6?s=96&d=mm&r=g","caption":"Benoit Charette"},"description":"Benoit Charette \/ Propri\u00e9taire et r\u00e9dacteur en chef Benoit Charette pratique le journalisme automobile depuis bient\u00f4t 30 ans. Il a fait ses classes au c\u00f4t\u00e9 de Daniel H\u00e9raud et au Carnet de route de 1992 \u00e0 2001. Il est fondateur, copropri\u00e9taire et r\u00e9dacteur en chef de L\u2019Annuel de l\u2019automobile, qu\u2019il publie depuis 2001. Il a anim\u00e9 les \u00e9missions RPM et RPM+ sur V et les L\u00e9gendes de la route sur Historia. \u00c0 la radio depuis 1986, il reprend l\u2019antenne cette ann\u00e9e sur les ondes de Cogeco et participe pour la deuxi\u00e8me ann\u00e9e \u00e0 l\u2019\u00e9mission Passion Auto sur RDS en plus de mettre en ligne le site Web officiel de L\u2019Annuel de l\u2019automobile sur annuelauto.ca.","sameAs":["https:\/\/annuelauto.ca\/"],"url":"https:\/\/news.canadamotorjobs.com\/fr\/author\/benoit-charette\/"}]}},"_links":{"self":[{"href":"https:\/\/news.canadamotorjobs.com\/fr\/wp-json\/wp\/v2\/posts\/168803"}],"collection":[{"href":"https:\/\/news.canadamotorjobs.com\/fr\/wp-json\/wp\/v2\/posts"}],"about":[{"href":"https:\/\/news.canadamotorjobs.com\/fr\/wp-json\/wp\/v2\/types\/post"}],"author":[{"embeddable":true,"href":"https:\/\/news.canadamotorjobs.com\/fr\/wp-json\/wp\/v2\/users\/8"}],"replies":[{"embeddable":true,"href":"https:\/\/news.canadamotorjobs.com\/fr\/wp-json\/wp\/v2\/comments?post=168803"}],"version-history":[{"count":2,"href":"https:\/\/news.canadamotorjobs.com\/fr\/wp-json\/wp\/v2\/posts\/168803\/revisions"}],"predecessor-version":[{"id":168807,"href":"https:\/\/news.canadamotorjobs.com\/fr\/wp-json\/wp\/v2\/posts\/168803\/revisions\/168807"}],"wp:featuredmedia":[{"embeddable":true,"href":"https:\/\/news.canadamotorjobs.com\/fr\/wp-json\/wp\/v2\/media\/168805"}],"wp:attachment":[{"href":"https:\/\/news.canadamotorjobs.com\/fr\/wp-json\/wp\/v2\/media?parent=168803"}],"wp:term":[{"taxonomy":"category","embeddable":true,"href":"https:\/\/news.canadamotorjobs.com\/fr\/wp-json\/wp\/v2\/categories?post=168803"},{"taxonomy":"post_tag","embeddable":true,"href":"https:\/\/news.canadamotorjobs.com\/fr\/wp-json\/wp\/v2\/tags?post=168803"}],"curies":[{"name":"wp","href":"https:\/\/api.w.org\/{rel}","templated":true}]}}