{"id":168703,"date":"2024-07-11T07:31:10","date_gmt":"2024-07-11T11:31:10","guid":{"rendered":"https:\/\/news.canadamotorjobs.com\/?p=168703"},"modified":"2024-07-11T07:44:34","modified_gmt":"2024-07-11T11:44:34","slug":"taiga-motors-se-met-a-labri-de-ses-creanciers-et-cherche-un-acheteur","status":"publish","type":"post","link":"https:\/\/news.canadamotorjobs.com\/fr\/taiga-motors-se-met-a-labri-de-ses-creanciers-et-cherche-un-acheteur\/","title":{"rendered":"Taiga Motors se met \u00e0 l\u2019abri de ses cr\u00e9anciers et cherche un acheteur"},"content":{"rendered":"<\/p>\n<h3><strong>Taiga Motors annonce sa protection sous la LACC<\/strong><\/h3>\n<p>\nLe constructeur de motoneiges \u00e9lectriques <a href=\"https:\/\/annuelauto.ca\/moteurs-taiga-met-temporairement-a-pied-8-de-ses-employes-pour-reduire-les-couts\/\">Taiga<\/a>, bas\u00e9 \u00e0 Montr\u00e9al, a annonc\u00e9 mercredi apr\u00e8s-midi qu&#8217;il se mettait \u00e0 l&#8217;abri de ses cr\u00e9anciers tout en se mettant en vente. La Cour sup\u00e9rieure du Qu\u00e9bec a accord\u00e9 cette protection en vertu de la Loi sur les arrangements avec les cr\u00e9anciers de compagnies (LACC).<\/p>\n<h3><strong>Financement temporaire pour Taiga Motors<\/strong><\/h3>\n<p>\nTaiga Motors a conclu une facilit\u00e9 de financement temporaire avec Exportation et d\u00e9veloppement Canada, son cr\u00e9ancier garanti le plus important, pour un montant de 4,4 millions de dollars. Ce financement permettra \u00e0 l&#8217;entreprise de poursuivre ses activit\u00e9s et de mettre en \u0153uvre la restructuration envisag\u00e9e dans le cadre des proc\u00e9dures de la LACC.<\/p>\n<h3><strong>Arr\u00eat temporaire de la production<\/strong><\/h3>\n<p>\nL&#8217;entreprise avait temporairement arr\u00eat\u00e9 la production de ses v\u00e9hicules apr\u00e8s avoir d\u00e9clar\u00e9 des pertes nettes de 72,5 millions de dollars pour l&#8217;ann\u00e9e 2023. Dans son communiqu\u00e9, Taiga Motors a \u00e9galement indiqu\u00e9 que la firme Restructuration Deloitte a \u00e9t\u00e9 nomm\u00e9e contr\u00f4leur du processus en vertu de la LACC.<\/p>\n<h3><strong>Projets et financements de Taiga Motors<\/strong><\/h3>\n<p>\nTaiga Motors avait comme projet d&#8217;installer une usine \u00e0 Shawinigan. L&#8217;entreprise avait re\u00e7u divers financements publics :<\/p>\n<ul><\/p>\n<li>\n<h3>15 millions de dollars d&#8217;Investissement Qu\u00e9bec en mars 2023<\/h3>\n<p>\n<\/li>\n<p><\/p>\n<li>\n<h3>15 millions de dollars d&#8217;Exportation et d\u00e9veloppement Canada en octobre 2023<\/h3>\n<p>\n<\/li>\n<p><\/p>\n<li>\n<h3>4 millions de dollars de D\u00e9veloppement \u00e9conomique Canada pour les r\u00e9gions du Qu\u00e9bec en juillet 2021<\/h3>\n<p>\n<\/li>\n<p>\n<\/ul>\n<p>\nLe minist\u00e8re de l&#8217;\u00c9conomie du Qu\u00e9bec avait \u00e9galement autoris\u00e9 un pr\u00eat de 30 millions de dollars, dont 6 millions pardonnables en juillet 2021. Cependant, Taiga Motors n\u2019a pas encore re\u00e7u cet argent en raison du report de la construction de l&#8217;usine de Shawinigan qui n&#8217;aura pas lieu.<\/p>\n<h3><strong>L&#8217;avenir de Taiga Motors<\/strong><\/h3>\n<p>\nCette situation de protection sous la LACC et la mise en vente de l&#8217;entreprise marquent un tournant pour Taiga Motors. L&#8217;entreprise esp\u00e8re ainsi trouver une solution pour surmonter ses difficult\u00e9s financi\u00e8res et poursuivre ses projets de d\u00e9veloppement dans le secteur des v\u00e9hicules \u00e9lectriques.<\/p>\n<p>Avec des renseignements de Radio-Canada<\/p>\n<p>Le texte <a rel=\"nofollow\" href=\"https:\/\/annuelauto.ca\/taiga-motors-se-met-a-labri-de-ses-creanciers-et-cherche-un-acheteur\/\">Taiga Motors se met \u00e0 l\u2019abri de ses cr\u00e9anciers et cherche un acheteur<\/a> provient de <a rel=\"nofollow\" href=\"https:\/\/annuelauto.ca\">L&#8217;annuel de l&#8217;automobile &#8211; Actualit\u00e9 automobile<\/a><\/p>\n<p><\/p>\n","protected":false},"excerpt":{"rendered":"<p>Taiga Motors annonce sa protection sous la LACC Le constructeur de motoneiges \u00e9lectriques Taiga, bas\u00e9 \u00e0 Montr\u00e9al, a annonc\u00e9 mercredi apr\u00e8s-midi qu&#8217;il se mettait \u00e0 l&#8217;abri de ses cr\u00e9anciers tout en se mettant en vente. La Cour sup\u00e9rieure du Qu\u00e9bec a accord\u00e9 cette protection en vertu de la Loi sur les arrangements avec les cr\u00e9anciers [&hellip;]<\/p>\n","protected":false},"author":8,"featured_media":168705,"comment_status":"close","ping_status":"closed","sticky":false,"template":"","format":"standard","meta":{"_monsterinsights_skip_tracking":false,"_monsterinsights_sitenote_active":false,"_monsterinsights_sitenote_note":"","_monsterinsights_sitenote_category":0,"footnotes":""},"categories":[101],"tags":[],"yoast_head":"<!-- This site is optimized with the Yoast SEO plugin v23.2 - https:\/\/yoast.com\/wordpress\/plugins\/seo\/ -->\n<title>Taiga Motors se met \u00e0 l\u2019abri de ses cr\u00e9anciers et cherche un acheteur - CanadaMotorJobs.com<\/title>\n<meta name=\"description\" content=\"Taiga Motors se met \u00e0 l\u2019abri de ses cr\u00e9anciers et cherche un acheteur - Benoit Charette - Annuel automobile - CanadaMotorJobs.com.\" \/>\n<meta name=\"robots\" content=\"index, follow, max-snippet:-1, max-image-preview:large, max-video-preview:-1\" \/>\n<meta property=\"og:locale\" content=\"fr_CA\" \/>\n<meta property=\"og:type\" content=\"article\" \/>\n<meta property=\"og:title\" content=\"Taiga Motors se met \u00e0 l\u2019abri de ses cr\u00e9anciers et cherche un acheteur - CanadaMotorJobs.com\" \/>\n<meta property=\"og:description\" content=\"Taiga Motors se met \u00e0 l\u2019abri de ses cr\u00e9anciers et cherche un acheteur - Benoit Charette - Annuel automobile - CanadaMotorJobs.com.\" \/>\n<meta property=\"og:url\" content=\"https:\/\/news.canadamotorjobs.com\/fr\/taiga-motors-se-met-a-labri-de-ses-creanciers-et-cherche-un-acheteur\/\" \/>\n<meta property=\"og:site_name\" content=\"CanadaMotorJobs.com\" \/>\n<meta property=\"article:publisher\" content=\"https:\/\/www.facebook.com\/canadamotorjobs\/\" \/>\n<meta property=\"article:published_time\" content=\"2024-07-11T11:31:10+00:00\" \/>\n<meta property=\"article:modified_time\" content=\"2024-07-11T11:44:34+00:00\" \/>\n<meta property=\"og:image\" content=\"https:\/\/news.canadamotorjobs.com\/wp-content\/uploads\/2024\/07\/373265_Taiga_TS2_la_motoneige_electrique_quebecoise_de_l_avenir.jpg\" \/>\n\t<meta property=\"og:image:width\" content=\"1920\" \/>\n\t<meta property=\"og:image:height\" content=\"1200\" \/>\n\t<meta property=\"og:image:type\" content=\"image\/jpeg\" \/>\n<meta name=\"author\" content=\"Benoit Charette\" \/>\n<meta name=\"twitter:card\" content=\"summary_large_image\" \/>\n<meta name=\"twitter:creator\" content=\"@canadamotorjobs\" \/>\n<meta name=\"twitter:site\" content=\"@canadamotorjobs\" \/>\n<meta name=\"twitter:label1\" content=\"\u00c9crit par\" \/>\n\t<meta name=\"twitter:data1\" content=\"Benoit Charette\" \/>\n\t<meta name=\"twitter:label2\" content=\"Estimation du temps de lecture\" \/>\n\t<meta name=\"twitter:data2\" content=\"2 minutes\" \/>\n<!-- \/ Yoast SEO plugin. -->","yoast_head_json":{"title":"Taiga Motors se met \u00e0 l\u2019abri de ses cr\u00e9anciers et cherche un acheteur - CanadaMotorJobs.com","description":"Taiga Motors se met \u00e0 l\u2019abri de ses cr\u00e9anciers et cherche un acheteur - Benoit Charette - Annuel automobile - CanadaMotorJobs.com.","robots":{"index":"index","follow":"follow","max-snippet":"max-snippet:-1","max-image-preview":"max-image-preview:large","max-video-preview":"max-video-preview:-1"},"og_locale":"fr_CA","og_type":"article","og_title":"Taiga Motors se met \u00e0 l\u2019abri de ses cr\u00e9anciers et cherche un acheteur - CanadaMotorJobs.com","og_description":"Taiga Motors se met \u00e0 l\u2019abri de ses cr\u00e9anciers et cherche un acheteur - Benoit Charette - Annuel automobile - CanadaMotorJobs.com.","og_url":"https:\/\/news.canadamotorjobs.com\/fr\/taiga-motors-se-met-a-labri-de-ses-creanciers-et-cherche-un-acheteur\/","og_site_name":"CanadaMotorJobs.com","article_publisher":"https:\/\/www.facebook.com\/canadamotorjobs\/","article_published_time":"2024-07-11T11:31:10+00:00","article_modified_time":"2024-07-11T11:44:34+00:00","og_image":[{"width":1920,"height":1200,"url":"https:\/\/news.canadamotorjobs.com\/wp-content\/uploads\/2024\/07\/373265_Taiga_TS2_la_motoneige_electrique_quebecoise_de_l_avenir.jpg","type":"image\/jpeg"}],"author":"Benoit Charette","twitter_card":"summary_large_image","twitter_creator":"@canadamotorjobs","twitter_site":"@canadamotorjobs","twitter_misc":{"\u00c9crit par":"Benoit Charette","Estimation du temps de lecture":"2 minutes"},"schema":{"@context":"https:\/\/schema.org","@graph":[{"@type":"Article","@id":"https:\/\/news.canadamotorjobs.com\/fr\/taiga-motors-se-met-a-labri-de-ses-creanciers-et-cherche-un-acheteur\/#article","isPartOf":{"@id":"https:\/\/news.canadamotorjobs.com\/fr\/taiga-motors-se-met-a-labri-de-ses-creanciers-et-cherche-un-acheteur\/"},"author":{"name":"Benoit Charette","@id":"https:\/\/news.canadamotorjobs.com\/#\/schema\/person\/51793d1f87d44011d7bcc2ed99269a90"},"headline":"Taiga Motors se met \u00e0 l\u2019abri de ses cr\u00e9anciers et cherche un acheteur","datePublished":"2024-07-11T11:31:10+00:00","dateModified":"2024-07-11T11:44:34+00:00","mainEntityOfPage":{"@id":"https:\/\/news.canadamotorjobs.com\/fr\/taiga-motors-se-met-a-labri-de-ses-creanciers-et-cherche-un-acheteur\/"},"wordCount":398,"publisher":{"@id":"https:\/\/news.canadamotorjobs.com\/#organization"},"image":{"@id":"https:\/\/news.canadamotorjobs.com\/fr\/taiga-motors-se-met-a-labri-de-ses-creanciers-et-cherche-un-acheteur\/#primaryimage"},"thumbnailUrl":"https:\/\/news.canadamotorjobs.com\/wp-content\/uploads\/2024\/07\/373265_Taiga_TS2_la_motoneige_electrique_quebecoise_de_l_avenir.jpg","articleSection":["Annuel automobile"],"inLanguage":"fr-CA"},{"@type":"WebPage","@id":"https:\/\/news.canadamotorjobs.com\/fr\/taiga-motors-se-met-a-labri-de-ses-creanciers-et-cherche-un-acheteur\/","url":"https:\/\/news.canadamotorjobs.com\/fr\/taiga-motors-se-met-a-labri-de-ses-creanciers-et-cherche-un-acheteur\/","name":"Taiga Motors se met \u00e0 l\u2019abri de ses cr\u00e9anciers et cherche un acheteur - CanadaMotorJobs.com","isPartOf":{"@id":"https:\/\/news.canadamotorjobs.com\/#website"},"primaryImageOfPage":{"@id":"https:\/\/news.canadamotorjobs.com\/fr\/taiga-motors-se-met-a-labri-de-ses-creanciers-et-cherche-un-acheteur\/#primaryimage"},"image":{"@id":"https:\/\/news.canadamotorjobs.com\/fr\/taiga-motors-se-met-a-labri-de-ses-creanciers-et-cherche-un-acheteur\/#primaryimage"},"thumbnailUrl":"https:\/\/news.canadamotorjobs.com\/wp-content\/uploads\/2024\/07\/373265_Taiga_TS2_la_motoneige_electrique_quebecoise_de_l_avenir.jpg","datePublished":"2024-07-11T11:31:10+00:00","dateModified":"2024-07-11T11:44:34+00:00","description":"Taiga Motors se met \u00e0 l\u2019abri de ses cr\u00e9anciers et cherche un acheteur - Benoit Charette - Annuel automobile - CanadaMotorJobs.com.","breadcrumb":{"@id":"https:\/\/news.canadamotorjobs.com\/fr\/taiga-motors-se-met-a-labri-de-ses-creanciers-et-cherche-un-acheteur\/#breadcrumb"},"inLanguage":"fr-CA","potentialAction":[{"@type":"ReadAction","target":["https:\/\/news.canadamotorjobs.com\/fr\/taiga-motors-se-met-a-labri-de-ses-creanciers-et-cherche-un-acheteur\/"]}]},{"@type":"ImageObject","inLanguage":"fr-CA","@id":"https:\/\/news.canadamotorjobs.com\/fr\/taiga-motors-se-met-a-labri-de-ses-creanciers-et-cherche-un-acheteur\/#primaryimage","url":"https:\/\/news.canadamotorjobs.com\/wp-content\/uploads\/2024\/07\/373265_Taiga_TS2_la_motoneige_electrique_quebecoise_de_l_avenir.jpg","contentUrl":"https:\/\/news.canadamotorjobs.com\/wp-content\/uploads\/2024\/07\/373265_Taiga_TS2_la_motoneige_electrique_quebecoise_de_l_avenir.jpg","width":1920,"height":1200},{"@type":"BreadcrumbList","@id":"https:\/\/news.canadamotorjobs.com\/fr\/taiga-motors-se-met-a-labri-de-ses-creanciers-et-cherche-un-acheteur\/#breadcrumb","itemListElement":[{"@type":"ListItem","position":1,"name":"Home","item":"https:\/\/news.canadamotorjobs.com\/fr\/blog\/"},{"@type":"ListItem","position":2,"name":"Taiga Motors se met \u00e0 l\u2019abri de ses cr\u00e9anciers et cherche un acheteur"}]},{"@type":"WebSite","@id":"https:\/\/news.canadamotorjobs.com\/#website","url":"https:\/\/news.canadamotorjobs.com\/","name":"CanadaMotorJobs.com","description":"Automotive Jobs","publisher":{"@id":"https:\/\/news.canadamotorjobs.com\/#organization"},"potentialAction":[{"@type":"SearchAction","target":{"@type":"EntryPoint","urlTemplate":"https:\/\/news.canadamotorjobs.com\/?s={search_term_string}"},"query-input":"required name=search_term_string"}],"inLanguage":"fr-CA"},{"@type":"Organization","@id":"https:\/\/news.canadamotorjobs.com\/#organization","name":"Canada Motor Jobs","url":"https:\/\/news.canadamotorjobs.com\/","logo":{"@type":"ImageObject","inLanguage":"fr-CA","@id":"https:\/\/news.canadamotorjobs.com\/#\/schema\/logo\/image\/","url":"https:\/\/news.canadamotorjobs.com\/wp-content\/uploads\/2022\/10\/logo-canada-motor-jobs-1.png","contentUrl":"https:\/\/news.canadamotorjobs.com\/wp-content\/uploads\/2022\/10\/logo-canada-motor-jobs-1.png","width":800,"height":400,"caption":"Canada Motor Jobs"},"image":{"@id":"https:\/\/news.canadamotorjobs.com\/#\/schema\/logo\/image\/"},"sameAs":["https:\/\/www.facebook.com\/canadamotorjobs\/","https:\/\/x.com\/canadamotorjobs","https:\/\/www.instagram.com\/canadamotorjobs\/","https:\/\/www.linkedin.com\/company\/canadamotorjobs"]},{"@type":"Person","@id":"https:\/\/news.canadamotorjobs.com\/#\/schema\/person\/51793d1f87d44011d7bcc2ed99269a90","name":"Benoit Charette","image":{"@type":"ImageObject","inLanguage":"fr-CA","@id":"https:\/\/news.canadamotorjobs.com\/#\/schema\/person\/image\/","url":"https:\/\/secure.gravatar.com\/avatar\/45f3d2eebcccd909668d7ce7ea7267b6?s=96&d=mm&r=g","contentUrl":"https:\/\/secure.gravatar.com\/avatar\/45f3d2eebcccd909668d7ce7ea7267b6?s=96&d=mm&r=g","caption":"Benoit Charette"},"description":"Benoit Charette \/ Propri\u00e9taire et r\u00e9dacteur en chef Benoit Charette pratique le journalisme automobile depuis bient\u00f4t 30 ans. Il a fait ses classes au c\u00f4t\u00e9 de Daniel H\u00e9raud et au Carnet de route de 1992 \u00e0 2001. Il est fondateur, copropri\u00e9taire et r\u00e9dacteur en chef de L\u2019Annuel de l\u2019automobile, qu\u2019il publie depuis 2001. Il a anim\u00e9 les \u00e9missions RPM et RPM+ sur V et les L\u00e9gendes de la route sur Historia. \u00c0 la radio depuis 1986, il reprend l\u2019antenne cette ann\u00e9e sur les ondes de Cogeco et participe pour la deuxi\u00e8me ann\u00e9e \u00e0 l\u2019\u00e9mission Passion Auto sur RDS en plus de mettre en ligne le site Web officiel de L\u2019Annuel de l\u2019automobile sur annuelauto.ca.","sameAs":["https:\/\/annuelauto.ca\/"],"url":"https:\/\/news.canadamotorjobs.com\/fr\/author\/benoit-charette\/"}]}},"_links":{"self":[{"href":"https:\/\/news.canadamotorjobs.com\/fr\/wp-json\/wp\/v2\/posts\/168703"}],"collection":[{"href":"https:\/\/news.canadamotorjobs.com\/fr\/wp-json\/wp\/v2\/posts"}],"about":[{"href":"https:\/\/news.canadamotorjobs.com\/fr\/wp-json\/wp\/v2\/types\/post"}],"author":[{"embeddable":true,"href":"https:\/\/news.canadamotorjobs.com\/fr\/wp-json\/wp\/v2\/users\/8"}],"replies":[{"embeddable":true,"href":"https:\/\/news.canadamotorjobs.com\/fr\/wp-json\/wp\/v2\/comments?post=168703"}],"version-history":[{"count":2,"href":"https:\/\/news.canadamotorjobs.com\/fr\/wp-json\/wp\/v2\/posts\/168703\/revisions"}],"predecessor-version":[{"id":168707,"href":"https:\/\/news.canadamotorjobs.com\/fr\/wp-json\/wp\/v2\/posts\/168703\/revisions\/168707"}],"wp:featuredmedia":[{"embeddable":true,"href":"https:\/\/news.canadamotorjobs.com\/fr\/wp-json\/wp\/v2\/media\/168705"}],"wp:attachment":[{"href":"https:\/\/news.canadamotorjobs.com\/fr\/wp-json\/wp\/v2\/media?parent=168703"}],"wp:term":[{"taxonomy":"category","embeddable":true,"href":"https:\/\/news.canadamotorjobs.com\/fr\/wp-json\/wp\/v2\/categories?post=168703"},{"taxonomy":"post_tag","embeddable":true,"href":"https:\/\/news.canadamotorjobs.com\/fr\/wp-json\/wp\/v2\/tags?post=168703"}],"curies":[{"name":"wp","href":"https:\/\/api.w.org\/{rel}","templated":true}]}}