{"id":168684,"date":"2024-07-11T07:06:41","date_gmt":"2024-07-11T11:06:41","guid":{"rendered":"https:\/\/news.canadamotorjobs.com\/?p=168684"},"modified":"2024-07-11T07:16:35","modified_gmt":"2024-07-11T11:16:35","slug":"le-salon-de-lauto-de-montreal-fait-lacquisition-du-salon-du-vehicule-electrique","status":"publish","type":"post","link":"https:\/\/news.canadamotorjobs.com\/fr\/le-salon-de-lauto-de-montreal-fait-lacquisition-du-salon-du-vehicule-electrique\/","title":{"rendered":"Le Salon de l\u2019auto de Montr\u00e9al fait l\u2019acquisition du Salon du v\u00e9hicule \u00e9lectrique"},"content":{"rendered":"<\/p>\n<h3><strong>Fusion des deux salons de l&#8217;automobile : une nouvelle \u00e8re pour l&#8217;industrie<\/strong><\/h3>\n<p>\nLe Salon international de l\u2019auto de Montr\u00e9al (SIAM) a annonc\u00e9 une acquisition majeure ce jeudi : le Salon du v\u00e9hicule \u00e9lectrique de Montr\u00e9al (SVEM). Denis Dessureault, vice-pr\u00e9sident du SIAM, a exprim\u00e9 le d\u00e9sir de la structure de rester \u00ab derri\u00e8re le volant \u00bb de l&#8217;industrie automobile. Louis Bernard, cofondateur du SVEM, souhaitait quant \u00e0 lui prendre sa retraite.<\/p>\n<h3>Deux \u00e9v\u00e9nements distincts \u00e0 court et moyen terme<\/h3>\n<p>\nMalgr\u00e9 cette acquisition, les deux salons continueront de se tenir s\u00e9par\u00e9ment \u00ab \u00e0 court et \u00e0 moyen terme \u00bb, selon Denis Dessureault. \u00ab On a vraiment deux \u00e9v\u00e8nements avec deux client\u00e8les assez diff\u00e9rentes, tant sur le plan des visiteurs que des exposants \u00bb, a-t-il expliqu\u00e9. Cependant, une fusion des deux \u00e9v\u00e9nements est envisag\u00e9e \u00e0 l&#8217;avenir, en ligne avec les pr\u00e9visions de l&#8217;industrie automobile qui pr\u00e9voit une transition compl\u00e8te vers les v\u00e9hicules \u00e9lectriques d&#8217;ici 2030.<\/p>\n<h3>Un succ\u00e8s grandissant pour le SIAM<\/h3>\n<p>\nLe Salon de l&#8217;auto, qui c\u00e9l\u00e9brera l&#8217;ann\u00e9e prochaine sa 80e \u00e9dition, a attir\u00e9 environ 170 000 visiteurs en janvier dernier, marquant une hausse de 14 % par rapport \u00e0 2023. Cette \u00e9dition a \u00e9t\u00e9 la premi\u00e8re organis\u00e9e apr\u00e8s une interruption de trois ans due \u00e0 la pand\u00e9mie. Le SIAM, sous la direction de la Corporation des concessionnaires d\u2019automobiles de Montr\u00e9al (CCAM), a pr\u00e9sent\u00e9 un volet \u00e9lectrique important, avec 101 v\u00e9hicules \u00e9lectriques et hybrides.<\/p>\n<h3>Un impact significatif du SVEM<\/h3>\n<p>\nDe son c\u00f4t\u00e9, le SVEM, qui en est \u00e0 sa septi\u00e8me \u00e9dition, a attir\u00e9 31 000 visiteurs au Stade olympique en avril dernier. Le salon s&#8217;est distingu\u00e9 par une offre vari\u00e9e de v\u00e9hicules \u00e9lectriques, incluant motos, scooters, v\u00e9los et triporteurs, ainsi que des services associ\u00e9s comme les bornes de recharge. Les cofondateurs du SVEM sont particuli\u00e8rement fiers d&#8217;avoir permis \u00e0 des milliers de Qu\u00e9b\u00e9cois d&#8217;essayer pour la premi\u00e8re fois un v\u00e9hicule \u00e9lectrique.<\/p>\n<h3>Les d\u00e9fis des salons automobiles<\/h3>\n<p>\nLes derni\u00e8res ann\u00e9es ont \u00e9t\u00e9 particuli\u00e8rement difficiles pour les salons automobiles \u00e0 travers le monde, avec une baisse de participation de certains constructeurs et une stagnation de l&#8217;affluence. Denis Dessureault esp\u00e8re que le regroupement des deux salons offrira une meilleure synergie, attirant ainsi plus de manufacturiers. Cependant, il reste conscient que certains constructeurs, notamment allemands et Honda, ont boud\u00e9 les salons automobiles ces derni\u00e8res ann\u00e9es.<\/p>\n<h3>Perspectives d&#8217;avenir<\/h3>\n<p>\nMalgr\u00e9 ces d\u00e9fis, Denis Dessureault reste optimiste quant \u00e0 l&#8217;avenir des salons automobiles. \u00ab Il n\u2019y a pas un salon dans le monde qui a r\u00e9ussi \u00e0 avoir la m\u00eame participation des manufacturiers \u00bb, a-t-il not\u00e9. Il reconna\u00eet \u00e9galement que la pr\u00e9sence des constructeurs pourrait fluctuer, mais il voit cette acquisition comme une opportunit\u00e9 pour renforcer la pr\u00e9sence de l&#8217;industrie automobile \u00e0 Montr\u00e9al.<\/p>\n<p>\u00a0<\/p>\n<p>Avec des renseignements de la Presse<\/p>\n<p>Le texte <a rel=\"nofollow\" href=\"https:\/\/annuelauto.ca\/le-salon-de-lauto-de-montreal-fait-lacquisition-du-salon-du-vehicule-electrique\/\">Le Salon de l\u2019auto de Montr\u00e9al fait l\u2019acquisition du Salon du v\u00e9hicule \u00e9lectrique<\/a> provient de <a rel=\"nofollow\" href=\"https:\/\/annuelauto.ca\">L&#8217;annuel de l&#8217;automobile &#8211; Actualit\u00e9 automobile<\/a><\/p>\n<p><\/p>\n","protected":false},"excerpt":{"rendered":"<p>Fusion des deux salons de l&#8217;automobile : une nouvelle \u00e8re pour l&#8217;industrie Le Salon international de l\u2019auto de Montr\u00e9al (SIAM) a annonc\u00e9 une acquisition majeure ce jeudi : le Salon du v\u00e9hicule \u00e9lectrique de Montr\u00e9al (SVEM). Denis Dessureault, vice-pr\u00e9sident du SIAM, a exprim\u00e9 le d\u00e9sir de la structure de rester \u00ab derri\u00e8re le volant \u00bb [&hellip;]<\/p>\n","protected":false},"author":8,"featured_media":168686,"comment_status":"close","ping_status":"closed","sticky":false,"template":"","format":"standard","meta":{"_monsterinsights_skip_tracking":false,"_monsterinsights_sitenote_active":false,"_monsterinsights_sitenote_note":"","_monsterinsights_sitenote_category":0,"footnotes":""},"categories":[101],"tags":[],"yoast_head":"<!-- This site is optimized with the Yoast SEO plugin v23.2 - https:\/\/yoast.com\/wordpress\/plugins\/seo\/ -->\n<title>Le Salon de l\u2019auto de Montr\u00e9al fait l\u2019acquisition du Salon du v\u00e9hicule \u00e9lectrique - CanadaMotorJobs.com<\/title>\n<meta name=\"description\" content=\"Le Salon de l\u2019auto de Montr\u00e9al fait l\u2019acquisition du Salon du v\u00e9hicule \u00e9lectrique - Benoit Charette - Annuel automobile - CanadaMotorJobs.com.\" \/>\n<meta name=\"robots\" content=\"index, follow, max-snippet:-1, max-image-preview:large, max-video-preview:-1\" \/>\n<meta property=\"og:locale\" content=\"fr_CA\" \/>\n<meta property=\"og:type\" content=\"article\" \/>\n<meta property=\"og:title\" content=\"Le Salon de l\u2019auto de Montr\u00e9al fait l\u2019acquisition du Salon du v\u00e9hicule \u00e9lectrique - CanadaMotorJobs.com\" \/>\n<meta property=\"og:description\" content=\"Le Salon de l\u2019auto de Montr\u00e9al fait l\u2019acquisition du Salon du v\u00e9hicule \u00e9lectrique - Benoit Charette - Annuel automobile - CanadaMotorJobs.com.\" \/>\n<meta property=\"og:url\" content=\"https:\/\/news.canadamotorjobs.com\/fr\/le-salon-de-lauto-de-montreal-fait-lacquisition-du-salon-du-vehicule-electrique\/\" \/>\n<meta property=\"og:site_name\" content=\"CanadaMotorJobs.com\" \/>\n<meta property=\"article:publisher\" content=\"https:\/\/www.facebook.com\/canadamotorjobs\/\" \/>\n<meta property=\"article:published_time\" content=\"2024-07-11T11:06:41+00:00\" \/>\n<meta property=\"article:modified_time\" content=\"2024-07-11T11:16:35+00:00\" \/>\n<meta property=\"og:image\" content=\"https:\/\/news.canadamotorjobs.com\/wp-content\/uploads\/2024\/07\/a20f3c090bac332d8db4044ccad8d4a3.jpg\" \/>\n\t<meta property=\"og:image:width\" content=\"808\" \/>\n\t<meta property=\"og:image:height\" content=\"538\" \/>\n\t<meta property=\"og:image:type\" content=\"image\/jpeg\" \/>\n<meta name=\"author\" content=\"Benoit Charette\" \/>\n<meta name=\"twitter:card\" content=\"summary_large_image\" \/>\n<meta name=\"twitter:creator\" content=\"@canadamotorjobs\" \/>\n<meta name=\"twitter:site\" content=\"@canadamotorjobs\" \/>\n<meta name=\"twitter:label1\" content=\"\u00c9crit par\" \/>\n\t<meta name=\"twitter:data1\" content=\"Benoit Charette\" \/>\n\t<meta name=\"twitter:label2\" content=\"Estimation du temps de lecture\" \/>\n\t<meta name=\"twitter:data2\" content=\"3 minutes\" \/>\n<!-- \/ Yoast SEO plugin. -->","yoast_head_json":{"title":"Le Salon de l\u2019auto de Montr\u00e9al fait l\u2019acquisition du Salon du v\u00e9hicule \u00e9lectrique - CanadaMotorJobs.com","description":"Le Salon de l\u2019auto de Montr\u00e9al fait l\u2019acquisition du Salon du v\u00e9hicule \u00e9lectrique - Benoit Charette - Annuel automobile - CanadaMotorJobs.com.","robots":{"index":"index","follow":"follow","max-snippet":"max-snippet:-1","max-image-preview":"max-image-preview:large","max-video-preview":"max-video-preview:-1"},"og_locale":"fr_CA","og_type":"article","og_title":"Le Salon de l\u2019auto de Montr\u00e9al fait l\u2019acquisition du Salon du v\u00e9hicule \u00e9lectrique - CanadaMotorJobs.com","og_description":"Le Salon de l\u2019auto de Montr\u00e9al fait l\u2019acquisition du Salon du v\u00e9hicule \u00e9lectrique - Benoit Charette - Annuel automobile - CanadaMotorJobs.com.","og_url":"https:\/\/news.canadamotorjobs.com\/fr\/le-salon-de-lauto-de-montreal-fait-lacquisition-du-salon-du-vehicule-electrique\/","og_site_name":"CanadaMotorJobs.com","article_publisher":"https:\/\/www.facebook.com\/canadamotorjobs\/","article_published_time":"2024-07-11T11:06:41+00:00","article_modified_time":"2024-07-11T11:16:35+00:00","og_image":[{"width":808,"height":538,"url":"https:\/\/news.canadamotorjobs.com\/wp-content\/uploads\/2024\/07\/a20f3c090bac332d8db4044ccad8d4a3.jpg","type":"image\/jpeg"}],"author":"Benoit Charette","twitter_card":"summary_large_image","twitter_creator":"@canadamotorjobs","twitter_site":"@canadamotorjobs","twitter_misc":{"\u00c9crit par":"Benoit Charette","Estimation du temps de lecture":"3 minutes"},"schema":{"@context":"https:\/\/schema.org","@graph":[{"@type":"Article","@id":"https:\/\/news.canadamotorjobs.com\/fr\/le-salon-de-lauto-de-montreal-fait-lacquisition-du-salon-du-vehicule-electrique\/#article","isPartOf":{"@id":"https:\/\/news.canadamotorjobs.com\/fr\/le-salon-de-lauto-de-montreal-fait-lacquisition-du-salon-du-vehicule-electrique\/"},"author":{"name":"Benoit Charette","@id":"https:\/\/news.canadamotorjobs.com\/#\/schema\/person\/51793d1f87d44011d7bcc2ed99269a90"},"headline":"Le Salon de l\u2019auto de Montr\u00e9al fait l\u2019acquisition du Salon du v\u00e9hicule \u00e9lectrique","datePublished":"2024-07-11T11:06:41+00:00","dateModified":"2024-07-11T11:16:35+00:00","mainEntityOfPage":{"@id":"https:\/\/news.canadamotorjobs.com\/fr\/le-salon-de-lauto-de-montreal-fait-lacquisition-du-salon-du-vehicule-electrique\/"},"wordCount":534,"publisher":{"@id":"https:\/\/news.canadamotorjobs.com\/#organization"},"image":{"@id":"https:\/\/news.canadamotorjobs.com\/fr\/le-salon-de-lauto-de-montreal-fait-lacquisition-du-salon-du-vehicule-electrique\/#primaryimage"},"thumbnailUrl":"https:\/\/news.canadamotorjobs.com\/wp-content\/uploads\/2024\/07\/a20f3c090bac332d8db4044ccad8d4a3.jpg","articleSection":["Annuel automobile"],"inLanguage":"fr-CA"},{"@type":"WebPage","@id":"https:\/\/news.canadamotorjobs.com\/fr\/le-salon-de-lauto-de-montreal-fait-lacquisition-du-salon-du-vehicule-electrique\/","url":"https:\/\/news.canadamotorjobs.com\/fr\/le-salon-de-lauto-de-montreal-fait-lacquisition-du-salon-du-vehicule-electrique\/","name":"Le Salon de l\u2019auto de Montr\u00e9al fait l\u2019acquisition du Salon du v\u00e9hicule \u00e9lectrique - CanadaMotorJobs.com","isPartOf":{"@id":"https:\/\/news.canadamotorjobs.com\/#website"},"primaryImageOfPage":{"@id":"https:\/\/news.canadamotorjobs.com\/fr\/le-salon-de-lauto-de-montreal-fait-lacquisition-du-salon-du-vehicule-electrique\/#primaryimage"},"image":{"@id":"https:\/\/news.canadamotorjobs.com\/fr\/le-salon-de-lauto-de-montreal-fait-lacquisition-du-salon-du-vehicule-electrique\/#primaryimage"},"thumbnailUrl":"https:\/\/news.canadamotorjobs.com\/wp-content\/uploads\/2024\/07\/a20f3c090bac332d8db4044ccad8d4a3.jpg","datePublished":"2024-07-11T11:06:41+00:00","dateModified":"2024-07-11T11:16:35+00:00","description":"Le Salon de l\u2019auto de Montr\u00e9al fait l\u2019acquisition du Salon du v\u00e9hicule \u00e9lectrique - Benoit Charette - Annuel automobile - CanadaMotorJobs.com.","breadcrumb":{"@id":"https:\/\/news.canadamotorjobs.com\/fr\/le-salon-de-lauto-de-montreal-fait-lacquisition-du-salon-du-vehicule-electrique\/#breadcrumb"},"inLanguage":"fr-CA","potentialAction":[{"@type":"ReadAction","target":["https:\/\/news.canadamotorjobs.com\/fr\/le-salon-de-lauto-de-montreal-fait-lacquisition-du-salon-du-vehicule-electrique\/"]}]},{"@type":"ImageObject","inLanguage":"fr-CA","@id":"https:\/\/news.canadamotorjobs.com\/fr\/le-salon-de-lauto-de-montreal-fait-lacquisition-du-salon-du-vehicule-electrique\/#primaryimage","url":"https:\/\/news.canadamotorjobs.com\/wp-content\/uploads\/2024\/07\/a20f3c090bac332d8db4044ccad8d4a3.jpg","contentUrl":"https:\/\/news.canadamotorjobs.com\/wp-content\/uploads\/2024\/07\/a20f3c090bac332d8db4044ccad8d4a3.jpg","width":808,"height":538},{"@type":"BreadcrumbList","@id":"https:\/\/news.canadamotorjobs.com\/fr\/le-salon-de-lauto-de-montreal-fait-lacquisition-du-salon-du-vehicule-electrique\/#breadcrumb","itemListElement":[{"@type":"ListItem","position":1,"name":"Home","item":"https:\/\/news.canadamotorjobs.com\/fr\/blog\/"},{"@type":"ListItem","position":2,"name":"Le Salon de l\u2019auto de Montr\u00e9al fait l\u2019acquisition du Salon du v\u00e9hicule \u00e9lectrique"}]},{"@type":"WebSite","@id":"https:\/\/news.canadamotorjobs.com\/#website","url":"https:\/\/news.canadamotorjobs.com\/","name":"CanadaMotorJobs.com","description":"Automotive Jobs","publisher":{"@id":"https:\/\/news.canadamotorjobs.com\/#organization"},"potentialAction":[{"@type":"SearchAction","target":{"@type":"EntryPoint","urlTemplate":"https:\/\/news.canadamotorjobs.com\/?s={search_term_string}"},"query-input":"required name=search_term_string"}],"inLanguage":"fr-CA"},{"@type":"Organization","@id":"https:\/\/news.canadamotorjobs.com\/#organization","name":"Canada Motor Jobs","url":"https:\/\/news.canadamotorjobs.com\/","logo":{"@type":"ImageObject","inLanguage":"fr-CA","@id":"https:\/\/news.canadamotorjobs.com\/#\/schema\/logo\/image\/","url":"https:\/\/news.canadamotorjobs.com\/wp-content\/uploads\/2022\/10\/logo-canada-motor-jobs-1.png","contentUrl":"https:\/\/news.canadamotorjobs.com\/wp-content\/uploads\/2022\/10\/logo-canada-motor-jobs-1.png","width":800,"height":400,"caption":"Canada Motor Jobs"},"image":{"@id":"https:\/\/news.canadamotorjobs.com\/#\/schema\/logo\/image\/"},"sameAs":["https:\/\/www.facebook.com\/canadamotorjobs\/","https:\/\/x.com\/canadamotorjobs","https:\/\/www.instagram.com\/canadamotorjobs\/","https:\/\/www.linkedin.com\/company\/canadamotorjobs"]},{"@type":"Person","@id":"https:\/\/news.canadamotorjobs.com\/#\/schema\/person\/51793d1f87d44011d7bcc2ed99269a90","name":"Benoit Charette","image":{"@type":"ImageObject","inLanguage":"fr-CA","@id":"https:\/\/news.canadamotorjobs.com\/#\/schema\/person\/image\/","url":"https:\/\/secure.gravatar.com\/avatar\/45f3d2eebcccd909668d7ce7ea7267b6?s=96&d=mm&r=g","contentUrl":"https:\/\/secure.gravatar.com\/avatar\/45f3d2eebcccd909668d7ce7ea7267b6?s=96&d=mm&r=g","caption":"Benoit Charette"},"description":"Benoit Charette \/ Propri\u00e9taire et r\u00e9dacteur en chef Benoit Charette pratique le journalisme automobile depuis bient\u00f4t 30 ans. Il a fait ses classes au c\u00f4t\u00e9 de Daniel H\u00e9raud et au Carnet de route de 1992 \u00e0 2001. Il est fondateur, copropri\u00e9taire et r\u00e9dacteur en chef de L\u2019Annuel de l\u2019automobile, qu\u2019il publie depuis 2001. Il a anim\u00e9 les \u00e9missions RPM et RPM+ sur V et les L\u00e9gendes de la route sur Historia. \u00c0 la radio depuis 1986, il reprend l\u2019antenne cette ann\u00e9e sur les ondes de Cogeco et participe pour la deuxi\u00e8me ann\u00e9e \u00e0 l\u2019\u00e9mission Passion Auto sur RDS en plus de mettre en ligne le site Web officiel de L\u2019Annuel de l\u2019automobile sur annuelauto.ca.","sameAs":["https:\/\/annuelauto.ca\/"],"url":"https:\/\/news.canadamotorjobs.com\/fr\/author\/benoit-charette\/"}]}},"_links":{"self":[{"href":"https:\/\/news.canadamotorjobs.com\/fr\/wp-json\/wp\/v2\/posts\/168684"}],"collection":[{"href":"https:\/\/news.canadamotorjobs.com\/fr\/wp-json\/wp\/v2\/posts"}],"about":[{"href":"https:\/\/news.canadamotorjobs.com\/fr\/wp-json\/wp\/v2\/types\/post"}],"author":[{"embeddable":true,"href":"https:\/\/news.canadamotorjobs.com\/fr\/wp-json\/wp\/v2\/users\/8"}],"replies":[{"embeddable":true,"href":"https:\/\/news.canadamotorjobs.com\/fr\/wp-json\/wp\/v2\/comments?post=168684"}],"version-history":[{"count":2,"href":"https:\/\/news.canadamotorjobs.com\/fr\/wp-json\/wp\/v2\/posts\/168684\/revisions"}],"predecessor-version":[{"id":168688,"href":"https:\/\/news.canadamotorjobs.com\/fr\/wp-json\/wp\/v2\/posts\/168684\/revisions\/168688"}],"wp:featuredmedia":[{"embeddable":true,"href":"https:\/\/news.canadamotorjobs.com\/fr\/wp-json\/wp\/v2\/media\/168686"}],"wp:attachment":[{"href":"https:\/\/news.canadamotorjobs.com\/fr\/wp-json\/wp\/v2\/media?parent=168684"}],"wp:term":[{"taxonomy":"category","embeddable":true,"href":"https:\/\/news.canadamotorjobs.com\/fr\/wp-json\/wp\/v2\/categories?post=168684"},{"taxonomy":"post_tag","embeddable":true,"href":"https:\/\/news.canadamotorjobs.com\/fr\/wp-json\/wp\/v2\/tags?post=168684"}],"curies":[{"name":"wp","href":"https:\/\/api.w.org\/{rel}","templated":true}]}}