{"id":168653,"date":"2024-07-10T08:48:25","date_gmt":"2024-07-10T12:48:25","guid":{"rendered":"https:\/\/news.canadamotorjobs.com\/?p=168653"},"modified":"2024-07-10T09:00:03","modified_gmt":"2024-07-10T13:00:03","slug":"tesla-s85-vs-audi-q5","status":"publish","type":"post","link":"https:\/\/news.canadamotorjobs.com\/fr\/tesla-s85-vs-audi-q5\/","title":{"rendered":"Tesla S85 vs Audi Q5"},"content":{"rendered":"<\/p>\n<p>Aujourd&#8217;hui, je publie le texte d&#8217;un ami, Denis Lamothe, qui a fait le bilan de plusieurs ann\u00e9es derri\u00e8re le volant d&#8217;un v\u00e9hicule \u00e0 essence et d&#8217;un v\u00e9hicule \u00e9lectrique. Il a pris le temps de regarder, sans \u00e9motion, les \u00ab pour \u00bb et les \u00ab contre \u00bb de ses ann\u00e9es derri\u00e8re le volant de deux visions diff\u00e9rentes. Il nous livre son constat que j&#8217;ai trouv\u00e9 int\u00e9ressant. J&#8217;attends vos commentaires \u00ab constructifs \u00bb et vos exp\u00e9riences en la mati\u00e8re. C&#8217;est en comprenant mieux que l&#8217;on apprend. Bonne lecture<\/p>\n<h3>Pr\u00e9ambule<\/h3>\n<p>\n\u00c9tant un environnementaliste engag\u00e9 depuis fort longtemps, j&#8217;ai fait le choix de poursuivre sur mes initiatives environnementales dans mes habitudes de vie (recycler, r\u00e9utiliser, revaloriser, r\u00e9duire, changer mes habitudes alimentaires comme couper la viande, etc.). J&#8217;ai d\u00e9cid\u00e9 de me lancer dans l&#8217;aventure des voitures \u00e9lectriques en achetant, d&#8217;un de mes bons amis, une des premi\u00e8res Tesla \u00e0 avoir \u00e9t\u00e9 livr\u00e9e au Canada. Ren\u00e9, avait achet\u00e9 neuve une Tesla S85 en 2013 et il avait d\u00e9cid\u00e9 de s&#8217;en d\u00e9partir pour la remplacer par une S100D. Je lui avais pr\u00e9c\u00e9demment gliss\u00e9 un mot \u00e0 l&#8217;effet que j&#8217;aimerais le suivre dans l&#8217;aventure si un jour il d\u00e9cidait de la remplacer. Comme bien du monde, je suis tomb\u00e9 sous le charme d&#8217;Elon Musk, le grand patron de Tesla, et je me suis rang\u00e9 derri\u00e8re sa philosophie de l&#8217;\u00e9poque. Je me suis dit qu&#8217;il fallait suivre et encourager quelqu&#8217;un qui avait os\u00e9 risquer tout ce qu&#8217;il poss\u00e9dait pour essayer de changer les choses et forcer l&#8217;industrie \u00e0 aller dans une autre direction. Sa r\u00e9ussite \u00e0 ce point de vue est admirable et tr\u00e8s peu de gens qui ont foul\u00e9 notre terre peuvent se vanter d&#8217;avoir accompli quelque chose de tel. C&#8217;\u00e9tait inspirant.<\/p>\n<h3>De la p\u00e9trochimie \u00e0 la voiture \u00e9lectrique<\/h3>\n<p>\nIroniquement, j&#8217;ai toujours gagn\u00e9 ma vie gr\u00e2ce \u00e0 l&#8217;industrie p\u00e9troli\u00e8re et en connaissance de cause, je savais que l&#8217;humanit\u00e9 devait se distancer le plus rapidement possible des carburants fossiles si nous voulions avoir une chance d&#8217;\u00e9viter la catastrophe environnementale qui s&#8217;annon\u00e7ait (je d\u00e9tiens une Ma\u00eetrise (1988) sur les carburants synth\u00e9tiques et un des cours de formation portait sur l&#8217;avenir des ressources p\u00e9troli\u00e8res et de leurs utilisations). J&#8217;avais compris que l&#8217;utilisation du p\u00e9trole devait se limiter \u00e0 une ressource de mati\u00e8re premi\u00e8re pour la fabrication de mat\u00e9riaux utiles et non b\u00eatement consomm\u00e9 comme source \u00e9nerg\u00e9tique. C&#8217;est ce qui a dirig\u00e9 ma r\u00e9flexion \u00e0 passer aux transports \u00e9lectriques lorsque j&#8217;en aurais les moyens. Cela se concr\u00e9tisa donc en mai 2017 en acqu\u00e9rant la Tesla S85 de mon ami Ren\u00e9. Au moment de mon acquisition, l&#8217;automobile avait quelques 65,000 Km au compteur et poss\u00e9dait toujours son autonomie initiale de 400 Km. Le prix pay\u00e9 fut en ligne avec les comparables sur Autohebdo mais avec l&#8217;assurance de conna\u00eetre les propri\u00e9taires et le traitement r\u00e9serv\u00e9 au v\u00e9hicule.<\/p>\n<h3>Un parcours cahotique<\/h3>\n<p>\nPendant les sept ann\u00e9es que moi et ma blonde avons poss\u00e9d\u00e9 le v\u00e9hicule, de nombreux rappels et r\u00e9parations furent n\u00e9cessaires dont : changement de la direction, de l&#8217;ordinateur de bord, du toit ouvrant, de la suspension, du syst\u00e8me de freinage (bien que le syst\u00e8me de r\u00e9g\u00e9n\u00e9ration d&#8217;\u00e9nergie fasse le travail la majorit\u00e9 du temps), les m\u00e9canismes d&#8217;ouverture des portes, les m\u00e9canismes d&#8217;ouverture des fen\u00eatres (non adapt\u00e9s au climat d&#8217;ici), les sacs gonflables de s\u00e9curit\u00e9, le syst\u00e8me de climatisation, batterie secondaire, le syst\u00e8me de contr\u00f4le de temp\u00e9rature de la batterie, etc. Durant cette p\u00e9riode, 138,000 Km furent ajout\u00e9s \u00e0 l&#8217;odom\u00e8tre pour un total de 203,200 Km. \u00c0 ce stade, l&#8217;autonomie, soit dit en passant, \u00e9tait rendue \u00e0 300-315 Km \u00e0 pleine charge (perte d&#8217;environ 25%). Derni\u00e8rement (24 juin 2024), alors que nous visitions des amis \u00e0 Val-David pour la derni\u00e8re joute de la finale de la coupe Stanley, la voiture, alors qu&#8217;elle \u00e9tait stationn\u00e9e, a cess\u00e9 compl\u00e8tement et subitement de fonctionner, sans avertissement aucun. Une s\u00e9rie de messages d&#8217;erreur originant d&#8217;une probl\u00e9matique avec la batterie principale emp\u00eachaient toute possibilit\u00e9 d&#8217;utiliser le v\u00e9hicule. Celui-ci a d\u00fb \u00eatre remorqu\u00e9 \u00e0 grands frais au garage pour \u00e9lucider la probl\u00e9matique. C&#8217;est alors que nous avons eu la surprise douloureuse.<\/p>\n<h3>Constat<\/h3>\n<p>\nLe diagnostique fut que deux des quarantes et quelques modules de la batterie \u00e9taient inop\u00e9rants. Ceci signifie que celle-ci doit \u00eatre r\u00e9par\u00e9e ou remplac\u00e9e. La seule fa\u00e7on de savoir ce qui a caus\u00e9 cette panne est de d\u00e9monter la batterie et de voir physiquement ce qui est \u00e0 l&#8217;origine de la d\u00e9faillance. On a alors suspect\u00e9 une infiltration d&#8217;eau (bien que non confirm\u00e9e) de m\u00eame qu&#8217;une d\u00e9faillance d&#8217;une ou plusieurs cartes \u00e9lectroniques ou encore une ou plusieurs connections \u00e9lectriques corrod\u00e9es ou coup\u00e9es. Aucune possibilit\u00e9 de le savoir sans ouvrir la &#8221;bo\u00eete de conserve&#8221; que constitue la batterie. Ce que l&#8217;on sait par contre, c&#8217;est que les statistiques d\u00e9montrent que des infiltrations se sont produites, sur un bon nombre de v\u00e9hicules, \u00e0 cause d&#8217;un petit bo\u00eetier situ\u00e9 \u00e0 l&#8217;int\u00e9rieur de l&#8217;ensemble de batterie mais que Tesla a n\u00e9glig\u00e9 de corriger par un rappel g\u00e9n\u00e9ral. Malheureusement pour certains, comme nous, la garantie de 8 ans sur la batterie \u00e9tant expir\u00e9e, nous nous sommes retrouv\u00e9s sans aucun recours \u00e0 part les tribunaux pour faire valoir notre point sur ce vice de conception. La chance nous aurait servi si le m\u00eame probl\u00e8me se serait produit pendant la p\u00e9riode de garantie, ce qui n&#8217;est pas le cas.<\/p>\n<h3>Nous nous retrouvons donc devant un douloureux choix :<\/h3>\n<p><\/p>\n<h4>Les options<\/h4>\n<p>\nInitialement, pour promouvoir l&#8217;adoption de cette nouvelle alternative de transport, lourdement plus dispendieuse \u00e0 cause de la nouveaut\u00e9 et du grand luxe propos\u00e9, on nous annon\u00e7ait en grande pompe qu&#8217;un v\u00e9hicule \u00e9lectrique \u00e9tait beaucoup moins co\u00fbteux en entretien \/ r\u00e9paration (fiable) et que sa dur\u00e9e de vie \u00e9tait consid\u00e9rablement sup\u00e9rieure celle d&#8217;un v\u00e9hicule muni d&#8217;un moteur \u00e0 combustion interne. Nous y avons cru aveugl\u00e9ment et na\u00efvement. Au moment de la r\u00e9daction du pr\u00e9sent texte, la valeur r\u00e9siduelle de la voiture est tr\u00e8s variable selon l&#8217;endroit o\u00f9 il est possible de s&#8217;en d\u00e9partir. Tesla nous offre $8,300 en \u00e9change pour une nouvelle voiture. D&#8217;autres concessionnaires nous en offrent entre $12,000-$14,000. Si la voiture \u00e9tait en bonne \u00e9tat de rouler, nous pourrions peut-\u00eatre en retirer $15,000 en for\u00e7ant et en consid\u00e9rant que l&#8217;acc\u00e8s au r\u00e9seau de recharge de Tesla est illimit\u00e9 et gratuit \u00e0 vie ainsi que la connectivit\u00e9 (navigateur et m\u00e9dia). Tesla a refus\u00e9 de nous permettre de transf\u00e9rer \u00e0 une nouvelle voiture la recharge et la connectivit\u00e9 gratuite. Dans notre choix, nous avons d\u00fb consid\u00e9rer ces facteurs, ainsi que le fait que d&#8217;autres r\u00e9parations co\u00fbteuses seront \u00e0 pr\u00e9voir dans un avenir rapproch\u00e9 sur notre S85. Qui plus est, nous \u00e9tions sous l&#8217;impression que le co\u00fbt des batterie avait consid\u00e9rablement chut\u00e9 depuis 2013 (nous pensions \u00e0 quelque chose comme 75%) mais ce n&#8217;est vraisemblablement pas le cas \u00e0 la lumi\u00e8re des soumissions que nous avons re\u00e7u pour \u00e9clairer notre choix.<\/p>\n<ol><\/p>\n<li>R\u00e9paration de la batterie : Cet option co\u00fbterait environ $8000-$9000 + tx chez un r\u00e9parateur alternatif \u00e0 Tesla mais sp\u00e9cialis\u00e9.<\/li>\n<p><\/p>\n<li>Remplacement de la batterie : Cet option co\u00fbte au bas mot quelques $26,000 + tx chez Tesla.<\/li>\n<p><\/p>\n<li>Retrait du v\u00e9hicule de la circulation : Cet option nous offrirait un retour de $3500. Cependant, une somme de $8300 pourrait \u00eatre obtenue contre l&#8217;achat ou la location d&#8217;un nouveau v\u00e9hicule, ce qui ne sera pas le cas.<\/li>\n<p>\n<\/ol>\n<p><\/p>\n<h3>Bilan<\/h3>\n<p>\nPour le bilan, j&#8217;ai tenu compte du fait que le prix des assurances ainsi que l&#8217;usure des pneus et freins sont \u00e9quivalents d&#8217;un v\u00e9hicule \u00e0 l&#8217;autre. Cependant, le co\u00fbt d&#8217;entretien et de r\u00e9paration n&#8217;a pas \u00e9t\u00e9 consid\u00e9r\u00e9 car ces co\u00fbts n&#8217;ont pas \u00e9t\u00e9 comptabilis\u00e9s dans le temps. Cela d\u00e9pend de trop de facteurs impr\u00e9visibles (alternatives au concessionnaire moins disponibles pour une Tesla que pour une Audi, etc.). N\u00e9anmoins, avec l&#8217;exp\u00e9rience, les co\u00fbts se sont av\u00e9r\u00e9s largement sup\u00e9rieurs pour notre Tesla que pour notre Audi. Finalement, j&#8217;ai consid\u00e9r\u00e9 le kilom\u00e9trage r\u00e9el effectu\u00e9 avec la Tesla pour estimer les co\u00fbts pour l&#8217;Audi avec un co\u00fbt de carburant fixe (le prix moyen \u00e0 la pompe est demeur\u00e9 largement sous les $1.50 \/ L de janvier 2013 \u00e0 septembre 2021) ainsi qu&#8217;un co\u00fbt d&#8217;\u00e9lectricit\u00e9 au tarif de 2020 (en sachant que le prix de l&#8217;\u00e9lectricit\u00e9 a augment\u00e9 ann\u00e9e apr\u00e8s ann\u00e9e). \u00c9galement, je n&#8217;ai pas consid\u00e9r\u00e9 certains facteurs importants pouvant avoir aussi leur impact environnemental. Je parle par exemple d&#8217;autonomie par temps froids ou l&#8217;automobile conventionnelle l&#8217;emporte haut-la-mains sur l&#8217;auto \u00e9lectrique qui perds presque la moiti\u00e9 de ses capacit\u00e9s alors que ce n&#8217;est nullement le cas avec sa concurrente \u00e0 carburant. C&#8217;est \u00e9galement le m\u00eame constat sur le r\u00e9approvisionnement \u00e9nerg\u00e9tique lors de longs d\u00e9placements ou des possibilit\u00e9s et co\u00fbts de r\u00e9parations, disponibilit\u00e9 des pi\u00e8ces, etc.<\/p>\n<h3>\u00c9conomique<\/h3>\n<p><\/p>\n<h3>Tesla S85 (2013 achet\u00e9 usag\u00e9 $65,000 par moi en 2017)<\/h3>\n<p>\nPrix d&#8217;achat: $110,000 (prix original 2013)<\/p>\n<p>Co\u00fbt \u00e9nergie : 203,000 Km (r\u00e9el) @ $0,08\/Kwh @ 0,2 Kwh\/Km = $3248.00 (95% du<\/p>\n<p>temps recharg\u00e9 \u00e0 la maison)<\/p>\n<p>Co\u00fbt entretien et r\u00e9parations : \u00c9lev\u00e9 (estimation $10 000)<\/p>\n<p>Valeur r\u00e9siduelle apr\u00e8s 11 ans : $3 500<\/p>\n<p>Co\u00fbt total d&#8217;utilisation sur Km parcourus : $109 748 (ou $0.54 \/ Km)<\/p>\n<p>\u00a0<\/p>\n<h3>Audi Q5 (2013 achet\u00e9 usag\u00e9 en 2014) \u2013 c\u00e9d\u00e9e en 2020 \u00e0 une tierce<\/h3>\n<p>\nPrix d&#8217;achat : $55,000 (prix original 2013)<\/p>\n<p>Co\u00fbt \u00e9nergie : 203,000 Km (comparatif) @ 9 L\/100 Km @ $1.50\/L = $27,405.00<\/p>\n<p>Co\u00fbt entretien et r\u00e9parations : Mod\u00e9r\u00e9 (estimation $5 000)<\/p>\n<p>Valeur r\u00e9siduelle apr\u00e8s 11 ans : $14 000<\/p>\n<p>Co\u00fbt total d&#8217;utilisation sur Km parcourus : $68 405 (ou $0,34 \/ Km)<\/p>\n<h3>Environnemental<\/h3>\n<p>\n\u00a0<\/p>\n<ul><\/p>\n<li>Les voitures avec moteur \u00e0 combustion interne semblent beaucoup plus fiables et durables que les voitures \u00e9lectriques (le double du temps), ce qui en font des voitures avec impact environnemental moins important une fois construites.<\/li>\n<p><\/p>\n<li>Les voitures \u00e9lectriques requierent des batteries avec un temps de vie limit\u00e9 (impact environnemental important pour leur fabrication et leur disposition) sur un nombre de Km parcouru comme le n\u00f4tre. Je consid\u00e8re cet impact d&#8217;importance au moins similaire \u00e0 la pollution engendr\u00e9e par l&#8217;extraction, le raffinage, la distribution et l&#8217;utilisation des carburants fossiles et des lubrifiants.<\/li>\n<p><\/p>\n<li>L&#8217;impact environnemental uniquement pour la fabrication de chaque type de v\u00e9hicule est selon moi tr\u00e8s similaire, incluant l&#8217;impact du transport pour amener les v\u00e9hicules \u00e0 leur march\u00e9 respectif.<\/li>\n<p><\/p>\n<li>\u00c0 la fin de leur vie utile, je consid\u00e8re que chaque type de v\u00e9hicule a un impact environnemental \u00e0 peu pr\u00e8s \u00e9quivalent (recyclage, r\u00e9utilisation de pi\u00e8ces encore viables, etc).<\/li>\n<p><\/p>\n<li>Les changements technologiques des v\u00e9hicules \u00e9lectriques rendent d\u00e9suets trop rapidement ceux qui sont en circulation, ce qui est un frein \u00e0 leur adoption et un d\u00e9savantage pour ceux qui ont pay\u00e9 le gros prix pour en poss\u00e9der un. Donc, \u00e0 date, avec les v\u00e9hicules \u00e9lectriques, on est entra\u00een\u00e9 dans le m\u00eame cercle vicieux de la consommation que tous les autres gadgets \u00e9lectroniques qu&#8217;on jette pour acqu\u00e9rir la derni\u00e8re nouveaut\u00e9 et cela n&#8217;ira pas en s&#8217;am\u00e9liorant avec les prix qui sont appel\u00e9s \u00e0 baisser. Ce ph\u00e9nom\u00e8ne est pouss\u00e9 par les constructeurs qui tr\u00e8s t\u00f4t n&#8217;acceptent plus de supporter leur produit (ex. : bornes de recharge domestiques, mises \u00e0 jours logicielles, etc.). Par exemple, lorsque survient un probl\u00e8me logiciel, l&#8217;automobile au complet ne fonctionne plus, ce qui n&#8217;est pas le cas pour la plupart des voitures conventionnelles. La praticalit\u00e9 a \u00e9t\u00e9 laiss\u00e9 de c\u00f4t\u00e9.<\/li>\n<p><\/p>\n<li>Les constructeurs ont trop ax\u00e9s leur efforts initiaux sur le &#8221;haut de gamme&#8221; (et tr\u00e8s chers) alors que ce n&#8217;est qu&#8217;une minorit\u00e9 qui y ont acc\u00e8s. Pour que l&#8217;impact environnemental se fasse sentir vraiment, il faut que l&#8217;implantation soit massif, majeur et rapide et cela ne peut se produire qu&#8217;avec des prix accessibles et avantageux pour les utilisateurs.<\/li>\n<p><\/p>\n<li>Il n&#8217;y a pas encore assez d&#8217;infrastructure de production d&#8217;\u00e9lectricit\u00e9 propre pour accomoder les d\u00e9placements en v\u00e9hicule \u00e9lectrique (recharges). Il y a donc encore et toujours un impact environnemental \u00e0 la recharge donc le probl\u00e8me de pollution n&#8217;est seulement que d\u00e9plac\u00e9.<\/li>\n<p><\/p>\n<li>Je n&#8217;ai pas les donn\u00e9s en ce qui a trait au co\u00fbt environnemental en terme d&#8217;\u00e9mission carbone pour l&#8217;un ou l&#8217;autre des v\u00e9hicule mais mon petit doigt me dit que l&#8217;auto \u00e9lectrique, du premier boulon de fabrication au dernier boulon recycl\u00e9, n&#8217;est pas moins polluante qu&#8217;une auto conventionnelle.<\/li>\n<p><\/p>\n<li>Plus l&#8217;auto \u00e9lectrique vieillie, moins les gens en veulent (manque de confiance, d\u00e9su\u00e9tude \u00e9lectronique et logiciel, manque de volont\u00e9 des fabricants et des gouvernements \u00e0 les garder en fonction, etc.) malgr\u00e9 que leur valeur diminue cons\u00e9quemment. Ceci contraste avec le v\u00e9hicule traditionnel qui trouve toujours preneur jusqu&#8217;\u00e0 un degr\u00e9 tr\u00e8s avanc\u00e9 d&#8217;usure. Ces v\u00e9hicules \u00e9lectriques orphelins finirons \u00e0 la ferraille beaucoup plus rapidement que leur \u00e9quivalent au carburant.<\/li>\n<p><\/p>\n<li>\u00c0 date, &#8221;Selon la firmes Ricardo (2011) la fabrication d\u2019un moteur \u00e0 essence produit 5.6 tonnes de CO2 et un moteur \u00e9lectrique, 8.8 tonnes. &#8221;. Ceci changera aussit\u00f4t que les usines fonctionneront \u00e0 l&#8217;\u00e9lectricit\u00e9 verte mais la question demeure, quand?<\/li>\n<p>\n<\/ul>\n<p>\n\u00a0<\/p>\n<h3>Conclusion<\/h3>\n<p>\n\u00a0<\/p>\n<p>Mon aventure avec la voiture \u00e9lectrique m&#8217;a permis de constater que l&#8217;acte de foi que j&#8217;avais fais pour &#8221;aider&#8221; notre plan\u00e8te ne s&#8217;est pas av\u00e9r\u00e9 b\u00e9n\u00e9fique, comme je l&#8217;avais anticip\u00e9 (ou esp\u00e9r\u00e9), autant \u00e9conomiquement que d\u2019un point de vue environnemental, bien au contraire. Pour qu&#8217;un v\u00e9hicule \u00e9lectrique soit environnementalement avantageux, il faut qu&#8217;il le soit \u00e9conomiquement et que sa dur\u00e9e de vie soit largement sup\u00e9rieure \u00e0 ce qu&#8217;elle est actuellement. C&#8217;est le triste constat que je fais. Nous avons alors d\u00e9cid\u00e9 de mettre au rancart le v\u00e9hicule. Si la composante la plus critique du v\u00e9hicule, la batterie, avait \u00e9t\u00e9 \u00e0 la hauteur, nous aurions pu encore faire des centaines de milliers de kilom\u00e8tres et le rendement \u00e9conomique et environnemental aurait \u00e9t\u00e9 beaucoup plus \u00e0 la hauteur de nos attentes et de sa mission.<\/p>\n<p>Dans ce texte, je ne remets aucunement en question le besoin de se d\u00e9placer et le fait qu&#8217;un objet tel une voiture doit, durant sa vie utile, subir certains bris et devoir \u00eatre r\u00e9par\u00e9 \u00e0 diff\u00e9rents moments. C&#8217;est dans la normalit\u00e9 des choses. D&#8217;ailleurs, la r\u00e9paration d&#8217;un bien est un pas dans la bonne direction. Il faut bien commencer \u00e0 quelque part mais au moment pr\u00e9sent, la progression des v\u00e9hicules \u00e9lectriques est ralentie par l&#8217;aspect \u00e9conomique de son adoption. Il en co\u00fbte beaucoup trop pour le service que ces voitures rendent comparativement \u00e0 l&#8217;automobile conventionnelle comme le d\u00e9montre mon bilan \u00e9conomique.<\/p>\n<p>En plus, lorsqu&#8217;on consid\u00e8re tous les autres aspects r\u00e9els de l&#8217;adoption du v\u00e9hicule \u00e9lectrique, il est actuellement insens\u00e9 d&#8217;y aller dans ce sens. N\u00e9anmoins, l&#8217;humanit\u00e9 est \u00e0 la crois\u00e9e des chemins et ayant \u00e9t\u00e9 pendant de tr\u00e8s nombreuses ann\u00e9es directement impliqu\u00e9 dans toutes les probl\u00e9matiques environnementales, je suis bien plac\u00e9 pour comprendre les enjeux et r\u00e9aliser que le statu quo n&#8217;est pas non plus une option. On doit passer par le pire avant d&#8217;arriver au mieux. Malheureusement, je suis r\u00e9sili\u00e9 \u00e0 comprendre que je ne vivrai pas assez vieux pour voir d&#8217;am\u00e9lioration \u00e0 ce niveau.<\/p>\n<p>Ceci \u00e9tant dit, m\u00eame si \u00e9conomiquement et environnementalement je consid\u00e8re que mon adoption du v\u00e9hicule \u00e9lectrique fut un \u00e9chec, je me consid\u00e8re privil\u00e9gi\u00e9 d&#8217;avoir eu les moyens d&#8217;avoir pu tenter l&#8217;exp\u00e9rience, m\u00eame si l&#8217;impact souhait\u00e9 ne fut pas au rendez-vous. Tant que tous les gouvernements du monde ne feront pas de l&#8217;environnement leur premi\u00e8re priorit\u00e9 et qu&#8217;ils ne suivront pas la voie trac\u00e9e par la Norv\u00e8ge (pour les transports), nous n&#8217;y arriverons pas. Tant que des mesures drastiques pour les transports ne seront pas suivies par des mesures tout aussi drastiques sur d&#8217;autres aspects (d\u00e9forestation, \u00e9levage bovine, production et consommation locales, r\u00e9\u00e9quilibration d\u00e9mographique, etc), nous n&#8217;y arriverons pas.<\/p>\n<p>Denis Lamothe<\/p>\n<p>Le texte <a rel=\"nofollow\" href=\"https:\/\/annuelauto.ca\/tesla-s85-vs-audi-q5\/\">Tesla S85 vs Audi Q5<\/a> provient de <a rel=\"nofollow\" href=\"https:\/\/annuelauto.ca\">L&#8217;annuel de l&#8217;automobile &#8211; Actualit\u00e9 automobile<\/a><\/p>\n<p><\/p>\n","protected":false},"excerpt":{"rendered":"<p>Aujourd&#8217;hui, je publie le texte d&#8217;un ami, Denis Lamothe, qui a fait le bilan de plusieurs ann\u00e9es derri\u00e8re le volant d&#8217;un v\u00e9hicule \u00e0 essence et d&#8217;un v\u00e9hicule \u00e9lectrique. Il a pris le temps de regarder, sans \u00e9motion, les \u00ab pour \u00bb et les \u00ab contre \u00bb de ses ann\u00e9es derri\u00e8re le volant de deux visions [&hellip;]<\/p>\n","protected":false},"author":8,"featured_media":168655,"comment_status":"close","ping_status":"closed","sticky":false,"template":"","format":"standard","meta":{"_monsterinsights_skip_tracking":false,"_monsterinsights_sitenote_active":false,"_monsterinsights_sitenote_note":"","_monsterinsights_sitenote_category":0,"footnotes":""},"categories":[101],"tags":[],"yoast_head":"<!-- This site is optimized with the Yoast SEO plugin v23.2 - https:\/\/yoast.com\/wordpress\/plugins\/seo\/ -->\n<title>Tesla S85 vs Audi Q5 - CanadaMotorJobs.com<\/title>\n<meta name=\"description\" content=\"Tesla S85 vs Audi Q5 - Benoit Charette - Annuel automobile - CanadaMotorJobs.com.\" \/>\n<meta name=\"robots\" content=\"index, follow, max-snippet:-1, max-image-preview:large, max-video-preview:-1\" \/>\n<meta property=\"og:locale\" content=\"fr_CA\" \/>\n<meta property=\"og:type\" content=\"article\" \/>\n<meta property=\"og:title\" content=\"Tesla S85 vs Audi Q5 - CanadaMotorJobs.com\" \/>\n<meta property=\"og:description\" content=\"Tesla S85 vs Audi Q5 - Benoit Charette - Annuel automobile - CanadaMotorJobs.com.\" \/>\n<meta property=\"og:url\" content=\"https:\/\/news.canadamotorjobs.com\/fr\/tesla-s85-vs-audi-q5\/\" \/>\n<meta property=\"og:site_name\" content=\"CanadaMotorJobs.com\" \/>\n<meta property=\"article:publisher\" content=\"https:\/\/www.facebook.com\/canadamotorjobs\/\" \/>\n<meta property=\"article:published_time\" content=\"2024-07-10T12:48:25+00:00\" \/>\n<meta property=\"article:modified_time\" content=\"2024-07-10T13:00:03+00:00\" \/>\n<meta property=\"og:image\" content=\"https:\/\/news.canadamotorjobs.com\/wp-content\/uploads\/2024\/07\/IMG_2768.jpg\" \/>\n\t<meta property=\"og:image:width\" content=\"2256\" \/>\n\t<meta property=\"og:image:height\" content=\"1504\" \/>\n\t<meta property=\"og:image:type\" content=\"image\/jpeg\" \/>\n<meta name=\"author\" content=\"Benoit Charette\" \/>\n<meta name=\"twitter:card\" content=\"summary_large_image\" \/>\n<meta name=\"twitter:creator\" content=\"@canadamotorjobs\" \/>\n<meta name=\"twitter:site\" content=\"@canadamotorjobs\" \/>\n<meta name=\"twitter:label1\" content=\"\u00c9crit par\" \/>\n\t<meta name=\"twitter:data1\" content=\"Benoit Charette\" \/>\n\t<meta name=\"twitter:label2\" content=\"Estimation du temps de lecture\" \/>\n\t<meta name=\"twitter:data2\" content=\"13 minutes\" \/>\n<!-- \/ Yoast SEO plugin. -->","yoast_head_json":{"title":"Tesla S85 vs Audi Q5 - CanadaMotorJobs.com","description":"Tesla S85 vs Audi Q5 - Benoit Charette - Annuel automobile - CanadaMotorJobs.com.","robots":{"index":"index","follow":"follow","max-snippet":"max-snippet:-1","max-image-preview":"max-image-preview:large","max-video-preview":"max-video-preview:-1"},"og_locale":"fr_CA","og_type":"article","og_title":"Tesla S85 vs Audi Q5 - CanadaMotorJobs.com","og_description":"Tesla S85 vs Audi Q5 - Benoit Charette - Annuel automobile - CanadaMotorJobs.com.","og_url":"https:\/\/news.canadamotorjobs.com\/fr\/tesla-s85-vs-audi-q5\/","og_site_name":"CanadaMotorJobs.com","article_publisher":"https:\/\/www.facebook.com\/canadamotorjobs\/","article_published_time":"2024-07-10T12:48:25+00:00","article_modified_time":"2024-07-10T13:00:03+00:00","og_image":[{"width":2256,"height":1504,"url":"https:\/\/news.canadamotorjobs.com\/wp-content\/uploads\/2024\/07\/IMG_2768.jpg","type":"image\/jpeg"}],"author":"Benoit Charette","twitter_card":"summary_large_image","twitter_creator":"@canadamotorjobs","twitter_site":"@canadamotorjobs","twitter_misc":{"\u00c9crit par":"Benoit Charette","Estimation du temps de lecture":"13 minutes"},"schema":{"@context":"https:\/\/schema.org","@graph":[{"@type":"Article","@id":"https:\/\/news.canadamotorjobs.com\/fr\/tesla-s85-vs-audi-q5\/#article","isPartOf":{"@id":"https:\/\/news.canadamotorjobs.com\/fr\/tesla-s85-vs-audi-q5\/"},"author":{"name":"Benoit Charette","@id":"https:\/\/news.canadamotorjobs.com\/#\/schema\/person\/51793d1f87d44011d7bcc2ed99269a90"},"headline":"Tesla S85 vs Audi Q5","datePublished":"2024-07-10T12:48:25+00:00","dateModified":"2024-07-10T13:00:03+00:00","mainEntityOfPage":{"@id":"https:\/\/news.canadamotorjobs.com\/fr\/tesla-s85-vs-audi-q5\/"},"wordCount":2849,"publisher":{"@id":"https:\/\/news.canadamotorjobs.com\/#organization"},"image":{"@id":"https:\/\/news.canadamotorjobs.com\/fr\/tesla-s85-vs-audi-q5\/#primaryimage"},"thumbnailUrl":"https:\/\/news.canadamotorjobs.com\/wp-content\/uploads\/2024\/07\/IMG_2768.jpg","articleSection":["Annuel automobile"],"inLanguage":"fr-CA"},{"@type":"WebPage","@id":"https:\/\/news.canadamotorjobs.com\/fr\/tesla-s85-vs-audi-q5\/","url":"https:\/\/news.canadamotorjobs.com\/fr\/tesla-s85-vs-audi-q5\/","name":"Tesla S85 vs Audi Q5 - CanadaMotorJobs.com","isPartOf":{"@id":"https:\/\/news.canadamotorjobs.com\/#website"},"primaryImageOfPage":{"@id":"https:\/\/news.canadamotorjobs.com\/fr\/tesla-s85-vs-audi-q5\/#primaryimage"},"image":{"@id":"https:\/\/news.canadamotorjobs.com\/fr\/tesla-s85-vs-audi-q5\/#primaryimage"},"thumbnailUrl":"https:\/\/news.canadamotorjobs.com\/wp-content\/uploads\/2024\/07\/IMG_2768.jpg","datePublished":"2024-07-10T12:48:25+00:00","dateModified":"2024-07-10T13:00:03+00:00","description":"Tesla S85 vs Audi Q5 - Benoit Charette - Annuel automobile - CanadaMotorJobs.com.","breadcrumb":{"@id":"https:\/\/news.canadamotorjobs.com\/fr\/tesla-s85-vs-audi-q5\/#breadcrumb"},"inLanguage":"fr-CA","potentialAction":[{"@type":"ReadAction","target":["https:\/\/news.canadamotorjobs.com\/fr\/tesla-s85-vs-audi-q5\/"]}]},{"@type":"ImageObject","inLanguage":"fr-CA","@id":"https:\/\/news.canadamotorjobs.com\/fr\/tesla-s85-vs-audi-q5\/#primaryimage","url":"https:\/\/news.canadamotorjobs.com\/wp-content\/uploads\/2024\/07\/IMG_2768.jpg","contentUrl":"https:\/\/news.canadamotorjobs.com\/wp-content\/uploads\/2024\/07\/IMG_2768.jpg","width":2256,"height":1504},{"@type":"BreadcrumbList","@id":"https:\/\/news.canadamotorjobs.com\/fr\/tesla-s85-vs-audi-q5\/#breadcrumb","itemListElement":[{"@type":"ListItem","position":1,"name":"Home","item":"https:\/\/news.canadamotorjobs.com\/fr\/blog\/"},{"@type":"ListItem","position":2,"name":"Tesla S85 vs Audi Q5"}]},{"@type":"WebSite","@id":"https:\/\/news.canadamotorjobs.com\/#website","url":"https:\/\/news.canadamotorjobs.com\/","name":"CanadaMotorJobs.com","description":"Automotive Jobs","publisher":{"@id":"https:\/\/news.canadamotorjobs.com\/#organization"},"potentialAction":[{"@type":"SearchAction","target":{"@type":"EntryPoint","urlTemplate":"https:\/\/news.canadamotorjobs.com\/?s={search_term_string}"},"query-input":"required name=search_term_string"}],"inLanguage":"fr-CA"},{"@type":"Organization","@id":"https:\/\/news.canadamotorjobs.com\/#organization","name":"Canada Motor Jobs","url":"https:\/\/news.canadamotorjobs.com\/","logo":{"@type":"ImageObject","inLanguage":"fr-CA","@id":"https:\/\/news.canadamotorjobs.com\/#\/schema\/logo\/image\/","url":"https:\/\/news.canadamotorjobs.com\/wp-content\/uploads\/2022\/10\/logo-canada-motor-jobs-1.png","contentUrl":"https:\/\/news.canadamotorjobs.com\/wp-content\/uploads\/2022\/10\/logo-canada-motor-jobs-1.png","width":800,"height":400,"caption":"Canada Motor Jobs"},"image":{"@id":"https:\/\/news.canadamotorjobs.com\/#\/schema\/logo\/image\/"},"sameAs":["https:\/\/www.facebook.com\/canadamotorjobs\/","https:\/\/x.com\/canadamotorjobs","https:\/\/www.instagram.com\/canadamotorjobs\/","https:\/\/www.linkedin.com\/company\/canadamotorjobs"]},{"@type":"Person","@id":"https:\/\/news.canadamotorjobs.com\/#\/schema\/person\/51793d1f87d44011d7bcc2ed99269a90","name":"Benoit Charette","image":{"@type":"ImageObject","inLanguage":"fr-CA","@id":"https:\/\/news.canadamotorjobs.com\/#\/schema\/person\/image\/","url":"https:\/\/secure.gravatar.com\/avatar\/45f3d2eebcccd909668d7ce7ea7267b6?s=96&d=mm&r=g","contentUrl":"https:\/\/secure.gravatar.com\/avatar\/45f3d2eebcccd909668d7ce7ea7267b6?s=96&d=mm&r=g","caption":"Benoit Charette"},"description":"Benoit Charette \/ Propri\u00e9taire et r\u00e9dacteur en chef Benoit Charette pratique le journalisme automobile depuis bient\u00f4t 30 ans. Il a fait ses classes au c\u00f4t\u00e9 de Daniel H\u00e9raud et au Carnet de route de 1992 \u00e0 2001. Il est fondateur, copropri\u00e9taire et r\u00e9dacteur en chef de L\u2019Annuel de l\u2019automobile, qu\u2019il publie depuis 2001. Il a anim\u00e9 les \u00e9missions RPM et RPM+ sur V et les L\u00e9gendes de la route sur Historia. \u00c0 la radio depuis 1986, il reprend l\u2019antenne cette ann\u00e9e sur les ondes de Cogeco et participe pour la deuxi\u00e8me ann\u00e9e \u00e0 l\u2019\u00e9mission Passion Auto sur RDS en plus de mettre en ligne le site Web officiel de L\u2019Annuel de l\u2019automobile sur annuelauto.ca.","sameAs":["https:\/\/annuelauto.ca\/"],"url":"https:\/\/news.canadamotorjobs.com\/fr\/author\/benoit-charette\/"}]}},"_links":{"self":[{"href":"https:\/\/news.canadamotorjobs.com\/fr\/wp-json\/wp\/v2\/posts\/168653"}],"collection":[{"href":"https:\/\/news.canadamotorjobs.com\/fr\/wp-json\/wp\/v2\/posts"}],"about":[{"href":"https:\/\/news.canadamotorjobs.com\/fr\/wp-json\/wp\/v2\/types\/post"}],"author":[{"embeddable":true,"href":"https:\/\/news.canadamotorjobs.com\/fr\/wp-json\/wp\/v2\/users\/8"}],"replies":[{"embeddable":true,"href":"https:\/\/news.canadamotorjobs.com\/fr\/wp-json\/wp\/v2\/comments?post=168653"}],"version-history":[{"count":2,"href":"https:\/\/news.canadamotorjobs.com\/fr\/wp-json\/wp\/v2\/posts\/168653\/revisions"}],"predecessor-version":[{"id":168657,"href":"https:\/\/news.canadamotorjobs.com\/fr\/wp-json\/wp\/v2\/posts\/168653\/revisions\/168657"}],"wp:featuredmedia":[{"embeddable":true,"href":"https:\/\/news.canadamotorjobs.com\/fr\/wp-json\/wp\/v2\/media\/168655"}],"wp:attachment":[{"href":"https:\/\/news.canadamotorjobs.com\/fr\/wp-json\/wp\/v2\/media?parent=168653"}],"wp:term":[{"taxonomy":"category","embeddable":true,"href":"https:\/\/news.canadamotorjobs.com\/fr\/wp-json\/wp\/v2\/categories?post=168653"},{"taxonomy":"post_tag","embeddable":true,"href":"https:\/\/news.canadamotorjobs.com\/fr\/wp-json\/wp\/v2\/tags?post=168653"}],"curies":[{"name":"wp","href":"https:\/\/api.w.org\/{rel}","templated":true}]}}