{"id":168603,"date":"2024-07-10T07:38:43","date_gmt":"2024-07-10T11:38:43","guid":{"rendered":"https:\/\/news.canadamotorjobs.com\/?p=168603"},"modified":"2024-07-10T07:44:32","modified_gmt":"2024-07-10T11:44:32","slug":"audi-envisage-de-mettre-fin-a-la-production-du-q8-e-tron","status":"publish","type":"post","link":"https:\/\/news.canadamotorjobs.com\/fr\/audi-envisage-de-mettre-fin-a-la-production-du-q8-e-tron\/","title":{"rendered":"Audi envisage de mettre fin \u00e0 la production du Q8 E-tron"},"content":{"rendered":"<\/p>\n<p>Dans une annonce plut\u00f4t sombre, Audi a r\u00e9v\u00e9l\u00e9 qu&#8217;il envisage s\u00e9rieusement de mettre fin au VUS <a href=\"https:\/\/annuelauto.ca\/audi-q8-e-tron\/\">Q8 e-tron<\/a> et \u00e0 son mod\u00e8le coup\u00e9 Sportback. La raison ? Tout comme d&#8217;autres constructeurs automobiles, &#8220;Audi assiste \u00e0 un d\u00e9clin mondial des commandes de clients dans la classe de luxe \u00e9lectrique.&#8221; Cela fait suite \u00e0 des nouvelles similaires de General Motors et Mercedes, ce dernier ayant r\u00e9cemment investi des millions de dollars dans le d\u00e9veloppement de groupes motopropulseurs \u00e0 combustion interne. Le Q8 e-tron \u00e9tait la premi\u00e8re incursion du constructeur automobile dans l&#8217;avenue \u00e9lectrique et a \u00e9t\u00e9 lanc\u00e9 en 2018. Depuis lors, il a \u00e9t\u00e9 relativement r\u00e9ussi, mais alors qu&#8217;Audi travaille \u00e0 introduire de nouveaux v\u00e9hicules \u00e9lectriques sur la plateforme Premium Platform Electric, &#8220;l&#8217;entreprise constate maintenant une baisse de la demande pour le Q8 e-tron,&#8221; entra\u00eenant &#8220;une forte baisse des commandes entrantes.&#8221;<\/p>\n<h3>Retrait probable du Q8 e-tron mais difficile \u00e0 r\u00e9aliser<\/h3>\n<p>\nLe Q8 e-tron et le Q8 Sportback e-tron sont tous deux fabriqu\u00e9s en Belgique, \u00e0 l&#8217;usine de Bruxelles d&#8217;Audi. Cette installation de production rencontre ses propres d\u00e9fis, Audi notant qu&#8217;il serait difficile de r\u00e9affecter l&#8217;usine \u00e0 une autre ligne de mod\u00e8le en raison de sa proximit\u00e9 avec le centre-ville, rendant les modifications de l&#8217;agencement de l&#8217;usine compliqu\u00e9es. De plus, Audi cite des co\u00fbts logistiques \u00e9lev\u00e9s comme un autre facteur pouvant signifier la fin de la gamme Q8 e-tron.<\/p>\n<h3>D&#8217;autres membres du groupe Volkswagen ressentent la pression<\/h3>\n<p>\nAudi n&#8217;est pas seul dans la lutte pour maintenir la demande de v\u00e9hicules \u00e9lectriques. Selon des rapports r\u00e9cents d&#8217;Allemagne, Porsche a ralenti la production de la Taycan en raison de la demande d\u00e9croissante, ce qui est particuli\u00e8rement int\u00e9ressant puisque la marque bas\u00e9e \u00e0 Stuttgart a r\u00e9cemment confirm\u00e9 que ses mod\u00e8les \u00e0 essence les plus accessibles seront bient\u00f4t supprim\u00e9s. Compter exclusivement sur des mod\u00e8les \u00e9lectriques reste risqu\u00e9, mais au moins Audi peut toujours compter sur les Q8 et RS Q8 \u00e0 combustion. Pourtant, avec le d\u00e9veloppement du remplacement du Q8 e-tron d\u00e9j\u00e0 apparemment en cours, Audi doit se tourmenter sur la question de savoir s&#8217;il faut ou non tirer la prise. Nous ne pouvons pas non plus nous emp\u00eacher de nous demander ce que cela signifie pour le tr\u00e8s attendu Q9, mais il semble de plus en plus probable que ce projet sera retard\u00e9 ou abandonn\u00e9.<\/p>\n<p>Avec des renseignements de Carscoop<\/p>\n<p>Le texte <a rel=\"nofollow\" href=\"https:\/\/annuelauto.ca\/audi-envisage-de-mettre-fin-a-la-production-du-q8-e-tron\/\">Audi envisage de mettre fin \u00e0 la production du Q8 E-tron<\/a> provient de <a rel=\"nofollow\" href=\"https:\/\/annuelauto.ca\">L&#8217;annuel de l&#8217;automobile &#8211; Actualit\u00e9 automobile<\/a><\/p>\n<p><\/p>\n","protected":false},"excerpt":{"rendered":"<p>Dans une annonce plut\u00f4t sombre, Audi a r\u00e9v\u00e9l\u00e9 qu&#8217;il envisage s\u00e9rieusement de mettre fin au VUS Q8 e-tron et \u00e0 son mod\u00e8le coup\u00e9 Sportback. La raison ? Tout comme d&#8217;autres constructeurs automobiles, &#8220;Audi assiste \u00e0 un d\u00e9clin mondial des commandes de clients dans la classe de luxe \u00e9lectrique.&#8221; Cela fait suite \u00e0 des nouvelles similaires [&hellip;]<\/p>\n","protected":false},"author":8,"featured_media":168605,"comment_status":"close","ping_status":"closed","sticky":false,"template":"","format":"standard","meta":{"_monsterinsights_skip_tracking":false,"_monsterinsights_sitenote_active":false,"_monsterinsights_sitenote_note":"","_monsterinsights_sitenote_category":0,"footnotes":""},"categories":[101],"tags":[],"yoast_head":"<!-- This site is optimized with the Yoast SEO plugin v23.2 - https:\/\/yoast.com\/wordpress\/plugins\/seo\/ -->\n<title>Audi envisage de mettre fin \u00e0 la production du Q8 E-tron - CanadaMotorJobs.com<\/title>\n<meta name=\"description\" content=\"Audi envisage de mettre fin \u00e0 la production du Q8 E-tron - Benoit Charette - Annuel automobile - CanadaMotorJobs.com.\" \/>\n<meta name=\"robots\" content=\"index, follow, max-snippet:-1, max-image-preview:large, max-video-preview:-1\" \/>\n<meta property=\"og:locale\" content=\"fr_CA\" \/>\n<meta property=\"og:type\" content=\"article\" \/>\n<meta property=\"og:title\" content=\"Audi envisage de mettre fin \u00e0 la production du Q8 E-tron - CanadaMotorJobs.com\" \/>\n<meta property=\"og:description\" content=\"Audi envisage de mettre fin \u00e0 la production du Q8 E-tron - Benoit Charette - Annuel automobile - CanadaMotorJobs.com.\" \/>\n<meta property=\"og:url\" content=\"https:\/\/news.canadamotorjobs.com\/fr\/audi-envisage-de-mettre-fin-a-la-production-du-q8-e-tron\/\" \/>\n<meta property=\"og:site_name\" content=\"CanadaMotorJobs.com\" \/>\n<meta property=\"article:publisher\" content=\"https:\/\/www.facebook.com\/canadamotorjobs\/\" \/>\n<meta property=\"article:published_time\" content=\"2024-07-10T11:38:43+00:00\" \/>\n<meta property=\"article:modified_time\" content=\"2024-07-10T11:44:32+00:00\" \/>\n<meta property=\"og:image\" content=\"https:\/\/news.canadamotorjobs.com\/wp-content\/uploads\/2024\/07\/IMG_5998.jpg\" \/>\n\t<meta property=\"og:image:width\" content=\"1333\" \/>\n\t<meta property=\"og:image:height\" content=\"1000\" \/>\n\t<meta property=\"og:image:type\" content=\"image\/jpeg\" \/>\n<meta name=\"author\" content=\"Benoit Charette\" \/>\n<meta name=\"twitter:card\" content=\"summary_large_image\" \/>\n<meta name=\"twitter:creator\" content=\"@canadamotorjobs\" \/>\n<meta name=\"twitter:site\" content=\"@canadamotorjobs\" \/>\n<meta name=\"twitter:label1\" content=\"\u00c9crit par\" \/>\n\t<meta name=\"twitter:data1\" content=\"Benoit Charette\" \/>\n\t<meta name=\"twitter:label2\" content=\"Estimation du temps de lecture\" \/>\n\t<meta name=\"twitter:data2\" content=\"2 minutes\" \/>\n<!-- \/ Yoast SEO plugin. -->","yoast_head_json":{"title":"Audi envisage de mettre fin \u00e0 la production du Q8 E-tron - CanadaMotorJobs.com","description":"Audi envisage de mettre fin \u00e0 la production du Q8 E-tron - Benoit Charette - Annuel automobile - CanadaMotorJobs.com.","robots":{"index":"index","follow":"follow","max-snippet":"max-snippet:-1","max-image-preview":"max-image-preview:large","max-video-preview":"max-video-preview:-1"},"og_locale":"fr_CA","og_type":"article","og_title":"Audi envisage de mettre fin \u00e0 la production du Q8 E-tron - CanadaMotorJobs.com","og_description":"Audi envisage de mettre fin \u00e0 la production du Q8 E-tron - Benoit Charette - Annuel automobile - CanadaMotorJobs.com.","og_url":"https:\/\/news.canadamotorjobs.com\/fr\/audi-envisage-de-mettre-fin-a-la-production-du-q8-e-tron\/","og_site_name":"CanadaMotorJobs.com","article_publisher":"https:\/\/www.facebook.com\/canadamotorjobs\/","article_published_time":"2024-07-10T11:38:43+00:00","article_modified_time":"2024-07-10T11:44:32+00:00","og_image":[{"width":1333,"height":1000,"url":"https:\/\/news.canadamotorjobs.com\/wp-content\/uploads\/2024\/07\/IMG_5998.jpg","type":"image\/jpeg"}],"author":"Benoit Charette","twitter_card":"summary_large_image","twitter_creator":"@canadamotorjobs","twitter_site":"@canadamotorjobs","twitter_misc":{"\u00c9crit par":"Benoit Charette","Estimation du temps de lecture":"2 minutes"},"schema":{"@context":"https:\/\/schema.org","@graph":[{"@type":"Article","@id":"https:\/\/news.canadamotorjobs.com\/fr\/audi-envisage-de-mettre-fin-a-la-production-du-q8-e-tron\/#article","isPartOf":{"@id":"https:\/\/news.canadamotorjobs.com\/fr\/audi-envisage-de-mettre-fin-a-la-production-du-q8-e-tron\/"},"author":{"name":"Benoit Charette","@id":"https:\/\/news.canadamotorjobs.com\/#\/schema\/person\/51793d1f87d44011d7bcc2ed99269a90"},"headline":"Audi envisage de mettre fin \u00e0 la production du Q8 E-tron","datePublished":"2024-07-10T11:38:43+00:00","dateModified":"2024-07-10T11:44:32+00:00","mainEntityOfPage":{"@id":"https:\/\/news.canadamotorjobs.com\/fr\/audi-envisage-de-mettre-fin-a-la-production-du-q8-e-tron\/"},"wordCount":452,"publisher":{"@id":"https:\/\/news.canadamotorjobs.com\/#organization"},"image":{"@id":"https:\/\/news.canadamotorjobs.com\/fr\/audi-envisage-de-mettre-fin-a-la-production-du-q8-e-tron\/#primaryimage"},"thumbnailUrl":"https:\/\/news.canadamotorjobs.com\/wp-content\/uploads\/2024\/07\/IMG_5998.jpg","articleSection":["Annuel automobile"],"inLanguage":"fr-CA"},{"@type":"WebPage","@id":"https:\/\/news.canadamotorjobs.com\/fr\/audi-envisage-de-mettre-fin-a-la-production-du-q8-e-tron\/","url":"https:\/\/news.canadamotorjobs.com\/fr\/audi-envisage-de-mettre-fin-a-la-production-du-q8-e-tron\/","name":"Audi envisage de mettre fin \u00e0 la production du Q8 E-tron - CanadaMotorJobs.com","isPartOf":{"@id":"https:\/\/news.canadamotorjobs.com\/#website"},"primaryImageOfPage":{"@id":"https:\/\/news.canadamotorjobs.com\/fr\/audi-envisage-de-mettre-fin-a-la-production-du-q8-e-tron\/#primaryimage"},"image":{"@id":"https:\/\/news.canadamotorjobs.com\/fr\/audi-envisage-de-mettre-fin-a-la-production-du-q8-e-tron\/#primaryimage"},"thumbnailUrl":"https:\/\/news.canadamotorjobs.com\/wp-content\/uploads\/2024\/07\/IMG_5998.jpg","datePublished":"2024-07-10T11:38:43+00:00","dateModified":"2024-07-10T11:44:32+00:00","description":"Audi envisage de mettre fin \u00e0 la production du Q8 E-tron - Benoit Charette - Annuel automobile - CanadaMotorJobs.com.","breadcrumb":{"@id":"https:\/\/news.canadamotorjobs.com\/fr\/audi-envisage-de-mettre-fin-a-la-production-du-q8-e-tron\/#breadcrumb"},"inLanguage":"fr-CA","potentialAction":[{"@type":"ReadAction","target":["https:\/\/news.canadamotorjobs.com\/fr\/audi-envisage-de-mettre-fin-a-la-production-du-q8-e-tron\/"]}]},{"@type":"ImageObject","inLanguage":"fr-CA","@id":"https:\/\/news.canadamotorjobs.com\/fr\/audi-envisage-de-mettre-fin-a-la-production-du-q8-e-tron\/#primaryimage","url":"https:\/\/news.canadamotorjobs.com\/wp-content\/uploads\/2024\/07\/IMG_5998.jpg","contentUrl":"https:\/\/news.canadamotorjobs.com\/wp-content\/uploads\/2024\/07\/IMG_5998.jpg","width":1333,"height":1000},{"@type":"BreadcrumbList","@id":"https:\/\/news.canadamotorjobs.com\/fr\/audi-envisage-de-mettre-fin-a-la-production-du-q8-e-tron\/#breadcrumb","itemListElement":[{"@type":"ListItem","position":1,"name":"Home","item":"https:\/\/news.canadamotorjobs.com\/fr\/blog\/"},{"@type":"ListItem","position":2,"name":"Audi envisage de mettre fin \u00e0 la production du Q8 E-tron"}]},{"@type":"WebSite","@id":"https:\/\/news.canadamotorjobs.com\/#website","url":"https:\/\/news.canadamotorjobs.com\/","name":"CanadaMotorJobs.com","description":"Automotive Jobs","publisher":{"@id":"https:\/\/news.canadamotorjobs.com\/#organization"},"potentialAction":[{"@type":"SearchAction","target":{"@type":"EntryPoint","urlTemplate":"https:\/\/news.canadamotorjobs.com\/?s={search_term_string}"},"query-input":"required name=search_term_string"}],"inLanguage":"fr-CA"},{"@type":"Organization","@id":"https:\/\/news.canadamotorjobs.com\/#organization","name":"Canada Motor Jobs","url":"https:\/\/news.canadamotorjobs.com\/","logo":{"@type":"ImageObject","inLanguage":"fr-CA","@id":"https:\/\/news.canadamotorjobs.com\/#\/schema\/logo\/image\/","url":"https:\/\/news.canadamotorjobs.com\/wp-content\/uploads\/2022\/10\/logo-canada-motor-jobs-1.png","contentUrl":"https:\/\/news.canadamotorjobs.com\/wp-content\/uploads\/2022\/10\/logo-canada-motor-jobs-1.png","width":800,"height":400,"caption":"Canada Motor Jobs"},"image":{"@id":"https:\/\/news.canadamotorjobs.com\/#\/schema\/logo\/image\/"},"sameAs":["https:\/\/www.facebook.com\/canadamotorjobs\/","https:\/\/x.com\/canadamotorjobs","https:\/\/www.instagram.com\/canadamotorjobs\/","https:\/\/www.linkedin.com\/company\/canadamotorjobs"]},{"@type":"Person","@id":"https:\/\/news.canadamotorjobs.com\/#\/schema\/person\/51793d1f87d44011d7bcc2ed99269a90","name":"Benoit Charette","image":{"@type":"ImageObject","inLanguage":"fr-CA","@id":"https:\/\/news.canadamotorjobs.com\/#\/schema\/person\/image\/","url":"https:\/\/secure.gravatar.com\/avatar\/45f3d2eebcccd909668d7ce7ea7267b6?s=96&d=mm&r=g","contentUrl":"https:\/\/secure.gravatar.com\/avatar\/45f3d2eebcccd909668d7ce7ea7267b6?s=96&d=mm&r=g","caption":"Benoit Charette"},"description":"Benoit Charette \/ Propri\u00e9taire et r\u00e9dacteur en chef Benoit Charette pratique le journalisme automobile depuis bient\u00f4t 30 ans. Il a fait ses classes au c\u00f4t\u00e9 de Daniel H\u00e9raud et au Carnet de route de 1992 \u00e0 2001. Il est fondateur, copropri\u00e9taire et r\u00e9dacteur en chef de L\u2019Annuel de l\u2019automobile, qu\u2019il publie depuis 2001. Il a anim\u00e9 les \u00e9missions RPM et RPM+ sur V et les L\u00e9gendes de la route sur Historia. \u00c0 la radio depuis 1986, il reprend l\u2019antenne cette ann\u00e9e sur les ondes de Cogeco et participe pour la deuxi\u00e8me ann\u00e9e \u00e0 l\u2019\u00e9mission Passion Auto sur RDS en plus de mettre en ligne le site Web officiel de L\u2019Annuel de l\u2019automobile sur annuelauto.ca.","sameAs":["https:\/\/annuelauto.ca\/"],"url":"https:\/\/news.canadamotorjobs.com\/fr\/author\/benoit-charette\/"}]}},"_links":{"self":[{"href":"https:\/\/news.canadamotorjobs.com\/fr\/wp-json\/wp\/v2\/posts\/168603"}],"collection":[{"href":"https:\/\/news.canadamotorjobs.com\/fr\/wp-json\/wp\/v2\/posts"}],"about":[{"href":"https:\/\/news.canadamotorjobs.com\/fr\/wp-json\/wp\/v2\/types\/post"}],"author":[{"embeddable":true,"href":"https:\/\/news.canadamotorjobs.com\/fr\/wp-json\/wp\/v2\/users\/8"}],"replies":[{"embeddable":true,"href":"https:\/\/news.canadamotorjobs.com\/fr\/wp-json\/wp\/v2\/comments?post=168603"}],"version-history":[{"count":2,"href":"https:\/\/news.canadamotorjobs.com\/fr\/wp-json\/wp\/v2\/posts\/168603\/revisions"}],"predecessor-version":[{"id":168607,"href":"https:\/\/news.canadamotorjobs.com\/fr\/wp-json\/wp\/v2\/posts\/168603\/revisions\/168607"}],"wp:featuredmedia":[{"embeddable":true,"href":"https:\/\/news.canadamotorjobs.com\/fr\/wp-json\/wp\/v2\/media\/168605"}],"wp:attachment":[{"href":"https:\/\/news.canadamotorjobs.com\/fr\/wp-json\/wp\/v2\/media?parent=168603"}],"wp:term":[{"taxonomy":"category","embeddable":true,"href":"https:\/\/news.canadamotorjobs.com\/fr\/wp-json\/wp\/v2\/categories?post=168603"},{"taxonomy":"post_tag","embeddable":true,"href":"https:\/\/news.canadamotorjobs.com\/fr\/wp-json\/wp\/v2\/tags?post=168603"}],"curies":[{"name":"wp","href":"https:\/\/api.w.org\/{rel}","templated":true}]}}