{"id":168580,"date":"2024-07-10T07:24:23","date_gmt":"2024-07-10T11:24:23","guid":{"rendered":"https:\/\/news.canadamotorjobs.com\/?p=168580"},"modified":"2024-07-10T07:29:11","modified_gmt":"2024-07-10T11:29:11","slug":"bmw-x1-2024-si-un-vieux-x3-tout-neuf-vous-interesse","status":"publish","type":"post","link":"https:\/\/news.canadamotorjobs.com\/fr\/bmw-x1-2024-si-un-vieux-x3-tout-neuf-vous-interesse\/","title":{"rendered":"BMW\u00a0X1 2024\u00a0: si un vieux \u00ab\u2009X3\u2009\u00bb tout neuf vous int\u00e9resse\u2026"},"content":{"rendered":"<\/p>\n<p>Lorsqu\u2019on y pense, la gamme de VUS de BMW est impressionnante. Elle compte neuf mod\u00e8les, soit les X1 \u00e0 X7, en plus du monstre qu\u2019est le XM, un mod\u00e8le propre \u00e0 la division de performance M, ainsi que le iX, qui \u0153uvre au sein de la division \u00e9lectrique de la marque.<\/p>\n<p>R\u00e9cemment, j\u2019ai pris le volant des X1 et X2, qui ont \u00e9t\u00e9 revus pour l\u2019ann\u00e9e\u00a02023. Avec les ann\u00e9es, on en vient qu\u2019\u00e0 savoir \u00e0 quoi s\u2019attendre du comportement d\u2019un produit BMW. C\u2019est toujours solide, avec une direction pr\u00e9cise et communicative. On peut attaquer les virages, sachant que les suspensions vont faire le travail et nous garantir une trajectoire stable. Le freinage est toujours solide, \u00e9galement.<\/p>\n<p>On sait qu\u2019on va aussi \u00eatre agac\u00e9 par le d\u00e9lai avec la r\u00e9ponse de l\u2019acc\u00e9l\u00e9rateur. Tout est \u00e9lectronique et la r\u00e9ponse est lente depuis des ann\u00e9es. C\u2019est un truc irritant qu\u2019on ne corrige pas chez BMW. Un ing\u00e9nieur m\u2019avait d\u00e9j\u00e0 racont\u00e9 que c\u2019en \u00e9tait ainsi en raison des tests d\u2019\u00e9missions polluantes.<\/p>\n<p>Allez voir. C\u2019est fatigant pareil.<\/p>\n<p>Du reste, l\u2019insonorisation est \u00e0 la hauteur, la douceur de roulement aussi, tout comme le confort des si\u00e8ges et l\u2019exp\u00e9rience g\u00e9n\u00e9rale de conduite. C\u2019est vrai pour une S\u00e9rie 3, mais c\u2019est aussi vrai pour un X5, et assur\u00e9ment pour ce X1 de troisi\u00e8me g\u00e9n\u00e9ration.<\/p>\n<p>Ce n\u2019est cependant pas ce qui m\u2019a frapp\u00e9 le plus au volant du mod\u00e8le. J\u2019ai, en fait, retrouv\u00e9 une sensation que j\u2019ai v\u00e9cue il y a 18\u00a0ans, lors de mon premier essai routier du X3 de l\u2019\u00e9poque.<\/p>\n<p>\u00c7a m\u2019a fait retourner en arri\u00e8re un peu, et j\u2019en suis venu \u00e0 quelques constats int\u00e9ressants.<\/p>\n<h3>Premi\u00e8re g\u00e9n\u00e9ration<\/h3>\n<p>\nLa premi\u00e8re g\u00e9n\u00e9ration du BMW\u00a0X3 a \u00e9t\u00e9 propos\u00e9e de 2014 \u00e0 2010. Le mod\u00e8le, construit sur les bases de la S\u00e9rie 3, livrait une exp\u00e9rience de conduite solide, avec l\u2019avantage d\u2019offrir un espace de chargement plus g\u00e9n\u00e9reux en raison de sa configuration. Il conservait les qualit\u00e9s routi\u00e8res de la S\u00e9rie 3. Il \u00e9tait m\u00eame livrable avec une bo\u00eete de vitesse manuelle. Ce que les temps ont chang\u00e9, tristement.<\/p>\n<p>En pensant \u00e0 ce \u00ab\u2009vieux\u2009\u00bb X3, j\u2019ai repens\u00e9 \u00e0 son format. Puis, j\u2019ai jet\u00e9 un coup d\u2019\u0153il au nouveau\u00a0X1. Ce qui suit devrait vous amuser.<\/p>\n<p>Le BMW\u00a0X1 2024 voit sa hauteur \u00eatre de 1642\u00a0mm. Celle du X3 de 2006 \u00e9tait de 1674\u00a0mm. On est \u00e0 trois centim\u00e8tres de diff\u00e9rence.<\/p>\n<p>En longueur, le X1 de 2024 s\u2019\u00e9tend sur 4500\u00a0mm. Le X3 de l\u2019\u00e9poque s\u2019allongeait sur 4565\u00a0mm, donc 6,5\u00a0cm de plus.<\/p>\n<p>En largeur, c\u2019est encore plus serr\u00e9\u2009; 1845\u00a0mm pour le X1, 1853 pour le X3 d\u2019il y a 18\u00a0ans.<\/p>\n<p>Pour ce qui est du poids, le X3 demeure plus lourd de quelque 115\u00a0kg. Il \u00e9tait un peu plus gros, apr\u00e8s tout.<\/p>\n<p>C\u2019est donc dire que le X1 de 2024 a pratiquement atteint les dimensions du X3 de 2006.<\/p>\n<p>Et qu\u2019en est-il des prix\u2009? Je ne le fais pas expr\u00e8s, mais c\u2019est encore serr\u00e9. Le X3 \u00e9tait propos\u00e9 en pr\u00e9paration\u00a02.5i et 3.0i en 2006, \u00e0 des prix respectifs de 44\u2009900\u00a0$ et 50\u2009200\u00a0$. Le X1 est livrable en configuration de base\u00a0xDrive28i \u00e0 partir de 46\u2009700\u00a0$. La variante de performance\u00a0M35i s\u2019affiche \u00e0 un prix de d\u00e9part de 57\u2009500\u00a0$.<\/p>\n<p>Une autre chose qui n\u2019a pas chang\u00e9\u2009; le prix des options. C\u2019\u00e9tait sal\u00e9 \u00e0 l\u2019\u00e9poque et ce l\u2019est toujours aujourd\u2019hui.<\/p>\n<p>La version essay\u00e9e, M35i, profitait des groupes Premium (5400\u00a0$), M Sport Pro (2500), ainsi que d\u2019une couleur m\u00e9tallis\u00e9e (900\u00a0$), de roues optionnelles de 20\u00a0pouces (500\u00a0$) et d\u2019un assistant \u00e0 la conduite avec fonction de d\u00e9part\/arr\u00eat (1200\u00a0$). Prix total, 68\u2009000\u00a0$.<\/p>\n<p>N\u2019emp\u00eache, il est fascinant de savoir qu\u2019on peut se procurer aujourd\u2019hui un X1 pratiquement au m\u00eame prix qu\u2019un X3 de 20\u00a0ans, et que les deux produits ont pratiquement le m\u00eame format.<\/p>\n<p>Ainsi, si vous avez d\u00e9j\u00e0 poss\u00e9d\u00e9 un X3 et que vous \u00e9prouvez de la nostalgie en y pensant, le nouveau X1 pourrait tr\u00e8s bien vous satisfaire. En prime, il profite de 20\u00a0ans d\u2019\u00e9volution en mati\u00e8re d\u2019ing\u00e9nierie, pour une conduite encore plus solide qu\u2019elle ne l\u2019\u00e9tait il y a 20\u00a0ans.<\/p>\n<p>Et d\u2019une diff\u00e9rence importante, il faut le souligner. Alors qu\u2019on retrouvait des moteurs\u00a06-cylindrs en ligne \u00e0 l\u2019\u00e9poque (2,5 et 3,0\u00a0litres de 184 et 225\u00a0chevaux), on a droit \u00e0 un 4-cylindres turbo de 2,0\u00a0litres aujourd\u2019hui (241 et 312\u00a0chevaux). Et outre la bo\u00eete manuelle \u00e0 six rapports propos\u00e9e \u00e0 l\u2019\u00e9poque, la transmission automatique comptait cinq rapports, plut\u00f4t que sept aujourd\u2019hui avec ce X1.<\/p>\n<p>\u00c0 titre informatif, voici ce que contiennent les deux groupes d\u2019options de la version essay\u00e9e, M35i.<\/p>\n<h3>Groupe Premium<\/h3>\n<p><\/p>\n<ul><\/p>\n<li>Cam\u00e9ra int\u00e9rieure<\/li>\n<p><\/p>\n<li>Assistant au stationnement avec moniteur \u00e0 vue p\u00e9riph\u00e9rique<\/li>\n<p><\/p>\n<li>Affichage t\u00eate-haute<\/li>\n<p><\/p>\n<li>Cockpit \u00e0 affichage num\u00e9rique<\/li>\n<p><\/p>\n<li>Navigation \u00e0 r\u00e9alit\u00e9 augment\u00e9e<\/li>\n<p><\/p>\n<li>Enregistreur de conduite BMW<\/li>\n<p>\n<\/ul>\n<p><\/p>\n<h3>Groupe M Sport Pro<\/h3>\n<p><\/p>\n<ul><\/p>\n<li>Freins M Sport, \u00e9triers rouges<\/li>\n<p><\/p>\n<li>Phares\u00a0\u00ab\u2009Shadowline\u2009\u00bb<\/li>\n<p><\/p>\n<li>Accents ext\u00e9rieurs noirs<\/li>\n<p><\/p>\n<li>Si\u00e8ges sport M<\/li>\n<p>\n<\/ul>\n<p>\n\u00a0<\/p>\n<p>\u00a0<\/p>\n<p>\u00a0<\/p>\n<p>Le texte <a rel=\"nofollow\" href=\"https:\/\/annuelauto.ca\/bmw-x1-2024-si-un-vieux-%e2%80%89x3%e2%80%89-tout-neuf-vous-interesse\/\">BMW\u00a0X1 2024\u00a0: si un vieux \u00ab\u2009X3\u2009\u00bb tout neuf vous int\u00e9resse\u2026<\/a> provient de <a rel=\"nofollow\" href=\"https:\/\/annuelauto.ca\">L&#8217;annuel de l&#8217;automobile &#8211; Actualit\u00e9 automobile<\/a><\/p>\n<p><\/p>\n","protected":false},"excerpt":{"rendered":"<p>Lorsqu\u2019on y pense, la gamme de VUS de BMW est impressionnante. Elle compte neuf mod\u00e8les, soit les X1 \u00e0 X7, en plus du monstre qu\u2019est le XM, un mod\u00e8le propre \u00e0 la division de performance M, ainsi que le iX, qui \u0153uvre au sein de la division \u00e9lectrique de la marque. R\u00e9cemment, j\u2019ai pris le [&hellip;]<\/p>\n","protected":false},"author":8,"featured_media":168582,"comment_status":"close","ping_status":"closed","sticky":false,"template":"","format":"standard","meta":{"_monsterinsights_skip_tracking":false,"_monsterinsights_sitenote_active":false,"_monsterinsights_sitenote_note":"","_monsterinsights_sitenote_category":0,"footnotes":""},"categories":[101],"tags":[],"yoast_head":"<!-- This site is optimized with the Yoast SEO plugin v23.2 - https:\/\/yoast.com\/wordpress\/plugins\/seo\/ -->\n<title>BMW\u00a0X1 2024\u00a0: si un vieux \u00ab\u2009X3\u2009\u00bb tout neuf vous int\u00e9resse\u2026 - CanadaMotorJobs.com<\/title>\n<meta name=\"description\" content=\"BMW\u00a0X1 2024\u00a0: si un vieux \u00ab\u2009X3\u2009\u00bb tout neuf vous int\u00e9resse\u2026 - Benoit Charette - Annuel automobile - CanadaMotorJobs.com.\" \/>\n<meta name=\"robots\" content=\"index, follow, max-snippet:-1, max-image-preview:large, max-video-preview:-1\" \/>\n<meta property=\"og:locale\" content=\"fr_CA\" \/>\n<meta property=\"og:type\" content=\"article\" \/>\n<meta property=\"og:title\" content=\"BMW\u00a0X1 2024\u00a0: si un vieux \u00ab\u2009X3\u2009\u00bb tout neuf vous int\u00e9resse\u2026 - CanadaMotorJobs.com\" \/>\n<meta property=\"og:description\" content=\"BMW\u00a0X1 2024\u00a0: si un vieux \u00ab\u2009X3\u2009\u00bb tout neuf vous int\u00e9resse\u2026 - Benoit Charette - Annuel automobile - CanadaMotorJobs.com.\" \/>\n<meta property=\"og:url\" content=\"https:\/\/news.canadamotorjobs.com\/fr\/bmw-x1-2024-si-un-vieux-x3-tout-neuf-vous-interesse\/\" \/>\n<meta property=\"og:site_name\" content=\"CanadaMotorJobs.com\" \/>\n<meta property=\"article:publisher\" content=\"https:\/\/www.facebook.com\/canadamotorjobs\/\" \/>\n<meta property=\"article:published_time\" content=\"2024-07-10T11:24:23+00:00\" \/>\n<meta property=\"article:modified_time\" content=\"2024-07-10T11:29:11+00:00\" \/>\n<meta property=\"og:image\" content=\"https:\/\/news.canadamotorjobs.com\/wp-content\/uploads\/2024\/07\/P90509735_highRes_bmw-x1-m35i-m-frozen.jpg\" \/>\n\t<meta property=\"og:image:width\" content=\"1200\" \/>\n\t<meta property=\"og:image:height\" content=\"800\" \/>\n\t<meta property=\"og:image:type\" content=\"image\/jpeg\" \/>\n<meta name=\"author\" content=\"Benoit Charette\" \/>\n<meta name=\"twitter:card\" content=\"summary_large_image\" \/>\n<meta name=\"twitter:creator\" content=\"@canadamotorjobs\" \/>\n<meta name=\"twitter:site\" content=\"@canadamotorjobs\" \/>\n<meta name=\"twitter:label1\" content=\"\u00c9crit par\" \/>\n\t<meta name=\"twitter:data1\" content=\"Benoit Charette\" \/>\n\t<meta name=\"twitter:label2\" content=\"Estimation du temps de lecture\" \/>\n\t<meta name=\"twitter:data2\" content=\"5 minutes\" \/>\n<!-- \/ Yoast SEO plugin. -->","yoast_head_json":{"title":"BMW\u00a0X1 2024\u00a0: si un vieux \u00ab\u2009X3\u2009\u00bb tout neuf vous int\u00e9resse\u2026 - CanadaMotorJobs.com","description":"BMW\u00a0X1 2024\u00a0: si un vieux \u00ab\u2009X3\u2009\u00bb tout neuf vous int\u00e9resse\u2026 - Benoit Charette - Annuel automobile - CanadaMotorJobs.com.","robots":{"index":"index","follow":"follow","max-snippet":"max-snippet:-1","max-image-preview":"max-image-preview:large","max-video-preview":"max-video-preview:-1"},"og_locale":"fr_CA","og_type":"article","og_title":"BMW\u00a0X1 2024\u00a0: si un vieux \u00ab\u2009X3\u2009\u00bb tout neuf vous int\u00e9resse\u2026 - CanadaMotorJobs.com","og_description":"BMW\u00a0X1 2024\u00a0: si un vieux \u00ab\u2009X3\u2009\u00bb tout neuf vous int\u00e9resse\u2026 - Benoit Charette - Annuel automobile - CanadaMotorJobs.com.","og_url":"https:\/\/news.canadamotorjobs.com\/fr\/bmw-x1-2024-si-un-vieux-x3-tout-neuf-vous-interesse\/","og_site_name":"CanadaMotorJobs.com","article_publisher":"https:\/\/www.facebook.com\/canadamotorjobs\/","article_published_time":"2024-07-10T11:24:23+00:00","article_modified_time":"2024-07-10T11:29:11+00:00","og_image":[{"width":1200,"height":800,"url":"https:\/\/news.canadamotorjobs.com\/wp-content\/uploads\/2024\/07\/P90509735_highRes_bmw-x1-m35i-m-frozen.jpg","type":"image\/jpeg"}],"author":"Benoit Charette","twitter_card":"summary_large_image","twitter_creator":"@canadamotorjobs","twitter_site":"@canadamotorjobs","twitter_misc":{"\u00c9crit par":"Benoit Charette","Estimation du temps de lecture":"5 minutes"},"schema":{"@context":"https:\/\/schema.org","@graph":[{"@type":"Article","@id":"https:\/\/news.canadamotorjobs.com\/fr\/bmw-x1-2024-si-un-vieux-x3-tout-neuf-vous-interesse\/#article","isPartOf":{"@id":"https:\/\/news.canadamotorjobs.com\/fr\/bmw-x1-2024-si-un-vieux-x3-tout-neuf-vous-interesse\/"},"author":{"name":"Benoit Charette","@id":"https:\/\/news.canadamotorjobs.com\/#\/schema\/person\/51793d1f87d44011d7bcc2ed99269a90"},"headline":"BMW\u00a0X1 2024\u00a0: si un vieux \u00ab\u2009X3\u2009\u00bb tout neuf vous int\u00e9resse\u2026","datePublished":"2024-07-10T11:24:23+00:00","dateModified":"2024-07-10T11:29:11+00:00","mainEntityOfPage":{"@id":"https:\/\/news.canadamotorjobs.com\/fr\/bmw-x1-2024-si-un-vieux-x3-tout-neuf-vous-interesse\/"},"wordCount":920,"publisher":{"@id":"https:\/\/news.canadamotorjobs.com\/#organization"},"image":{"@id":"https:\/\/news.canadamotorjobs.com\/fr\/bmw-x1-2024-si-un-vieux-x3-tout-neuf-vous-interesse\/#primaryimage"},"thumbnailUrl":"https:\/\/news.canadamotorjobs.com\/wp-content\/uploads\/2024\/07\/P90509735_highRes_bmw-x1-m35i-m-frozen.jpg","articleSection":["Annuel automobile"],"inLanguage":"fr-CA"},{"@type":"WebPage","@id":"https:\/\/news.canadamotorjobs.com\/fr\/bmw-x1-2024-si-un-vieux-x3-tout-neuf-vous-interesse\/","url":"https:\/\/news.canadamotorjobs.com\/fr\/bmw-x1-2024-si-un-vieux-x3-tout-neuf-vous-interesse\/","name":"BMW\u00a0X1 2024\u00a0: si un vieux \u00ab\u2009X3\u2009\u00bb tout neuf vous int\u00e9resse\u2026 - CanadaMotorJobs.com","isPartOf":{"@id":"https:\/\/news.canadamotorjobs.com\/#website"},"primaryImageOfPage":{"@id":"https:\/\/news.canadamotorjobs.com\/fr\/bmw-x1-2024-si-un-vieux-x3-tout-neuf-vous-interesse\/#primaryimage"},"image":{"@id":"https:\/\/news.canadamotorjobs.com\/fr\/bmw-x1-2024-si-un-vieux-x3-tout-neuf-vous-interesse\/#primaryimage"},"thumbnailUrl":"https:\/\/news.canadamotorjobs.com\/wp-content\/uploads\/2024\/07\/P90509735_highRes_bmw-x1-m35i-m-frozen.jpg","datePublished":"2024-07-10T11:24:23+00:00","dateModified":"2024-07-10T11:29:11+00:00","description":"BMW\u00a0X1 2024\u00a0: si un vieux \u00ab\u2009X3\u2009\u00bb tout neuf vous int\u00e9resse\u2026 - Benoit Charette - Annuel automobile - CanadaMotorJobs.com.","breadcrumb":{"@id":"https:\/\/news.canadamotorjobs.com\/fr\/bmw-x1-2024-si-un-vieux-x3-tout-neuf-vous-interesse\/#breadcrumb"},"inLanguage":"fr-CA","potentialAction":[{"@type":"ReadAction","target":["https:\/\/news.canadamotorjobs.com\/fr\/bmw-x1-2024-si-un-vieux-x3-tout-neuf-vous-interesse\/"]}]},{"@type":"ImageObject","inLanguage":"fr-CA","@id":"https:\/\/news.canadamotorjobs.com\/fr\/bmw-x1-2024-si-un-vieux-x3-tout-neuf-vous-interesse\/#primaryimage","url":"https:\/\/news.canadamotorjobs.com\/wp-content\/uploads\/2024\/07\/P90509735_highRes_bmw-x1-m35i-m-frozen.jpg","contentUrl":"https:\/\/news.canadamotorjobs.com\/wp-content\/uploads\/2024\/07\/P90509735_highRes_bmw-x1-m35i-m-frozen.jpg","width":1200,"height":800},{"@type":"BreadcrumbList","@id":"https:\/\/news.canadamotorjobs.com\/fr\/bmw-x1-2024-si-un-vieux-x3-tout-neuf-vous-interesse\/#breadcrumb","itemListElement":[{"@type":"ListItem","position":1,"name":"Home","item":"https:\/\/news.canadamotorjobs.com\/fr\/blog\/"},{"@type":"ListItem","position":2,"name":"BMW\u00a0X1 2024\u00a0: si un vieux \u00ab\u2009X3\u2009\u00bb tout neuf vous int\u00e9resse\u2026"}]},{"@type":"WebSite","@id":"https:\/\/news.canadamotorjobs.com\/#website","url":"https:\/\/news.canadamotorjobs.com\/","name":"CanadaMotorJobs.com","description":"Automotive Jobs","publisher":{"@id":"https:\/\/news.canadamotorjobs.com\/#organization"},"potentialAction":[{"@type":"SearchAction","target":{"@type":"EntryPoint","urlTemplate":"https:\/\/news.canadamotorjobs.com\/?s={search_term_string}"},"query-input":"required name=search_term_string"}],"inLanguage":"fr-CA"},{"@type":"Organization","@id":"https:\/\/news.canadamotorjobs.com\/#organization","name":"Canada Motor Jobs","url":"https:\/\/news.canadamotorjobs.com\/","logo":{"@type":"ImageObject","inLanguage":"fr-CA","@id":"https:\/\/news.canadamotorjobs.com\/#\/schema\/logo\/image\/","url":"https:\/\/news.canadamotorjobs.com\/wp-content\/uploads\/2022\/10\/logo-canada-motor-jobs-1.png","contentUrl":"https:\/\/news.canadamotorjobs.com\/wp-content\/uploads\/2022\/10\/logo-canada-motor-jobs-1.png","width":800,"height":400,"caption":"Canada Motor Jobs"},"image":{"@id":"https:\/\/news.canadamotorjobs.com\/#\/schema\/logo\/image\/"},"sameAs":["https:\/\/www.facebook.com\/canadamotorjobs\/","https:\/\/x.com\/canadamotorjobs","https:\/\/www.instagram.com\/canadamotorjobs\/","https:\/\/www.linkedin.com\/company\/canadamotorjobs"]},{"@type":"Person","@id":"https:\/\/news.canadamotorjobs.com\/#\/schema\/person\/51793d1f87d44011d7bcc2ed99269a90","name":"Benoit Charette","image":{"@type":"ImageObject","inLanguage":"fr-CA","@id":"https:\/\/news.canadamotorjobs.com\/#\/schema\/person\/image\/","url":"https:\/\/secure.gravatar.com\/avatar\/45f3d2eebcccd909668d7ce7ea7267b6?s=96&d=mm&r=g","contentUrl":"https:\/\/secure.gravatar.com\/avatar\/45f3d2eebcccd909668d7ce7ea7267b6?s=96&d=mm&r=g","caption":"Benoit Charette"},"description":"Benoit Charette \/ Propri\u00e9taire et r\u00e9dacteur en chef Benoit Charette pratique le journalisme automobile depuis bient\u00f4t 30 ans. Il a fait ses classes au c\u00f4t\u00e9 de Daniel H\u00e9raud et au Carnet de route de 1992 \u00e0 2001. Il est fondateur, copropri\u00e9taire et r\u00e9dacteur en chef de L\u2019Annuel de l\u2019automobile, qu\u2019il publie depuis 2001. Il a anim\u00e9 les \u00e9missions RPM et RPM+ sur V et les L\u00e9gendes de la route sur Historia. \u00c0 la radio depuis 1986, il reprend l\u2019antenne cette ann\u00e9e sur les ondes de Cogeco et participe pour la deuxi\u00e8me ann\u00e9e \u00e0 l\u2019\u00e9mission Passion Auto sur RDS en plus de mettre en ligne le site Web officiel de L\u2019Annuel de l\u2019automobile sur annuelauto.ca.","sameAs":["https:\/\/annuelauto.ca\/"],"url":"https:\/\/news.canadamotorjobs.com\/fr\/author\/benoit-charette\/"}]}},"_links":{"self":[{"href":"https:\/\/news.canadamotorjobs.com\/fr\/wp-json\/wp\/v2\/posts\/168580"}],"collection":[{"href":"https:\/\/news.canadamotorjobs.com\/fr\/wp-json\/wp\/v2\/posts"}],"about":[{"href":"https:\/\/news.canadamotorjobs.com\/fr\/wp-json\/wp\/v2\/types\/post"}],"author":[{"embeddable":true,"href":"https:\/\/news.canadamotorjobs.com\/fr\/wp-json\/wp\/v2\/users\/8"}],"replies":[{"embeddable":true,"href":"https:\/\/news.canadamotorjobs.com\/fr\/wp-json\/wp\/v2\/comments?post=168580"}],"version-history":[{"count":2,"href":"https:\/\/news.canadamotorjobs.com\/fr\/wp-json\/wp\/v2\/posts\/168580\/revisions"}],"predecessor-version":[{"id":168584,"href":"https:\/\/news.canadamotorjobs.com\/fr\/wp-json\/wp\/v2\/posts\/168580\/revisions\/168584"}],"wp:featuredmedia":[{"embeddable":true,"href":"https:\/\/news.canadamotorjobs.com\/fr\/wp-json\/wp\/v2\/media\/168582"}],"wp:attachment":[{"href":"https:\/\/news.canadamotorjobs.com\/fr\/wp-json\/wp\/v2\/media?parent=168580"}],"wp:term":[{"taxonomy":"category","embeddable":true,"href":"https:\/\/news.canadamotorjobs.com\/fr\/wp-json\/wp\/v2\/categories?post=168580"},{"taxonomy":"post_tag","embeddable":true,"href":"https:\/\/news.canadamotorjobs.com\/fr\/wp-json\/wp\/v2\/tags?post=168580"}],"curies":[{"name":"wp","href":"https:\/\/api.w.org\/{rel}","templated":true}]}}