{"id":168557,"date":"2024-07-09T07:45:31","date_gmt":"2024-07-09T11:45:31","guid":{"rendered":"https:\/\/news.canadamotorjobs.com\/?p=168557"},"modified":"2024-07-09T08:01:19","modified_gmt":"2024-07-09T12:01:19","slug":"nascar-se-prepare-a-passer-en-mode-electrique","status":"publish","type":"post","link":"https:\/\/news.canadamotorjobs.com\/fr\/nascar-se-prepare-a-passer-en-mode-electrique\/","title":{"rendered":"NASCAR se pr\u00e9pare \u00e0 passer en mode \u00e9lectrique"},"content":{"rendered":"<\/p>\n<p>NASCAR a r\u00e9v\u00e9l\u00e9 samedi un prototype de voiture de course \u00e9lectrique avec une carrosserie semblable \u00e0 celle d&#8217;un VUS, d\u00e9montrant ainsi l&#8217;engagement de la s\u00e9rie \u00e0 r\u00e9duire les \u00e9missions. Pr\u00e9sent\u00e9 avant la course de rue NASCAR \u00e0 Chicago, le prototype \u00e9lectrique a \u00e9t\u00e9 d\u00e9velopp\u00e9 par les m\u00eames ing\u00e9nieurs internes qui ont travaill\u00e9 sur la voiture Next Gen utilis\u00e9e actuellement dans la Cup Series, ainsi que sur l&#8217;entr\u00e9e Garage 56 des 24 Heures du Mans 2023, avec la participation des constructeurs automobiles pr\u00e9sents en NASCAR, selon un communiqu\u00e9 de presse.<\/p>\n<h3><strong>Caract\u00e9ristiques techniques<\/strong><\/h3>\n<p>\nLe prototype \u00e0 traction int\u00e9grale est propuls\u00e9 par trois moteurs fournis par l&#8217;entreprise autrichienne STARD, qui a \u00e9galement fourni des moteurs pour le Ford F-150 Lightning SuperTruck, vainqueur de la Pikes Peak Hill Climb 2024, g\u00e9n\u00e9rant une puissance combin\u00e9e de 1 341 chevaux. L&#8217;\u00e9lectricit\u00e9 est fournie par une batterie de 78 kWh.<\/p>\n<h3><strong>Construction durable<\/strong><\/h3>\n<p>\nUne carrosserie en composite durable \u00e0 base de lin, fabriqu\u00e9e par la startup suisse Bcomp, repose sur un ch\u00e2ssis Next Gen modifi\u00e9, avec une direction, une suspension, des roues et des freins d\u00e9riv\u00e9s de la voiture actuelle de la <a href=\"https:\/\/annuelauto.ca\/21-fevrier-1948-fondation-de-nascar\/\">NASCAR Cup Series<\/a>. Le syst\u00e8me de freinage a \u00e9t\u00e9 modifi\u00e9 pour int\u00e9grer le freinage r\u00e9g\u00e9n\u00e9ratif, que NASCAR affirme \u00eatre bien adapt\u00e9 aux ovales plus courts et aux circuits routiers qui constituent d\u00e9sormais une plus grande partie du calendrier.<\/p>\n<h3><strong>Adaptation aux tendances actuelles<\/strong><\/h3>\n<p>\nLes voitures de course NASCAR ne sont plus v\u00e9ritablement de s\u00e9rie, mais elles conservent le branding des voitures de route, ce qui a probablement influenc\u00e9 la d\u00e9cision de faire du prototype \u00e9lectrique un crossover. Cela s&#8217;harmonise avec les crossovers \u00e9lectriques actuellement propos\u00e9s par les constructeurs participant \u00e0 la NASCAR, notamment le Ford Mustang Mach-E, le Toyota bZ4X et le Chevrolet Blazer EV.<\/p>\n<h3><strong>Vision \u00e0 long terme<\/strong><\/h3>\n<p>\nQu&#8217;elle soit \u00e9lectrique ou non, une voiture de course semblable \u00e0 un crossover pourrait \u00eatre b\u00e9n\u00e9fique pour NASCAR \u00e0 mesure que les constructeurs retirent leurs coup\u00e9s et berlines. Chevy continue de courir avec la Camaro dans la Cup Series malgr\u00e9 l&#8217;arr\u00eat de la production de la voiture de route. Un rapport de 2022 pr\u00e9tendait qu&#8217;une s\u00e9rie \u00e9lectrique NASCAR \u00e9tait en cours de planification. Bien qu&#8217;aucune annonce de ce type n&#8217;ait accompagn\u00e9 la pr\u00e9sentation du prototype, NASCAR a d\u00e9clar\u00e9 qu&#8217;elle pr\u00e9voyait d&#8217;\u00e9liminer les \u00e9missions au cours de la prochaine d\u00e9cennie. &#8220;Alors que NASCAR est engag\u00e9 dans le r\u00f4le historique du moteur \u00e0 combustion dans la course,&#8221; a d\u00e9clar\u00e9 NASCAR dans un communiqu\u00e9, &#8220;il est \u00e9galement d\u00e9termin\u00e9 \u00e0 d\u00e9carboniser ses op\u00e9rations et \u00e0 r\u00e9duire son empreinte carbone \u00e0 z\u00e9ro dans ses op\u00e9rations principales d&#8217;ici 2035 gr\u00e2ce \u00e0 l&#8217;\u00e9lectrification et \u00e0 des solutions innovantes.&#8221;<\/p>\n<p>\u00a0<\/p>\n<p>Avec des renseignements de Motor Authority<\/p>\n<p>\u00a0<\/p>\n<p>Le texte <a rel=\"nofollow\" href=\"https:\/\/annuelauto.ca\/nascar-se-prepare-a-passer-en-mode-electrique\/\">NASCAR se pr\u00e9pare \u00e0 passer en mode \u00e9lectrique<\/a> provient de <a rel=\"nofollow\" href=\"https:\/\/annuelauto.ca\">L&#8217;annuel de l&#8217;automobile &#8211; Actualit\u00e9 automobile<\/a><\/p>\n<p><\/p>\n","protected":false},"excerpt":{"rendered":"<p>NASCAR a r\u00e9v\u00e9l\u00e9 samedi un prototype de voiture de course \u00e9lectrique avec une carrosserie semblable \u00e0 celle d&#8217;un VUS, d\u00e9montrant ainsi l&#8217;engagement de la s\u00e9rie \u00e0 r\u00e9duire les \u00e9missions. Pr\u00e9sent\u00e9 avant la course de rue NASCAR \u00e0 Chicago, le prototype \u00e9lectrique a \u00e9t\u00e9 d\u00e9velopp\u00e9 par les m\u00eames ing\u00e9nieurs internes qui ont travaill\u00e9 sur la voiture [&hellip;]<\/p>\n","protected":false},"author":8,"featured_media":168559,"comment_status":"close","ping_status":"closed","sticky":false,"template":"","format":"standard","meta":{"_monsterinsights_skip_tracking":false,"_monsterinsights_sitenote_active":false,"_monsterinsights_sitenote_note":"","_monsterinsights_sitenote_category":0,"footnotes":""},"categories":[101],"tags":[],"yoast_head":"<!-- This site is optimized with the Yoast SEO plugin v23.2 - https:\/\/yoast.com\/wordpress\/plugins\/seo\/ -->\n<title>NASCAR se pr\u00e9pare \u00e0 passer en mode \u00e9lectrique - CanadaMotorJobs.com<\/title>\n<meta name=\"description\" content=\"NASCAR se pr\u00e9pare \u00e0 passer en mode \u00e9lectrique - Benoit Charette - Annuel automobile - CanadaMotorJobs.com.\" \/>\n<meta name=\"robots\" content=\"index, follow, max-snippet:-1, max-image-preview:large, max-video-preview:-1\" \/>\n<meta property=\"og:locale\" content=\"fr_CA\" \/>\n<meta property=\"og:type\" content=\"article\" \/>\n<meta property=\"og:title\" content=\"NASCAR se pr\u00e9pare \u00e0 passer en mode \u00e9lectrique - CanadaMotorJobs.com\" \/>\n<meta property=\"og:description\" content=\"NASCAR se pr\u00e9pare \u00e0 passer en mode \u00e9lectrique - Benoit Charette - Annuel automobile - CanadaMotorJobs.com.\" \/>\n<meta property=\"og:url\" content=\"https:\/\/news.canadamotorjobs.com\/fr\/nascar-se-prepare-a-passer-en-mode-electrique\/\" \/>\n<meta property=\"og:site_name\" content=\"CanadaMotorJobs.com\" \/>\n<meta property=\"article:publisher\" content=\"https:\/\/www.facebook.com\/canadamotorjobs\/\" \/>\n<meta property=\"article:published_time\" content=\"2024-07-09T11:45:31+00:00\" \/>\n<meta property=\"article:modified_time\" content=\"2024-07-09T12:01:19+00:00\" \/>\n<meta property=\"og:image\" content=\"https:\/\/news.canadamotorjobs.com\/wp-content\/uploads\/2024\/07\/nascar-ev-car-main.jpg\" \/>\n\t<meta property=\"og:image:width\" content=\"1300\" \/>\n\t<meta property=\"og:image:height\" content=\"690\" \/>\n\t<meta property=\"og:image:type\" content=\"image\/jpeg\" \/>\n<meta name=\"author\" content=\"Benoit Charette\" \/>\n<meta name=\"twitter:card\" content=\"summary_large_image\" \/>\n<meta name=\"twitter:creator\" content=\"@canadamotorjobs\" \/>\n<meta name=\"twitter:site\" content=\"@canadamotorjobs\" \/>\n<meta name=\"twitter:label1\" content=\"\u00c9crit par\" \/>\n\t<meta name=\"twitter:data1\" content=\"Benoit Charette\" \/>\n\t<meta name=\"twitter:label2\" content=\"Estimation du temps de lecture\" \/>\n\t<meta name=\"twitter:data2\" content=\"2 minutes\" \/>\n<!-- \/ Yoast SEO plugin. -->","yoast_head_json":{"title":"NASCAR se pr\u00e9pare \u00e0 passer en mode \u00e9lectrique - CanadaMotorJobs.com","description":"NASCAR se pr\u00e9pare \u00e0 passer en mode \u00e9lectrique - Benoit Charette - Annuel automobile - CanadaMotorJobs.com.","robots":{"index":"index","follow":"follow","max-snippet":"max-snippet:-1","max-image-preview":"max-image-preview:large","max-video-preview":"max-video-preview:-1"},"og_locale":"fr_CA","og_type":"article","og_title":"NASCAR se pr\u00e9pare \u00e0 passer en mode \u00e9lectrique - CanadaMotorJobs.com","og_description":"NASCAR se pr\u00e9pare \u00e0 passer en mode \u00e9lectrique - Benoit Charette - Annuel automobile - CanadaMotorJobs.com.","og_url":"https:\/\/news.canadamotorjobs.com\/fr\/nascar-se-prepare-a-passer-en-mode-electrique\/","og_site_name":"CanadaMotorJobs.com","article_publisher":"https:\/\/www.facebook.com\/canadamotorjobs\/","article_published_time":"2024-07-09T11:45:31+00:00","article_modified_time":"2024-07-09T12:01:19+00:00","og_image":[{"width":1300,"height":690,"url":"https:\/\/news.canadamotorjobs.com\/wp-content\/uploads\/2024\/07\/nascar-ev-car-main.jpg","type":"image\/jpeg"}],"author":"Benoit Charette","twitter_card":"summary_large_image","twitter_creator":"@canadamotorjobs","twitter_site":"@canadamotorjobs","twitter_misc":{"\u00c9crit par":"Benoit Charette","Estimation du temps de lecture":"2 minutes"},"schema":{"@context":"https:\/\/schema.org","@graph":[{"@type":"Article","@id":"https:\/\/news.canadamotorjobs.com\/fr\/nascar-se-prepare-a-passer-en-mode-electrique\/#article","isPartOf":{"@id":"https:\/\/news.canadamotorjobs.com\/fr\/nascar-se-prepare-a-passer-en-mode-electrique\/"},"author":{"name":"Benoit Charette","@id":"https:\/\/news.canadamotorjobs.com\/#\/schema\/person\/51793d1f87d44011d7bcc2ed99269a90"},"headline":"NASCAR se pr\u00e9pare \u00e0 passer en mode \u00e9lectrique","datePublished":"2024-07-09T11:45:31+00:00","dateModified":"2024-07-09T12:01:19+00:00","mainEntityOfPage":{"@id":"https:\/\/news.canadamotorjobs.com\/fr\/nascar-se-prepare-a-passer-en-mode-electrique\/"},"wordCount":509,"publisher":{"@id":"https:\/\/news.canadamotorjobs.com\/#organization"},"image":{"@id":"https:\/\/news.canadamotorjobs.com\/fr\/nascar-se-prepare-a-passer-en-mode-electrique\/#primaryimage"},"thumbnailUrl":"https:\/\/news.canadamotorjobs.com\/wp-content\/uploads\/2024\/07\/nascar-ev-car-main.jpg","articleSection":["Annuel automobile"],"inLanguage":"fr-CA"},{"@type":"WebPage","@id":"https:\/\/news.canadamotorjobs.com\/fr\/nascar-se-prepare-a-passer-en-mode-electrique\/","url":"https:\/\/news.canadamotorjobs.com\/fr\/nascar-se-prepare-a-passer-en-mode-electrique\/","name":"NASCAR se pr\u00e9pare \u00e0 passer en mode \u00e9lectrique - CanadaMotorJobs.com","isPartOf":{"@id":"https:\/\/news.canadamotorjobs.com\/#website"},"primaryImageOfPage":{"@id":"https:\/\/news.canadamotorjobs.com\/fr\/nascar-se-prepare-a-passer-en-mode-electrique\/#primaryimage"},"image":{"@id":"https:\/\/news.canadamotorjobs.com\/fr\/nascar-se-prepare-a-passer-en-mode-electrique\/#primaryimage"},"thumbnailUrl":"https:\/\/news.canadamotorjobs.com\/wp-content\/uploads\/2024\/07\/nascar-ev-car-main.jpg","datePublished":"2024-07-09T11:45:31+00:00","dateModified":"2024-07-09T12:01:19+00:00","description":"NASCAR se pr\u00e9pare \u00e0 passer en mode \u00e9lectrique - Benoit Charette - Annuel automobile - CanadaMotorJobs.com.","breadcrumb":{"@id":"https:\/\/news.canadamotorjobs.com\/fr\/nascar-se-prepare-a-passer-en-mode-electrique\/#breadcrumb"},"inLanguage":"fr-CA","potentialAction":[{"@type":"ReadAction","target":["https:\/\/news.canadamotorjobs.com\/fr\/nascar-se-prepare-a-passer-en-mode-electrique\/"]}]},{"@type":"ImageObject","inLanguage":"fr-CA","@id":"https:\/\/news.canadamotorjobs.com\/fr\/nascar-se-prepare-a-passer-en-mode-electrique\/#primaryimage","url":"https:\/\/news.canadamotorjobs.com\/wp-content\/uploads\/2024\/07\/nascar-ev-car-main.jpg","contentUrl":"https:\/\/news.canadamotorjobs.com\/wp-content\/uploads\/2024\/07\/nascar-ev-car-main.jpg","width":1300,"height":690},{"@type":"BreadcrumbList","@id":"https:\/\/news.canadamotorjobs.com\/fr\/nascar-se-prepare-a-passer-en-mode-electrique\/#breadcrumb","itemListElement":[{"@type":"ListItem","position":1,"name":"Home","item":"https:\/\/news.canadamotorjobs.com\/fr\/blog\/"},{"@type":"ListItem","position":2,"name":"NASCAR se pr\u00e9pare \u00e0 passer en mode \u00e9lectrique"}]},{"@type":"WebSite","@id":"https:\/\/news.canadamotorjobs.com\/#website","url":"https:\/\/news.canadamotorjobs.com\/","name":"CanadaMotorJobs.com","description":"Automotive Jobs","publisher":{"@id":"https:\/\/news.canadamotorjobs.com\/#organization"},"potentialAction":[{"@type":"SearchAction","target":{"@type":"EntryPoint","urlTemplate":"https:\/\/news.canadamotorjobs.com\/?s={search_term_string}"},"query-input":"required name=search_term_string"}],"inLanguage":"fr-CA"},{"@type":"Organization","@id":"https:\/\/news.canadamotorjobs.com\/#organization","name":"Canada Motor Jobs","url":"https:\/\/news.canadamotorjobs.com\/","logo":{"@type":"ImageObject","inLanguage":"fr-CA","@id":"https:\/\/news.canadamotorjobs.com\/#\/schema\/logo\/image\/","url":"https:\/\/news.canadamotorjobs.com\/wp-content\/uploads\/2022\/10\/logo-canada-motor-jobs-1.png","contentUrl":"https:\/\/news.canadamotorjobs.com\/wp-content\/uploads\/2022\/10\/logo-canada-motor-jobs-1.png","width":800,"height":400,"caption":"Canada Motor Jobs"},"image":{"@id":"https:\/\/news.canadamotorjobs.com\/#\/schema\/logo\/image\/"},"sameAs":["https:\/\/www.facebook.com\/canadamotorjobs\/","https:\/\/x.com\/canadamotorjobs","https:\/\/www.instagram.com\/canadamotorjobs\/","https:\/\/www.linkedin.com\/company\/canadamotorjobs"]},{"@type":"Person","@id":"https:\/\/news.canadamotorjobs.com\/#\/schema\/person\/51793d1f87d44011d7bcc2ed99269a90","name":"Benoit Charette","image":{"@type":"ImageObject","inLanguage":"fr-CA","@id":"https:\/\/news.canadamotorjobs.com\/#\/schema\/person\/image\/","url":"https:\/\/secure.gravatar.com\/avatar\/45f3d2eebcccd909668d7ce7ea7267b6?s=96&d=mm&r=g","contentUrl":"https:\/\/secure.gravatar.com\/avatar\/45f3d2eebcccd909668d7ce7ea7267b6?s=96&d=mm&r=g","caption":"Benoit Charette"},"description":"Benoit Charette \/ Propri\u00e9taire et r\u00e9dacteur en chef Benoit Charette pratique le journalisme automobile depuis bient\u00f4t 30 ans. Il a fait ses classes au c\u00f4t\u00e9 de Daniel H\u00e9raud et au Carnet de route de 1992 \u00e0 2001. Il est fondateur, copropri\u00e9taire et r\u00e9dacteur en chef de L\u2019Annuel de l\u2019automobile, qu\u2019il publie depuis 2001. Il a anim\u00e9 les \u00e9missions RPM et RPM+ sur V et les L\u00e9gendes de la route sur Historia. \u00c0 la radio depuis 1986, il reprend l\u2019antenne cette ann\u00e9e sur les ondes de Cogeco et participe pour la deuxi\u00e8me ann\u00e9e \u00e0 l\u2019\u00e9mission Passion Auto sur RDS en plus de mettre en ligne le site Web officiel de L\u2019Annuel de l\u2019automobile sur annuelauto.ca.","sameAs":["https:\/\/annuelauto.ca\/"],"url":"https:\/\/news.canadamotorjobs.com\/fr\/author\/benoit-charette\/"}]}},"_links":{"self":[{"href":"https:\/\/news.canadamotorjobs.com\/fr\/wp-json\/wp\/v2\/posts\/168557"}],"collection":[{"href":"https:\/\/news.canadamotorjobs.com\/fr\/wp-json\/wp\/v2\/posts"}],"about":[{"href":"https:\/\/news.canadamotorjobs.com\/fr\/wp-json\/wp\/v2\/types\/post"}],"author":[{"embeddable":true,"href":"https:\/\/news.canadamotorjobs.com\/fr\/wp-json\/wp\/v2\/users\/8"}],"replies":[{"embeddable":true,"href":"https:\/\/news.canadamotorjobs.com\/fr\/wp-json\/wp\/v2\/comments?post=168557"}],"version-history":[{"count":2,"href":"https:\/\/news.canadamotorjobs.com\/fr\/wp-json\/wp\/v2\/posts\/168557\/revisions"}],"predecessor-version":[{"id":168561,"href":"https:\/\/news.canadamotorjobs.com\/fr\/wp-json\/wp\/v2\/posts\/168557\/revisions\/168561"}],"wp:featuredmedia":[{"embeddable":true,"href":"https:\/\/news.canadamotorjobs.com\/fr\/wp-json\/wp\/v2\/media\/168559"}],"wp:attachment":[{"href":"https:\/\/news.canadamotorjobs.com\/fr\/wp-json\/wp\/v2\/media?parent=168557"}],"wp:term":[{"taxonomy":"category","embeddable":true,"href":"https:\/\/news.canadamotorjobs.com\/fr\/wp-json\/wp\/v2\/categories?post=168557"},{"taxonomy":"post_tag","embeddable":true,"href":"https:\/\/news.canadamotorjobs.com\/fr\/wp-json\/wp\/v2\/tags?post=168557"}],"curies":[{"name":"wp","href":"https:\/\/api.w.org\/{rel}","templated":true}]}}