{"id":168471,"date":"2024-07-08T07:13:38","date_gmt":"2024-07-08T11:13:38","guid":{"rendered":"https:\/\/news.canadamotorjobs.com\/?p=168471"},"modified":"2024-07-08T07:14:44","modified_gmt":"2024-07-08T11:14:44","slug":"et-si-mitsubishi-lancait-un-nouveau-modele-lancer","status":"publish","type":"post","link":"https:\/\/news.canadamotorjobs.com\/fr\/et-si-mitsubishi-lancait-un-nouveau-modele-lancer\/","title":{"rendered":"Et si Mitsubishi lan\u00e7ait un nouveau mod\u00e8le Lancer"},"content":{"rendered":"<\/p>\n<p>Bien que les ventes automobiles auraient pu \u00eatre meilleures au cours du deuxi\u00e8me trimestre de l&#8217;ann\u00e9e, la plupart des constructeurs, surtout les asiatiques, ont prosp\u00e9r\u00e9. Cependant, il y a une exception notable. Mitsubishi n&#8217;a pas r\u00e9ussi \u00e0 briller malgr\u00e9 une augmentation des ventes. Le seul mod\u00e8le qui se vend est L\u2019Outlander PHEV<\/p>\n<h3>Une Comparaison P\u00e9nible avec Subaru<\/h3>\n<p>\nAutrefois un concurrent de Subaru, Mitsubishi est d\u00e9sormais rel\u00e9gu\u00e9 au second plan, tandis que Subaru obtient de bien meilleure r\u00e9sultats de vente. Le probl\u00e8me r\u00e9side principalement dans la gamme de mod\u00e8les de Mitsubishi, qui comprend des v\u00e9hicules comme la Mirage ou l&#8217;Eclipse Cross, ainsi que le RVR vieillissant. l&#8217;Outlander PHEV ne suffira pas \u00e0 assurer la survie de la marque.<\/p>\n<h3>Le Plan Strat\u00e9gique Momentum 2030 de Mitsubishi<\/h3>\n<p>\nPour rem\u00e9dier \u00e0 cette situation, Mitsubishi a annonc\u00e9 le plan d&#8217;affaires &#8220;Momentum 2030&#8221;, un programme sur cinq ans pour l&#8217;Am\u00e9rique du Nord qui pr\u00e9voit le lancement de nouveaux mod\u00e8les. Cependant, certains estiment que la marque n&#8217;a pas besoin d&#8217;innover de mani\u00e8re drastique pour retrouver une position solide sur le march\u00e9.<\/p>\n<h3>Un Nouveau Lancer Inspir\u00e9 par le Num\u00e9rique<\/h3>\n<p>\nDans le domaine des cr\u00e9ations num\u00e9riques, un artiste virtuel connu sous le nom de Theottle sur les r\u00e9seaux sociaux a r\u00e9cemment utilis\u00e9 des techniques CGI pour transformer le concept Nissan Evo en un nouveau Mitsubishi Lancer. L&#8217;artiste pr\u00e9cise qu&#8217;il ne s&#8217;agit pas d&#8217;une version Evolution, l&#8217;\u00e9quivalent chez Mitsubishi des mod\u00e8les sportifs GR de Toyota ou Type R de Honda, mais plut\u00f4t d&#8217;un concurrent l\u00e9gitime pour la Toyota Corolla et la Honda Civic.<\/p>\n<h3>Un M\u00e9lange R\u00e9ussi de l&#8217;ADN Nissan-Renault-Mitsubishi<\/h3>\n<p>\nLe point de d\u00e9part de ce concept \u00e9tait une base du Nissan Evo, retravaill\u00e9e avec la face avant d&#8217;une Renault Clio et quelques \u00e9l\u00e9ments typiques de Mitsubishi pour l&#8217;arri\u00e8re. Le r\u00e9sultat est plut\u00f4t r\u00e9ussi et montre que la combinaison Nissan-Renault-Mitsubishi peut fonctionner \u00e0 merveille, du moins en th\u00e9orie.<\/p>\n<h3>En Conclusion<\/h3>\n<p>\nMalheureusement, tout cela n&#8217;est que de la sp\u00e9culation ! Toutefois, ces propositions montrent le potentiel de Mitsubishi pour se r\u00e9inventer et retrouver sa place parmi les grands noms de l&#8217;automobile.<\/p>\n<p>Avec des renseignements d\u2019Auto-evolution<\/p>\n<p>Le texte <a rel=\"nofollow\" href=\"https:\/\/annuelauto.ca\/et-si-mitsubishi-lancait-un-nouveau-modele-lancer\/\">Et si Mitsubishi lan\u00e7ait un nouveau mod\u00e8le Lancer<\/a> provient de <a rel=\"nofollow\" href=\"https:\/\/annuelauto.ca\">L&#8217;annuel de l&#8217;automobile &#8211; Actualit\u00e9 automobile<\/a><\/p>\n<p><\/p>\n","protected":false},"excerpt":{"rendered":"<p>Bien que les ventes automobiles auraient pu \u00eatre meilleures au cours du deuxi\u00e8me trimestre de l&#8217;ann\u00e9e, la plupart des constructeurs, surtout les asiatiques, ont prosp\u00e9r\u00e9. Cependant, il y a une exception notable. Mitsubishi n&#8217;a pas r\u00e9ussi \u00e0 briller malgr\u00e9 une augmentation des ventes. Le seul mod\u00e8le qui se vend est L\u2019Outlander PHEV Une Comparaison P\u00e9nible [&hellip;]<\/p>\n","protected":false},"author":8,"featured_media":168473,"comment_status":"close","ping_status":"closed","sticky":false,"template":"","format":"standard","meta":{"_monsterinsights_skip_tracking":false,"_monsterinsights_sitenote_active":false,"_monsterinsights_sitenote_note":"","_monsterinsights_sitenote_category":0,"footnotes":""},"categories":[101],"tags":[],"yoast_head":"<!-- This site is optimized with the Yoast SEO plugin v23.2 - https:\/\/yoast.com\/wordpress\/plugins\/seo\/ -->\n<title>Et si Mitsubishi lan\u00e7ait un nouveau mod\u00e8le Lancer - CanadaMotorJobs.com<\/title>\n<meta name=\"description\" content=\"Et si Mitsubishi lan\u00e7ait un nouveau mod\u00e8le Lancer - Benoit Charette - Annuel automobile - CanadaMotorJobs.com.\" \/>\n<meta name=\"robots\" content=\"index, follow, max-snippet:-1, max-image-preview:large, max-video-preview:-1\" \/>\n<meta property=\"og:locale\" content=\"fr_CA\" \/>\n<meta property=\"og:type\" content=\"article\" \/>\n<meta property=\"og:title\" content=\"Et si Mitsubishi lan\u00e7ait un nouveau mod\u00e8le Lancer - CanadaMotorJobs.com\" \/>\n<meta property=\"og:description\" content=\"Et si Mitsubishi lan\u00e7ait un nouveau mod\u00e8le Lancer - Benoit Charette - Annuel automobile - CanadaMotorJobs.com.\" \/>\n<meta property=\"og:url\" content=\"https:\/\/news.canadamotorjobs.com\/fr\/et-si-mitsubishi-lancait-un-nouveau-modele-lancer\/\" \/>\n<meta property=\"og:site_name\" content=\"CanadaMotorJobs.com\" \/>\n<meta property=\"article:publisher\" content=\"https:\/\/www.facebook.com\/canadamotorjobs\/\" \/>\n<meta property=\"article:published_time\" content=\"2024-07-08T11:13:38+00:00\" \/>\n<meta property=\"article:modified_time\" content=\"2024-07-08T11:14:44+00:00\" \/>\n<meta property=\"og:image\" content=\"https:\/\/news.canadamotorjobs.com\/wp-content\/uploads\/2024\/07\/virtual-all-new-2025-mitsubishi-lancer-is-no-evolution-xi-but-it-s-still-based-on-an-evo-236643_1.jpg\" \/>\n\t<meta property=\"og:image:width\" content=\"1920\" \/>\n\t<meta property=\"og:image:height\" content=\"1080\" \/>\n\t<meta property=\"og:image:type\" content=\"image\/jpeg\" \/>\n<meta name=\"author\" content=\"Benoit Charette\" \/>\n<meta name=\"twitter:card\" content=\"summary_large_image\" \/>\n<meta name=\"twitter:creator\" content=\"@canadamotorjobs\" \/>\n<meta name=\"twitter:site\" content=\"@canadamotorjobs\" \/>\n<meta name=\"twitter:label1\" content=\"\u00c9crit par\" \/>\n\t<meta name=\"twitter:data1\" content=\"Benoit Charette\" \/>\n\t<meta name=\"twitter:label2\" content=\"Estimation du temps de lecture\" \/>\n\t<meta name=\"twitter:data2\" content=\"2 minutes\" \/>\n<!-- \/ Yoast SEO plugin. -->","yoast_head_json":{"title":"Et si Mitsubishi lan\u00e7ait un nouveau mod\u00e8le Lancer - CanadaMotorJobs.com","description":"Et si Mitsubishi lan\u00e7ait un nouveau mod\u00e8le Lancer - Benoit Charette - Annuel automobile - CanadaMotorJobs.com.","robots":{"index":"index","follow":"follow","max-snippet":"max-snippet:-1","max-image-preview":"max-image-preview:large","max-video-preview":"max-video-preview:-1"},"og_locale":"fr_CA","og_type":"article","og_title":"Et si Mitsubishi lan\u00e7ait un nouveau mod\u00e8le Lancer - CanadaMotorJobs.com","og_description":"Et si Mitsubishi lan\u00e7ait un nouveau mod\u00e8le Lancer - Benoit Charette - Annuel automobile - CanadaMotorJobs.com.","og_url":"https:\/\/news.canadamotorjobs.com\/fr\/et-si-mitsubishi-lancait-un-nouveau-modele-lancer\/","og_site_name":"CanadaMotorJobs.com","article_publisher":"https:\/\/www.facebook.com\/canadamotorjobs\/","article_published_time":"2024-07-08T11:13:38+00:00","article_modified_time":"2024-07-08T11:14:44+00:00","og_image":[{"width":1920,"height":1080,"url":"https:\/\/news.canadamotorjobs.com\/wp-content\/uploads\/2024\/07\/virtual-all-new-2025-mitsubishi-lancer-is-no-evolution-xi-but-it-s-still-based-on-an-evo-236643_1.jpg","type":"image\/jpeg"}],"author":"Benoit Charette","twitter_card":"summary_large_image","twitter_creator":"@canadamotorjobs","twitter_site":"@canadamotorjobs","twitter_misc":{"\u00c9crit par":"Benoit Charette","Estimation du temps de lecture":"2 minutes"},"schema":{"@context":"https:\/\/schema.org","@graph":[{"@type":"Article","@id":"https:\/\/news.canadamotorjobs.com\/fr\/et-si-mitsubishi-lancait-un-nouveau-modele-lancer\/#article","isPartOf":{"@id":"https:\/\/news.canadamotorjobs.com\/fr\/et-si-mitsubishi-lancait-un-nouveau-modele-lancer\/"},"author":{"name":"Benoit Charette","@id":"https:\/\/news.canadamotorjobs.com\/#\/schema\/person\/51793d1f87d44011d7bcc2ed99269a90"},"headline":"Et si Mitsubishi lan\u00e7ait un nouveau mod\u00e8le Lancer","datePublished":"2024-07-08T11:13:38+00:00","dateModified":"2024-07-08T11:14:44+00:00","mainEntityOfPage":{"@id":"https:\/\/news.canadamotorjobs.com\/fr\/et-si-mitsubishi-lancait-un-nouveau-modele-lancer\/"},"wordCount":428,"publisher":{"@id":"https:\/\/news.canadamotorjobs.com\/#organization"},"image":{"@id":"https:\/\/news.canadamotorjobs.com\/fr\/et-si-mitsubishi-lancait-un-nouveau-modele-lancer\/#primaryimage"},"thumbnailUrl":"https:\/\/news.canadamotorjobs.com\/wp-content\/uploads\/2024\/07\/virtual-all-new-2025-mitsubishi-lancer-is-no-evolution-xi-but-it-s-still-based-on-an-evo-236643_1.jpg","articleSection":["Annuel automobile"],"inLanguage":"fr-CA"},{"@type":"WebPage","@id":"https:\/\/news.canadamotorjobs.com\/fr\/et-si-mitsubishi-lancait-un-nouveau-modele-lancer\/","url":"https:\/\/news.canadamotorjobs.com\/fr\/et-si-mitsubishi-lancait-un-nouveau-modele-lancer\/","name":"Et si Mitsubishi lan\u00e7ait un nouveau mod\u00e8le Lancer - CanadaMotorJobs.com","isPartOf":{"@id":"https:\/\/news.canadamotorjobs.com\/#website"},"primaryImageOfPage":{"@id":"https:\/\/news.canadamotorjobs.com\/fr\/et-si-mitsubishi-lancait-un-nouveau-modele-lancer\/#primaryimage"},"image":{"@id":"https:\/\/news.canadamotorjobs.com\/fr\/et-si-mitsubishi-lancait-un-nouveau-modele-lancer\/#primaryimage"},"thumbnailUrl":"https:\/\/news.canadamotorjobs.com\/wp-content\/uploads\/2024\/07\/virtual-all-new-2025-mitsubishi-lancer-is-no-evolution-xi-but-it-s-still-based-on-an-evo-236643_1.jpg","datePublished":"2024-07-08T11:13:38+00:00","dateModified":"2024-07-08T11:14:44+00:00","description":"Et si Mitsubishi lan\u00e7ait un nouveau mod\u00e8le Lancer - Benoit Charette - Annuel automobile - CanadaMotorJobs.com.","breadcrumb":{"@id":"https:\/\/news.canadamotorjobs.com\/fr\/et-si-mitsubishi-lancait-un-nouveau-modele-lancer\/#breadcrumb"},"inLanguage":"fr-CA","potentialAction":[{"@type":"ReadAction","target":["https:\/\/news.canadamotorjobs.com\/fr\/et-si-mitsubishi-lancait-un-nouveau-modele-lancer\/"]}]},{"@type":"ImageObject","inLanguage":"fr-CA","@id":"https:\/\/news.canadamotorjobs.com\/fr\/et-si-mitsubishi-lancait-un-nouveau-modele-lancer\/#primaryimage","url":"https:\/\/news.canadamotorjobs.com\/wp-content\/uploads\/2024\/07\/virtual-all-new-2025-mitsubishi-lancer-is-no-evolution-xi-but-it-s-still-based-on-an-evo-236643_1.jpg","contentUrl":"https:\/\/news.canadamotorjobs.com\/wp-content\/uploads\/2024\/07\/virtual-all-new-2025-mitsubishi-lancer-is-no-evolution-xi-but-it-s-still-based-on-an-evo-236643_1.jpg","width":1920,"height":1080},{"@type":"BreadcrumbList","@id":"https:\/\/news.canadamotorjobs.com\/fr\/et-si-mitsubishi-lancait-un-nouveau-modele-lancer\/#breadcrumb","itemListElement":[{"@type":"ListItem","position":1,"name":"Home","item":"https:\/\/news.canadamotorjobs.com\/fr\/blog\/"},{"@type":"ListItem","position":2,"name":"Et si Mitsubishi lan\u00e7ait un nouveau mod\u00e8le Lancer"}]},{"@type":"WebSite","@id":"https:\/\/news.canadamotorjobs.com\/#website","url":"https:\/\/news.canadamotorjobs.com\/","name":"CanadaMotorJobs.com","description":"Automotive Jobs","publisher":{"@id":"https:\/\/news.canadamotorjobs.com\/#organization"},"potentialAction":[{"@type":"SearchAction","target":{"@type":"EntryPoint","urlTemplate":"https:\/\/news.canadamotorjobs.com\/?s={search_term_string}"},"query-input":"required name=search_term_string"}],"inLanguage":"fr-CA"},{"@type":"Organization","@id":"https:\/\/news.canadamotorjobs.com\/#organization","name":"Canada Motor Jobs","url":"https:\/\/news.canadamotorjobs.com\/","logo":{"@type":"ImageObject","inLanguage":"fr-CA","@id":"https:\/\/news.canadamotorjobs.com\/#\/schema\/logo\/image\/","url":"https:\/\/news.canadamotorjobs.com\/wp-content\/uploads\/2022\/10\/logo-canada-motor-jobs-1.png","contentUrl":"https:\/\/news.canadamotorjobs.com\/wp-content\/uploads\/2022\/10\/logo-canada-motor-jobs-1.png","width":800,"height":400,"caption":"Canada Motor Jobs"},"image":{"@id":"https:\/\/news.canadamotorjobs.com\/#\/schema\/logo\/image\/"},"sameAs":["https:\/\/www.facebook.com\/canadamotorjobs\/","https:\/\/x.com\/canadamotorjobs","https:\/\/www.instagram.com\/canadamotorjobs\/","https:\/\/www.linkedin.com\/company\/canadamotorjobs"]},{"@type":"Person","@id":"https:\/\/news.canadamotorjobs.com\/#\/schema\/person\/51793d1f87d44011d7bcc2ed99269a90","name":"Benoit Charette","image":{"@type":"ImageObject","inLanguage":"fr-CA","@id":"https:\/\/news.canadamotorjobs.com\/#\/schema\/person\/image\/","url":"https:\/\/secure.gravatar.com\/avatar\/45f3d2eebcccd909668d7ce7ea7267b6?s=96&d=mm&r=g","contentUrl":"https:\/\/secure.gravatar.com\/avatar\/45f3d2eebcccd909668d7ce7ea7267b6?s=96&d=mm&r=g","caption":"Benoit Charette"},"description":"Benoit Charette \/ Propri\u00e9taire et r\u00e9dacteur en chef Benoit Charette pratique le journalisme automobile depuis bient\u00f4t 30 ans. Il a fait ses classes au c\u00f4t\u00e9 de Daniel H\u00e9raud et au Carnet de route de 1992 \u00e0 2001. Il est fondateur, copropri\u00e9taire et r\u00e9dacteur en chef de L\u2019Annuel de l\u2019automobile, qu\u2019il publie depuis 2001. Il a anim\u00e9 les \u00e9missions RPM et RPM+ sur V et les L\u00e9gendes de la route sur Historia. \u00c0 la radio depuis 1986, il reprend l\u2019antenne cette ann\u00e9e sur les ondes de Cogeco et participe pour la deuxi\u00e8me ann\u00e9e \u00e0 l\u2019\u00e9mission Passion Auto sur RDS en plus de mettre en ligne le site Web officiel de L\u2019Annuel de l\u2019automobile sur annuelauto.ca.","sameAs":["https:\/\/annuelauto.ca\/"],"url":"https:\/\/news.canadamotorjobs.com\/fr\/author\/benoit-charette\/"}]}},"_links":{"self":[{"href":"https:\/\/news.canadamotorjobs.com\/fr\/wp-json\/wp\/v2\/posts\/168471"}],"collection":[{"href":"https:\/\/news.canadamotorjobs.com\/fr\/wp-json\/wp\/v2\/posts"}],"about":[{"href":"https:\/\/news.canadamotorjobs.com\/fr\/wp-json\/wp\/v2\/types\/post"}],"author":[{"embeddable":true,"href":"https:\/\/news.canadamotorjobs.com\/fr\/wp-json\/wp\/v2\/users\/8"}],"replies":[{"embeddable":true,"href":"https:\/\/news.canadamotorjobs.com\/fr\/wp-json\/wp\/v2\/comments?post=168471"}],"version-history":[{"count":2,"href":"https:\/\/news.canadamotorjobs.com\/fr\/wp-json\/wp\/v2\/posts\/168471\/revisions"}],"predecessor-version":[{"id":168475,"href":"https:\/\/news.canadamotorjobs.com\/fr\/wp-json\/wp\/v2\/posts\/168471\/revisions\/168475"}],"wp:featuredmedia":[{"embeddable":true,"href":"https:\/\/news.canadamotorjobs.com\/fr\/wp-json\/wp\/v2\/media\/168473"}],"wp:attachment":[{"href":"https:\/\/news.canadamotorjobs.com\/fr\/wp-json\/wp\/v2\/media?parent=168471"}],"wp:term":[{"taxonomy":"category","embeddable":true,"href":"https:\/\/news.canadamotorjobs.com\/fr\/wp-json\/wp\/v2\/categories?post=168471"},{"taxonomy":"post_tag","embeddable":true,"href":"https:\/\/news.canadamotorjobs.com\/fr\/wp-json\/wp\/v2\/tags?post=168471"}],"curies":[{"name":"wp","href":"https:\/\/api.w.org\/{rel}","templated":true}]}}