{"id":168452,"date":"2024-07-08T06:44:01","date_gmt":"2024-07-08T10:44:01","guid":{"rendered":"https:\/\/news.canadamotorjobs.com\/?p=168452"},"modified":"2024-07-08T06:44:26","modified_gmt":"2024-07-08T10:44:26","slug":"porsche-poursuit-son-engagement-vers-la-transition-electrique","status":"publish","type":"post","link":"https:\/\/news.canadamotorjobs.com\/fr\/porsche-poursuit-son-engagement-vers-la-transition-electrique\/","title":{"rendered":"Porsche poursuit son engagement vers la transition \u00e9lectrique"},"content":{"rendered":"<\/p>\n<p>Malgr\u00e9 des chiffres de ventes d\u00e9cevants dans ses mod\u00e8les \u00e0 \u00e9lectrons, Porsche maintient le cap en mati\u00e8re de transition de certains mod\u00e8les vers les v\u00e9hicules \u00e9lectriques, malgr\u00e9 une demande r\u00e9cemment en baisse pour les voitures \u00e0 batterie, a d\u00e9clar\u00e9 le responsable de la production du constructeur automobile au magazine <strong>Automobilwoche<\/strong>.<\/p>\n<h3>La fin du Macan \u00e0 essence pour les march\u00e9s non-europ\u00e9ens d&#8217;ici 2026<\/h3>\n<p>\nAlbrecht Reimold, membre du conseil d&#8217;administration de Porsche, a annonc\u00e9 que la version \u00e0 essence du mod\u00e8le SUV Macan pour les march\u00e9s non europ\u00e9ens ne sera plus produite au-del\u00e0 de 2026. \u00ab La plateforme a atteint la fin de son cycle \u00bb, a d\u00e9clar\u00e9 Reimold.<\/p>\n<h3>Clarification sur la transition rapide<\/h3>\n<p>\nUn porte-parole de Porsche a pr\u00e9cis\u00e9 qu&#8217;un rapport ant\u00e9rieur de <strong>Automobilwoche<\/strong> affirmant qu&#8217;il s&#8217;agissait d&#8217;une transition plus rapide n&#8217;\u00e9tait pas correct. Apr\u00e8s l&#8217;arr\u00eat de la production, l&#8217;entreprise se concentrera sur les versions \u00e9lectriques du Macan pour promouvoir l&#8217;agenda de durabilit\u00e9 de Porsche, bien que la demande globale de v\u00e9hicules \u00e9lectriques ait connu une baisse, a ajout\u00e9 Reimold.<\/p>\n<h3>Fin des mod\u00e8les \u00e0 essence Boxster et Cayman d&#8217;ici l&#8217;ann\u00e9e prochaine<\/h3>\n<p>\nLes versions \u00e0 moteur \u00e0 combustion des voitures sportives Boxster et Cayman, une gamme de mod\u00e8les connue sous le nom de 718, ne seront plus produites \u00e0 partir de l&#8217;ann\u00e9e prochaine et la soci\u00e9t\u00e9 est d\u00e9j\u00e0 concentr\u00e9e sur les versions \u00e9lectriques qui seront lanc\u00e9es l&#8217;ann\u00e9e prochaine, a ajout\u00e9 Reimold.<\/p>\n<h3>Arr\u00eat de la production en Europe d\u00e9j\u00e0 en vigueur<\/h3>\n<p>\nLa production des versions \u00e0 essence des mod\u00e8les 718 et Macan pour les march\u00e9s europ\u00e9ens a d\u00e9j\u00e0 \u00e9t\u00e9 arr\u00eat\u00e9e.<\/p>\n<p>Avec des renseignements d&#8217;Automotive News<\/p>\n<p>Le texte <a rel=\"nofollow\" href=\"https:\/\/annuelauto.ca\/porsche-poursuit-son-engagement-vers-la-transition-electrique\/\">Porsche poursuit son engagement vers la transition \u00e9lectrique<\/a> provient de <a rel=\"nofollow\" href=\"https:\/\/annuelauto.ca\">L&#8217;annuel de l&#8217;automobile &#8211; Actualit\u00e9 automobile<\/a><\/p>\n<p><\/p>\n","protected":false},"excerpt":{"rendered":"<p>Malgr\u00e9 des chiffres de ventes d\u00e9cevants dans ses mod\u00e8les \u00e0 \u00e9lectrons, Porsche maintient le cap en mati\u00e8re de transition de certains mod\u00e8les vers les v\u00e9hicules \u00e9lectriques, malgr\u00e9 une demande r\u00e9cemment en baisse pour les voitures \u00e0 batterie, a d\u00e9clar\u00e9 le responsable de la production du constructeur automobile au magazine Automobilwoche. La fin du Macan \u00e0 [&hellip;]<\/p>\n","protected":false},"author":8,"featured_media":168454,"comment_status":"close","ping_status":"closed","sticky":false,"template":"","format":"standard","meta":{"_monsterinsights_skip_tracking":false,"_monsterinsights_sitenote_active":false,"_monsterinsights_sitenote_note":"","_monsterinsights_sitenote_category":0,"footnotes":""},"categories":[101],"tags":[],"yoast_head":"<!-- This site is optimized with the Yoast SEO plugin v23.2 - https:\/\/yoast.com\/wordpress\/plugins\/seo\/ -->\n<title>Porsche poursuit son engagement vers la transition \u00e9lectrique - CanadaMotorJobs.com<\/title>\n<meta name=\"description\" content=\"Porsche poursuit son engagement vers la transition \u00e9lectrique - Benoit Charette - Annuel automobile - CanadaMotorJobs.com.\" \/>\n<meta name=\"robots\" content=\"index, follow, max-snippet:-1, max-image-preview:large, max-video-preview:-1\" \/>\n<meta property=\"og:locale\" content=\"fr_CA\" \/>\n<meta property=\"og:type\" content=\"article\" \/>\n<meta property=\"og:title\" content=\"Porsche poursuit son engagement vers la transition \u00e9lectrique - CanadaMotorJobs.com\" \/>\n<meta property=\"og:description\" content=\"Porsche poursuit son engagement vers la transition \u00e9lectrique - Benoit Charette - Annuel automobile - CanadaMotorJobs.com.\" \/>\n<meta property=\"og:url\" content=\"https:\/\/news.canadamotorjobs.com\/fr\/porsche-poursuit-son-engagement-vers-la-transition-electrique\/\" \/>\n<meta property=\"og:site_name\" content=\"CanadaMotorJobs.com\" \/>\n<meta property=\"article:publisher\" content=\"https:\/\/www.facebook.com\/canadamotorjobs\/\" \/>\n<meta property=\"article:published_time\" content=\"2024-07-08T10:44:01+00:00\" \/>\n<meta property=\"article:modified_time\" content=\"2024-07-08T10:44:26+00:00\" \/>\n<meta property=\"og:image\" content=\"https:\/\/news.canadamotorjobs.com\/wp-content\/uploads\/2024\/07\/IMG_5889-1-1024x683-1.jpg\" \/>\n\t<meta property=\"og:image:width\" content=\"1024\" \/>\n\t<meta property=\"og:image:height\" content=\"683\" \/>\n\t<meta property=\"og:image:type\" content=\"image\/jpeg\" \/>\n<meta name=\"author\" content=\"Benoit Charette\" \/>\n<meta name=\"twitter:card\" content=\"summary_large_image\" \/>\n<meta name=\"twitter:creator\" content=\"@canadamotorjobs\" \/>\n<meta name=\"twitter:site\" content=\"@canadamotorjobs\" \/>\n<meta name=\"twitter:label1\" content=\"\u00c9crit par\" \/>\n\t<meta name=\"twitter:data1\" content=\"Benoit Charette\" \/>\n\t<meta name=\"twitter:label2\" content=\"Estimation du temps de lecture\" \/>\n\t<meta name=\"twitter:data2\" content=\"2 minutes\" \/>\n<!-- \/ Yoast SEO plugin. -->","yoast_head_json":{"title":"Porsche poursuit son engagement vers la transition \u00e9lectrique - CanadaMotorJobs.com","description":"Porsche poursuit son engagement vers la transition \u00e9lectrique - Benoit Charette - Annuel automobile - CanadaMotorJobs.com.","robots":{"index":"index","follow":"follow","max-snippet":"max-snippet:-1","max-image-preview":"max-image-preview:large","max-video-preview":"max-video-preview:-1"},"og_locale":"fr_CA","og_type":"article","og_title":"Porsche poursuit son engagement vers la transition \u00e9lectrique - CanadaMotorJobs.com","og_description":"Porsche poursuit son engagement vers la transition \u00e9lectrique - Benoit Charette - Annuel automobile - CanadaMotorJobs.com.","og_url":"https:\/\/news.canadamotorjobs.com\/fr\/porsche-poursuit-son-engagement-vers-la-transition-electrique\/","og_site_name":"CanadaMotorJobs.com","article_publisher":"https:\/\/www.facebook.com\/canadamotorjobs\/","article_published_time":"2024-07-08T10:44:01+00:00","article_modified_time":"2024-07-08T10:44:26+00:00","og_image":[{"width":1024,"height":683,"url":"https:\/\/news.canadamotorjobs.com\/wp-content\/uploads\/2024\/07\/IMG_5889-1-1024x683-1.jpg","type":"image\/jpeg"}],"author":"Benoit Charette","twitter_card":"summary_large_image","twitter_creator":"@canadamotorjobs","twitter_site":"@canadamotorjobs","twitter_misc":{"\u00c9crit par":"Benoit Charette","Estimation du temps de lecture":"2 minutes"},"schema":{"@context":"https:\/\/schema.org","@graph":[{"@type":"Article","@id":"https:\/\/news.canadamotorjobs.com\/fr\/porsche-poursuit-son-engagement-vers-la-transition-electrique\/#article","isPartOf":{"@id":"https:\/\/news.canadamotorjobs.com\/fr\/porsche-poursuit-son-engagement-vers-la-transition-electrique\/"},"author":{"name":"Benoit Charette","@id":"https:\/\/news.canadamotorjobs.com\/#\/schema\/person\/51793d1f87d44011d7bcc2ed99269a90"},"headline":"Porsche poursuit son engagement vers la transition \u00e9lectrique","datePublished":"2024-07-08T10:44:01+00:00","dateModified":"2024-07-08T10:44:26+00:00","mainEntityOfPage":{"@id":"https:\/\/news.canadamotorjobs.com\/fr\/porsche-poursuit-son-engagement-vers-la-transition-electrique\/"},"wordCount":324,"publisher":{"@id":"https:\/\/news.canadamotorjobs.com\/#organization"},"image":{"@id":"https:\/\/news.canadamotorjobs.com\/fr\/porsche-poursuit-son-engagement-vers-la-transition-electrique\/#primaryimage"},"thumbnailUrl":"https:\/\/news.canadamotorjobs.com\/wp-content\/uploads\/2024\/07\/IMG_5889-1-1024x683-1.jpg","articleSection":["Annuel automobile"],"inLanguage":"fr-CA"},{"@type":"WebPage","@id":"https:\/\/news.canadamotorjobs.com\/fr\/porsche-poursuit-son-engagement-vers-la-transition-electrique\/","url":"https:\/\/news.canadamotorjobs.com\/fr\/porsche-poursuit-son-engagement-vers-la-transition-electrique\/","name":"Porsche poursuit son engagement vers la transition \u00e9lectrique - CanadaMotorJobs.com","isPartOf":{"@id":"https:\/\/news.canadamotorjobs.com\/#website"},"primaryImageOfPage":{"@id":"https:\/\/news.canadamotorjobs.com\/fr\/porsche-poursuit-son-engagement-vers-la-transition-electrique\/#primaryimage"},"image":{"@id":"https:\/\/news.canadamotorjobs.com\/fr\/porsche-poursuit-son-engagement-vers-la-transition-electrique\/#primaryimage"},"thumbnailUrl":"https:\/\/news.canadamotorjobs.com\/wp-content\/uploads\/2024\/07\/IMG_5889-1-1024x683-1.jpg","datePublished":"2024-07-08T10:44:01+00:00","dateModified":"2024-07-08T10:44:26+00:00","description":"Porsche poursuit son engagement vers la transition \u00e9lectrique - Benoit Charette - Annuel automobile - CanadaMotorJobs.com.","breadcrumb":{"@id":"https:\/\/news.canadamotorjobs.com\/fr\/porsche-poursuit-son-engagement-vers-la-transition-electrique\/#breadcrumb"},"inLanguage":"fr-CA","potentialAction":[{"@type":"ReadAction","target":["https:\/\/news.canadamotorjobs.com\/fr\/porsche-poursuit-son-engagement-vers-la-transition-electrique\/"]}]},{"@type":"ImageObject","inLanguage":"fr-CA","@id":"https:\/\/news.canadamotorjobs.com\/fr\/porsche-poursuit-son-engagement-vers-la-transition-electrique\/#primaryimage","url":"https:\/\/news.canadamotorjobs.com\/wp-content\/uploads\/2024\/07\/IMG_5889-1-1024x683-1.jpg","contentUrl":"https:\/\/news.canadamotorjobs.com\/wp-content\/uploads\/2024\/07\/IMG_5889-1-1024x683-1.jpg","width":1024,"height":683},{"@type":"BreadcrumbList","@id":"https:\/\/news.canadamotorjobs.com\/fr\/porsche-poursuit-son-engagement-vers-la-transition-electrique\/#breadcrumb","itemListElement":[{"@type":"ListItem","position":1,"name":"Home","item":"https:\/\/news.canadamotorjobs.com\/fr\/blog\/"},{"@type":"ListItem","position":2,"name":"Porsche poursuit son engagement vers la transition \u00e9lectrique"}]},{"@type":"WebSite","@id":"https:\/\/news.canadamotorjobs.com\/#website","url":"https:\/\/news.canadamotorjobs.com\/","name":"CanadaMotorJobs.com","description":"Automotive Jobs","publisher":{"@id":"https:\/\/news.canadamotorjobs.com\/#organization"},"potentialAction":[{"@type":"SearchAction","target":{"@type":"EntryPoint","urlTemplate":"https:\/\/news.canadamotorjobs.com\/?s={search_term_string}"},"query-input":"required name=search_term_string"}],"inLanguage":"fr-CA"},{"@type":"Organization","@id":"https:\/\/news.canadamotorjobs.com\/#organization","name":"Canada Motor Jobs","url":"https:\/\/news.canadamotorjobs.com\/","logo":{"@type":"ImageObject","inLanguage":"fr-CA","@id":"https:\/\/news.canadamotorjobs.com\/#\/schema\/logo\/image\/","url":"https:\/\/news.canadamotorjobs.com\/wp-content\/uploads\/2022\/10\/logo-canada-motor-jobs-1.png","contentUrl":"https:\/\/news.canadamotorjobs.com\/wp-content\/uploads\/2022\/10\/logo-canada-motor-jobs-1.png","width":800,"height":400,"caption":"Canada Motor Jobs"},"image":{"@id":"https:\/\/news.canadamotorjobs.com\/#\/schema\/logo\/image\/"},"sameAs":["https:\/\/www.facebook.com\/canadamotorjobs\/","https:\/\/x.com\/canadamotorjobs","https:\/\/www.instagram.com\/canadamotorjobs\/","https:\/\/www.linkedin.com\/company\/canadamotorjobs"]},{"@type":"Person","@id":"https:\/\/news.canadamotorjobs.com\/#\/schema\/person\/51793d1f87d44011d7bcc2ed99269a90","name":"Benoit Charette","image":{"@type":"ImageObject","inLanguage":"fr-CA","@id":"https:\/\/news.canadamotorjobs.com\/#\/schema\/person\/image\/","url":"https:\/\/secure.gravatar.com\/avatar\/45f3d2eebcccd909668d7ce7ea7267b6?s=96&d=mm&r=g","contentUrl":"https:\/\/secure.gravatar.com\/avatar\/45f3d2eebcccd909668d7ce7ea7267b6?s=96&d=mm&r=g","caption":"Benoit Charette"},"description":"Benoit Charette \/ Propri\u00e9taire et r\u00e9dacteur en chef Benoit Charette pratique le journalisme automobile depuis bient\u00f4t 30 ans. Il a fait ses classes au c\u00f4t\u00e9 de Daniel H\u00e9raud et au Carnet de route de 1992 \u00e0 2001. Il est fondateur, copropri\u00e9taire et r\u00e9dacteur en chef de L\u2019Annuel de l\u2019automobile, qu\u2019il publie depuis 2001. Il a anim\u00e9 les \u00e9missions RPM et RPM+ sur V et les L\u00e9gendes de la route sur Historia. \u00c0 la radio depuis 1986, il reprend l\u2019antenne cette ann\u00e9e sur les ondes de Cogeco et participe pour la deuxi\u00e8me ann\u00e9e \u00e0 l\u2019\u00e9mission Passion Auto sur RDS en plus de mettre en ligne le site Web officiel de L\u2019Annuel de l\u2019automobile sur annuelauto.ca.","sameAs":["https:\/\/annuelauto.ca\/"],"url":"https:\/\/news.canadamotorjobs.com\/fr\/author\/benoit-charette\/"}]}},"_links":{"self":[{"href":"https:\/\/news.canadamotorjobs.com\/fr\/wp-json\/wp\/v2\/posts\/168452"}],"collection":[{"href":"https:\/\/news.canadamotorjobs.com\/fr\/wp-json\/wp\/v2\/posts"}],"about":[{"href":"https:\/\/news.canadamotorjobs.com\/fr\/wp-json\/wp\/v2\/types\/post"}],"author":[{"embeddable":true,"href":"https:\/\/news.canadamotorjobs.com\/fr\/wp-json\/wp\/v2\/users\/8"}],"replies":[{"embeddable":true,"href":"https:\/\/news.canadamotorjobs.com\/fr\/wp-json\/wp\/v2\/comments?post=168452"}],"version-history":[{"count":2,"href":"https:\/\/news.canadamotorjobs.com\/fr\/wp-json\/wp\/v2\/posts\/168452\/revisions"}],"predecessor-version":[{"id":168456,"href":"https:\/\/news.canadamotorjobs.com\/fr\/wp-json\/wp\/v2\/posts\/168452\/revisions\/168456"}],"wp:featuredmedia":[{"embeddable":true,"href":"https:\/\/news.canadamotorjobs.com\/fr\/wp-json\/wp\/v2\/media\/168454"}],"wp:attachment":[{"href":"https:\/\/news.canadamotorjobs.com\/fr\/wp-json\/wp\/v2\/media?parent=168452"}],"wp:term":[{"taxonomy":"category","embeddable":true,"href":"https:\/\/news.canadamotorjobs.com\/fr\/wp-json\/wp\/v2\/categories?post=168452"},{"taxonomy":"post_tag","embeddable":true,"href":"https:\/\/news.canadamotorjobs.com\/fr\/wp-json\/wp\/v2\/tags?post=168452"}],"curies":[{"name":"wp","href":"https:\/\/api.w.org\/{rel}","templated":true}]}}