{"id":168406,"date":"2024-07-06T09:39:42","date_gmt":"2024-07-06T13:39:42","guid":{"rendered":"https:\/\/news.canadamotorjobs.com\/?p=168406"},"modified":"2024-07-06T09:44:26","modified_gmt":"2024-07-06T13:44:26","slug":"porsche-reduit-la-production-de-la-taycan-en-raison-dune-baisse-des-ventes","status":"publish","type":"post","link":"https:\/\/news.canadamotorjobs.com\/fr\/porsche-reduit-la-production-de-la-taycan-en-raison-dune-baisse-des-ventes\/","title":{"rendered":"Porsche r\u00e9duit la production de la Taycan en raison d\u2019une baisse des ventes"},"content":{"rendered":"<\/p>\n<h3>Un d\u00e9but prometteur pour la Taycan<\/h3>\n<p>\nLanc\u00e9e en 2019, la Taycan a marqu\u00e9 une premi\u00e8re pour Porsche en tant que voiture de sport enti\u00e8rement \u00e9lectrique. En 2021, elle est devenue le mod\u00e8le le plus vendu de la marque en Europe, surpassant les l\u00e9gendaires 911 et Panamera. Cette ann\u00e9e-l\u00e0, Porsche a livr\u00e9 41 296 mod\u00e8les Taycan, plus du double des chiffres de 2020. Toutefois, cet essor fulgurant n&#8217;a pas perdur\u00e9.<\/p>\n<h3>Chute des ventes de la Taycan<\/h3>\n<p>\nEn 2022, les ventes de la Taycan se sont \u00e9tablies \u00e0 34 801 unit\u00e9s, pour atteindre 40 629 mod\u00e8les l&#8217;ann\u00e9e suivante. Cependant, au premier trimestre de 2024, les ventes ont chut\u00e9 de 54 %, malgr\u00e9 l&#8217;introduction en f\u00e9vrier d&#8217;une version am\u00e9lior\u00e9e de la Taycan 2025. Cette nouvelle version offre une autonomie accrue, une charge plus rapide et des performances optimis\u00e9es, mais \u00e0 un prix ahurissant. Impossible au Canada de s&#8217;en procurer sous la barre des 200 000 $.<\/p>\n<h3>R\u00e9duction de la production \u00e0 Zuffenhausen<\/h3>\n<p>\nD&#8217;apr\u00e8s le journal allemand <em>Stuttgarter Zeitung<\/em>, Porsche pr\u00e9voit de r\u00e9duire la production de la Taycan \u00e0 une seule \u00e9quipe dans son usine de Zuffenhausen. Des n\u00e9gociations sont en cours avec le conseil d&#8217;entreprise, mais des suppressions de postes ne sont pas pr\u00e9vues pour l&#8217;instant. Porsche cherche \u00e0 op\u00e9rer un \u00ab changement structurel \u00bb dans la production de la Taycan pour \u00e9viter une baisse de prix qui pourrait nuire \u00e0 l&#8217;image de marque de luxe.<\/p>\n<h3>L&#8217;impact sur l&#8217;emploi<\/h3>\n<p>\nBien que Porsche ait r\u00e9cemment d\u00e9cid\u00e9 de ne pas renouveler plusieurs centaines de contrats temporaires, aucun licenciement parmi les employ\u00e9s permanents n&#8217;est envisag\u00e9. Le PDG Oliver Blume reste confiant que la marque de luxe saura rebondir avec une gamme renouvel\u00e9e. Selon lui, Porsche traverse un cycle de ventes en \u00ab V \u00bb.<\/p>\n<p>\u00c0 lire aussi: <a href=\"https:\/\/annuelauto.ca\/porsche-taycan-turbo-gt-2025\/\">Pr\u00e9sentation de la Porsche Taycan 2025<\/a><\/p>\n<h3>Un espoir nomm\u00e9 Macan<\/h3>\n<p>\nEn mai, Porsche a d\u00e9but\u00e9 la production de la Macan EV dans son usine modernis\u00e9e de Leipzig, avec des livraisons pr\u00e9vues pour le second semestre 2024. Blume a r\u00e9v\u00e9l\u00e9 qu&#8217;en mars, la Macan avait d\u00e9j\u00e0 enregistr\u00e9 10 000 commandes, et ce, avant m\u00eame que les clients ne puissent essayer le v\u00e9hicule. Le ralentissement des ventes de Porsche se concentre principalement en Chine, un march\u00e9 cl\u00e9 o\u00f9 les ventes ont chut\u00e9 de 24 % au premier trimestre. Les constructeurs allemands de voitures de luxe, comme Porsche, peinent \u00e0 percer sur le plus grand march\u00e9 de v\u00e9hicules \u00e9lectriques au monde. Pour le moment le prix du Macan EV est aussi tr\u00e8s \u00e9lev\u00e9 et Porsche a laiss\u00e9 savoir qu&#8217;elle n\u00e9gocie avec le fabricant de batteries chinois CATL comme futur fournisseur de batteries pour aider \u00e0 contr\u00f4ler le prix \u00e9lev\u00e9 du v\u00e9hicule.<\/p>\n<p><strong>Conclusion<\/strong><\/p>\n<p>Porsche mise sur ses nouveaux mod\u00e8les, dont le Macan \u00e9lectrique, pour redresser la situation et regagner du terrain dans un march\u00e9 de plus en plus concurrentiel. La strat\u00e9gie de la marque se concentrera sur la pr\u00e9servation de son image de luxe tout en innovant avec des v\u00e9hicules \u00e9lectriques performants.<\/p>\n<p>\u00a0<\/p>\n<p>Avec des renseignements d&#8217;Electrek<\/p>\n<p>\u00a0<\/p>\n<p>Le texte <a rel=\"nofollow\" href=\"https:\/\/annuelauto.ca\/porsche-reduit-la-production-de-la-taycan-en-raison-dune-baisse-des-ventes\/\">Porsche r\u00e9duit la production de la Taycan en raison d\u2019une baisse des ventes<\/a> provient de <a rel=\"nofollow\" href=\"https:\/\/annuelauto.ca\">L&#8217;annuel de l&#8217;automobile &#8211; Actualit\u00e9 automobile<\/a><\/p>\n<p><\/p>\n","protected":false},"excerpt":{"rendered":"<p>Un d\u00e9but prometteur pour la Taycan Lanc\u00e9e en 2019, la Taycan a marqu\u00e9 une premi\u00e8re pour Porsche en tant que voiture de sport enti\u00e8rement \u00e9lectrique. En 2021, elle est devenue le mod\u00e8le le plus vendu de la marque en Europe, surpassant les l\u00e9gendaires 911 et Panamera. Cette ann\u00e9e-l\u00e0, Porsche a livr\u00e9 41 296 mod\u00e8les Taycan, [&hellip;]<\/p>\n","protected":false},"author":8,"featured_media":168408,"comment_status":"close","ping_status":"closed","sticky":false,"template":"","format":"standard","meta":{"_monsterinsights_skip_tracking":false,"_monsterinsights_sitenote_active":false,"_monsterinsights_sitenote_note":"","_monsterinsights_sitenote_category":0,"footnotes":""},"categories":[101],"tags":[],"yoast_head":"<!-- This site is optimized with the Yoast SEO plugin v23.2 - https:\/\/yoast.com\/wordpress\/plugins\/seo\/ -->\n<title>Porsche r\u00e9duit la production de la Taycan en raison d\u2019une baisse des ventes - CanadaMotorJobs.com<\/title>\n<meta name=\"description\" content=\"Porsche r\u00e9duit la production de la Taycan en raison d\u2019une baisse des ventes - Benoit Charette - Annuel automobile - CanadaMotorJobs.com.\" \/>\n<meta name=\"robots\" content=\"index, follow, max-snippet:-1, max-image-preview:large, max-video-preview:-1\" \/>\n<meta property=\"og:locale\" content=\"fr_CA\" \/>\n<meta property=\"og:type\" content=\"article\" \/>\n<meta property=\"og:title\" content=\"Porsche r\u00e9duit la production de la Taycan en raison d\u2019une baisse des ventes - CanadaMotorJobs.com\" \/>\n<meta property=\"og:description\" content=\"Porsche r\u00e9duit la production de la Taycan en raison d\u2019une baisse des ventes - Benoit Charette - Annuel automobile - CanadaMotorJobs.com.\" \/>\n<meta property=\"og:url\" content=\"https:\/\/news.canadamotorjobs.com\/fr\/porsche-reduit-la-production-de-la-taycan-en-raison-dune-baisse-des-ventes\/\" \/>\n<meta property=\"og:site_name\" content=\"CanadaMotorJobs.com\" \/>\n<meta property=\"article:publisher\" content=\"https:\/\/www.facebook.com\/canadamotorjobs\/\" \/>\n<meta property=\"article:published_time\" content=\"2024-07-06T13:39:42+00:00\" \/>\n<meta property=\"article:modified_time\" content=\"2024-07-06T13:44:26+00:00\" \/>\n<meta property=\"og:image\" content=\"https:\/\/news.canadamotorjobs.com\/wp-content\/uploads\/2024\/07\/IMG_7779.jpg\" \/>\n\t<meta property=\"og:image:width\" content=\"1067\" \/>\n\t<meta property=\"og:image:height\" content=\"800\" \/>\n\t<meta property=\"og:image:type\" content=\"image\/jpeg\" \/>\n<meta name=\"author\" content=\"Benoit Charette\" \/>\n<meta name=\"twitter:card\" content=\"summary_large_image\" \/>\n<meta name=\"twitter:creator\" content=\"@canadamotorjobs\" \/>\n<meta name=\"twitter:site\" content=\"@canadamotorjobs\" \/>\n<meta name=\"twitter:label1\" content=\"\u00c9crit par\" \/>\n\t<meta name=\"twitter:data1\" content=\"Benoit Charette\" \/>\n\t<meta name=\"twitter:label2\" content=\"Estimation du temps de lecture\" \/>\n\t<meta name=\"twitter:data2\" content=\"3 minutes\" \/>\n<!-- \/ Yoast SEO plugin. -->","yoast_head_json":{"title":"Porsche r\u00e9duit la production de la Taycan en raison d\u2019une baisse des ventes - CanadaMotorJobs.com","description":"Porsche r\u00e9duit la production de la Taycan en raison d\u2019une baisse des ventes - Benoit Charette - Annuel automobile - CanadaMotorJobs.com.","robots":{"index":"index","follow":"follow","max-snippet":"max-snippet:-1","max-image-preview":"max-image-preview:large","max-video-preview":"max-video-preview:-1"},"og_locale":"fr_CA","og_type":"article","og_title":"Porsche r\u00e9duit la production de la Taycan en raison d\u2019une baisse des ventes - CanadaMotorJobs.com","og_description":"Porsche r\u00e9duit la production de la Taycan en raison d\u2019une baisse des ventes - Benoit Charette - Annuel automobile - CanadaMotorJobs.com.","og_url":"https:\/\/news.canadamotorjobs.com\/fr\/porsche-reduit-la-production-de-la-taycan-en-raison-dune-baisse-des-ventes\/","og_site_name":"CanadaMotorJobs.com","article_publisher":"https:\/\/www.facebook.com\/canadamotorjobs\/","article_published_time":"2024-07-06T13:39:42+00:00","article_modified_time":"2024-07-06T13:44:26+00:00","og_image":[{"width":1067,"height":800,"url":"https:\/\/news.canadamotorjobs.com\/wp-content\/uploads\/2024\/07\/IMG_7779.jpg","type":"image\/jpeg"}],"author":"Benoit Charette","twitter_card":"summary_large_image","twitter_creator":"@canadamotorjobs","twitter_site":"@canadamotorjobs","twitter_misc":{"\u00c9crit par":"Benoit Charette","Estimation du temps de lecture":"3 minutes"},"schema":{"@context":"https:\/\/schema.org","@graph":[{"@type":"Article","@id":"https:\/\/news.canadamotorjobs.com\/fr\/porsche-reduit-la-production-de-la-taycan-en-raison-dune-baisse-des-ventes\/#article","isPartOf":{"@id":"https:\/\/news.canadamotorjobs.com\/fr\/porsche-reduit-la-production-de-la-taycan-en-raison-dune-baisse-des-ventes\/"},"author":{"name":"Benoit Charette","@id":"https:\/\/news.canadamotorjobs.com\/#\/schema\/person\/51793d1f87d44011d7bcc2ed99269a90"},"headline":"Porsche r\u00e9duit la production de la Taycan en raison d\u2019une baisse des ventes","datePublished":"2024-07-06T13:39:42+00:00","dateModified":"2024-07-06T13:44:26+00:00","mainEntityOfPage":{"@id":"https:\/\/news.canadamotorjobs.com\/fr\/porsche-reduit-la-production-de-la-taycan-en-raison-dune-baisse-des-ventes\/"},"wordCount":557,"publisher":{"@id":"https:\/\/news.canadamotorjobs.com\/#organization"},"image":{"@id":"https:\/\/news.canadamotorjobs.com\/fr\/porsche-reduit-la-production-de-la-taycan-en-raison-dune-baisse-des-ventes\/#primaryimage"},"thumbnailUrl":"https:\/\/news.canadamotorjobs.com\/wp-content\/uploads\/2024\/07\/IMG_7779.jpg","articleSection":["Annuel automobile"],"inLanguage":"fr-CA"},{"@type":"WebPage","@id":"https:\/\/news.canadamotorjobs.com\/fr\/porsche-reduit-la-production-de-la-taycan-en-raison-dune-baisse-des-ventes\/","url":"https:\/\/news.canadamotorjobs.com\/fr\/porsche-reduit-la-production-de-la-taycan-en-raison-dune-baisse-des-ventes\/","name":"Porsche r\u00e9duit la production de la Taycan en raison d\u2019une baisse des ventes - CanadaMotorJobs.com","isPartOf":{"@id":"https:\/\/news.canadamotorjobs.com\/#website"},"primaryImageOfPage":{"@id":"https:\/\/news.canadamotorjobs.com\/fr\/porsche-reduit-la-production-de-la-taycan-en-raison-dune-baisse-des-ventes\/#primaryimage"},"image":{"@id":"https:\/\/news.canadamotorjobs.com\/fr\/porsche-reduit-la-production-de-la-taycan-en-raison-dune-baisse-des-ventes\/#primaryimage"},"thumbnailUrl":"https:\/\/news.canadamotorjobs.com\/wp-content\/uploads\/2024\/07\/IMG_7779.jpg","datePublished":"2024-07-06T13:39:42+00:00","dateModified":"2024-07-06T13:44:26+00:00","description":"Porsche r\u00e9duit la production de la Taycan en raison d\u2019une baisse des ventes - Benoit Charette - Annuel automobile - CanadaMotorJobs.com.","breadcrumb":{"@id":"https:\/\/news.canadamotorjobs.com\/fr\/porsche-reduit-la-production-de-la-taycan-en-raison-dune-baisse-des-ventes\/#breadcrumb"},"inLanguage":"fr-CA","potentialAction":[{"@type":"ReadAction","target":["https:\/\/news.canadamotorjobs.com\/fr\/porsche-reduit-la-production-de-la-taycan-en-raison-dune-baisse-des-ventes\/"]}]},{"@type":"ImageObject","inLanguage":"fr-CA","@id":"https:\/\/news.canadamotorjobs.com\/fr\/porsche-reduit-la-production-de-la-taycan-en-raison-dune-baisse-des-ventes\/#primaryimage","url":"https:\/\/news.canadamotorjobs.com\/wp-content\/uploads\/2024\/07\/IMG_7779.jpg","contentUrl":"https:\/\/news.canadamotorjobs.com\/wp-content\/uploads\/2024\/07\/IMG_7779.jpg","width":1067,"height":800},{"@type":"BreadcrumbList","@id":"https:\/\/news.canadamotorjobs.com\/fr\/porsche-reduit-la-production-de-la-taycan-en-raison-dune-baisse-des-ventes\/#breadcrumb","itemListElement":[{"@type":"ListItem","position":1,"name":"Home","item":"https:\/\/news.canadamotorjobs.com\/fr\/blog\/"},{"@type":"ListItem","position":2,"name":"Porsche r\u00e9duit la production de la Taycan en raison d\u2019une baisse des ventes"}]},{"@type":"WebSite","@id":"https:\/\/news.canadamotorjobs.com\/#website","url":"https:\/\/news.canadamotorjobs.com\/","name":"CanadaMotorJobs.com","description":"Automotive Jobs","publisher":{"@id":"https:\/\/news.canadamotorjobs.com\/#organization"},"potentialAction":[{"@type":"SearchAction","target":{"@type":"EntryPoint","urlTemplate":"https:\/\/news.canadamotorjobs.com\/?s={search_term_string}"},"query-input":"required name=search_term_string"}],"inLanguage":"fr-CA"},{"@type":"Organization","@id":"https:\/\/news.canadamotorjobs.com\/#organization","name":"Canada Motor Jobs","url":"https:\/\/news.canadamotorjobs.com\/","logo":{"@type":"ImageObject","inLanguage":"fr-CA","@id":"https:\/\/news.canadamotorjobs.com\/#\/schema\/logo\/image\/","url":"https:\/\/news.canadamotorjobs.com\/wp-content\/uploads\/2022\/10\/logo-canada-motor-jobs-1.png","contentUrl":"https:\/\/news.canadamotorjobs.com\/wp-content\/uploads\/2022\/10\/logo-canada-motor-jobs-1.png","width":800,"height":400,"caption":"Canada Motor Jobs"},"image":{"@id":"https:\/\/news.canadamotorjobs.com\/#\/schema\/logo\/image\/"},"sameAs":["https:\/\/www.facebook.com\/canadamotorjobs\/","https:\/\/x.com\/canadamotorjobs","https:\/\/www.instagram.com\/canadamotorjobs\/","https:\/\/www.linkedin.com\/company\/canadamotorjobs"]},{"@type":"Person","@id":"https:\/\/news.canadamotorjobs.com\/#\/schema\/person\/51793d1f87d44011d7bcc2ed99269a90","name":"Benoit Charette","image":{"@type":"ImageObject","inLanguage":"fr-CA","@id":"https:\/\/news.canadamotorjobs.com\/#\/schema\/person\/image\/","url":"https:\/\/secure.gravatar.com\/avatar\/45f3d2eebcccd909668d7ce7ea7267b6?s=96&d=mm&r=g","contentUrl":"https:\/\/secure.gravatar.com\/avatar\/45f3d2eebcccd909668d7ce7ea7267b6?s=96&d=mm&r=g","caption":"Benoit Charette"},"description":"Benoit Charette \/ Propri\u00e9taire et r\u00e9dacteur en chef Benoit Charette pratique le journalisme automobile depuis bient\u00f4t 30 ans. Il a fait ses classes au c\u00f4t\u00e9 de Daniel H\u00e9raud et au Carnet de route de 1992 \u00e0 2001. Il est fondateur, copropri\u00e9taire et r\u00e9dacteur en chef de L\u2019Annuel de l\u2019automobile, qu\u2019il publie depuis 2001. Il a anim\u00e9 les \u00e9missions RPM et RPM+ sur V et les L\u00e9gendes de la route sur Historia. \u00c0 la radio depuis 1986, il reprend l\u2019antenne cette ann\u00e9e sur les ondes de Cogeco et participe pour la deuxi\u00e8me ann\u00e9e \u00e0 l\u2019\u00e9mission Passion Auto sur RDS en plus de mettre en ligne le site Web officiel de L\u2019Annuel de l\u2019automobile sur annuelauto.ca.","sameAs":["https:\/\/annuelauto.ca\/"],"url":"https:\/\/news.canadamotorjobs.com\/fr\/author\/benoit-charette\/"}]}},"_links":{"self":[{"href":"https:\/\/news.canadamotorjobs.com\/fr\/wp-json\/wp\/v2\/posts\/168406"}],"collection":[{"href":"https:\/\/news.canadamotorjobs.com\/fr\/wp-json\/wp\/v2\/posts"}],"about":[{"href":"https:\/\/news.canadamotorjobs.com\/fr\/wp-json\/wp\/v2\/types\/post"}],"author":[{"embeddable":true,"href":"https:\/\/news.canadamotorjobs.com\/fr\/wp-json\/wp\/v2\/users\/8"}],"replies":[{"embeddable":true,"href":"https:\/\/news.canadamotorjobs.com\/fr\/wp-json\/wp\/v2\/comments?post=168406"}],"version-history":[{"count":2,"href":"https:\/\/news.canadamotorjobs.com\/fr\/wp-json\/wp\/v2\/posts\/168406\/revisions"}],"predecessor-version":[{"id":168410,"href":"https:\/\/news.canadamotorjobs.com\/fr\/wp-json\/wp\/v2\/posts\/168406\/revisions\/168410"}],"wp:featuredmedia":[{"embeddable":true,"href":"https:\/\/news.canadamotorjobs.com\/fr\/wp-json\/wp\/v2\/media\/168408"}],"wp:attachment":[{"href":"https:\/\/news.canadamotorjobs.com\/fr\/wp-json\/wp\/v2\/media?parent=168406"}],"wp:term":[{"taxonomy":"category","embeddable":true,"href":"https:\/\/news.canadamotorjobs.com\/fr\/wp-json\/wp\/v2\/categories?post=168406"},{"taxonomy":"post_tag","embeddable":true,"href":"https:\/\/news.canadamotorjobs.com\/fr\/wp-json\/wp\/v2\/tags?post=168406"}],"curies":[{"name":"wp","href":"https:\/\/api.w.org\/{rel}","templated":true}]}}