{"id":168357,"date":"2024-07-05T10:10:07","date_gmt":"2024-07-05T14:10:07","guid":{"rendered":"https:\/\/news.canadamotorjobs.com\/?p=168357"},"modified":"2024-07-05T10:16:12","modified_gmt":"2024-07-05T14:16:12","slug":"le-prix-des-vehicules-doccasions-est-a-la-baisse-au-canada","status":"publish","type":"post","link":"https:\/\/news.canadamotorjobs.com\/fr\/le-prix-des-vehicules-doccasions-est-a-la-baisse-au-canada\/","title":{"rendered":"Le prix des v\u00e9hicules d\u2019occasions est \u00e0 la baisse au Canada"},"content":{"rendered":"<\/p>\n<p>Apr\u00e8s une hausse marqu\u00e9e des prix durant la pand\u00e9mie, le march\u00e9 des v\u00e9hicules d\u2019occasion au Canada conna\u00eet depuis quelques mois une correction significative. D&#8217;apr\u00e8s les donn\u00e9es de Statistique Canada, le prix des voitures de seconde main a diminu\u00e9 de 2,8 % au cours de la derni\u00e8re ann\u00e9e.<\/p>\n<h4>Fl\u00e9chissement notable sur AutoTrader.ca<\/h4>\n<p>\nSur la plateforme AutoTrader.ca, le prix de vente moyen d\u2019une voiture d\u2019occasion a chut\u00e9 de 8,3 % au cours des 12 derniers mois, s\u2019\u00e9tablissant \u00e0 36 342 $. Baris Akyurek, vice-pr\u00e9sident de la recherche et de l\u2019analyse pour AutoTrader.ca, explique cette baisse des prix par une augmentation de l&#8217;offre de voitures d&#8217;occasion disponibles sur le march\u00e9.<\/p>\n<h4>Retour \u00e0 la normale des cha\u00eenes d\u2019approvisionnement<\/h4>\n<p>\nDaniel Ross de Canadian Black Book observe que les probl\u00e8mes d&#8217;approvisionnement datant de la pand\u00e9mie se sont r\u00e9sorb\u00e9s, permettant aux concessionnaires de reconstituer leurs stocks de v\u00e9hicules neufs.<\/p>\n<p>&#8220;Avec l&#8217;augmentation des stocks de v\u00e9hicules neufs, la demande pour les voitures d&#8217;occasion diminue,&#8221; explique Ross.<\/p>\n<h4>Les taux d\u2019int\u00e9r\u00eats demeurent \u00e9lev\u00e9s<\/h4>\n<p>\nBien que la r\u00e9duction des prix et une premi\u00e8re baisse du taux directeur en juin aient l\u00e9g\u00e8rement diminu\u00e9 les paiements mensuels n\u00e9cessaires pour l&#8217;achat d&#8217;un v\u00e9hicule d&#8217;occasion, ces mensualit\u00e9s restent nettement sup\u00e9rieures \u00e0 celles d&#8217;avant la pand\u00e9mie. Selon AutoTrader.ca, l&#8217;acheteur d&#8217;une voiture de seconde main en juin a pay\u00e9 en moyenne 624 $ par mois, soit plus de 30 % de plus qu&#8217;en 2020. &#8220;Les prix au d\u00e9tail sont meilleurs, mais les taux d&#8217;int\u00e9r\u00eat ne le sont pas forc\u00e9ment. Le march\u00e9 automobile d\u00e9pend beaucoup des paiements mensuels, donc lorsque ceux-ci restent \u00e9lev\u00e9s, il est difficile de vendre des voitures,&#8221; explique Ross.<\/p>\n<h4>Perspectives pour le futur<\/h4>\n<p>\nAkyurek d&#8217;AutoTrader s&#8217;attend \u00e0 ce que les futures baisses des taux directeurs relancent les ventes de v\u00e9hicules d&#8217;occasion. &#8220;Si ces baisses de taux d&#8217;int\u00e9r\u00eat se concr\u00e9tisent, il y aura certainement une augmentation de la demande, et nous pr\u00e9voyons \u00e9galement une baisse continue des mensualit\u00e9s,&#8221; soutient-il.<\/p>\n<h4>Forte demande pour les v\u00e9hicules d\u2019occasion abordables<\/h4>\n<p>\nEn attendant, les voitures d&#8217;occasion de moins de 40 000 $ se vendent beaucoup plus rapidement que les mod\u00e8les haut de gamme, comme le r\u00e9v\u00e8le un rapport r\u00e9cent d&#8217;AutoTrader.ca. L&#8217;int\u00e9r\u00eat r\u00e9duit pour les mod\u00e8les de luxe a entra\u00een\u00e9 une baisse de 10,4 % de leur prix sur la plateforme de revente au cours de la derni\u00e8re ann\u00e9e.<\/p>\n<p>Avec des renseignements de Radio-Canada et Autohebdo<\/p>\n<p>Le texte <a rel=\"nofollow\" href=\"https:\/\/annuelauto.ca\/le-prix-des-vehicules-doccasions-est-a-la-baisse-au-canada\/\">Le prix des v\u00e9hicules d\u2019occasions est \u00e0 la baisse au Canada<\/a> provient de <a rel=\"nofollow\" href=\"https:\/\/annuelauto.ca\">L&#8217;annuel de l&#8217;automobile &#8211; Actualit\u00e9 automobile<\/a><\/p>\n<p><\/p>\n","protected":false},"excerpt":{"rendered":"<p>Apr\u00e8s une hausse marqu\u00e9e des prix durant la pand\u00e9mie, le march\u00e9 des v\u00e9hicules d\u2019occasion au Canada conna\u00eet depuis quelques mois une correction significative. D&#8217;apr\u00e8s les donn\u00e9es de Statistique Canada, le prix des voitures de seconde main a diminu\u00e9 de 2,8 % au cours de la derni\u00e8re ann\u00e9e. Fl\u00e9chissement notable sur AutoTrader.ca Sur la plateforme AutoTrader.ca, [&hellip;]<\/p>\n","protected":false},"author":8,"featured_media":168359,"comment_status":"close","ping_status":"closed","sticky":false,"template":"","format":"standard","meta":{"_monsterinsights_skip_tracking":false,"_monsterinsights_sitenote_active":false,"_monsterinsights_sitenote_note":"","_monsterinsights_sitenote_category":0,"footnotes":""},"categories":[101],"tags":[],"yoast_head":"<!-- This site is optimized with the Yoast SEO plugin v23.2 - https:\/\/yoast.com\/wordpress\/plugins\/seo\/ -->\n<title>Le prix des v\u00e9hicules d\u2019occasions est \u00e0 la baisse au Canada - CanadaMotorJobs.com<\/title>\n<meta name=\"description\" content=\"Le prix des v\u00e9hicules d\u2019occasions est \u00e0 la baisse au Canada - Benoit Charette - Annuel automobile - CanadaMotorJobs.com.\" \/>\n<meta name=\"robots\" content=\"index, follow, max-snippet:-1, max-image-preview:large, max-video-preview:-1\" \/>\n<meta property=\"og:locale\" content=\"fr_CA\" \/>\n<meta property=\"og:type\" content=\"article\" \/>\n<meta property=\"og:title\" content=\"Le prix des v\u00e9hicules d\u2019occasions est \u00e0 la baisse au Canada - CanadaMotorJobs.com\" \/>\n<meta property=\"og:description\" content=\"Le prix des v\u00e9hicules d\u2019occasions est \u00e0 la baisse au Canada - Benoit Charette - Annuel automobile - CanadaMotorJobs.com.\" \/>\n<meta property=\"og:url\" content=\"https:\/\/news.canadamotorjobs.com\/fr\/le-prix-des-vehicules-doccasions-est-a-la-baisse-au-canada\/\" \/>\n<meta property=\"og:site_name\" content=\"CanadaMotorJobs.com\" \/>\n<meta property=\"article:publisher\" content=\"https:\/\/www.facebook.com\/canadamotorjobs\/\" \/>\n<meta property=\"article:published_time\" content=\"2024-07-05T14:10:07+00:00\" \/>\n<meta property=\"article:modified_time\" content=\"2024-07-05T14:16:12+00:00\" \/>\n<meta property=\"og:image\" content=\"https:\/\/news.canadamotorjobs.com\/wp-content\/uploads\/2024\/07\/Used-car-dealerships-in-wisconsin.jpg\" \/>\n\t<meta property=\"og:image:width\" content=\"1000\" \/>\n\t<meta property=\"og:image:height\" content=\"732\" \/>\n\t<meta property=\"og:image:type\" content=\"image\/jpeg\" \/>\n<meta name=\"author\" content=\"Benoit Charette\" \/>\n<meta name=\"twitter:card\" content=\"summary_large_image\" \/>\n<meta name=\"twitter:creator\" content=\"@canadamotorjobs\" \/>\n<meta name=\"twitter:site\" content=\"@canadamotorjobs\" \/>\n<meta name=\"twitter:label1\" content=\"\u00c9crit par\" \/>\n\t<meta name=\"twitter:data1\" content=\"Benoit Charette\" \/>\n\t<meta name=\"twitter:label2\" content=\"Estimation du temps de lecture\" \/>\n\t<meta name=\"twitter:data2\" content=\"2 minutes\" \/>\n<!-- \/ Yoast SEO plugin. -->","yoast_head_json":{"title":"Le prix des v\u00e9hicules d\u2019occasions est \u00e0 la baisse au Canada - CanadaMotorJobs.com","description":"Le prix des v\u00e9hicules d\u2019occasions est \u00e0 la baisse au Canada - Benoit Charette - Annuel automobile - CanadaMotorJobs.com.","robots":{"index":"index","follow":"follow","max-snippet":"max-snippet:-1","max-image-preview":"max-image-preview:large","max-video-preview":"max-video-preview:-1"},"og_locale":"fr_CA","og_type":"article","og_title":"Le prix des v\u00e9hicules d\u2019occasions est \u00e0 la baisse au Canada - CanadaMotorJobs.com","og_description":"Le prix des v\u00e9hicules d\u2019occasions est \u00e0 la baisse au Canada - Benoit Charette - Annuel automobile - CanadaMotorJobs.com.","og_url":"https:\/\/news.canadamotorjobs.com\/fr\/le-prix-des-vehicules-doccasions-est-a-la-baisse-au-canada\/","og_site_name":"CanadaMotorJobs.com","article_publisher":"https:\/\/www.facebook.com\/canadamotorjobs\/","article_published_time":"2024-07-05T14:10:07+00:00","article_modified_time":"2024-07-05T14:16:12+00:00","og_image":[{"width":1000,"height":732,"url":"https:\/\/news.canadamotorjobs.com\/wp-content\/uploads\/2024\/07\/Used-car-dealerships-in-wisconsin.jpg","type":"image\/jpeg"}],"author":"Benoit Charette","twitter_card":"summary_large_image","twitter_creator":"@canadamotorjobs","twitter_site":"@canadamotorjobs","twitter_misc":{"\u00c9crit par":"Benoit Charette","Estimation du temps de lecture":"2 minutes"},"schema":{"@context":"https:\/\/schema.org","@graph":[{"@type":"Article","@id":"https:\/\/news.canadamotorjobs.com\/fr\/le-prix-des-vehicules-doccasions-est-a-la-baisse-au-canada\/#article","isPartOf":{"@id":"https:\/\/news.canadamotorjobs.com\/fr\/le-prix-des-vehicules-doccasions-est-a-la-baisse-au-canada\/"},"author":{"name":"Benoit Charette","@id":"https:\/\/news.canadamotorjobs.com\/#\/schema\/person\/51793d1f87d44011d7bcc2ed99269a90"},"headline":"Le prix des v\u00e9hicules d\u2019occasions est \u00e0 la baisse au Canada","datePublished":"2024-07-05T14:10:07+00:00","dateModified":"2024-07-05T14:16:12+00:00","mainEntityOfPage":{"@id":"https:\/\/news.canadamotorjobs.com\/fr\/le-prix-des-vehicules-doccasions-est-a-la-baisse-au-canada\/"},"wordCount":485,"publisher":{"@id":"https:\/\/news.canadamotorjobs.com\/#organization"},"image":{"@id":"https:\/\/news.canadamotorjobs.com\/fr\/le-prix-des-vehicules-doccasions-est-a-la-baisse-au-canada\/#primaryimage"},"thumbnailUrl":"https:\/\/news.canadamotorjobs.com\/wp-content\/uploads\/2024\/07\/Used-car-dealerships-in-wisconsin.jpg","articleSection":["Annuel automobile"],"inLanguage":"fr-CA"},{"@type":"WebPage","@id":"https:\/\/news.canadamotorjobs.com\/fr\/le-prix-des-vehicules-doccasions-est-a-la-baisse-au-canada\/","url":"https:\/\/news.canadamotorjobs.com\/fr\/le-prix-des-vehicules-doccasions-est-a-la-baisse-au-canada\/","name":"Le prix des v\u00e9hicules d\u2019occasions est \u00e0 la baisse au Canada - CanadaMotorJobs.com","isPartOf":{"@id":"https:\/\/news.canadamotorjobs.com\/#website"},"primaryImageOfPage":{"@id":"https:\/\/news.canadamotorjobs.com\/fr\/le-prix-des-vehicules-doccasions-est-a-la-baisse-au-canada\/#primaryimage"},"image":{"@id":"https:\/\/news.canadamotorjobs.com\/fr\/le-prix-des-vehicules-doccasions-est-a-la-baisse-au-canada\/#primaryimage"},"thumbnailUrl":"https:\/\/news.canadamotorjobs.com\/wp-content\/uploads\/2024\/07\/Used-car-dealerships-in-wisconsin.jpg","datePublished":"2024-07-05T14:10:07+00:00","dateModified":"2024-07-05T14:16:12+00:00","description":"Le prix des v\u00e9hicules d\u2019occasions est \u00e0 la baisse au Canada - Benoit Charette - Annuel automobile - CanadaMotorJobs.com.","breadcrumb":{"@id":"https:\/\/news.canadamotorjobs.com\/fr\/le-prix-des-vehicules-doccasions-est-a-la-baisse-au-canada\/#breadcrumb"},"inLanguage":"fr-CA","potentialAction":[{"@type":"ReadAction","target":["https:\/\/news.canadamotorjobs.com\/fr\/le-prix-des-vehicules-doccasions-est-a-la-baisse-au-canada\/"]}]},{"@type":"ImageObject","inLanguage":"fr-CA","@id":"https:\/\/news.canadamotorjobs.com\/fr\/le-prix-des-vehicules-doccasions-est-a-la-baisse-au-canada\/#primaryimage","url":"https:\/\/news.canadamotorjobs.com\/wp-content\/uploads\/2024\/07\/Used-car-dealerships-in-wisconsin.jpg","contentUrl":"https:\/\/news.canadamotorjobs.com\/wp-content\/uploads\/2024\/07\/Used-car-dealerships-in-wisconsin.jpg","width":1000,"height":732},{"@type":"BreadcrumbList","@id":"https:\/\/news.canadamotorjobs.com\/fr\/le-prix-des-vehicules-doccasions-est-a-la-baisse-au-canada\/#breadcrumb","itemListElement":[{"@type":"ListItem","position":1,"name":"Home","item":"https:\/\/news.canadamotorjobs.com\/fr\/blog\/"},{"@type":"ListItem","position":2,"name":"Le prix des v\u00e9hicules d\u2019occasions est \u00e0 la baisse au Canada"}]},{"@type":"WebSite","@id":"https:\/\/news.canadamotorjobs.com\/#website","url":"https:\/\/news.canadamotorjobs.com\/","name":"CanadaMotorJobs.com","description":"Automotive Jobs","publisher":{"@id":"https:\/\/news.canadamotorjobs.com\/#organization"},"potentialAction":[{"@type":"SearchAction","target":{"@type":"EntryPoint","urlTemplate":"https:\/\/news.canadamotorjobs.com\/?s={search_term_string}"},"query-input":"required name=search_term_string"}],"inLanguage":"fr-CA"},{"@type":"Organization","@id":"https:\/\/news.canadamotorjobs.com\/#organization","name":"Canada Motor Jobs","url":"https:\/\/news.canadamotorjobs.com\/","logo":{"@type":"ImageObject","inLanguage":"fr-CA","@id":"https:\/\/news.canadamotorjobs.com\/#\/schema\/logo\/image\/","url":"https:\/\/news.canadamotorjobs.com\/wp-content\/uploads\/2022\/10\/logo-canada-motor-jobs-1.png","contentUrl":"https:\/\/news.canadamotorjobs.com\/wp-content\/uploads\/2022\/10\/logo-canada-motor-jobs-1.png","width":800,"height":400,"caption":"Canada Motor Jobs"},"image":{"@id":"https:\/\/news.canadamotorjobs.com\/#\/schema\/logo\/image\/"},"sameAs":["https:\/\/www.facebook.com\/canadamotorjobs\/","https:\/\/x.com\/canadamotorjobs","https:\/\/www.instagram.com\/canadamotorjobs\/","https:\/\/www.linkedin.com\/company\/canadamotorjobs"]},{"@type":"Person","@id":"https:\/\/news.canadamotorjobs.com\/#\/schema\/person\/51793d1f87d44011d7bcc2ed99269a90","name":"Benoit Charette","image":{"@type":"ImageObject","inLanguage":"fr-CA","@id":"https:\/\/news.canadamotorjobs.com\/#\/schema\/person\/image\/","url":"https:\/\/secure.gravatar.com\/avatar\/45f3d2eebcccd909668d7ce7ea7267b6?s=96&d=mm&r=g","contentUrl":"https:\/\/secure.gravatar.com\/avatar\/45f3d2eebcccd909668d7ce7ea7267b6?s=96&d=mm&r=g","caption":"Benoit Charette"},"description":"Benoit Charette \/ Propri\u00e9taire et r\u00e9dacteur en chef Benoit Charette pratique le journalisme automobile depuis bient\u00f4t 30 ans. Il a fait ses classes au c\u00f4t\u00e9 de Daniel H\u00e9raud et au Carnet de route de 1992 \u00e0 2001. Il est fondateur, copropri\u00e9taire et r\u00e9dacteur en chef de L\u2019Annuel de l\u2019automobile, qu\u2019il publie depuis 2001. Il a anim\u00e9 les \u00e9missions RPM et RPM+ sur V et les L\u00e9gendes de la route sur Historia. \u00c0 la radio depuis 1986, il reprend l\u2019antenne cette ann\u00e9e sur les ondes de Cogeco et participe pour la deuxi\u00e8me ann\u00e9e \u00e0 l\u2019\u00e9mission Passion Auto sur RDS en plus de mettre en ligne le site Web officiel de L\u2019Annuel de l\u2019automobile sur annuelauto.ca.","sameAs":["https:\/\/annuelauto.ca\/"],"url":"https:\/\/news.canadamotorjobs.com\/fr\/author\/benoit-charette\/"}]}},"_links":{"self":[{"href":"https:\/\/news.canadamotorjobs.com\/fr\/wp-json\/wp\/v2\/posts\/168357"}],"collection":[{"href":"https:\/\/news.canadamotorjobs.com\/fr\/wp-json\/wp\/v2\/posts"}],"about":[{"href":"https:\/\/news.canadamotorjobs.com\/fr\/wp-json\/wp\/v2\/types\/post"}],"author":[{"embeddable":true,"href":"https:\/\/news.canadamotorjobs.com\/fr\/wp-json\/wp\/v2\/users\/8"}],"replies":[{"embeddable":true,"href":"https:\/\/news.canadamotorjobs.com\/fr\/wp-json\/wp\/v2\/comments?post=168357"}],"version-history":[{"count":2,"href":"https:\/\/news.canadamotorjobs.com\/fr\/wp-json\/wp\/v2\/posts\/168357\/revisions"}],"predecessor-version":[{"id":168361,"href":"https:\/\/news.canadamotorjobs.com\/fr\/wp-json\/wp\/v2\/posts\/168357\/revisions\/168361"}],"wp:featuredmedia":[{"embeddable":true,"href":"https:\/\/news.canadamotorjobs.com\/fr\/wp-json\/wp\/v2\/media\/168359"}],"wp:attachment":[{"href":"https:\/\/news.canadamotorjobs.com\/fr\/wp-json\/wp\/v2\/media?parent=168357"}],"wp:term":[{"taxonomy":"category","embeddable":true,"href":"https:\/\/news.canadamotorjobs.com\/fr\/wp-json\/wp\/v2\/categories?post=168357"},{"taxonomy":"post_tag","embeddable":true,"href":"https:\/\/news.canadamotorjobs.com\/fr\/wp-json\/wp\/v2\/tags?post=168357"}],"curies":[{"name":"wp","href":"https:\/\/api.w.org\/{rel}","templated":true}]}}