{"id":168334,"date":"2024-07-05T09:39:59","date_gmt":"2024-07-05T13:39:59","guid":{"rendered":"https:\/\/news.canadamotorjobs.com\/?p=168334"},"modified":"2024-07-05T09:45:19","modified_gmt":"2024-07-05T13:45:19","slug":"les-ventes-de-gm-canada-augmentent-de-17-pour-les-deux-premiers-trimestres-de-2024","status":"publish","type":"post","link":"https:\/\/news.canadamotorjobs.com\/fr\/les-ventes-de-gm-canada-augmentent-de-17-pour-les-deux-premiers-trimestres-de-2024\/","title":{"rendered":"Les ventes de GM Canada augmentent de 17 % pour les deux premiers trimestres de 2024"},"content":{"rendered":"<\/p>\n<p>Les ventes de GM Canada ont enregistr\u00e9 une augmentation significative de 17 % pour atteindre 77 445 unit\u00e9s au deuxi\u00e8me trimestre de 2024. Cette croissance a \u00e9t\u00e9 propuls\u00e9e par les marques Chevrolet, Buick et GMC, tandis que les ventes de Cadillac ont l\u00e9g\u00e8rement diminu\u00e9. Notamment, ce trimestre marque l&#8217;arriv\u00e9e des 55 premi\u00e8res unit\u00e9s de BrightDrop au Canada.<\/p>\n<h4>Points saillants des ventes de GM Canada au T2 2024<\/h4>\n<p><\/p>\n<ul><\/p>\n<li><strong>Ventes totales<\/strong> : Les ventes de GM Canada au T2 2024 ont augment\u00e9 de 16,5 % pour atteindre 77 445 unit\u00e9s.<\/li>\n<p><\/p>\n<li><strong>Part de march\u00e9<\/strong> : GM Canada continue de dominer la part de march\u00e9 totale.<\/li>\n<p><\/p>\n<li><strong>Ventes de crossovers compacts<\/strong> : Une augmentation de 354 %, port\u00e9e par les mod\u00e8les Chevrolet Trax, Chevrolet Trailblazer et Buick Envista.<\/li>\n<p><\/p>\n<li><strong>Ventes de camions de grande taille<\/strong> : Les ventes combin\u00e9es de camions de grande taille ont totalis\u00e9 30 401 unit\u00e9s au deuxi\u00e8me trimestre, y compris les Chevrolet Silverado et GMC Sierra.\n<ul><\/p>\n<li>La Sierra a consolid\u00e9 sa position en tant que mod\u00e8le le plus vendu de la marque au Canada avec 16 233 livraisons.<\/li>\n<p>\n<\/ul>\n<p>\n<\/li>\n<p><\/p>\n<li><strong>Ventes de v\u00e9hicules \u00e9lectriques (VE)<\/strong> : Augmentation de 30,1 %, men\u00e9e par les Chevrolet Blazer EV, Cadillac Lyriq et Chevrolet Equinox EV.<\/li>\n<p>\n<\/ul>\n<p><\/p>\n<h4>Performances par marque et mod\u00e8le<\/h4>\n<p><\/p>\n<h5>Chevrolet<\/h5>\n<p>\nLes ventes de Chevrolet ont augment\u00e9 de 19,6 % pour atteindre 38 684 unit\u00e9s :<\/p>\n<ul><\/p>\n<li><strong>Blazer<\/strong> : Les ventes ont diminu\u00e9 de 20,06 % \u00e0 1 048 unit\u00e9s.<\/li>\n<p><\/p>\n<li><strong>Blazer EV<\/strong> : Ventes totales de 2 304 unit\u00e9s.<\/li>\n<p><\/p>\n<li><strong>Bolt EV<\/strong> : Les ventes ont chut\u00e9 de 93,47 % \u00e0 254 unit\u00e9s.<\/li>\n<p><\/p>\n<li><strong>Camaro<\/strong> : Baisse de 68,86 % \u00e0 175 unit\u00e9s.<\/li>\n<p><\/p>\n<li><strong>Colorado<\/strong> : Augmentation de 130,3 % \u00e0 2 478 unit\u00e9s.<\/li>\n<p><\/p>\n<li><strong>Corvette<\/strong> : Augmentation de 79,2 % \u00e0 1 292 unit\u00e9s.<\/li>\n<p><\/p>\n<li><strong>Equinox<\/strong> : Baisse de 8,13 % \u00e0 2 892 unit\u00e9s.<\/li>\n<p><\/p>\n<li><strong>Equinox EV<\/strong> : Ventes totales de 1 080 unit\u00e9s.<\/li>\n<p><\/p>\n<li><strong>Express<\/strong> : Augmentation de 15,7 % \u00e0 1 002 unit\u00e9s.<\/li>\n<p><\/p>\n<li><strong>Malibu<\/strong> : Augmentation de 23,85 % \u00e0 1 968 unit\u00e9s.<\/li>\n<p><\/p>\n<li><strong>Silverado<\/strong> : Baisse de 1,47 % \u00e0 13 945 unit\u00e9s.<\/li>\n<p><\/p>\n<li><strong>Silverado EV<\/strong> : Ventes totales de 223 unit\u00e9s.<\/li>\n<p><\/p>\n<li><strong>Spark<\/strong> : Augmentation de 247,76 % \u00e0 7 unit\u00e9s.<\/li>\n<p><\/p>\n<li><strong>Suburban<\/strong> : Baisse de 20,56 % \u00e0 657 unit\u00e9s.<\/li>\n<p><\/p>\n<li><strong>Tahoe<\/strong> : Baisse de 38,69 % \u00e0 878 unit\u00e9s.<\/li>\n<p><\/p>\n<li><strong>Trailblazer<\/strong> : Augmentation de 134,71 % \u00e0 3 077 unit\u00e9s.<\/li>\n<p><\/p>\n<li><strong>Traverse<\/strong> : Baisse de 20,59 % \u00e0 1 165 unit\u00e9s.<\/li>\n<p><\/p>\n<li><strong>Trax<\/strong> : Augmentation impressionnante de 106 140,6 % \u00e0 4 239 unit\u00e9s.<\/li>\n<p>\n<\/ul>\n<p><\/p>\n<h5>Cadillac<\/h5>\n<p>\nLes ventes de Cadillac ont diminu\u00e9 de 2,3 % pour atteindre 4 689 unit\u00e9s :<\/p>\n<ul><\/p>\n<li><strong>CT4<\/strong> : Baisse de 41,83 % \u00e0 121 unit\u00e9s.<\/li>\n<p><\/p>\n<li><strong>CT5<\/strong> : Baisse de 5,9 % \u00e0 255 unit\u00e9s.<\/li>\n<p><\/p>\n<li><strong>Escalade<\/strong> : Baisse de 34,57 % \u00e0 496 unit\u00e9s.<\/li>\n<p><\/p>\n<li><strong>Escalade ESV<\/strong> : Augmentation de 1,55 % \u00e0 261 unit\u00e9s.<\/li>\n<p><\/p>\n<li><strong>Lyriq<\/strong> : Augmentation de 558,04 % \u00e0 1 099 unit\u00e9s.<\/li>\n<p><\/p>\n<li><strong>XT4<\/strong> : Baisse de 9,33 % \u00e0 1 224 unit\u00e9s.<\/li>\n<p><\/p>\n<li><strong>XT5<\/strong> : Baisse de 34,57 % \u00e0 831 unit\u00e9s.<\/li>\n<p><\/p>\n<li><strong>XT6<\/strong> : Baisse de 22,09 % \u00e0 402 unit\u00e9s.<\/li>\n<p>\n<\/ul>\n<p><\/p>\n<h5>Buick<\/h5>\n<p>\nLes ventes de Buick ont augment\u00e9 de 40,2 % pour atteindre 5 972 unit\u00e9s :<\/p>\n<ul><\/p>\n<li><strong>Enclave<\/strong> : Baisse de 42,8 % \u00e0 580 unit\u00e9s.<\/li>\n<p><\/p>\n<li><strong>Encore GX<\/strong> : Augmentation de 83,96 % \u00e0 2 283 unit\u00e9s.<\/li>\n<p><\/p>\n<li><strong>Envision<\/strong> : Baisse de 45,36 % \u00e0 1 095 unit\u00e9s.<\/li>\n<p><\/p>\n<li><strong>Envista<\/strong> : Ventes totales de 2 014 unit\u00e9s.<\/li>\n<p>\n<\/ul>\n<p><\/p>\n<h5>GMC<\/h5>\n<p>\nLes ventes de GMC ont augment\u00e9 de 11,9 % pour atteindre 28 045 unit\u00e9s :<\/p>\n<ul><\/p>\n<li><strong>Acadia<\/strong> : Baisse de 45,33 % \u00e0 767 unit\u00e9s.<\/li>\n<p><\/p>\n<li><strong>Canyon<\/strong> : Augmentation de 181,68 % \u00e0 2 014 unit\u00e9s.<\/li>\n<p><\/p>\n<li><strong>Hummer EV Pickup<\/strong> : Augmentation de 472,99 % \u00e0 126 unit\u00e9s.<\/li>\n<p><\/p>\n<li><strong>Hummer EV SUV<\/strong> : Ventes totales de 163 unit\u00e9s.<\/li>\n<p><\/p>\n<li><strong>Savana<\/strong> : Baisse de 1,2 % \u00e0 657 unit\u00e9s.<\/li>\n<p><\/p>\n<li><strong>Sierra<\/strong> : Augmentation de 5,42 % \u00e0 16 233 unit\u00e9s.<\/li>\n<p><\/p>\n<li><strong>Terrain<\/strong> : Augmentation de 55,77 % \u00e0 6 145 unit\u00e9s.<\/li>\n<p><\/p>\n<li><strong>Yukon<\/strong> : Baisse de 26,95 % \u00e0 1 168 unit\u00e9s.<\/li>\n<p><\/p>\n<li><strong>Yukon XL<\/strong> : Baisse de 40,89 % \u00e0 772 unit\u00e9s.<\/li>\n<p>\n<\/ul>\n<p><\/p>\n<h4>Bilan semestriel de GM Canada<\/h4>\n<p>\nLes ventes de GM Canada ont augment\u00e9 de 10 % pour atteindre 140 548 unit\u00e9s au cours des six premiers mois de l&#8217;ann\u00e9e 2024.<\/p>\n<p>Avec des renseignements de GM Authority<\/p>\n<p>Le texte <a rel=\"nofollow\" href=\"https:\/\/annuelauto.ca\/les-ventes-de-gm-canada-augmentent-de-17-pour-les-deux-premiers-trimestres-de-2024\/\">Les ventes de GM Canada augmentent de 17 % pour les deux premiers trimestres de 2024<\/a> provient de <a rel=\"nofollow\" href=\"https:\/\/annuelauto.ca\">L&#8217;annuel de l&#8217;automobile &#8211; Actualit\u00e9 automobile<\/a><\/p>\n<p><\/p>\n","protected":false},"excerpt":{"rendered":"<p>Les ventes de GM Canada ont enregistr\u00e9 une augmentation significative de 17 % pour atteindre 77 445 unit\u00e9s au deuxi\u00e8me trimestre de 2024. Cette croissance a \u00e9t\u00e9 propuls\u00e9e par les marques Chevrolet, Buick et GMC, tandis que les ventes de Cadillac ont l\u00e9g\u00e8rement diminu\u00e9. Notamment, ce trimestre marque l&#8217;arriv\u00e9e des 55 premi\u00e8res unit\u00e9s de BrightDrop [&hellip;]<\/p>\n","protected":false},"author":8,"featured_media":168336,"comment_status":"close","ping_status":"closed","sticky":false,"template":"","format":"standard","meta":{"_monsterinsights_skip_tracking":false,"_monsterinsights_sitenote_active":false,"_monsterinsights_sitenote_note":"","_monsterinsights_sitenote_category":0,"footnotes":""},"categories":[101],"tags":[],"yoast_head":"<!-- This site is optimized with the Yoast SEO plugin v23.2 - https:\/\/yoast.com\/wordpress\/plugins\/seo\/ -->\n<title>Les ventes de GM Canada augmentent de 17 % pour les deux premiers trimestres de 2024 - CanadaMotorJobs.com<\/title>\n<meta name=\"description\" content=\"Les ventes de GM Canada augmentent de 17 % pour les deux premiers trimestres de 2024 - Benoit Charette - Annuel automobile - CanadaMotorJobs.com.\" \/>\n<meta name=\"robots\" content=\"index, follow, max-snippet:-1, max-image-preview:large, max-video-preview:-1\" \/>\n<meta property=\"og:locale\" content=\"fr_CA\" \/>\n<meta property=\"og:type\" content=\"article\" \/>\n<meta property=\"og:title\" content=\"Les ventes de GM Canada augmentent de 17 % pour les deux premiers trimestres de 2024 - CanadaMotorJobs.com\" \/>\n<meta property=\"og:description\" content=\"Les ventes de GM Canada augmentent de 17 % pour les deux premiers trimestres de 2024 - Benoit Charette - Annuel automobile - CanadaMotorJobs.com.\" \/>\n<meta property=\"og:url\" content=\"https:\/\/news.canadamotorjobs.com\/fr\/les-ventes-de-gm-canada-augmentent-de-17-pour-les-deux-premiers-trimestres-de-2024\/\" \/>\n<meta property=\"og:site_name\" content=\"CanadaMotorJobs.com\" \/>\n<meta property=\"article:publisher\" content=\"https:\/\/www.facebook.com\/canadamotorjobs\/\" \/>\n<meta property=\"article:published_time\" content=\"2024-07-05T13:39:59+00:00\" \/>\n<meta property=\"article:modified_time\" content=\"2024-07-05T13:45:19+00:00\" \/>\n<meta property=\"og:image\" content=\"https:\/\/news.canadamotorjobs.com\/wp-content\/uploads\/2024\/07\/gm_logo_16x9-2-1611070080194.jpg\" \/>\n\t<meta property=\"og:image:width\" content=\"1280\" \/>\n\t<meta property=\"og:image:height\" content=\"720\" \/>\n\t<meta property=\"og:image:type\" content=\"image\/jpeg\" \/>\n<meta name=\"author\" content=\"Benoit Charette\" \/>\n<meta name=\"twitter:card\" content=\"summary_large_image\" \/>\n<meta name=\"twitter:creator\" content=\"@canadamotorjobs\" \/>\n<meta name=\"twitter:site\" content=\"@canadamotorjobs\" \/>\n<meta name=\"twitter:label1\" content=\"\u00c9crit par\" \/>\n\t<meta name=\"twitter:data1\" content=\"Benoit Charette\" \/>\n\t<meta name=\"twitter:label2\" content=\"Estimation du temps de lecture\" \/>\n\t<meta name=\"twitter:data2\" content=\"3 minutes\" \/>\n<!-- \/ Yoast SEO plugin. -->","yoast_head_json":{"title":"Les ventes de GM Canada augmentent de 17 % pour les deux premiers trimestres de 2024 - CanadaMotorJobs.com","description":"Les ventes de GM Canada augmentent de 17 % pour les deux premiers trimestres de 2024 - Benoit Charette - Annuel automobile - CanadaMotorJobs.com.","robots":{"index":"index","follow":"follow","max-snippet":"max-snippet:-1","max-image-preview":"max-image-preview:large","max-video-preview":"max-video-preview:-1"},"og_locale":"fr_CA","og_type":"article","og_title":"Les ventes de GM Canada augmentent de 17 % pour les deux premiers trimestres de 2024 - CanadaMotorJobs.com","og_description":"Les ventes de GM Canada augmentent de 17 % pour les deux premiers trimestres de 2024 - Benoit Charette - Annuel automobile - CanadaMotorJobs.com.","og_url":"https:\/\/news.canadamotorjobs.com\/fr\/les-ventes-de-gm-canada-augmentent-de-17-pour-les-deux-premiers-trimestres-de-2024\/","og_site_name":"CanadaMotorJobs.com","article_publisher":"https:\/\/www.facebook.com\/canadamotorjobs\/","article_published_time":"2024-07-05T13:39:59+00:00","article_modified_time":"2024-07-05T13:45:19+00:00","og_image":[{"width":1280,"height":720,"url":"https:\/\/news.canadamotorjobs.com\/wp-content\/uploads\/2024\/07\/gm_logo_16x9-2-1611070080194.jpg","type":"image\/jpeg"}],"author":"Benoit Charette","twitter_card":"summary_large_image","twitter_creator":"@canadamotorjobs","twitter_site":"@canadamotorjobs","twitter_misc":{"\u00c9crit par":"Benoit Charette","Estimation du temps de lecture":"3 minutes"},"schema":{"@context":"https:\/\/schema.org","@graph":[{"@type":"Article","@id":"https:\/\/news.canadamotorjobs.com\/fr\/les-ventes-de-gm-canada-augmentent-de-17-pour-les-deux-premiers-trimestres-de-2024\/#article","isPartOf":{"@id":"https:\/\/news.canadamotorjobs.com\/fr\/les-ventes-de-gm-canada-augmentent-de-17-pour-les-deux-premiers-trimestres-de-2024\/"},"author":{"name":"Benoit Charette","@id":"https:\/\/news.canadamotorjobs.com\/#\/schema\/person\/51793d1f87d44011d7bcc2ed99269a90"},"headline":"Les ventes de GM Canada augmentent de 17 % pour les deux premiers trimestres de 2024","datePublished":"2024-07-05T13:39:59+00:00","dateModified":"2024-07-05T13:45:19+00:00","mainEntityOfPage":{"@id":"https:\/\/news.canadamotorjobs.com\/fr\/les-ventes-de-gm-canada-augmentent-de-17-pour-les-deux-premiers-trimestres-de-2024\/"},"wordCount":533,"publisher":{"@id":"https:\/\/news.canadamotorjobs.com\/#organization"},"image":{"@id":"https:\/\/news.canadamotorjobs.com\/fr\/les-ventes-de-gm-canada-augmentent-de-17-pour-les-deux-premiers-trimestres-de-2024\/#primaryimage"},"thumbnailUrl":"https:\/\/news.canadamotorjobs.com\/wp-content\/uploads\/2024\/07\/gm_logo_16x9-2-1611070080194.jpg","articleSection":["Annuel automobile"],"inLanguage":"fr-CA"},{"@type":"WebPage","@id":"https:\/\/news.canadamotorjobs.com\/fr\/les-ventes-de-gm-canada-augmentent-de-17-pour-les-deux-premiers-trimestres-de-2024\/","url":"https:\/\/news.canadamotorjobs.com\/fr\/les-ventes-de-gm-canada-augmentent-de-17-pour-les-deux-premiers-trimestres-de-2024\/","name":"Les ventes de GM Canada augmentent de 17 % pour les deux premiers trimestres de 2024 - CanadaMotorJobs.com","isPartOf":{"@id":"https:\/\/news.canadamotorjobs.com\/#website"},"primaryImageOfPage":{"@id":"https:\/\/news.canadamotorjobs.com\/fr\/les-ventes-de-gm-canada-augmentent-de-17-pour-les-deux-premiers-trimestres-de-2024\/#primaryimage"},"image":{"@id":"https:\/\/news.canadamotorjobs.com\/fr\/les-ventes-de-gm-canada-augmentent-de-17-pour-les-deux-premiers-trimestres-de-2024\/#primaryimage"},"thumbnailUrl":"https:\/\/news.canadamotorjobs.com\/wp-content\/uploads\/2024\/07\/gm_logo_16x9-2-1611070080194.jpg","datePublished":"2024-07-05T13:39:59+00:00","dateModified":"2024-07-05T13:45:19+00:00","description":"Les ventes de GM Canada augmentent de 17 % pour les deux premiers trimestres de 2024 - Benoit Charette - Annuel automobile - CanadaMotorJobs.com.","breadcrumb":{"@id":"https:\/\/news.canadamotorjobs.com\/fr\/les-ventes-de-gm-canada-augmentent-de-17-pour-les-deux-premiers-trimestres-de-2024\/#breadcrumb"},"inLanguage":"fr-CA","potentialAction":[{"@type":"ReadAction","target":["https:\/\/news.canadamotorjobs.com\/fr\/les-ventes-de-gm-canada-augmentent-de-17-pour-les-deux-premiers-trimestres-de-2024\/"]}]},{"@type":"ImageObject","inLanguage":"fr-CA","@id":"https:\/\/news.canadamotorjobs.com\/fr\/les-ventes-de-gm-canada-augmentent-de-17-pour-les-deux-premiers-trimestres-de-2024\/#primaryimage","url":"https:\/\/news.canadamotorjobs.com\/wp-content\/uploads\/2024\/07\/gm_logo_16x9-2-1611070080194.jpg","contentUrl":"https:\/\/news.canadamotorjobs.com\/wp-content\/uploads\/2024\/07\/gm_logo_16x9-2-1611070080194.jpg","width":1280,"height":720},{"@type":"BreadcrumbList","@id":"https:\/\/news.canadamotorjobs.com\/fr\/les-ventes-de-gm-canada-augmentent-de-17-pour-les-deux-premiers-trimestres-de-2024\/#breadcrumb","itemListElement":[{"@type":"ListItem","position":1,"name":"Home","item":"https:\/\/news.canadamotorjobs.com\/fr\/blog\/"},{"@type":"ListItem","position":2,"name":"Les ventes de GM Canada augmentent de 17 % pour les deux premiers trimestres de 2024"}]},{"@type":"WebSite","@id":"https:\/\/news.canadamotorjobs.com\/#website","url":"https:\/\/news.canadamotorjobs.com\/","name":"CanadaMotorJobs.com","description":"Automotive Jobs","publisher":{"@id":"https:\/\/news.canadamotorjobs.com\/#organization"},"potentialAction":[{"@type":"SearchAction","target":{"@type":"EntryPoint","urlTemplate":"https:\/\/news.canadamotorjobs.com\/?s={search_term_string}"},"query-input":"required name=search_term_string"}],"inLanguage":"fr-CA"},{"@type":"Organization","@id":"https:\/\/news.canadamotorjobs.com\/#organization","name":"Canada Motor Jobs","url":"https:\/\/news.canadamotorjobs.com\/","logo":{"@type":"ImageObject","inLanguage":"fr-CA","@id":"https:\/\/news.canadamotorjobs.com\/#\/schema\/logo\/image\/","url":"https:\/\/news.canadamotorjobs.com\/wp-content\/uploads\/2022\/10\/logo-canada-motor-jobs-1.png","contentUrl":"https:\/\/news.canadamotorjobs.com\/wp-content\/uploads\/2022\/10\/logo-canada-motor-jobs-1.png","width":800,"height":400,"caption":"Canada Motor Jobs"},"image":{"@id":"https:\/\/news.canadamotorjobs.com\/#\/schema\/logo\/image\/"},"sameAs":["https:\/\/www.facebook.com\/canadamotorjobs\/","https:\/\/x.com\/canadamotorjobs","https:\/\/www.instagram.com\/canadamotorjobs\/","https:\/\/www.linkedin.com\/company\/canadamotorjobs"]},{"@type":"Person","@id":"https:\/\/news.canadamotorjobs.com\/#\/schema\/person\/51793d1f87d44011d7bcc2ed99269a90","name":"Benoit Charette","image":{"@type":"ImageObject","inLanguage":"fr-CA","@id":"https:\/\/news.canadamotorjobs.com\/#\/schema\/person\/image\/","url":"https:\/\/secure.gravatar.com\/avatar\/45f3d2eebcccd909668d7ce7ea7267b6?s=96&d=mm&r=g","contentUrl":"https:\/\/secure.gravatar.com\/avatar\/45f3d2eebcccd909668d7ce7ea7267b6?s=96&d=mm&r=g","caption":"Benoit Charette"},"description":"Benoit Charette \/ Propri\u00e9taire et r\u00e9dacteur en chef Benoit Charette pratique le journalisme automobile depuis bient\u00f4t 30 ans. Il a fait ses classes au c\u00f4t\u00e9 de Daniel H\u00e9raud et au Carnet de route de 1992 \u00e0 2001. Il est fondateur, copropri\u00e9taire et r\u00e9dacteur en chef de L\u2019Annuel de l\u2019automobile, qu\u2019il publie depuis 2001. Il a anim\u00e9 les \u00e9missions RPM et RPM+ sur V et les L\u00e9gendes de la route sur Historia. \u00c0 la radio depuis 1986, il reprend l\u2019antenne cette ann\u00e9e sur les ondes de Cogeco et participe pour la deuxi\u00e8me ann\u00e9e \u00e0 l\u2019\u00e9mission Passion Auto sur RDS en plus de mettre en ligne le site Web officiel de L\u2019Annuel de l\u2019automobile sur annuelauto.ca.","sameAs":["https:\/\/annuelauto.ca\/"],"url":"https:\/\/news.canadamotorjobs.com\/fr\/author\/benoit-charette\/"}]}},"_links":{"self":[{"href":"https:\/\/news.canadamotorjobs.com\/fr\/wp-json\/wp\/v2\/posts\/168334"}],"collection":[{"href":"https:\/\/news.canadamotorjobs.com\/fr\/wp-json\/wp\/v2\/posts"}],"about":[{"href":"https:\/\/news.canadamotorjobs.com\/fr\/wp-json\/wp\/v2\/types\/post"}],"author":[{"embeddable":true,"href":"https:\/\/news.canadamotorjobs.com\/fr\/wp-json\/wp\/v2\/users\/8"}],"replies":[{"embeddable":true,"href":"https:\/\/news.canadamotorjobs.com\/fr\/wp-json\/wp\/v2\/comments?post=168334"}],"version-history":[{"count":2,"href":"https:\/\/news.canadamotorjobs.com\/fr\/wp-json\/wp\/v2\/posts\/168334\/revisions"}],"predecessor-version":[{"id":168338,"href":"https:\/\/news.canadamotorjobs.com\/fr\/wp-json\/wp\/v2\/posts\/168334\/revisions\/168338"}],"wp:featuredmedia":[{"embeddable":true,"href":"https:\/\/news.canadamotorjobs.com\/fr\/wp-json\/wp\/v2\/media\/168336"}],"wp:attachment":[{"href":"https:\/\/news.canadamotorjobs.com\/fr\/wp-json\/wp\/v2\/media?parent=168334"}],"wp:term":[{"taxonomy":"category","embeddable":true,"href":"https:\/\/news.canadamotorjobs.com\/fr\/wp-json\/wp\/v2\/categories?post=168334"},{"taxonomy":"post_tag","embeddable":true,"href":"https:\/\/news.canadamotorjobs.com\/fr\/wp-json\/wp\/v2\/tags?post=168334"}],"curies":[{"name":"wp","href":"https:\/\/api.w.org\/{rel}","templated":true}]}}