{"id":168315,"date":"2024-07-04T11:18:58","date_gmt":"2024-07-04T15:18:58","guid":{"rendered":"https:\/\/news.canadamotorjobs.com\/?p=168315"},"modified":"2024-07-04T11:29:12","modified_gmt":"2024-07-04T15:29:12","slug":"plus-de-20-000-reclamations-pour-le-credit-federal-pour-les-ves","status":"publish","type":"post","link":"https:\/\/news.canadamotorjobs.com\/fr\/plus-de-20-000-reclamations-pour-le-credit-federal-pour-les-ves\/","title":{"rendered":"Plus de 20\u00a0000 r\u00e9clamations pour le cr\u00e9dit f\u00e9d\u00e9ral pour les V\u00c9S"},"content":{"rendered":"<\/p>\n<p>Les r\u00e9clamations de rabais pour les v\u00e9hicules \u00e9lectriques ont continu\u00e9 de cro\u00eetre en mai, atteignant pour la premi\u00e8re fois en 2024 la barre des 20 000 v\u00e9hicules, selon les derni\u00e8res donn\u00e9es mensuelles disponibles de Transports Canada.<\/p>\n<h4>Tesla : leader incontest\u00e9 du programme iZEV<\/h4>\n<p>\nTesla est rest\u00e9 le constructeur le plus b\u00e9n\u00e9fici\u00e9 du programme de rabais pour les v\u00e9hicules z\u00e9ro \u00e9mission (iZEV) pour le quatri\u00e8me mois cons\u00e9cutif, malgr\u00e9 la forte concurrence de Hyundai et de sa filiale Kia.<\/p>\n<h4>R\u00e9partition des rabais iZEV par marque<\/h4>\n<p><\/p>\n<table style=\"height: 488px\" width=\"443\"><\/p>\n<thead><\/p>\n<tr><\/p>\n<td style=\"text-align: left\"><strong>Marque<\/strong><\/td>\n<p><\/p>\n<td><strong>Mai<\/strong><\/td>\n<p><\/p>\n<td><strong>Avril<\/strong><\/td>\n<p><\/p>\n<td><strong>2024 YTD<\/strong><\/td>\n<p>\n<\/tr>\n<p>\n<\/thead>\n<p><\/p>\n<tbody><\/p>\n<tr><\/p>\n<td><strong>Tesla<\/strong><\/td>\n<p><\/p>\n<td>4 826<\/td>\n<p><\/p>\n<td>4 642<\/td>\n<p><\/p>\n<td>20 293<\/td>\n<p>\n<\/tr>\n<p><\/p>\n<tr><\/p>\n<td><strong>Hyundai<\/strong><\/td>\n<p><\/p>\n<td>2 625<\/td>\n<p><\/p>\n<td>2 381<\/td>\n<p><\/p>\n<td>10 291<\/td>\n<p>\n<\/tr>\n<p><\/p>\n<tr><\/p>\n<td><strong>Kia<\/strong><\/td>\n<p><\/p>\n<td>2 005<\/td>\n<p><\/p>\n<td>1 467<\/td>\n<p><\/p>\n<td>6 691<\/td>\n<p>\n<\/tr>\n<p><\/p>\n<tr><\/p>\n<td><strong>Ford<\/strong><\/td>\n<p><\/p>\n<td>1 931<\/td>\n<p><\/p>\n<td>2 082<\/td>\n<p><\/p>\n<td>7 934<\/td>\n<p>\n<\/tr>\n<p><\/p>\n<tr><\/p>\n<td><strong>Mitsubishi<\/strong><\/td>\n<p><\/p>\n<td>1 505<\/td>\n<p><\/p>\n<td>1 136<\/td>\n<p><\/p>\n<td>5 061<\/td>\n<p>\n<\/tr>\n<p><\/p>\n<tr><\/p>\n<td><strong>Toyota<\/strong><\/td>\n<p><\/p>\n<td>1 456<\/td>\n<p><\/p>\n<td>2 008<\/td>\n<p><\/p>\n<td>8 294<\/td>\n<p>\n<\/tr>\n<p><\/p>\n<tr><\/p>\n<td><strong>Volkswagen<\/strong><\/td>\n<p><\/p>\n<td>1 129<\/td>\n<p><\/p>\n<td>1 017<\/td>\n<p><\/p>\n<td>4 494<\/td>\n<p>\n<\/tr>\n<p><\/p>\n<tr><\/p>\n<td><strong>Chevrolet<\/strong><\/td>\n<p><\/p>\n<td>981<\/td>\n<p><\/p>\n<td>917<\/td>\n<p><\/p>\n<td>3 484<\/td>\n<p>\n<\/tr>\n<p><\/p>\n<tr><\/p>\n<td><strong>Nissan<\/strong><\/td>\n<p><\/p>\n<td>533<\/td>\n<p><\/p>\n<td>512<\/td>\n<p><\/p>\n<td>1 989<\/td>\n<p>\n<\/tr>\n<p><\/p>\n<tr><\/p>\n<td><strong>Audi<\/strong><\/td>\n<p><\/p>\n<td>506<\/td>\n<p><\/p>\n<td>257<\/td>\n<p><\/p>\n<td>1 630<\/td>\n<p>\n<\/tr>\n<p><\/p>\n<tr><\/p>\n<td><strong>Mazda<\/strong><\/td>\n<p><\/p>\n<td>465<\/td>\n<p><\/p>\n<td>296<\/td>\n<p><\/p>\n<td>1 486<\/td>\n<p>\n<\/tr>\n<p><\/p>\n<tr><\/p>\n<td><strong>Polestar<\/strong><\/td>\n<p><\/p>\n<td>403<\/td>\n<p><\/p>\n<td>191<\/td>\n<p><\/p>\n<td>999<\/td>\n<p>\n<\/tr>\n<p><\/p>\n<tr><\/p>\n<td><strong>Volvo<\/strong><\/td>\n<p><\/p>\n<td>359<\/td>\n<p><\/p>\n<td>506<\/td>\n<p><\/p>\n<td>1 616<\/td>\n<p>\n<\/tr>\n<p><\/p>\n<tr><\/p>\n<td><strong>BMW<\/strong><\/td>\n<p><\/p>\n<td>285<\/td>\n<p><\/p>\n<td>153<\/td>\n<p><\/p>\n<td>795<\/td>\n<p>\n<\/tr>\n<p><\/p>\n<tr><\/p>\n<td><strong>Jeep<\/strong><\/td>\n<p><\/p>\n<td>282<\/td>\n<p><\/p>\n<td>345<\/td>\n<p><\/p>\n<td>1 361<\/td>\n<p>\n<\/tr>\n<p>\n<\/tbody>\n<p>\n<\/table>\n<p>\n(Source : Transports Canada)<\/p>\n<p>Plus de 3 000 r\u00e9clamations de rabais ont fait de la Tesla Model Y le leader incontest\u00e9 des v\u00e9hicules \u00e9lectriques \u00e0 batterie en mai. La Model 3 de Tesla a pris la deuxi\u00e8me place avec environ 1 500 demandes de rabais. La Volkswagen ID.4 a suivi avec 1 129 r\u00e9clamations.<\/p>\n<p>Deux nouveaux mod\u00e8les ont \u00e9galement enregistr\u00e9 leurs premi\u00e8res r\u00e9clamations de rabais en mai. Fiat a comptabilis\u00e9 38 demandes pour sa nouvelle 500e, tandis que Honda a enregistr\u00e9 une premi\u00e8re r\u00e9clamation pour son Prologue.<\/p>\n<h4>R\u00e9partition des rabais iZEV par VE<\/h4>\n<p><\/p>\n<table style=\"height: 356px\" width=\"531\"><\/p>\n<thead><\/p>\n<tr><\/p>\n<td><strong>Mod\u00e8le<\/strong><\/td>\n<p><\/p>\n<td><strong>Mai<\/strong><\/td>\n<p><\/p>\n<td><strong>Avril<\/strong><\/td>\n<p><\/p>\n<td><strong>2024 YTD<\/strong><\/td>\n<p>\n<\/tr>\n<p>\n<\/thead>\n<p><\/p>\n<tbody><\/p>\n<tr><\/p>\n<td><strong>Tesla Model Y<\/strong><\/td>\n<p><\/p>\n<td>3 255<\/td>\n<p><\/p>\n<td>3 250<\/td>\n<p><\/p>\n<td>14 797<\/td>\n<p>\n<\/tr>\n<p><\/p>\n<tr><\/p>\n<td><strong>Tesla Model 3<\/strong><\/td>\n<p><\/p>\n<td>1 571<\/td>\n<p><\/p>\n<td>1 392<\/td>\n<p><\/p>\n<td>5 496<\/td>\n<p>\n<\/tr>\n<p><\/p>\n<tr><\/p>\n<td><strong>Volkswagen ID.4<\/strong><\/td>\n<p><\/p>\n<td>1 129<\/td>\n<p><\/p>\n<td>1 017<\/td>\n<p><\/p>\n<td>4 494<\/td>\n<p>\n<\/tr>\n<p><\/p>\n<tr><\/p>\n<td><strong>Hyundai Kona EV<\/strong><\/td>\n<p><\/p>\n<td>1 057<\/td>\n<p><\/p>\n<td>983<\/td>\n<p><\/p>\n<td>4 146<\/td>\n<p>\n<\/tr>\n<p><\/p>\n<tr><\/p>\n<td><strong>Hyundai Ioniq 5<\/strong><\/td>\n<p><\/p>\n<td>956<\/td>\n<p><\/p>\n<td>835<\/td>\n<p><\/p>\n<td>3 379<\/td>\n<p>\n<\/tr>\n<p><\/p>\n<tr><\/p>\n<td><strong>Ford Mach e<\/strong><\/td>\n<p><\/p>\n<td>878<\/td>\n<p><\/p>\n<td>1 319<\/td>\n<p><\/p>\n<td>4 767<\/td>\n<p>\n<\/tr>\n<p><\/p>\n<tr><\/p>\n<td><strong>Kia EV6<\/strong><\/td>\n<p><\/p>\n<td>798<\/td>\n<p><\/p>\n<td>445<\/td>\n<p><\/p>\n<td>2 528<\/td>\n<p>\n<\/tr>\n<p><\/p>\n<tr><\/p>\n<td><strong>Chevrolet Blazer<\/strong><\/td>\n<p><\/p>\n<td>791<\/td>\n<p><\/p>\n<td>730<\/td>\n<p><\/p>\n<td>1 591<\/td>\n<p>\n<\/tr>\n<p><\/p>\n<tr><\/p>\n<td><strong>Kia EV9<\/strong><\/td>\n<p><\/p>\n<td>504<\/td>\n<p><\/p>\n<td>392<\/td>\n<p><\/p>\n<td>1 215<\/td>\n<p>\n<\/tr>\n<p><\/p>\n<tr><\/p>\n<td><strong>Audi Q4 e-tron<\/strong><\/td>\n<p><\/p>\n<td>496<\/td>\n<p><\/p>\n<td>239<\/td>\n<p><\/p>\n<td>1 458<\/td>\n<p>\n<\/tr>\n<p>\n<\/tbody>\n<p>\n<\/table>\n<p>\n(Source : Transports Canada)<\/p>\n<h4>Mitsubishi Outlander : leader des hybrides rechargeables<\/h4>\n<p>\nLe Mitsubishi Outlander a continu\u00e9 de distancer la concurrence dans le segment des hybrides rechargeables du programme iZEV. Les r\u00e9clamations pour ce crossover ont d\u00e9pass\u00e9 les 1 500 en mai, leur plus haut total de l&#8217;ann\u00e9e.<\/p>\n<p>Les versions hybrides rechargeables du Ford Escape et du Toyota Rav4 se sont class\u00e9es deuxi\u00e8me et troisi\u00e8me, avec respectivement 906 et 876 r\u00e9clamations.<\/p>\n<p>Les ventes du Mazda CX-70 ont \u00e9galement commenc\u00e9 \u00e0 monter en mai. Apr\u00e8s une douzaine de r\u00e9clamations initiales en avril, les demandes de rabais pour ce nouveau mod\u00e8le sont pass\u00e9es \u00e0 129 en mai.<\/p>\n<h4>R\u00e9partition des rabais iZEV par VHR<\/h4>\n<p><\/p>\n<table style=\"height: 347px\" width=\"546\"><\/p>\n<thead><\/p>\n<tr><\/p>\n<td><strong>Mod\u00e8le<\/strong><\/td>\n<p><\/p>\n<td><strong>Mai<\/strong><\/td>\n<p><\/p>\n<td><strong>Avril<\/strong><\/td>\n<p><\/p>\n<td><strong>2024 YTD<\/strong><\/td>\n<p>\n<\/tr>\n<p>\n<\/thead>\n<p><\/p>\n<tbody><\/p>\n<tr><\/p>\n<td><strong>Mitsubishi Outlander<\/strong><\/td>\n<p><\/p>\n<td>1 505<\/td>\n<p><\/p>\n<td>1 136<\/td>\n<p><\/p>\n<td>5 061<\/td>\n<p>\n<\/tr>\n<p><\/p>\n<tr><\/p>\n<td><strong>Ford Escape<\/strong><\/td>\n<p><\/p>\n<td>906<\/td>\n<p><\/p>\n<td>668<\/td>\n<p><\/p>\n<td>2 532<\/td>\n<p>\n<\/tr>\n<p><\/p>\n<tr><\/p>\n<td><strong>Toyota Rav4<\/strong><\/td>\n<p><\/p>\n<td>876<\/td>\n<p><\/p>\n<td>989<\/td>\n<p><\/p>\n<td>3 997<\/td>\n<p>\n<\/tr>\n<p><\/p>\n<tr><\/p>\n<td><strong>Mazda CX-90<\/strong><\/td>\n<p><\/p>\n<td>314<\/td>\n<p><\/p>\n<td>258<\/td>\n<p><\/p>\n<td>1 214<\/td>\n<p>\n<\/tr>\n<p><\/p>\n<tr><\/p>\n<td><strong>Jeep Wrangler 4xe<\/strong><\/td>\n<p><\/p>\n<td>282<\/td>\n<p><\/p>\n<td>345<\/td>\n<p><\/p>\n<td>1 361<\/td>\n<p>\n<\/tr>\n<p><\/p>\n<tr><\/p>\n<td><strong>Hyundai Tucson<\/strong><\/td>\n<p><\/p>\n<td>255<\/td>\n<p><\/p>\n<td>351<\/td>\n<p><\/p>\n<td>1 209<\/td>\n<p>\n<\/tr>\n<p><\/p>\n<tr><\/p>\n<td><strong>Kia Niro<\/strong><\/td>\n<p><\/p>\n<td>135<\/td>\n<p><\/p>\n<td>116<\/td>\n<p><\/p>\n<td>373<\/td>\n<p>\n<\/tr>\n<p><\/p>\n<tr><\/p>\n<td><strong>Mazda CX-70<\/strong><\/td>\n<p><\/p>\n<td>129<\/td>\n<p><\/p>\n<td>11<\/td>\n<p><\/p>\n<td>140<\/td>\n<p>\n<\/tr>\n<p><\/p>\n<tr><\/p>\n<td><strong>Toyota Prius Prime<\/strong><\/td>\n<p><\/p>\n<td>123<\/td>\n<p><\/p>\n<td>525<\/td>\n<p><\/p>\n<td>2 052<\/td>\n<p>\n<\/tr>\n<p><\/p>\n<tr><\/p>\n<td><strong>Kia Sportage<\/strong><\/td>\n<p><\/p>\n<td>122<\/td>\n<p><\/p>\n<td>72<\/td>\n<p><\/p>\n<td>685<\/td>\n<p>\n<\/tr>\n<p>\n<\/tbody>\n<p>\n<\/table>\n<p>\n(Source : Transports Canada)<\/p>\n<p>Les r\u00e9clamations de rabais ont totalis\u00e9 20 072 en mai, soit plus du double du m\u00eame mois l&#8217;an dernier et non loin des records historiques \u00e9tablis l&#8217;automne dernier.<\/p>\n<p>Le Qu\u00e9bec a repr\u00e9sent\u00e9 11 247 des demandes de rabais, soit 56 % de toutes les r\u00e9clamations, l\u00e9g\u00e8rement sup\u00e9rieur \u00e0 sa part historique. L&#8217;Ontario et la Colombie-Britannique se sont class\u00e9es respectivement deuxi\u00e8me et troisi\u00e8me avec 3 974 et 3 368 r\u00e9clamations, soit 19,8 % et 16,8 % des r\u00e9clamations canadiennes.<\/p>\n<h4>R\u00e9partition des rabais iZEV par province<\/h4>\n<p><\/p>\n<table style=\"height: 457px\" width=\"610\"><\/p>\n<thead><\/p>\n<tr><\/p>\n<td><strong>Province<\/strong><\/td>\n<p><\/p>\n<td><strong>Mai<\/strong><\/td>\n<p><\/p>\n<td><strong>Avril<\/strong><\/td>\n<p><\/p>\n<td><strong>2024 YTD<\/strong><\/td>\n<p>\n<\/tr>\n<p>\n<\/thead>\n<p><\/p>\n<tbody><\/p>\n<tr><\/p>\n<td><strong>Canada<\/strong><\/td>\n<p><\/p>\n<td>20 072<\/td>\n<p><\/p>\n<td>18 741<\/td>\n<p><\/p>\n<td>79 914<\/td>\n<p>\n<\/tr>\n<p><\/p>\n<tr><\/p>\n<td><strong>Qu\u00e9bec<\/strong><\/td>\n<p><\/p>\n<td>11 247<\/td>\n<p><\/p>\n<td>10 252<\/td>\n<p><\/p>\n<td>43 540<\/td>\n<p>\n<\/tr>\n<p><\/p>\n<tr><\/p>\n<td><strong>Ontario<\/strong><\/td>\n<p><\/p>\n<td>3 974<\/td>\n<p><\/p>\n<td>3 705<\/td>\n<p><\/p>\n<td>15 554<\/td>\n<p>\n<\/tr>\n<p><\/p>\n<tr><\/p>\n<td><strong>Colombie-Britannique<\/strong><\/td>\n<p><\/p>\n<td>3 368<\/td>\n<p><\/p>\n<td>3 340<\/td>\n<p><\/p>\n<td>15 073<\/td>\n<p>\n<\/tr>\n<p><\/p>\n<tr><\/p>\n<td><strong>Alberta<\/strong><\/td>\n<p><\/p>\n<td>541<\/td>\n<p><\/p>\n<td>618<\/td>\n<p><\/p>\n<td>2 309<\/td>\n<p>\n<\/tr>\n<p><\/p>\n<tr><\/p>\n<td><strong>Nouveau-Brunswick<\/strong><\/td>\n<p><\/p>\n<td>271<\/td>\n<p><\/p>\n<td>232<\/td>\n<p><\/p>\n<td>950<\/td>\n<p>\n<\/tr>\n<p><\/p>\n<tr><\/p>\n<td><strong>Nouvelle-\u00c9cosse<\/strong><\/td>\n<p><\/p>\n<td>243<\/td>\n<p><\/p>\n<td>204<\/td>\n<p><\/p>\n<td>879<\/td>\n<p>\n<\/tr>\n<p><\/p>\n<tr><\/p>\n<td><strong>Manitoba<\/strong><\/td>\n<p><\/p>\n<td>172<\/td>\n<p><\/p>\n<td>161<\/td>\n<p><\/p>\n<td>624<\/td>\n<p>\n<\/tr>\n<p><\/p>\n<tr><\/p>\n<td><strong>Terre-Neuve-et-Labrador<\/strong><\/td>\n<p><\/p>\n<td>80<\/td>\n<p><\/p>\n<td>59<\/td>\n<p><\/p>\n<td>293<\/td>\n<p>\n<\/tr>\n<p><\/p>\n<tr><\/p>\n<td><strong>Saskatchewan<\/strong><\/td>\n<p><\/p>\n<td>79<\/td>\n<p><\/p>\n<td>82<\/td>\n<p><\/p>\n<td>360<\/td>\n<p>\n<\/tr>\n<p><\/p>\n<tr><\/p>\n<td><strong>\u00cele-du-Prince-\u00c9douard<\/strong><\/td>\n<p><\/p>\n<td>67<\/td>\n<p><\/p>\n<td>70<\/td>\n<p><\/p>\n<td>249<\/td>\n<p>\n<\/tr>\n<p><\/p>\n<tr><\/p>\n<td><strong>Yukon<\/strong><\/td>\n<p><\/p>\n<td>27<\/td>\n<p><\/p>\n<td>16<\/td>\n<p><\/p>\n<td>73<\/td>\n<p>\n<\/tr>\n<p><\/p>\n<tr><\/p>\n<td><strong>Territoires du Nord-Ouest<\/strong><\/td>\n<p><\/p>\n<td>3<\/td>\n<p><\/p>\n<td>2<\/td>\n<p><\/p>\n<td>10<\/td>\n<p>\n<\/tr>\n<p><\/p>\n<tr><\/p>\n<td><strong>Nunavut<\/strong><\/td>\n<p><\/p>\n<td>0<\/td>\n<p><\/p>\n<td>0<\/td>\n<p><\/p>\n<td>0<\/td>\n<p>\n<\/tr>\n<p>\n<\/tbody>\n<p>\n<\/table>\n<p>\n(Source : Transports Canada)<\/p>\n<p>Cette augmentation record des r\u00e9clamations de rabais pour les v\u00e9hicules \u00e9lectriques en mai montre une tendance croissante vers une adoption plus large des v\u00e9hicules z\u00e9ro \u00e9mission au Canada. Tesla, avec ses Model Y et Model 3, continue de dominer le march\u00e9, soulignant l&#8217;attrait durable de ses v\u00e9hicules aupr\u00e8s des consommateurs canadiens.<\/p>\n<p>Avec des renseignements d\u2019Automotive News<\/p>\n<p>Le texte <a rel=\"nofollow\" href=\"https:\/\/annuelauto.ca\/plus-de-20-000-reclamations-pour-le-credit-federal-pour-les-ves\/\">Plus de 20\u00a0000 r\u00e9clamations pour le cr\u00e9dit f\u00e9d\u00e9ral pour les V\u00c9S<\/a> provient de <a rel=\"nofollow\" href=\"https:\/\/annuelauto.ca\">L&#8217;annuel de l&#8217;automobile &#8211; Actualit\u00e9 automobile<\/a><\/p>\n<p><\/p>\n","protected":false},"excerpt":{"rendered":"<p>Les r\u00e9clamations de rabais pour les v\u00e9hicules \u00e9lectriques ont continu\u00e9 de cro\u00eetre en mai, atteignant pour la premi\u00e8re fois en 2024 la barre des 20 000 v\u00e9hicules, selon les derni\u00e8res donn\u00e9es mensuelles disponibles de Transports Canada. Tesla : leader incontest\u00e9 du programme iZEV Tesla est rest\u00e9 le constructeur le plus b\u00e9n\u00e9fici\u00e9 du programme de rabais [&hellip;]<\/p>\n","protected":false},"author":8,"featured_media":168317,"comment_status":"close","ping_status":"closed","sticky":false,"template":"","format":"standard","meta":{"_monsterinsights_skip_tracking":false,"_monsterinsights_sitenote_active":false,"_monsterinsights_sitenote_note":"","_monsterinsights_sitenote_category":0,"footnotes":""},"categories":[101],"tags":[],"yoast_head":"<!-- This site is optimized with the Yoast SEO plugin v23.2 - https:\/\/yoast.com\/wordpress\/plugins\/seo\/ -->\n<title>Plus de 20\u00a0000 r\u00e9clamations pour le cr\u00e9dit f\u00e9d\u00e9ral pour les V\u00c9S - CanadaMotorJobs.com<\/title>\n<meta name=\"description\" content=\"Plus de 20\u00a0000 r\u00e9clamations pour le cr\u00e9dit f\u00e9d\u00e9ral pour les V\u00c9S - Benoit Charette - Annuel automobile - CanadaMotorJobs.com.\" \/>\n<meta name=\"robots\" content=\"index, follow, max-snippet:-1, max-image-preview:large, max-video-preview:-1\" \/>\n<meta property=\"og:locale\" content=\"fr_CA\" \/>\n<meta property=\"og:type\" content=\"article\" \/>\n<meta property=\"og:title\" content=\"Plus de 20\u00a0000 r\u00e9clamations pour le cr\u00e9dit f\u00e9d\u00e9ral pour les V\u00c9S - CanadaMotorJobs.com\" \/>\n<meta property=\"og:description\" content=\"Plus de 20\u00a0000 r\u00e9clamations pour le cr\u00e9dit f\u00e9d\u00e9ral pour les V\u00c9S - Benoit Charette - Annuel automobile - CanadaMotorJobs.com.\" \/>\n<meta property=\"og:url\" content=\"https:\/\/news.canadamotorjobs.com\/fr\/plus-de-20-000-reclamations-pour-le-credit-federal-pour-les-ves\/\" \/>\n<meta property=\"og:site_name\" content=\"CanadaMotorJobs.com\" \/>\n<meta property=\"article:publisher\" content=\"https:\/\/www.facebook.com\/canadamotorjobs\/\" \/>\n<meta property=\"article:published_time\" content=\"2024-07-04T15:18:58+00:00\" \/>\n<meta property=\"article:modified_time\" content=\"2024-07-04T15:29:12+00:00\" \/>\n<meta property=\"og:image\" content=\"https:\/\/news.canadamotorjobs.com\/wp-content\/uploads\/2024\/07\/tesla-model-y-1024x576-1.jpg\" \/>\n\t<meta property=\"og:image:width\" content=\"1024\" \/>\n\t<meta property=\"og:image:height\" content=\"576\" \/>\n\t<meta property=\"og:image:type\" content=\"image\/jpeg\" \/>\n<meta name=\"author\" content=\"Benoit Charette\" \/>\n<meta name=\"twitter:card\" content=\"summary_large_image\" \/>\n<meta name=\"twitter:creator\" content=\"@canadamotorjobs\" \/>\n<meta name=\"twitter:site\" content=\"@canadamotorjobs\" \/>\n<meta name=\"twitter:label1\" content=\"\u00c9crit par\" \/>\n\t<meta name=\"twitter:data1\" content=\"Benoit Charette\" \/>\n\t<meta name=\"twitter:label2\" content=\"Estimation du temps de lecture\" \/>\n\t<meta name=\"twitter:data2\" content=\"3 minutes\" \/>\n<!-- \/ Yoast SEO plugin. -->","yoast_head_json":{"title":"Plus de 20\u00a0000 r\u00e9clamations pour le cr\u00e9dit f\u00e9d\u00e9ral pour les V\u00c9S - CanadaMotorJobs.com","description":"Plus de 20\u00a0000 r\u00e9clamations pour le cr\u00e9dit f\u00e9d\u00e9ral pour les V\u00c9S - Benoit Charette - Annuel automobile - CanadaMotorJobs.com.","robots":{"index":"index","follow":"follow","max-snippet":"max-snippet:-1","max-image-preview":"max-image-preview:large","max-video-preview":"max-video-preview:-1"},"og_locale":"fr_CA","og_type":"article","og_title":"Plus de 20\u00a0000 r\u00e9clamations pour le cr\u00e9dit f\u00e9d\u00e9ral pour les V\u00c9S - CanadaMotorJobs.com","og_description":"Plus de 20\u00a0000 r\u00e9clamations pour le cr\u00e9dit f\u00e9d\u00e9ral pour les V\u00c9S - Benoit Charette - Annuel automobile - CanadaMotorJobs.com.","og_url":"https:\/\/news.canadamotorjobs.com\/fr\/plus-de-20-000-reclamations-pour-le-credit-federal-pour-les-ves\/","og_site_name":"CanadaMotorJobs.com","article_publisher":"https:\/\/www.facebook.com\/canadamotorjobs\/","article_published_time":"2024-07-04T15:18:58+00:00","article_modified_time":"2024-07-04T15:29:12+00:00","og_image":[{"width":1024,"height":576,"url":"https:\/\/news.canadamotorjobs.com\/wp-content\/uploads\/2024\/07\/tesla-model-y-1024x576-1.jpg","type":"image\/jpeg"}],"author":"Benoit Charette","twitter_card":"summary_large_image","twitter_creator":"@canadamotorjobs","twitter_site":"@canadamotorjobs","twitter_misc":{"\u00c9crit par":"Benoit Charette","Estimation du temps de lecture":"3 minutes"},"schema":{"@context":"https:\/\/schema.org","@graph":[{"@type":"Article","@id":"https:\/\/news.canadamotorjobs.com\/fr\/plus-de-20-000-reclamations-pour-le-credit-federal-pour-les-ves\/#article","isPartOf":{"@id":"https:\/\/news.canadamotorjobs.com\/fr\/plus-de-20-000-reclamations-pour-le-credit-federal-pour-les-ves\/"},"author":{"name":"Benoit Charette","@id":"https:\/\/news.canadamotorjobs.com\/#\/schema\/person\/51793d1f87d44011d7bcc2ed99269a90"},"headline":"Plus de 20\u00a0000 r\u00e9clamations pour le cr\u00e9dit f\u00e9d\u00e9ral pour les V\u00c9S","datePublished":"2024-07-04T15:18:58+00:00","dateModified":"2024-07-04T15:29:12+00:00","mainEntityOfPage":{"@id":"https:\/\/news.canadamotorjobs.com\/fr\/plus-de-20-000-reclamations-pour-le-credit-federal-pour-les-ves\/"},"wordCount":594,"publisher":{"@id":"https:\/\/news.canadamotorjobs.com\/#organization"},"image":{"@id":"https:\/\/news.canadamotorjobs.com\/fr\/plus-de-20-000-reclamations-pour-le-credit-federal-pour-les-ves\/#primaryimage"},"thumbnailUrl":"https:\/\/news.canadamotorjobs.com\/wp-content\/uploads\/2024\/07\/tesla-model-y-1024x576-1.jpg","articleSection":["Annuel automobile"],"inLanguage":"fr-CA"},{"@type":"WebPage","@id":"https:\/\/news.canadamotorjobs.com\/fr\/plus-de-20-000-reclamations-pour-le-credit-federal-pour-les-ves\/","url":"https:\/\/news.canadamotorjobs.com\/fr\/plus-de-20-000-reclamations-pour-le-credit-federal-pour-les-ves\/","name":"Plus de 20\u00a0000 r\u00e9clamations pour le cr\u00e9dit f\u00e9d\u00e9ral pour les V\u00c9S - CanadaMotorJobs.com","isPartOf":{"@id":"https:\/\/news.canadamotorjobs.com\/#website"},"primaryImageOfPage":{"@id":"https:\/\/news.canadamotorjobs.com\/fr\/plus-de-20-000-reclamations-pour-le-credit-federal-pour-les-ves\/#primaryimage"},"image":{"@id":"https:\/\/news.canadamotorjobs.com\/fr\/plus-de-20-000-reclamations-pour-le-credit-federal-pour-les-ves\/#primaryimage"},"thumbnailUrl":"https:\/\/news.canadamotorjobs.com\/wp-content\/uploads\/2024\/07\/tesla-model-y-1024x576-1.jpg","datePublished":"2024-07-04T15:18:58+00:00","dateModified":"2024-07-04T15:29:12+00:00","description":"Plus de 20\u00a0000 r\u00e9clamations pour le cr\u00e9dit f\u00e9d\u00e9ral pour les V\u00c9S - Benoit Charette - Annuel automobile - CanadaMotorJobs.com.","breadcrumb":{"@id":"https:\/\/news.canadamotorjobs.com\/fr\/plus-de-20-000-reclamations-pour-le-credit-federal-pour-les-ves\/#breadcrumb"},"inLanguage":"fr-CA","potentialAction":[{"@type":"ReadAction","target":["https:\/\/news.canadamotorjobs.com\/fr\/plus-de-20-000-reclamations-pour-le-credit-federal-pour-les-ves\/"]}]},{"@type":"ImageObject","inLanguage":"fr-CA","@id":"https:\/\/news.canadamotorjobs.com\/fr\/plus-de-20-000-reclamations-pour-le-credit-federal-pour-les-ves\/#primaryimage","url":"https:\/\/news.canadamotorjobs.com\/wp-content\/uploads\/2024\/07\/tesla-model-y-1024x576-1.jpg","contentUrl":"https:\/\/news.canadamotorjobs.com\/wp-content\/uploads\/2024\/07\/tesla-model-y-1024x576-1.jpg","width":1024,"height":576},{"@type":"BreadcrumbList","@id":"https:\/\/news.canadamotorjobs.com\/fr\/plus-de-20-000-reclamations-pour-le-credit-federal-pour-les-ves\/#breadcrumb","itemListElement":[{"@type":"ListItem","position":1,"name":"Home","item":"https:\/\/news.canadamotorjobs.com\/fr\/blog\/"},{"@type":"ListItem","position":2,"name":"Plus de 20\u00a0000 r\u00e9clamations pour le cr\u00e9dit f\u00e9d\u00e9ral pour les V\u00c9S"}]},{"@type":"WebSite","@id":"https:\/\/news.canadamotorjobs.com\/#website","url":"https:\/\/news.canadamotorjobs.com\/","name":"CanadaMotorJobs.com","description":"Automotive Jobs","publisher":{"@id":"https:\/\/news.canadamotorjobs.com\/#organization"},"potentialAction":[{"@type":"SearchAction","target":{"@type":"EntryPoint","urlTemplate":"https:\/\/news.canadamotorjobs.com\/?s={search_term_string}"},"query-input":"required name=search_term_string"}],"inLanguage":"fr-CA"},{"@type":"Organization","@id":"https:\/\/news.canadamotorjobs.com\/#organization","name":"Canada Motor Jobs","url":"https:\/\/news.canadamotorjobs.com\/","logo":{"@type":"ImageObject","inLanguage":"fr-CA","@id":"https:\/\/news.canadamotorjobs.com\/#\/schema\/logo\/image\/","url":"https:\/\/news.canadamotorjobs.com\/wp-content\/uploads\/2022\/10\/logo-canada-motor-jobs-1.png","contentUrl":"https:\/\/news.canadamotorjobs.com\/wp-content\/uploads\/2022\/10\/logo-canada-motor-jobs-1.png","width":800,"height":400,"caption":"Canada Motor Jobs"},"image":{"@id":"https:\/\/news.canadamotorjobs.com\/#\/schema\/logo\/image\/"},"sameAs":["https:\/\/www.facebook.com\/canadamotorjobs\/","https:\/\/x.com\/canadamotorjobs","https:\/\/www.instagram.com\/canadamotorjobs\/","https:\/\/www.linkedin.com\/company\/canadamotorjobs"]},{"@type":"Person","@id":"https:\/\/news.canadamotorjobs.com\/#\/schema\/person\/51793d1f87d44011d7bcc2ed99269a90","name":"Benoit Charette","image":{"@type":"ImageObject","inLanguage":"fr-CA","@id":"https:\/\/news.canadamotorjobs.com\/#\/schema\/person\/image\/","url":"https:\/\/secure.gravatar.com\/avatar\/45f3d2eebcccd909668d7ce7ea7267b6?s=96&d=mm&r=g","contentUrl":"https:\/\/secure.gravatar.com\/avatar\/45f3d2eebcccd909668d7ce7ea7267b6?s=96&d=mm&r=g","caption":"Benoit Charette"},"description":"Benoit Charette \/ Propri\u00e9taire et r\u00e9dacteur en chef Benoit Charette pratique le journalisme automobile depuis bient\u00f4t 30 ans. Il a fait ses classes au c\u00f4t\u00e9 de Daniel H\u00e9raud et au Carnet de route de 1992 \u00e0 2001. Il est fondateur, copropri\u00e9taire et r\u00e9dacteur en chef de L\u2019Annuel de l\u2019automobile, qu\u2019il publie depuis 2001. Il a anim\u00e9 les \u00e9missions RPM et RPM+ sur V et les L\u00e9gendes de la route sur Historia. \u00c0 la radio depuis 1986, il reprend l\u2019antenne cette ann\u00e9e sur les ondes de Cogeco et participe pour la deuxi\u00e8me ann\u00e9e \u00e0 l\u2019\u00e9mission Passion Auto sur RDS en plus de mettre en ligne le site Web officiel de L\u2019Annuel de l\u2019automobile sur annuelauto.ca.","sameAs":["https:\/\/annuelauto.ca\/"],"url":"https:\/\/news.canadamotorjobs.com\/fr\/author\/benoit-charette\/"}]}},"_links":{"self":[{"href":"https:\/\/news.canadamotorjobs.com\/fr\/wp-json\/wp\/v2\/posts\/168315"}],"collection":[{"href":"https:\/\/news.canadamotorjobs.com\/fr\/wp-json\/wp\/v2\/posts"}],"about":[{"href":"https:\/\/news.canadamotorjobs.com\/fr\/wp-json\/wp\/v2\/types\/post"}],"author":[{"embeddable":true,"href":"https:\/\/news.canadamotorjobs.com\/fr\/wp-json\/wp\/v2\/users\/8"}],"replies":[{"embeddable":true,"href":"https:\/\/news.canadamotorjobs.com\/fr\/wp-json\/wp\/v2\/comments?post=168315"}],"version-history":[{"count":2,"href":"https:\/\/news.canadamotorjobs.com\/fr\/wp-json\/wp\/v2\/posts\/168315\/revisions"}],"predecessor-version":[{"id":168319,"href":"https:\/\/news.canadamotorjobs.com\/fr\/wp-json\/wp\/v2\/posts\/168315\/revisions\/168319"}],"wp:featuredmedia":[{"embeddable":true,"href":"https:\/\/news.canadamotorjobs.com\/fr\/wp-json\/wp\/v2\/media\/168317"}],"wp:attachment":[{"href":"https:\/\/news.canadamotorjobs.com\/fr\/wp-json\/wp\/v2\/media?parent=168315"}],"wp:term":[{"taxonomy":"category","embeddable":true,"href":"https:\/\/news.canadamotorjobs.com\/fr\/wp-json\/wp\/v2\/categories?post=168315"},{"taxonomy":"post_tag","embeddable":true,"href":"https:\/\/news.canadamotorjobs.com\/fr\/wp-json\/wp\/v2\/tags?post=168315"}],"curies":[{"name":"wp","href":"https:\/\/api.w.org\/{rel}","templated":true}]}}