{"id":168304,"date":"2024-07-04T10:10:08","date_gmt":"2024-07-04T14:10:08","guid":{"rendered":"https:\/\/news.canadamotorjobs.com\/?p=168304"},"modified":"2024-07-04T10:14:36","modified_gmt":"2024-07-04T14:14:36","slug":"la-mazda-3-debute-a-24-900-pour-2025","status":"publish","type":"post","link":"https:\/\/news.canadamotorjobs.com\/fr\/la-mazda-3-debute-a-24-900-pour-2025\/","title":{"rendered":"La Mazda 3 d\u00e9bute \u00e0 24\u00a0900 $ pour 2025"},"content":{"rendered":"<\/p>\n<p>Mazda vient d&#8217;annoncer les prix pour les Mazda 3 berline et Mazda 3 Sport hatchback 2025. Les mod\u00e8les d\u00e9butent \u00e0 24 900 $ et b\u00e9n\u00e9ficient de quelques nouvelles fonctionnalit\u00e9s, y compris Alexa Built-in et une navigation en ligne plus avanc\u00e9e.<\/p>\n<h3><strong>Des Technologies Avanc\u00e9es sur les Versions Sup\u00e9rieures<\/strong><\/h3>\n<p>\nLes versions de base GX ne b\u00e9n\u00e9ficient pas des nouvelles fonctionnalit\u00e9s technologiques, mais elles incluent les assistances \u00e0 la conduite i-Activesense de Mazda, telles que le r\u00e9gulateur de vitesse radar, le freinage d&#8217;urgence avant et l&#8217;assistance au maintien de voie. La berline commence \u00e0 24 900 $, et la hatchback \u00e0 25 560 $. Les mod\u00e8les GS ajoutent des essuie-glaces \u00e0 capteur de pluie, une climatisation bi-zone et un \u00e9cran central de 10,25 pouces, ainsi qu&#8217;un volant chauffant. La version GS Luxury comprend un toit ouvrant \u00e9lectrique, un si\u00e8ge conducteur \u00e9lectrique et des si\u00e8ges en similicuir noir. Elle rend \u00e9galement la transmission int\u00e9grale (AWD) disponible, avec cette option d\u00e9butant \u00e0 31 700 $ pour la berline ou 32 450 $ pour la hatchback.<\/p>\n<h3><strong>Alexa Int\u00e9gr\u00e9 pour un Confort Accru<\/strong><\/h3>\n<p>\nLa version GT et les versions sup\u00e9rieures incluent la fonctionnalit\u00e9 Alexa Built-in, qui permet une activation vocale pour des commandes telles que le changement de temp\u00e9rature ou de station radio, ainsi que pour les appareils de maison intelligente. La GT Sport hatchback est propos\u00e9e avec une bo\u00eete manuelle \u00e0 six vitesses, la seule version de la Mazda3 \u00e0 offrir une bo\u00eete de vitesses manuelle, \u00e0 partir de 34 450 $. Une hatchback automatique est au m\u00eame prix ou 33 700 $ pour la berline, et l&#8217;AWD ajoute 2 000 $ \u00e0 l&#8217;un ou l&#8217;autre des prix. Les mod\u00e8les GT b\u00e9n\u00e9ficient \u00e9galement d&#8217;une guidance d&#8217;itin\u00e9raire \u00e9tendue gr\u00e2ce \u00e0 la navigation en ligne de Mazda. Le nouveau syst\u00e8me dispose de mises \u00e0 jour en direct et comprend de nouveaux itin\u00e9raires tout-terrain ainsi que des emplacements de d\u00e9part de sentiers.<\/p>\n<h3><strong>Une \u00c9dition Sp\u00e9ciale Haut de Gamme<\/strong><\/h3>\n<p>\nEn haut de gamme, Mazda a r\u00e9introduit une \u00e9dition Suna. Elle ajoute une peinture sable zircon et des si\u00e8ges en cuir terracotta au moteur 2.5L quatre cylindres turbo de 250 ch de la GT Turbo, des jantes de 18 pouces et des embouts d&#8217;\u00e9chappement plus grands. La Mazda3 Sport Suna Edition 2025 est propos\u00e9e \u00e0 39 600 $.<\/p>\n<p>\u00a0<\/p>\n<p>Le texte <a rel=\"nofollow\" href=\"https:\/\/annuelauto.ca\/la-mazda-3-debute-a-24-900-pour-2025\/\">La Mazda 3 d\u00e9bute \u00e0 24\u00a0900 $ pour 2025<\/a> provient de <a rel=\"nofollow\" href=\"https:\/\/annuelauto.ca\">L&#8217;annuel de l&#8217;automobile &#8211; Actualit\u00e9 automobile<\/a><\/p>\n<p><\/p>\n","protected":false},"excerpt":{"rendered":"<p>Mazda vient d&#8217;annoncer les prix pour les Mazda 3 berline et Mazda 3 Sport hatchback 2025. Les mod\u00e8les d\u00e9butent \u00e0 24 900 $ et b\u00e9n\u00e9ficient de quelques nouvelles fonctionnalit\u00e9s, y compris Alexa Built-in et une navigation en ligne plus avanc\u00e9e. Des Technologies Avanc\u00e9es sur les Versions Sup\u00e9rieures Les versions de base GX ne b\u00e9n\u00e9ficient pas [&hellip;]<\/p>\n","protected":false},"author":8,"featured_media":168306,"comment_status":"close","ping_status":"closed","sticky":false,"template":"","format":"standard","meta":{"_monsterinsights_skip_tracking":false,"_monsterinsights_sitenote_active":false,"_monsterinsights_sitenote_note":"","_monsterinsights_sitenote_category":0,"footnotes":""},"categories":[101],"tags":[],"yoast_head":"<!-- This site is optimized with the Yoast SEO plugin v23.2 - https:\/\/yoast.com\/wordpress\/plugins\/seo\/ -->\n<title>La Mazda 3 d\u00e9bute \u00e0 24\u00a0900 $ pour 2025 - CanadaMotorJobs.com<\/title>\n<meta name=\"description\" content=\"La Mazda 3 d\u00e9bute \u00e0 24\u00a0900 $ pour 2025 - Benoit Charette - Annuel automobile - CanadaMotorJobs.com.\" \/>\n<meta name=\"robots\" content=\"index, follow, max-snippet:-1, max-image-preview:large, max-video-preview:-1\" \/>\n<meta property=\"og:locale\" content=\"fr_CA\" \/>\n<meta property=\"og:type\" content=\"article\" \/>\n<meta property=\"og:title\" content=\"La Mazda 3 d\u00e9bute \u00e0 24\u00a0900 $ pour 2025 - CanadaMotorJobs.com\" \/>\n<meta property=\"og:description\" content=\"La Mazda 3 d\u00e9bute \u00e0 24\u00a0900 $ pour 2025 - Benoit Charette - Annuel automobile - CanadaMotorJobs.com.\" \/>\n<meta property=\"og:url\" content=\"https:\/\/news.canadamotorjobs.com\/fr\/la-mazda-3-debute-a-24-900-pour-2025\/\" \/>\n<meta property=\"og:site_name\" content=\"CanadaMotorJobs.com\" \/>\n<meta property=\"article:publisher\" content=\"https:\/\/www.facebook.com\/canadamotorjobs\/\" \/>\n<meta property=\"article:published_time\" content=\"2024-07-04T14:10:08+00:00\" \/>\n<meta property=\"article:modified_time\" content=\"2024-07-04T14:14:36+00:00\" \/>\n<meta property=\"og:image\" content=\"https:\/\/news.canadamotorjobs.com\/wp-content\/uploads\/2024\/07\/Mazda_Canada_Inc__2025_Mazda3_and_Mazda3_Sport__Pricing_and_Pack.jpg\" \/>\n\t<meta property=\"og:image:width\" content=\"400\" \/>\n\t<meta property=\"og:image:height\" content=\"267\" \/>\n\t<meta property=\"og:image:type\" content=\"image\/jpeg\" \/>\n<meta name=\"author\" content=\"Benoit Charette\" \/>\n<meta name=\"twitter:card\" content=\"summary_large_image\" \/>\n<meta name=\"twitter:creator\" content=\"@canadamotorjobs\" \/>\n<meta name=\"twitter:site\" content=\"@canadamotorjobs\" \/>\n<meta name=\"twitter:label1\" content=\"\u00c9crit par\" \/>\n\t<meta name=\"twitter:data1\" content=\"Benoit Charette\" \/>\n\t<meta name=\"twitter:label2\" content=\"Estimation du temps de lecture\" \/>\n\t<meta name=\"twitter:data2\" content=\"2 minutes\" \/>\n<!-- \/ Yoast SEO plugin. -->","yoast_head_json":{"title":"La Mazda 3 d\u00e9bute \u00e0 24\u00a0900 $ pour 2025 - CanadaMotorJobs.com","description":"La Mazda 3 d\u00e9bute \u00e0 24\u00a0900 $ pour 2025 - Benoit Charette - Annuel automobile - CanadaMotorJobs.com.","robots":{"index":"index","follow":"follow","max-snippet":"max-snippet:-1","max-image-preview":"max-image-preview:large","max-video-preview":"max-video-preview:-1"},"og_locale":"fr_CA","og_type":"article","og_title":"La Mazda 3 d\u00e9bute \u00e0 24\u00a0900 $ pour 2025 - CanadaMotorJobs.com","og_description":"La Mazda 3 d\u00e9bute \u00e0 24\u00a0900 $ pour 2025 - Benoit Charette - Annuel automobile - CanadaMotorJobs.com.","og_url":"https:\/\/news.canadamotorjobs.com\/fr\/la-mazda-3-debute-a-24-900-pour-2025\/","og_site_name":"CanadaMotorJobs.com","article_publisher":"https:\/\/www.facebook.com\/canadamotorjobs\/","article_published_time":"2024-07-04T14:10:08+00:00","article_modified_time":"2024-07-04T14:14:36+00:00","og_image":[{"width":400,"height":267,"url":"https:\/\/news.canadamotorjobs.com\/wp-content\/uploads\/2024\/07\/Mazda_Canada_Inc__2025_Mazda3_and_Mazda3_Sport__Pricing_and_Pack.jpg","type":"image\/jpeg"}],"author":"Benoit Charette","twitter_card":"summary_large_image","twitter_creator":"@canadamotorjobs","twitter_site":"@canadamotorjobs","twitter_misc":{"\u00c9crit par":"Benoit Charette","Estimation du temps de lecture":"2 minutes"},"schema":{"@context":"https:\/\/schema.org","@graph":[{"@type":"Article","@id":"https:\/\/news.canadamotorjobs.com\/fr\/la-mazda-3-debute-a-24-900-pour-2025\/#article","isPartOf":{"@id":"https:\/\/news.canadamotorjobs.com\/fr\/la-mazda-3-debute-a-24-900-pour-2025\/"},"author":{"name":"Benoit Charette","@id":"https:\/\/news.canadamotorjobs.com\/#\/schema\/person\/51793d1f87d44011d7bcc2ed99269a90"},"headline":"La Mazda 3 d\u00e9bute \u00e0 24\u00a0900 $ pour 2025","datePublished":"2024-07-04T14:10:08+00:00","dateModified":"2024-07-04T14:14:36+00:00","mainEntityOfPage":{"@id":"https:\/\/news.canadamotorjobs.com\/fr\/la-mazda-3-debute-a-24-900-pour-2025\/"},"wordCount":398,"publisher":{"@id":"https:\/\/news.canadamotorjobs.com\/#organization"},"image":{"@id":"https:\/\/news.canadamotorjobs.com\/fr\/la-mazda-3-debute-a-24-900-pour-2025\/#primaryimage"},"thumbnailUrl":"https:\/\/news.canadamotorjobs.com\/wp-content\/uploads\/2024\/07\/Mazda_Canada_Inc__2025_Mazda3_and_Mazda3_Sport__Pricing_and_Pack.jpg","articleSection":["Annuel automobile"],"inLanguage":"fr-CA"},{"@type":"WebPage","@id":"https:\/\/news.canadamotorjobs.com\/fr\/la-mazda-3-debute-a-24-900-pour-2025\/","url":"https:\/\/news.canadamotorjobs.com\/fr\/la-mazda-3-debute-a-24-900-pour-2025\/","name":"La Mazda 3 d\u00e9bute \u00e0 24\u00a0900 $ pour 2025 - CanadaMotorJobs.com","isPartOf":{"@id":"https:\/\/news.canadamotorjobs.com\/#website"},"primaryImageOfPage":{"@id":"https:\/\/news.canadamotorjobs.com\/fr\/la-mazda-3-debute-a-24-900-pour-2025\/#primaryimage"},"image":{"@id":"https:\/\/news.canadamotorjobs.com\/fr\/la-mazda-3-debute-a-24-900-pour-2025\/#primaryimage"},"thumbnailUrl":"https:\/\/news.canadamotorjobs.com\/wp-content\/uploads\/2024\/07\/Mazda_Canada_Inc__2025_Mazda3_and_Mazda3_Sport__Pricing_and_Pack.jpg","datePublished":"2024-07-04T14:10:08+00:00","dateModified":"2024-07-04T14:14:36+00:00","description":"La Mazda 3 d\u00e9bute \u00e0 24\u00a0900 $ pour 2025 - Benoit Charette - Annuel automobile - CanadaMotorJobs.com.","breadcrumb":{"@id":"https:\/\/news.canadamotorjobs.com\/fr\/la-mazda-3-debute-a-24-900-pour-2025\/#breadcrumb"},"inLanguage":"fr-CA","potentialAction":[{"@type":"ReadAction","target":["https:\/\/news.canadamotorjobs.com\/fr\/la-mazda-3-debute-a-24-900-pour-2025\/"]}]},{"@type":"ImageObject","inLanguage":"fr-CA","@id":"https:\/\/news.canadamotorjobs.com\/fr\/la-mazda-3-debute-a-24-900-pour-2025\/#primaryimage","url":"https:\/\/news.canadamotorjobs.com\/wp-content\/uploads\/2024\/07\/Mazda_Canada_Inc__2025_Mazda3_and_Mazda3_Sport__Pricing_and_Pack.jpg","contentUrl":"https:\/\/news.canadamotorjobs.com\/wp-content\/uploads\/2024\/07\/Mazda_Canada_Inc__2025_Mazda3_and_Mazda3_Sport__Pricing_and_Pack.jpg","width":400,"height":267},{"@type":"BreadcrumbList","@id":"https:\/\/news.canadamotorjobs.com\/fr\/la-mazda-3-debute-a-24-900-pour-2025\/#breadcrumb","itemListElement":[{"@type":"ListItem","position":1,"name":"Home","item":"https:\/\/news.canadamotorjobs.com\/fr\/blog\/"},{"@type":"ListItem","position":2,"name":"La Mazda 3 d\u00e9bute \u00e0 24\u00a0900 $ pour 2025"}]},{"@type":"WebSite","@id":"https:\/\/news.canadamotorjobs.com\/#website","url":"https:\/\/news.canadamotorjobs.com\/","name":"CanadaMotorJobs.com","description":"Automotive Jobs","publisher":{"@id":"https:\/\/news.canadamotorjobs.com\/#organization"},"potentialAction":[{"@type":"SearchAction","target":{"@type":"EntryPoint","urlTemplate":"https:\/\/news.canadamotorjobs.com\/?s={search_term_string}"},"query-input":"required name=search_term_string"}],"inLanguage":"fr-CA"},{"@type":"Organization","@id":"https:\/\/news.canadamotorjobs.com\/#organization","name":"Canada Motor Jobs","url":"https:\/\/news.canadamotorjobs.com\/","logo":{"@type":"ImageObject","inLanguage":"fr-CA","@id":"https:\/\/news.canadamotorjobs.com\/#\/schema\/logo\/image\/","url":"https:\/\/news.canadamotorjobs.com\/wp-content\/uploads\/2022\/10\/logo-canada-motor-jobs-1.png","contentUrl":"https:\/\/news.canadamotorjobs.com\/wp-content\/uploads\/2022\/10\/logo-canada-motor-jobs-1.png","width":800,"height":400,"caption":"Canada Motor Jobs"},"image":{"@id":"https:\/\/news.canadamotorjobs.com\/#\/schema\/logo\/image\/"},"sameAs":["https:\/\/www.facebook.com\/canadamotorjobs\/","https:\/\/x.com\/canadamotorjobs","https:\/\/www.instagram.com\/canadamotorjobs\/","https:\/\/www.linkedin.com\/company\/canadamotorjobs"]},{"@type":"Person","@id":"https:\/\/news.canadamotorjobs.com\/#\/schema\/person\/51793d1f87d44011d7bcc2ed99269a90","name":"Benoit Charette","image":{"@type":"ImageObject","inLanguage":"fr-CA","@id":"https:\/\/news.canadamotorjobs.com\/#\/schema\/person\/image\/","url":"https:\/\/secure.gravatar.com\/avatar\/45f3d2eebcccd909668d7ce7ea7267b6?s=96&d=mm&r=g","contentUrl":"https:\/\/secure.gravatar.com\/avatar\/45f3d2eebcccd909668d7ce7ea7267b6?s=96&d=mm&r=g","caption":"Benoit Charette"},"description":"Benoit Charette \/ Propri\u00e9taire et r\u00e9dacteur en chef Benoit Charette pratique le journalisme automobile depuis bient\u00f4t 30 ans. Il a fait ses classes au c\u00f4t\u00e9 de Daniel H\u00e9raud et au Carnet de route de 1992 \u00e0 2001. Il est fondateur, copropri\u00e9taire et r\u00e9dacteur en chef de L\u2019Annuel de l\u2019automobile, qu\u2019il publie depuis 2001. Il a anim\u00e9 les \u00e9missions RPM et RPM+ sur V et les L\u00e9gendes de la route sur Historia. \u00c0 la radio depuis 1986, il reprend l\u2019antenne cette ann\u00e9e sur les ondes de Cogeco et participe pour la deuxi\u00e8me ann\u00e9e \u00e0 l\u2019\u00e9mission Passion Auto sur RDS en plus de mettre en ligne le site Web officiel de L\u2019Annuel de l\u2019automobile sur annuelauto.ca.","sameAs":["https:\/\/annuelauto.ca\/"],"url":"https:\/\/news.canadamotorjobs.com\/fr\/author\/benoit-charette\/"}]}},"_links":{"self":[{"href":"https:\/\/news.canadamotorjobs.com\/fr\/wp-json\/wp\/v2\/posts\/168304"}],"collection":[{"href":"https:\/\/news.canadamotorjobs.com\/fr\/wp-json\/wp\/v2\/posts"}],"about":[{"href":"https:\/\/news.canadamotorjobs.com\/fr\/wp-json\/wp\/v2\/types\/post"}],"author":[{"embeddable":true,"href":"https:\/\/news.canadamotorjobs.com\/fr\/wp-json\/wp\/v2\/users\/8"}],"replies":[{"embeddable":true,"href":"https:\/\/news.canadamotorjobs.com\/fr\/wp-json\/wp\/v2\/comments?post=168304"}],"version-history":[{"count":2,"href":"https:\/\/news.canadamotorjobs.com\/fr\/wp-json\/wp\/v2\/posts\/168304\/revisions"}],"predecessor-version":[{"id":168308,"href":"https:\/\/news.canadamotorjobs.com\/fr\/wp-json\/wp\/v2\/posts\/168304\/revisions\/168308"}],"wp:featuredmedia":[{"embeddable":true,"href":"https:\/\/news.canadamotorjobs.com\/fr\/wp-json\/wp\/v2\/media\/168306"}],"wp:attachment":[{"href":"https:\/\/news.canadamotorjobs.com\/fr\/wp-json\/wp\/v2\/media?parent=168304"}],"wp:term":[{"taxonomy":"category","embeddable":true,"href":"https:\/\/news.canadamotorjobs.com\/fr\/wp-json\/wp\/v2\/categories?post=168304"},{"taxonomy":"post_tag","embeddable":true,"href":"https:\/\/news.canadamotorjobs.com\/fr\/wp-json\/wp\/v2\/tags?post=168304"}],"curies":[{"name":"wp","href":"https:\/\/api.w.org\/{rel}","templated":true}]}}