{"id":168235,"date":"2024-07-03T09:24:10","date_gmt":"2024-07-03T13:24:10","guid":{"rendered":"https:\/\/news.canadamotorjobs.com\/?p=168235"},"modified":"2024-07-03T09:29:57","modified_gmt":"2024-07-03T13:29:57","slug":"les-canadiens-plus-favorables-aux-vehicules-electriques","status":"publish","type":"post","link":"https:\/\/news.canadamotorjobs.com\/fr\/les-canadiens-plus-favorables-aux-vehicules-electriques\/","title":{"rendered":"Les Canadiens plus favorables aux v\u00e9hicules \u00e9lectriques"},"content":{"rendered":"<\/p>\n<p>Mobilit\u00e9 \u00c9lectrique Canada a publi\u00e9 les r\u00e9sultats de son dernier sondage national, qui examine les perceptions des v\u00e9hicules \u00e9lectriques (VE), les habitudes de conduite et la connaissance des VE. Ce sondage d\u00e9montre que la majorit\u00e9 des r\u00e9cits n\u00e9gatifs entourant les VE sont soit infond\u00e9s, exag\u00e9r\u00e9s ou manquent de contexte.<\/p>\n<h3><strong>Les points cl\u00e9s de l&#8217;enqu\u00eate<\/strong><\/h3>\n<p>\nPlus de six mille Canadiens ont particip\u00e9 \u00e0 <a href=\"https:\/\/emc-mec.ca\/wp-content\/uploads\/2024\/06\/27-juin-2024-MEC-sondage-Abacus-PDF.pdf\" target=\"_blank\" rel=\"noopener noreferrer\">l&#8217;enqu\u00eate<\/a> qui a r\u00e9v\u00e9l\u00e9 plusieurs faits int\u00e9ressants<\/p>\n<ul><\/p>\n<li><strong>41 %<\/strong> des Canadiens envisagent d&#8217;acheter un VE comme leur prochain v\u00e9hicule, contre <strong>35 %<\/strong> pour un v\u00e9hicule \u00e0 essence ou diesel.<\/li>\n<p>\n<\/ul>\n<p><\/p>\n<h3><strong>Habitudes de conduite<\/strong><\/h3>\n<p><\/p>\n<ul><\/p>\n<li>La majorit\u00e9 des Canadiens (54 %) parcourent <strong>10 000 km ou moins<\/strong> par an. Les propri\u00e9taires de VE sont plus enclins \u00e0 parcourir entre <strong>10 000 km et 20 000 km<\/strong> (38 %) que les non-propri\u00e9taires de VE (27 %).<\/li>\n<p><\/p>\n<li>En moyenne, les Canadiens effectuent <strong>1 \u00e0 2 voyages de 500 km<\/strong> ou plus par an (47 %). Les propri\u00e9taires de VE sont plus enclins \u00e0 effectuer <strong>3 voyages ou plus<\/strong> de ce type par an (45 %) par rapport aux non-propri\u00e9taires de VE (24 %), ce qui montre leur confort pour les longs trajets.<\/li>\n<p>\n<\/ul>\n<p><\/p>\n<h3><strong>Trajet domicile-travail<\/strong><\/h3>\n<p><\/p>\n<ul><\/p>\n<li><strong>38 %<\/strong> des Canadiens n&#8217;ont pas de trajet domicile-travail, tandis que <strong>21 %<\/strong> parcourent moins de 10 km pour se rendre au travail.<\/li>\n<p>\n<\/ul>\n<p><\/p>\n<h3><strong>Influence des incitations gouvernementales<\/strong><\/h3>\n<p><\/p>\n<ul><\/p>\n<li>Pr\u00e8s des deux tiers des Canadiens qui poss\u00e8dent actuellement un VE ou un PHEV notent que les rabais gouvernementaux ont influenc\u00e9 leur d\u00e9cision d&#8217;achat.<\/li>\n<p><\/p>\n<li><strong>73 %<\/strong> des propri\u00e9taires de VE\/PHEV font confiance \u00e0 l&#8217;infrastructure de recharge publique, contre seulement <strong>6 %<\/strong> qui n&#8217;ont pas confiance.<\/li>\n<p>\n<\/ul>\n<p><\/p>\n<h3><strong>M\u00e9connaissance des avantages financiers<\/strong><\/h3>\n<p><\/p>\n<ul><\/p>\n<li>La plupart des Canadiens ignorent l\u2019existence des rabais f\u00e9d\u00e9raux\/provinciaux pour les VE.<\/li>\n<p><\/p>\n<li>Seuls <strong>27 %<\/strong> des Canadiens sont au courant de la d\u00e9duction fiscale f\u00e9d\u00e9rale pour l&#8217;achat d&#8217;un VE s&#8217;ils sont travailleurs autonomes ou poss\u00e8dent une entreprise.<\/li>\n<p><\/p>\n<li>Une petite fraction des Canadiens (8 %) est consciente qu&#8217;il existe plus de 50 VE et VHR disponibles \u00e0 un prix inf\u00e9rieur au prix moyen d&#8217;un v\u00e9hicule neuf au Canada (66 400 $).<\/li>\n<p>\n<\/ul>\n<p><\/p>\n<h3><strong>Impact de l&#8217;information sur la perception<\/strong><\/h3>\n<p>\n\u00c0 la fin de l&#8217;enqu\u00eate, apr\u00e8s avoir pris connaissance des informations fournies, <strong>62 %<\/strong> des Canadiens envisagent d&#8217;acheter un VE pour leur prochain v\u00e9hicule, soit une augmentation de <strong>18 points<\/strong> par rapport au d\u00e9but du sondage. Cela d\u00e9montre que l&#8217;\u00e9ducation sur les VE joue un r\u00f4le crucial dans la modification des perceptions.<\/p>\n<p>Source\u00a0: Mobilit\u00e9 \u00e9lectrique Canada<\/p>\n<p>Le texte <a rel=\"nofollow\" href=\"https:\/\/annuelauto.ca\/les-canadiens-plus-favorables-aux-vehicules-electriques\/\">Les Canadiens plus favorables aux v\u00e9hicules \u00e9lectriques<\/a> provient de <a rel=\"nofollow\" href=\"https:\/\/annuelauto.ca\">L&#8217;annuel de l&#8217;automobile &#8211; Actualit\u00e9 automobile<\/a><\/p>\n<p><\/p>\n","protected":false},"excerpt":{"rendered":"<p>Mobilit\u00e9 \u00c9lectrique Canada a publi\u00e9 les r\u00e9sultats de son dernier sondage national, qui examine les perceptions des v\u00e9hicules \u00e9lectriques (VE), les habitudes de conduite et la connaissance des VE. Ce sondage d\u00e9montre que la majorit\u00e9 des r\u00e9cits n\u00e9gatifs entourant les VE sont soit infond\u00e9s, exag\u00e9r\u00e9s ou manquent de contexte. Les points cl\u00e9s de l&#8217;enqu\u00eate Plus [&hellip;]<\/p>\n","protected":false},"author":8,"featured_media":168237,"comment_status":"close","ping_status":"closed","sticky":false,"template":"","format":"standard","meta":{"_monsterinsights_skip_tracking":false,"_monsterinsights_sitenote_active":false,"_monsterinsights_sitenote_note":"","_monsterinsights_sitenote_category":0,"footnotes":""},"categories":[101],"tags":[],"yoast_head":"<!-- This site is optimized with the Yoast SEO plugin v23.2 - https:\/\/yoast.com\/wordpress\/plugins\/seo\/ -->\n<title>Les Canadiens plus favorables aux v\u00e9hicules \u00e9lectriques - CanadaMotorJobs.com<\/title>\n<meta name=\"description\" content=\"Les Canadiens plus favorables aux v\u00e9hicules \u00e9lectriques - Benoit Charette - Annuel automobile - CanadaMotorJobs.com.\" \/>\n<meta name=\"robots\" content=\"index, follow, max-snippet:-1, max-image-preview:large, max-video-preview:-1\" \/>\n<meta property=\"og:locale\" content=\"fr_CA\" \/>\n<meta property=\"og:type\" content=\"article\" \/>\n<meta property=\"og:title\" content=\"Les Canadiens plus favorables aux v\u00e9hicules \u00e9lectriques - CanadaMotorJobs.com\" \/>\n<meta property=\"og:description\" content=\"Les Canadiens plus favorables aux v\u00e9hicules \u00e9lectriques - Benoit Charette - Annuel automobile - CanadaMotorJobs.com.\" \/>\n<meta property=\"og:url\" content=\"https:\/\/news.canadamotorjobs.com\/fr\/les-canadiens-plus-favorables-aux-vehicules-electriques\/\" \/>\n<meta property=\"og:site_name\" content=\"CanadaMotorJobs.com\" \/>\n<meta property=\"article:publisher\" content=\"https:\/\/www.facebook.com\/canadamotorjobs\/\" \/>\n<meta property=\"article:published_time\" content=\"2024-07-03T13:24:10+00:00\" \/>\n<meta property=\"article:modified_time\" content=\"2024-07-03T13:29:57+00:00\" \/>\n<meta property=\"og:image\" content=\"https:\/\/news.canadamotorjobs.com\/wp-content\/uploads\/2024\/07\/9a76513a4531e1734236c7b50f1c86d5.jpg\" \/>\n\t<meta property=\"og:image:width\" content=\"865\" \/>\n\t<meta property=\"og:image:height\" content=\"649\" \/>\n\t<meta property=\"og:image:type\" content=\"image\/jpeg\" \/>\n<meta name=\"author\" content=\"Benoit Charette\" \/>\n<meta name=\"twitter:card\" content=\"summary_large_image\" \/>\n<meta name=\"twitter:creator\" content=\"@canadamotorjobs\" \/>\n<meta name=\"twitter:site\" content=\"@canadamotorjobs\" \/>\n<meta name=\"twitter:label1\" content=\"\u00c9crit par\" \/>\n\t<meta name=\"twitter:data1\" content=\"Benoit Charette\" \/>\n\t<meta name=\"twitter:label2\" content=\"Estimation du temps de lecture\" \/>\n\t<meta name=\"twitter:data2\" content=\"2 minutes\" \/>\n<!-- \/ Yoast SEO plugin. -->","yoast_head_json":{"title":"Les Canadiens plus favorables aux v\u00e9hicules \u00e9lectriques - CanadaMotorJobs.com","description":"Les Canadiens plus favorables aux v\u00e9hicules \u00e9lectriques - Benoit Charette - Annuel automobile - CanadaMotorJobs.com.","robots":{"index":"index","follow":"follow","max-snippet":"max-snippet:-1","max-image-preview":"max-image-preview:large","max-video-preview":"max-video-preview:-1"},"og_locale":"fr_CA","og_type":"article","og_title":"Les Canadiens plus favorables aux v\u00e9hicules \u00e9lectriques - CanadaMotorJobs.com","og_description":"Les Canadiens plus favorables aux v\u00e9hicules \u00e9lectriques - Benoit Charette - Annuel automobile - CanadaMotorJobs.com.","og_url":"https:\/\/news.canadamotorjobs.com\/fr\/les-canadiens-plus-favorables-aux-vehicules-electriques\/","og_site_name":"CanadaMotorJobs.com","article_publisher":"https:\/\/www.facebook.com\/canadamotorjobs\/","article_published_time":"2024-07-03T13:24:10+00:00","article_modified_time":"2024-07-03T13:29:57+00:00","og_image":[{"width":865,"height":649,"url":"https:\/\/news.canadamotorjobs.com\/wp-content\/uploads\/2024\/07\/9a76513a4531e1734236c7b50f1c86d5.jpg","type":"image\/jpeg"}],"author":"Benoit Charette","twitter_card":"summary_large_image","twitter_creator":"@canadamotorjobs","twitter_site":"@canadamotorjobs","twitter_misc":{"\u00c9crit par":"Benoit Charette","Estimation du temps de lecture":"2 minutes"},"schema":{"@context":"https:\/\/schema.org","@graph":[{"@type":"Article","@id":"https:\/\/news.canadamotorjobs.com\/fr\/les-canadiens-plus-favorables-aux-vehicules-electriques\/#article","isPartOf":{"@id":"https:\/\/news.canadamotorjobs.com\/fr\/les-canadiens-plus-favorables-aux-vehicules-electriques\/"},"author":{"name":"Benoit Charette","@id":"https:\/\/news.canadamotorjobs.com\/#\/schema\/person\/51793d1f87d44011d7bcc2ed99269a90"},"headline":"Les Canadiens plus favorables aux v\u00e9hicules \u00e9lectriques","datePublished":"2024-07-03T13:24:10+00:00","dateModified":"2024-07-03T13:29:57+00:00","mainEntityOfPage":{"@id":"https:\/\/news.canadamotorjobs.com\/fr\/les-canadiens-plus-favorables-aux-vehicules-electriques\/"},"wordCount":430,"publisher":{"@id":"https:\/\/news.canadamotorjobs.com\/#organization"},"image":{"@id":"https:\/\/news.canadamotorjobs.com\/fr\/les-canadiens-plus-favorables-aux-vehicules-electriques\/#primaryimage"},"thumbnailUrl":"https:\/\/news.canadamotorjobs.com\/wp-content\/uploads\/2024\/07\/9a76513a4531e1734236c7b50f1c86d5.jpg","articleSection":["Annuel automobile"],"inLanguage":"fr-CA"},{"@type":"WebPage","@id":"https:\/\/news.canadamotorjobs.com\/fr\/les-canadiens-plus-favorables-aux-vehicules-electriques\/","url":"https:\/\/news.canadamotorjobs.com\/fr\/les-canadiens-plus-favorables-aux-vehicules-electriques\/","name":"Les Canadiens plus favorables aux v\u00e9hicules \u00e9lectriques - CanadaMotorJobs.com","isPartOf":{"@id":"https:\/\/news.canadamotorjobs.com\/#website"},"primaryImageOfPage":{"@id":"https:\/\/news.canadamotorjobs.com\/fr\/les-canadiens-plus-favorables-aux-vehicules-electriques\/#primaryimage"},"image":{"@id":"https:\/\/news.canadamotorjobs.com\/fr\/les-canadiens-plus-favorables-aux-vehicules-electriques\/#primaryimage"},"thumbnailUrl":"https:\/\/news.canadamotorjobs.com\/wp-content\/uploads\/2024\/07\/9a76513a4531e1734236c7b50f1c86d5.jpg","datePublished":"2024-07-03T13:24:10+00:00","dateModified":"2024-07-03T13:29:57+00:00","description":"Les Canadiens plus favorables aux v\u00e9hicules \u00e9lectriques - Benoit Charette - Annuel automobile - CanadaMotorJobs.com.","breadcrumb":{"@id":"https:\/\/news.canadamotorjobs.com\/fr\/les-canadiens-plus-favorables-aux-vehicules-electriques\/#breadcrumb"},"inLanguage":"fr-CA","potentialAction":[{"@type":"ReadAction","target":["https:\/\/news.canadamotorjobs.com\/fr\/les-canadiens-plus-favorables-aux-vehicules-electriques\/"]}]},{"@type":"ImageObject","inLanguage":"fr-CA","@id":"https:\/\/news.canadamotorjobs.com\/fr\/les-canadiens-plus-favorables-aux-vehicules-electriques\/#primaryimage","url":"https:\/\/news.canadamotorjobs.com\/wp-content\/uploads\/2024\/07\/9a76513a4531e1734236c7b50f1c86d5.jpg","contentUrl":"https:\/\/news.canadamotorjobs.com\/wp-content\/uploads\/2024\/07\/9a76513a4531e1734236c7b50f1c86d5.jpg","width":865,"height":649},{"@type":"BreadcrumbList","@id":"https:\/\/news.canadamotorjobs.com\/fr\/les-canadiens-plus-favorables-aux-vehicules-electriques\/#breadcrumb","itemListElement":[{"@type":"ListItem","position":1,"name":"Home","item":"https:\/\/news.canadamotorjobs.com\/fr\/blog\/"},{"@type":"ListItem","position":2,"name":"Les Canadiens plus favorables aux v\u00e9hicules \u00e9lectriques"}]},{"@type":"WebSite","@id":"https:\/\/news.canadamotorjobs.com\/#website","url":"https:\/\/news.canadamotorjobs.com\/","name":"CanadaMotorJobs.com","description":"Automotive Jobs","publisher":{"@id":"https:\/\/news.canadamotorjobs.com\/#organization"},"potentialAction":[{"@type":"SearchAction","target":{"@type":"EntryPoint","urlTemplate":"https:\/\/news.canadamotorjobs.com\/?s={search_term_string}"},"query-input":"required name=search_term_string"}],"inLanguage":"fr-CA"},{"@type":"Organization","@id":"https:\/\/news.canadamotorjobs.com\/#organization","name":"Canada Motor Jobs","url":"https:\/\/news.canadamotorjobs.com\/","logo":{"@type":"ImageObject","inLanguage":"fr-CA","@id":"https:\/\/news.canadamotorjobs.com\/#\/schema\/logo\/image\/","url":"https:\/\/news.canadamotorjobs.com\/wp-content\/uploads\/2022\/10\/logo-canada-motor-jobs-1.png","contentUrl":"https:\/\/news.canadamotorjobs.com\/wp-content\/uploads\/2022\/10\/logo-canada-motor-jobs-1.png","width":800,"height":400,"caption":"Canada Motor Jobs"},"image":{"@id":"https:\/\/news.canadamotorjobs.com\/#\/schema\/logo\/image\/"},"sameAs":["https:\/\/www.facebook.com\/canadamotorjobs\/","https:\/\/x.com\/canadamotorjobs","https:\/\/www.instagram.com\/canadamotorjobs\/","https:\/\/www.linkedin.com\/company\/canadamotorjobs"]},{"@type":"Person","@id":"https:\/\/news.canadamotorjobs.com\/#\/schema\/person\/51793d1f87d44011d7bcc2ed99269a90","name":"Benoit Charette","image":{"@type":"ImageObject","inLanguage":"fr-CA","@id":"https:\/\/news.canadamotorjobs.com\/#\/schema\/person\/image\/","url":"https:\/\/secure.gravatar.com\/avatar\/45f3d2eebcccd909668d7ce7ea7267b6?s=96&d=mm&r=g","contentUrl":"https:\/\/secure.gravatar.com\/avatar\/45f3d2eebcccd909668d7ce7ea7267b6?s=96&d=mm&r=g","caption":"Benoit Charette"},"description":"Benoit Charette \/ Propri\u00e9taire et r\u00e9dacteur en chef Benoit Charette pratique le journalisme automobile depuis bient\u00f4t 30 ans. Il a fait ses classes au c\u00f4t\u00e9 de Daniel H\u00e9raud et au Carnet de route de 1992 \u00e0 2001. Il est fondateur, copropri\u00e9taire et r\u00e9dacteur en chef de L\u2019Annuel de l\u2019automobile, qu\u2019il publie depuis 2001. Il a anim\u00e9 les \u00e9missions RPM et RPM+ sur V et les L\u00e9gendes de la route sur Historia. \u00c0 la radio depuis 1986, il reprend l\u2019antenne cette ann\u00e9e sur les ondes de Cogeco et participe pour la deuxi\u00e8me ann\u00e9e \u00e0 l\u2019\u00e9mission Passion Auto sur RDS en plus de mettre en ligne le site Web officiel de L\u2019Annuel de l\u2019automobile sur annuelauto.ca.","sameAs":["https:\/\/annuelauto.ca\/"],"url":"https:\/\/news.canadamotorjobs.com\/fr\/author\/benoit-charette\/"}]}},"_links":{"self":[{"href":"https:\/\/news.canadamotorjobs.com\/fr\/wp-json\/wp\/v2\/posts\/168235"}],"collection":[{"href":"https:\/\/news.canadamotorjobs.com\/fr\/wp-json\/wp\/v2\/posts"}],"about":[{"href":"https:\/\/news.canadamotorjobs.com\/fr\/wp-json\/wp\/v2\/types\/post"}],"author":[{"embeddable":true,"href":"https:\/\/news.canadamotorjobs.com\/fr\/wp-json\/wp\/v2\/users\/8"}],"replies":[{"embeddable":true,"href":"https:\/\/news.canadamotorjobs.com\/fr\/wp-json\/wp\/v2\/comments?post=168235"}],"version-history":[{"count":2,"href":"https:\/\/news.canadamotorjobs.com\/fr\/wp-json\/wp\/v2\/posts\/168235\/revisions"}],"predecessor-version":[{"id":168239,"href":"https:\/\/news.canadamotorjobs.com\/fr\/wp-json\/wp\/v2\/posts\/168235\/revisions\/168239"}],"wp:featuredmedia":[{"embeddable":true,"href":"https:\/\/news.canadamotorjobs.com\/fr\/wp-json\/wp\/v2\/media\/168237"}],"wp:attachment":[{"href":"https:\/\/news.canadamotorjobs.com\/fr\/wp-json\/wp\/v2\/media?parent=168235"}],"wp:term":[{"taxonomy":"category","embeddable":true,"href":"https:\/\/news.canadamotorjobs.com\/fr\/wp-json\/wp\/v2\/categories?post=168235"},{"taxonomy":"post_tag","embeddable":true,"href":"https:\/\/news.canadamotorjobs.com\/fr\/wp-json\/wp\/v2\/tags?post=168235"}],"curies":[{"name":"wp","href":"https:\/\/api.w.org\/{rel}","templated":true}]}}