{"id":168216,"date":"2024-07-03T08:05:34","date_gmt":"2024-07-03T12:05:34","guid":{"rendered":"https:\/\/news.canadamotorjobs.com\/?p=168216"},"modified":"2024-07-03T08:14:20","modified_gmt":"2024-07-03T12:14:20","slug":"rappel-massif-pour-les-mustangs-2022-2023","status":"publish","type":"post","link":"https:\/\/news.canadamotorjobs.com\/fr\/rappel-massif-pour-les-mustangs-2022-2023\/","title":{"rendered":"Rappel massif pour les Mustangs 2022-2023"},"content":{"rendered":"<\/p>\n<p>Ford a r\u00e9cemment identifi\u00e9 un probl\u00e8me critique affectant certains mod\u00e8les de <a href=\"https:\/\/annuelauto.ca\/une-7e-generation-pour-les-60-ans-de-la-mustang\/\">Mustang<\/a> fastback et cabriolet des ann\u00e9es 2022 et 2023. Selon le g\u00e9ant automobile bas\u00e9 \u00e0 Dearborn, un capteur de couple de direction pourrait ne pas \u00eatre correctement calibr\u00e9, provoquant ainsi des mouvements lat\u00e9raux inattendus du volant, contre la volont\u00e9 du conducteur.<\/p>\n<h3><strong>Un capteur de direction d\u00e9fectueux<\/strong><\/h3>\n<p>\nLe probl\u00e8me provient du fournisseur Nexteer Automotive, qui fournit l&#8217;assemblage de la direction pour ces v\u00e9hicules. Ford a sp\u00e9cifi\u00e9 que le volant pourrait commencer \u00e0 tourner de mani\u00e8re altern\u00e9e dans le sens des aiguilles d&#8217;une montre et dans le sens inverse, si le capteur principal de couple de direction rencontre un probl\u00e8me.<\/p>\n<p>La cause de cette anomalie est due \u00e0 une polarit\u00e9 invers\u00e9e du capteur secondaire de couple de direction, qui entra\u00eene une assistance de direction \u00e9lectronique non souhait\u00e9e. Suite \u00e0 une notification du fournisseur concernant un probl\u00e8me d&#8217;assemblage de la direction, Ford a lanc\u00e9 une enqu\u00eate en mai 2024.<\/p>\n<h3><strong>Rappel de 30 735 v\u00e9hicules concern\u00e9s<\/strong><\/h3>\n<p>\nApr\u00e8s avoir examin\u00e9 les rapports de garantie, Ford a d\u00e9couvert deux r\u00e9clamations potentiellement li\u00e9es \u00e0 cette condition de rappel. Heureusement, aucun accident n&#8217;a \u00e9t\u00e9 signal\u00e9 jusqu&#8217;\u00e0 pr\u00e9sent. Les concessionnaires des instructions pour mettre \u00e0 jour le module de commande de la direction assist\u00e9e avec un logiciel qui calibre le capteur secondaire de couple \u00e0 la polarit\u00e9 correcte. Le num\u00e9ro de pi\u00e8ce Ford pour cette mise \u00e0 jour logicielle est LR3C-14D003-AC.<\/p>\n<p>Les propri\u00e9taires des v\u00e9hicules concern\u00e9s seront inform\u00e9s par courrier entre le 5 et le 12 ao\u00fbt. Ford n&#8217;a pas encore fourni de d\u00e9tails suppl\u00e9mentaires sur les Mustang affect\u00e9es, mis \u00e0 part les ann\u00e9es mod\u00e8les (2022 et 2023) et les dates de production (du 15 septembre 2022 au 5 avril 2023). Il est important de noter que 2022 a marqu\u00e9 la derni\u00e8re ann\u00e9e de la Shelby GT500 de la g\u00e9n\u00e9ration S550, tandis que 2023 a \u00e9t\u00e9 la neuvi\u00e8me et derni\u00e8re ann\u00e9e mod\u00e8le de la sixi\u00e8me g\u00e9n\u00e9ration de Mustang.<\/p>\n<p>Avec des renseignements de Auto-evolution<\/p>\n<p>Le texte <a rel=\"nofollow\" href=\"https:\/\/annuelauto.ca\/rappel-massif-pour-les-mustangs-2022-2023\/\">Rappel massif pour les Mustangs 2022-2023<\/a> provient de <a rel=\"nofollow\" href=\"https:\/\/annuelauto.ca\">L&#8217;annuel de l&#8217;automobile &#8211; Actualit\u00e9 automobile<\/a><\/p>\n<p><\/p>\n","protected":false},"excerpt":{"rendered":"<p>Ford a r\u00e9cemment identifi\u00e9 un probl\u00e8me critique affectant certains mod\u00e8les de Mustang fastback et cabriolet des ann\u00e9es 2022 et 2023. Selon le g\u00e9ant automobile bas\u00e9 \u00e0 Dearborn, un capteur de couple de direction pourrait ne pas \u00eatre correctement calibr\u00e9, provoquant ainsi des mouvements lat\u00e9raux inattendus du volant, contre la volont\u00e9 du conducteur. Un capteur de [&hellip;]<\/p>\n","protected":false},"author":8,"featured_media":168218,"comment_status":"close","ping_status":"closed","sticky":false,"template":"","format":"standard","meta":{"_monsterinsights_skip_tracking":false,"_monsterinsights_sitenote_active":false,"_monsterinsights_sitenote_note":"","_monsterinsights_sitenote_category":0,"footnotes":""},"categories":[101],"tags":[],"yoast_head":"<!-- This site is optimized with the Yoast SEO plugin v23.2 - https:\/\/yoast.com\/wordpress\/plugins\/seo\/ -->\n<title>Rappel massif pour les Mustangs 2022-2023 - CanadaMotorJobs.com<\/title>\n<meta name=\"description\" content=\"Rappel massif pour les Mustangs 2022-2023 - Benoit Charette - Annuel automobile - CanadaMotorJobs.com.\" \/>\n<meta name=\"robots\" content=\"index, follow, max-snippet:-1, max-image-preview:large, max-video-preview:-1\" \/>\n<meta property=\"og:locale\" content=\"fr_CA\" \/>\n<meta property=\"og:type\" content=\"article\" \/>\n<meta property=\"og:title\" content=\"Rappel massif pour les Mustangs 2022-2023 - CanadaMotorJobs.com\" \/>\n<meta property=\"og:description\" content=\"Rappel massif pour les Mustangs 2022-2023 - Benoit Charette - Annuel automobile - CanadaMotorJobs.com.\" \/>\n<meta property=\"og:url\" content=\"https:\/\/news.canadamotorjobs.com\/fr\/rappel-massif-pour-les-mustangs-2022-2023\/\" \/>\n<meta property=\"og:site_name\" content=\"CanadaMotorJobs.com\" \/>\n<meta property=\"article:publisher\" content=\"https:\/\/www.facebook.com\/canadamotorjobs\/\" \/>\n<meta property=\"article:published_time\" content=\"2024-07-03T12:05:34+00:00\" \/>\n<meta property=\"article:modified_time\" content=\"2024-07-03T12:14:20+00:00\" \/>\n<meta property=\"og:image\" content=\"https:\/\/news.canadamotorjobs.com\/wp-content\/uploads\/2024\/07\/2024-Mustang-09-1024x683-1.jpg\" \/>\n\t<meta property=\"og:image:width\" content=\"1024\" \/>\n\t<meta property=\"og:image:height\" content=\"683\" \/>\n\t<meta property=\"og:image:type\" content=\"image\/jpeg\" \/>\n<meta name=\"author\" content=\"Benoit Charette\" \/>\n<meta name=\"twitter:card\" content=\"summary_large_image\" \/>\n<meta name=\"twitter:creator\" content=\"@canadamotorjobs\" \/>\n<meta name=\"twitter:site\" content=\"@canadamotorjobs\" \/>\n<meta name=\"twitter:label1\" content=\"\u00c9crit par\" \/>\n\t<meta name=\"twitter:data1\" content=\"Benoit Charette\" \/>\n\t<meta name=\"twitter:label2\" content=\"Estimation du temps de lecture\" \/>\n\t<meta name=\"twitter:data2\" content=\"2 minutes\" \/>\n<!-- \/ Yoast SEO plugin. -->","yoast_head_json":{"title":"Rappel massif pour les Mustangs 2022-2023 - CanadaMotorJobs.com","description":"Rappel massif pour les Mustangs 2022-2023 - Benoit Charette - Annuel automobile - CanadaMotorJobs.com.","robots":{"index":"index","follow":"follow","max-snippet":"max-snippet:-1","max-image-preview":"max-image-preview:large","max-video-preview":"max-video-preview:-1"},"og_locale":"fr_CA","og_type":"article","og_title":"Rappel massif pour les Mustangs 2022-2023 - CanadaMotorJobs.com","og_description":"Rappel massif pour les Mustangs 2022-2023 - Benoit Charette - Annuel automobile - CanadaMotorJobs.com.","og_url":"https:\/\/news.canadamotorjobs.com\/fr\/rappel-massif-pour-les-mustangs-2022-2023\/","og_site_name":"CanadaMotorJobs.com","article_publisher":"https:\/\/www.facebook.com\/canadamotorjobs\/","article_published_time":"2024-07-03T12:05:34+00:00","article_modified_time":"2024-07-03T12:14:20+00:00","og_image":[{"width":1024,"height":683,"url":"https:\/\/news.canadamotorjobs.com\/wp-content\/uploads\/2024\/07\/2024-Mustang-09-1024x683-1.jpg","type":"image\/jpeg"}],"author":"Benoit Charette","twitter_card":"summary_large_image","twitter_creator":"@canadamotorjobs","twitter_site":"@canadamotorjobs","twitter_misc":{"\u00c9crit par":"Benoit Charette","Estimation du temps de lecture":"2 minutes"},"schema":{"@context":"https:\/\/schema.org","@graph":[{"@type":"Article","@id":"https:\/\/news.canadamotorjobs.com\/fr\/rappel-massif-pour-les-mustangs-2022-2023\/#article","isPartOf":{"@id":"https:\/\/news.canadamotorjobs.com\/fr\/rappel-massif-pour-les-mustangs-2022-2023\/"},"author":{"name":"Benoit Charette","@id":"https:\/\/news.canadamotorjobs.com\/#\/schema\/person\/51793d1f87d44011d7bcc2ed99269a90"},"headline":"Rappel massif pour les Mustangs 2022-2023","datePublished":"2024-07-03T12:05:34+00:00","dateModified":"2024-07-03T12:14:20+00:00","mainEntityOfPage":{"@id":"https:\/\/news.canadamotorjobs.com\/fr\/rappel-massif-pour-les-mustangs-2022-2023\/"},"wordCount":381,"publisher":{"@id":"https:\/\/news.canadamotorjobs.com\/#organization"},"image":{"@id":"https:\/\/news.canadamotorjobs.com\/fr\/rappel-massif-pour-les-mustangs-2022-2023\/#primaryimage"},"thumbnailUrl":"https:\/\/news.canadamotorjobs.com\/wp-content\/uploads\/2024\/07\/2024-Mustang-09-1024x683-1.jpg","articleSection":["Annuel automobile"],"inLanguage":"fr-CA"},{"@type":"WebPage","@id":"https:\/\/news.canadamotorjobs.com\/fr\/rappel-massif-pour-les-mustangs-2022-2023\/","url":"https:\/\/news.canadamotorjobs.com\/fr\/rappel-massif-pour-les-mustangs-2022-2023\/","name":"Rappel massif pour les Mustangs 2022-2023 - CanadaMotorJobs.com","isPartOf":{"@id":"https:\/\/news.canadamotorjobs.com\/#website"},"primaryImageOfPage":{"@id":"https:\/\/news.canadamotorjobs.com\/fr\/rappel-massif-pour-les-mustangs-2022-2023\/#primaryimage"},"image":{"@id":"https:\/\/news.canadamotorjobs.com\/fr\/rappel-massif-pour-les-mustangs-2022-2023\/#primaryimage"},"thumbnailUrl":"https:\/\/news.canadamotorjobs.com\/wp-content\/uploads\/2024\/07\/2024-Mustang-09-1024x683-1.jpg","datePublished":"2024-07-03T12:05:34+00:00","dateModified":"2024-07-03T12:14:20+00:00","description":"Rappel massif pour les Mustangs 2022-2023 - Benoit Charette - Annuel automobile - CanadaMotorJobs.com.","breadcrumb":{"@id":"https:\/\/news.canadamotorjobs.com\/fr\/rappel-massif-pour-les-mustangs-2022-2023\/#breadcrumb"},"inLanguage":"fr-CA","potentialAction":[{"@type":"ReadAction","target":["https:\/\/news.canadamotorjobs.com\/fr\/rappel-massif-pour-les-mustangs-2022-2023\/"]}]},{"@type":"ImageObject","inLanguage":"fr-CA","@id":"https:\/\/news.canadamotorjobs.com\/fr\/rappel-massif-pour-les-mustangs-2022-2023\/#primaryimage","url":"https:\/\/news.canadamotorjobs.com\/wp-content\/uploads\/2024\/07\/2024-Mustang-09-1024x683-1.jpg","contentUrl":"https:\/\/news.canadamotorjobs.com\/wp-content\/uploads\/2024\/07\/2024-Mustang-09-1024x683-1.jpg","width":1024,"height":683},{"@type":"BreadcrumbList","@id":"https:\/\/news.canadamotorjobs.com\/fr\/rappel-massif-pour-les-mustangs-2022-2023\/#breadcrumb","itemListElement":[{"@type":"ListItem","position":1,"name":"Home","item":"https:\/\/news.canadamotorjobs.com\/fr\/blog\/"},{"@type":"ListItem","position":2,"name":"Rappel massif pour les Mustangs 2022-2023"}]},{"@type":"WebSite","@id":"https:\/\/news.canadamotorjobs.com\/#website","url":"https:\/\/news.canadamotorjobs.com\/","name":"CanadaMotorJobs.com","description":"Automotive Jobs","publisher":{"@id":"https:\/\/news.canadamotorjobs.com\/#organization"},"potentialAction":[{"@type":"SearchAction","target":{"@type":"EntryPoint","urlTemplate":"https:\/\/news.canadamotorjobs.com\/?s={search_term_string}"},"query-input":"required name=search_term_string"}],"inLanguage":"fr-CA"},{"@type":"Organization","@id":"https:\/\/news.canadamotorjobs.com\/#organization","name":"Canada Motor Jobs","url":"https:\/\/news.canadamotorjobs.com\/","logo":{"@type":"ImageObject","inLanguage":"fr-CA","@id":"https:\/\/news.canadamotorjobs.com\/#\/schema\/logo\/image\/","url":"https:\/\/news.canadamotorjobs.com\/wp-content\/uploads\/2022\/10\/logo-canada-motor-jobs-1.png","contentUrl":"https:\/\/news.canadamotorjobs.com\/wp-content\/uploads\/2022\/10\/logo-canada-motor-jobs-1.png","width":800,"height":400,"caption":"Canada Motor Jobs"},"image":{"@id":"https:\/\/news.canadamotorjobs.com\/#\/schema\/logo\/image\/"},"sameAs":["https:\/\/www.facebook.com\/canadamotorjobs\/","https:\/\/x.com\/canadamotorjobs","https:\/\/www.instagram.com\/canadamotorjobs\/","https:\/\/www.linkedin.com\/company\/canadamotorjobs"]},{"@type":"Person","@id":"https:\/\/news.canadamotorjobs.com\/#\/schema\/person\/51793d1f87d44011d7bcc2ed99269a90","name":"Benoit Charette","image":{"@type":"ImageObject","inLanguage":"fr-CA","@id":"https:\/\/news.canadamotorjobs.com\/#\/schema\/person\/image\/","url":"https:\/\/secure.gravatar.com\/avatar\/45f3d2eebcccd909668d7ce7ea7267b6?s=96&d=mm&r=g","contentUrl":"https:\/\/secure.gravatar.com\/avatar\/45f3d2eebcccd909668d7ce7ea7267b6?s=96&d=mm&r=g","caption":"Benoit Charette"},"description":"Benoit Charette \/ Propri\u00e9taire et r\u00e9dacteur en chef Benoit Charette pratique le journalisme automobile depuis bient\u00f4t 30 ans. Il a fait ses classes au c\u00f4t\u00e9 de Daniel H\u00e9raud et au Carnet de route de 1992 \u00e0 2001. Il est fondateur, copropri\u00e9taire et r\u00e9dacteur en chef de L\u2019Annuel de l\u2019automobile, qu\u2019il publie depuis 2001. Il a anim\u00e9 les \u00e9missions RPM et RPM+ sur V et les L\u00e9gendes de la route sur Historia. \u00c0 la radio depuis 1986, il reprend l\u2019antenne cette ann\u00e9e sur les ondes de Cogeco et participe pour la deuxi\u00e8me ann\u00e9e \u00e0 l\u2019\u00e9mission Passion Auto sur RDS en plus de mettre en ligne le site Web officiel de L\u2019Annuel de l\u2019automobile sur annuelauto.ca.","sameAs":["https:\/\/annuelauto.ca\/"],"url":"https:\/\/news.canadamotorjobs.com\/fr\/author\/benoit-charette\/"}]}},"_links":{"self":[{"href":"https:\/\/news.canadamotorjobs.com\/fr\/wp-json\/wp\/v2\/posts\/168216"}],"collection":[{"href":"https:\/\/news.canadamotorjobs.com\/fr\/wp-json\/wp\/v2\/posts"}],"about":[{"href":"https:\/\/news.canadamotorjobs.com\/fr\/wp-json\/wp\/v2\/types\/post"}],"author":[{"embeddable":true,"href":"https:\/\/news.canadamotorjobs.com\/fr\/wp-json\/wp\/v2\/users\/8"}],"replies":[{"embeddable":true,"href":"https:\/\/news.canadamotorjobs.com\/fr\/wp-json\/wp\/v2\/comments?post=168216"}],"version-history":[{"count":2,"href":"https:\/\/news.canadamotorjobs.com\/fr\/wp-json\/wp\/v2\/posts\/168216\/revisions"}],"predecessor-version":[{"id":168220,"href":"https:\/\/news.canadamotorjobs.com\/fr\/wp-json\/wp\/v2\/posts\/168216\/revisions\/168220"}],"wp:featuredmedia":[{"embeddable":true,"href":"https:\/\/news.canadamotorjobs.com\/fr\/wp-json\/wp\/v2\/media\/168218"}],"wp:attachment":[{"href":"https:\/\/news.canadamotorjobs.com\/fr\/wp-json\/wp\/v2\/media?parent=168216"}],"wp:term":[{"taxonomy":"category","embeddable":true,"href":"https:\/\/news.canadamotorjobs.com\/fr\/wp-json\/wp\/v2\/categories?post=168216"},{"taxonomy":"post_tag","embeddable":true,"href":"https:\/\/news.canadamotorjobs.com\/fr\/wp-json\/wp\/v2\/tags?post=168216"}],"curies":[{"name":"wp","href":"https:\/\/api.w.org\/{rel}","templated":true}]}}