{"id":168162,"date":"2024-07-03T07:18:00","date_gmt":"2024-07-03T11:18:00","guid":{"rendered":"https:\/\/news.canadamotorjobs.com\/?p=168162"},"modified":"2024-07-03T07:29:24","modified_gmt":"2024-07-03T11:29:24","slug":"northvolt-reoriente-sa-strategie-de-developpement-pour-se-concentrer-sur-la-suede","status":"publish","type":"post","link":"https:\/\/news.canadamotorjobs.com\/fr\/northvolt-reoriente-sa-strategie-de-developpement-pour-se-concentrer-sur-la-suede\/","title":{"rendered":"Northvolt r\u00e9oriente sa strat\u00e9gie de d\u00e9veloppement pour se concentrer sur la Su\u00e8de"},"content":{"rendered":"<\/p>\n<p>Northvolt, le g\u00e9ant su\u00e9dois des batteries \u00e9lectriques, a annonc\u00e9 mardi qu\u2019il allait ralentir son expansion internationale pour se focaliser sur son usine phare situ\u00e9e dans le nord de la Su\u00e8de.<\/p>\n<h3><strong>Un projet de taille en Mont\u00e9r\u00e9gie<\/strong><\/h3>\n<p>\nParmi ses projets internationaux, Northvolt est engag\u00e9 dans la construction d\u2019une usine g\u00e9ante en Mont\u00e9r\u00e9gie, au sud de Montr\u00e9al, pour un investissement initial de 7,3 milliards de dollars. La soci\u00e9t\u00e9 a \u00e9galement des projets de plusieurs milliards de dollars en cours en Allemagne et \u00e0 G\u00f6teborg, en Su\u00e8de.<\/p>\n<h3><strong>Priorit\u00e9 \u00e0 Skellefte\u00e5<\/strong><\/h3>\n<p>\n\u00ab Pour avancer en Allemagne et en Mont\u00e9r\u00e9gie, il est essentiel que Skellefte\u00e5 soit notre base de r\u00e9f\u00e9rence, \u00bb a d\u00e9clar\u00e9 Peter Carlsson, PDG de Northvolt, lors d\u2019un entretien avec le quotidien \u00e9conomique su\u00e9dois <em>Dagens Industri<\/em>. Il a ajout\u00e9 : \u00ab Maintenant que nous avons pris du retard, nous devons revoir nos priorit\u00e9s. \u00bb<\/p>\n<h3>Incertitudes sur le projet Mont\u00e9r\u00e9gien<\/h3>\n<p>\n\u00c0 Montr\u00e9al, les r\u00e9percussions sur le complexe technologique \u00e0 Saint-Basile-le-Grand et McMasterville, sur la Rive-Sud, restent floues. Laurent Therrien, directeur des affaires publiques et des communications de Northvolt en Am\u00e9rique du Nord, a tent\u00e9 de rassurer en affirmant que l\u2019engagement envers le Qu\u00e9bec demeurait intact.<\/p>\n<h3><strong>Revue strat\u00e9gique en cours<\/strong><\/h3>\n<p>\nTherrien a pr\u00e9cis\u00e9 que l&#8217;entreprise \u00e9tait en phase de revue strat\u00e9gique, ce qui influencera les d\u00e9lais des diff\u00e9rents projets. \u00ab Northvolt est en discussion avec les autorit\u00e9s, les clients et les investisseurs, \u00bb a-t-il soulign\u00e9 sans fournir de d\u00e9tails suppl\u00e9mentaires.<\/p>\n<h3>Un optimisme mesur\u00e9<\/h3>\n<p>\nLa Caisse de d\u00e9p\u00f4t et placement du Qu\u00e9bec (CDPQ) a r\u00e9agi en d\u00e9clarant que son int\u00e9r\u00eat pour la cha\u00eene de valeur des batteries restait fort, compte tenu des perspectives d&#8217;expansion dans les ann\u00e9es \u00e0 venir.<\/p>\n<h3><strong>R\u00e9visions des attentes<\/strong><\/h3>\n<p>\nLe PDG de Northvolt a admis : \u00ab Nous avons \u00e9t\u00e9 un peu trop audacieux dans notre plan d&#8217;expansion, et c&#8217;est ce que nous r\u00e9\u00e9valuons actuellement. \u00bb Il a indiqu\u00e9 que la production de cellules de batteries \u00e0 pleine capacit\u00e9 en Su\u00e8de serait repouss\u00e9e \u00e0 2026, au lieu de 2023 initialement pr\u00e9vu.<\/p>\n<h3>D\u00e9fis et concurrence<\/h3>\n<p>\nL&#8217;industrie automobile conna\u00eet une croissance plus lente de la demande pour les v\u00e9hicules \u00e9lectriques et une concurrence accrue. Northvolt d\u00e9ment toute accusation de pr\u00e9cipitation au d\u00e9triment de la s\u00e9curit\u00e9, suite \u00e0 une enqu\u00eate polici\u00e8re su\u00e9doise sur des d\u00e9c\u00e8s survenus sur son site.<\/p>\n<h3><strong>Un pilier europ\u00e9en de la batterie<\/strong><\/h3>\n<p>\nNorthvolt reste un espoir majeur pour l\u2019Europe dans le secteur des batteries, alors que le continent cherche \u00e0 combler son retard face aux g\u00e9ants asiatiques et am\u00e9ricains.<\/p>\n<p>Avec des renseignements de Radio-Canada<\/p>\n<p>Le texte <a rel=\"nofollow\" href=\"https:\/\/annuelauto.ca\/northvolt-reoriente-sa-strategie-de-developpement-pour-se-concentrer-sur-la-suede\/\">Northvolt r\u00e9oriente sa strat\u00e9gie de d\u00e9veloppement pour se concentrer sur la Su\u00e8de<\/a> provient de <a rel=\"nofollow\" href=\"https:\/\/annuelauto.ca\">L&#8217;annuel de l&#8217;automobile &#8211; Actualit\u00e9 automobile<\/a><\/p>\n<p><\/p>\n","protected":false},"excerpt":{"rendered":"<p>Northvolt, le g\u00e9ant su\u00e9dois des batteries \u00e9lectriques, a annonc\u00e9 mardi qu\u2019il allait ralentir son expansion internationale pour se focaliser sur son usine phare situ\u00e9e dans le nord de la Su\u00e8de. Un projet de taille en Mont\u00e9r\u00e9gie Parmi ses projets internationaux, Northvolt est engag\u00e9 dans la construction d\u2019une usine g\u00e9ante en Mont\u00e9r\u00e9gie, au sud de Montr\u00e9al, [&hellip;]<\/p>\n","protected":false},"author":8,"featured_media":168164,"comment_status":"close","ping_status":"closed","sticky":false,"template":"","format":"standard","meta":{"_monsterinsights_skip_tracking":false,"_monsterinsights_sitenote_active":false,"_monsterinsights_sitenote_note":"","_monsterinsights_sitenote_category":0,"footnotes":""},"categories":[101],"tags":[],"yoast_head":"<!-- This site is optimized with the Yoast SEO plugin v23.2 - https:\/\/yoast.com\/wordpress\/plugins\/seo\/ -->\n<title>Northvolt r\u00e9oriente sa strat\u00e9gie de d\u00e9veloppement pour se concentrer sur la Su\u00e8de - CanadaMotorJobs.com<\/title>\n<meta name=\"description\" content=\"Northvolt r\u00e9oriente sa strat\u00e9gie de d\u00e9veloppement pour se concentrer sur la Su\u00e8de - Benoit Charette - Annuel automobile - CanadaMotorJobs.com.\" \/>\n<meta name=\"robots\" content=\"index, follow, max-snippet:-1, max-image-preview:large, max-video-preview:-1\" \/>\n<meta property=\"og:locale\" content=\"fr_CA\" \/>\n<meta property=\"og:type\" content=\"article\" \/>\n<meta property=\"og:title\" content=\"Northvolt r\u00e9oriente sa strat\u00e9gie de d\u00e9veloppement pour se concentrer sur la Su\u00e8de - CanadaMotorJobs.com\" \/>\n<meta property=\"og:description\" content=\"Northvolt r\u00e9oriente sa strat\u00e9gie de d\u00e9veloppement pour se concentrer sur la Su\u00e8de - Benoit Charette - Annuel automobile - CanadaMotorJobs.com.\" \/>\n<meta property=\"og:url\" content=\"https:\/\/news.canadamotorjobs.com\/fr\/northvolt-reoriente-sa-strategie-de-developpement-pour-se-concentrer-sur-la-suede\/\" \/>\n<meta property=\"og:site_name\" content=\"CanadaMotorJobs.com\" \/>\n<meta property=\"article:publisher\" content=\"https:\/\/www.facebook.com\/canadamotorjobs\/\" \/>\n<meta property=\"article:published_time\" content=\"2024-07-03T11:18:00+00:00\" \/>\n<meta property=\"article:modified_time\" content=\"2024-07-03T11:29:24+00:00\" \/>\n<meta property=\"og:image\" content=\"https:\/\/news.canadamotorjobs.com\/wp-content\/uploads\/2024\/07\/northvolt.png\" \/>\n\t<meta property=\"og:image:width\" content=\"1385\" \/>\n\t<meta property=\"og:image:height\" content=\"747\" \/>\n\t<meta property=\"og:image:type\" content=\"image\/png\" \/>\n<meta name=\"author\" content=\"Benoit Charette\" \/>\n<meta name=\"twitter:card\" content=\"summary_large_image\" \/>\n<meta name=\"twitter:creator\" content=\"@canadamotorjobs\" \/>\n<meta name=\"twitter:site\" content=\"@canadamotorjobs\" \/>\n<meta name=\"twitter:label1\" content=\"\u00c9crit par\" \/>\n\t<meta name=\"twitter:data1\" content=\"Benoit Charette\" \/>\n\t<meta name=\"twitter:label2\" content=\"Estimation du temps de lecture\" \/>\n\t<meta name=\"twitter:data2\" content=\"2 minutes\" \/>\n<!-- \/ Yoast SEO plugin. -->","yoast_head_json":{"title":"Northvolt r\u00e9oriente sa strat\u00e9gie de d\u00e9veloppement pour se concentrer sur la Su\u00e8de - CanadaMotorJobs.com","description":"Northvolt r\u00e9oriente sa strat\u00e9gie de d\u00e9veloppement pour se concentrer sur la Su\u00e8de - Benoit Charette - Annuel automobile - CanadaMotorJobs.com.","robots":{"index":"index","follow":"follow","max-snippet":"max-snippet:-1","max-image-preview":"max-image-preview:large","max-video-preview":"max-video-preview:-1"},"og_locale":"fr_CA","og_type":"article","og_title":"Northvolt r\u00e9oriente sa strat\u00e9gie de d\u00e9veloppement pour se concentrer sur la Su\u00e8de - CanadaMotorJobs.com","og_description":"Northvolt r\u00e9oriente sa strat\u00e9gie de d\u00e9veloppement pour se concentrer sur la Su\u00e8de - Benoit Charette - Annuel automobile - CanadaMotorJobs.com.","og_url":"https:\/\/news.canadamotorjobs.com\/fr\/northvolt-reoriente-sa-strategie-de-developpement-pour-se-concentrer-sur-la-suede\/","og_site_name":"CanadaMotorJobs.com","article_publisher":"https:\/\/www.facebook.com\/canadamotorjobs\/","article_published_time":"2024-07-03T11:18:00+00:00","article_modified_time":"2024-07-03T11:29:24+00:00","og_image":[{"width":1385,"height":747,"url":"https:\/\/news.canadamotorjobs.com\/wp-content\/uploads\/2024\/07\/northvolt.png","type":"image\/png"}],"author":"Benoit Charette","twitter_card":"summary_large_image","twitter_creator":"@canadamotorjobs","twitter_site":"@canadamotorjobs","twitter_misc":{"\u00c9crit par":"Benoit Charette","Estimation du temps de lecture":"2 minutes"},"schema":{"@context":"https:\/\/schema.org","@graph":[{"@type":"Article","@id":"https:\/\/news.canadamotorjobs.com\/fr\/northvolt-reoriente-sa-strategie-de-developpement-pour-se-concentrer-sur-la-suede\/#article","isPartOf":{"@id":"https:\/\/news.canadamotorjobs.com\/fr\/northvolt-reoriente-sa-strategie-de-developpement-pour-se-concentrer-sur-la-suede\/"},"author":{"name":"Benoit Charette","@id":"https:\/\/news.canadamotorjobs.com\/#\/schema\/person\/51793d1f87d44011d7bcc2ed99269a90"},"headline":"Northvolt r\u00e9oriente sa strat\u00e9gie de d\u00e9veloppement pour se concentrer sur la Su\u00e8de","datePublished":"2024-07-03T11:18:00+00:00","dateModified":"2024-07-03T11:29:24+00:00","mainEntityOfPage":{"@id":"https:\/\/news.canadamotorjobs.com\/fr\/northvolt-reoriente-sa-strategie-de-developpement-pour-se-concentrer-sur-la-suede\/"},"wordCount":505,"publisher":{"@id":"https:\/\/news.canadamotorjobs.com\/#organization"},"image":{"@id":"https:\/\/news.canadamotorjobs.com\/fr\/northvolt-reoriente-sa-strategie-de-developpement-pour-se-concentrer-sur-la-suede\/#primaryimage"},"thumbnailUrl":"https:\/\/news.canadamotorjobs.com\/wp-content\/uploads\/2024\/07\/northvolt.png","articleSection":["Annuel automobile"],"inLanguage":"fr-CA"},{"@type":"WebPage","@id":"https:\/\/news.canadamotorjobs.com\/fr\/northvolt-reoriente-sa-strategie-de-developpement-pour-se-concentrer-sur-la-suede\/","url":"https:\/\/news.canadamotorjobs.com\/fr\/northvolt-reoriente-sa-strategie-de-developpement-pour-se-concentrer-sur-la-suede\/","name":"Northvolt r\u00e9oriente sa strat\u00e9gie de d\u00e9veloppement pour se concentrer sur la Su\u00e8de - CanadaMotorJobs.com","isPartOf":{"@id":"https:\/\/news.canadamotorjobs.com\/#website"},"primaryImageOfPage":{"@id":"https:\/\/news.canadamotorjobs.com\/fr\/northvolt-reoriente-sa-strategie-de-developpement-pour-se-concentrer-sur-la-suede\/#primaryimage"},"image":{"@id":"https:\/\/news.canadamotorjobs.com\/fr\/northvolt-reoriente-sa-strategie-de-developpement-pour-se-concentrer-sur-la-suede\/#primaryimage"},"thumbnailUrl":"https:\/\/news.canadamotorjobs.com\/wp-content\/uploads\/2024\/07\/northvolt.png","datePublished":"2024-07-03T11:18:00+00:00","dateModified":"2024-07-03T11:29:24+00:00","description":"Northvolt r\u00e9oriente sa strat\u00e9gie de d\u00e9veloppement pour se concentrer sur la Su\u00e8de - Benoit Charette - Annuel automobile - CanadaMotorJobs.com.","breadcrumb":{"@id":"https:\/\/news.canadamotorjobs.com\/fr\/northvolt-reoriente-sa-strategie-de-developpement-pour-se-concentrer-sur-la-suede\/#breadcrumb"},"inLanguage":"fr-CA","potentialAction":[{"@type":"ReadAction","target":["https:\/\/news.canadamotorjobs.com\/fr\/northvolt-reoriente-sa-strategie-de-developpement-pour-se-concentrer-sur-la-suede\/"]}]},{"@type":"ImageObject","inLanguage":"fr-CA","@id":"https:\/\/news.canadamotorjobs.com\/fr\/northvolt-reoriente-sa-strategie-de-developpement-pour-se-concentrer-sur-la-suede\/#primaryimage","url":"https:\/\/news.canadamotorjobs.com\/wp-content\/uploads\/2024\/07\/northvolt.png","contentUrl":"https:\/\/news.canadamotorjobs.com\/wp-content\/uploads\/2024\/07\/northvolt.png","width":1385,"height":747},{"@type":"BreadcrumbList","@id":"https:\/\/news.canadamotorjobs.com\/fr\/northvolt-reoriente-sa-strategie-de-developpement-pour-se-concentrer-sur-la-suede\/#breadcrumb","itemListElement":[{"@type":"ListItem","position":1,"name":"Home","item":"https:\/\/news.canadamotorjobs.com\/fr\/blog\/"},{"@type":"ListItem","position":2,"name":"Northvolt r\u00e9oriente sa strat\u00e9gie de d\u00e9veloppement pour se concentrer sur la Su\u00e8de"}]},{"@type":"WebSite","@id":"https:\/\/news.canadamotorjobs.com\/#website","url":"https:\/\/news.canadamotorjobs.com\/","name":"CanadaMotorJobs.com","description":"Automotive Jobs","publisher":{"@id":"https:\/\/news.canadamotorjobs.com\/#organization"},"potentialAction":[{"@type":"SearchAction","target":{"@type":"EntryPoint","urlTemplate":"https:\/\/news.canadamotorjobs.com\/?s={search_term_string}"},"query-input":"required name=search_term_string"}],"inLanguage":"fr-CA"},{"@type":"Organization","@id":"https:\/\/news.canadamotorjobs.com\/#organization","name":"Canada Motor Jobs","url":"https:\/\/news.canadamotorjobs.com\/","logo":{"@type":"ImageObject","inLanguage":"fr-CA","@id":"https:\/\/news.canadamotorjobs.com\/#\/schema\/logo\/image\/","url":"https:\/\/news.canadamotorjobs.com\/wp-content\/uploads\/2022\/10\/logo-canada-motor-jobs-1.png","contentUrl":"https:\/\/news.canadamotorjobs.com\/wp-content\/uploads\/2022\/10\/logo-canada-motor-jobs-1.png","width":800,"height":400,"caption":"Canada Motor Jobs"},"image":{"@id":"https:\/\/news.canadamotorjobs.com\/#\/schema\/logo\/image\/"},"sameAs":["https:\/\/www.facebook.com\/canadamotorjobs\/","https:\/\/x.com\/canadamotorjobs","https:\/\/www.instagram.com\/canadamotorjobs\/","https:\/\/www.linkedin.com\/company\/canadamotorjobs"]},{"@type":"Person","@id":"https:\/\/news.canadamotorjobs.com\/#\/schema\/person\/51793d1f87d44011d7bcc2ed99269a90","name":"Benoit Charette","image":{"@type":"ImageObject","inLanguage":"fr-CA","@id":"https:\/\/news.canadamotorjobs.com\/#\/schema\/person\/image\/","url":"https:\/\/secure.gravatar.com\/avatar\/45f3d2eebcccd909668d7ce7ea7267b6?s=96&d=mm&r=g","contentUrl":"https:\/\/secure.gravatar.com\/avatar\/45f3d2eebcccd909668d7ce7ea7267b6?s=96&d=mm&r=g","caption":"Benoit Charette"},"description":"Benoit Charette \/ Propri\u00e9taire et r\u00e9dacteur en chef Benoit Charette pratique le journalisme automobile depuis bient\u00f4t 30 ans. Il a fait ses classes au c\u00f4t\u00e9 de Daniel H\u00e9raud et au Carnet de route de 1992 \u00e0 2001. Il est fondateur, copropri\u00e9taire et r\u00e9dacteur en chef de L\u2019Annuel de l\u2019automobile, qu\u2019il publie depuis 2001. Il a anim\u00e9 les \u00e9missions RPM et RPM+ sur V et les L\u00e9gendes de la route sur Historia. \u00c0 la radio depuis 1986, il reprend l\u2019antenne cette ann\u00e9e sur les ondes de Cogeco et participe pour la deuxi\u00e8me ann\u00e9e \u00e0 l\u2019\u00e9mission Passion Auto sur RDS en plus de mettre en ligne le site Web officiel de L\u2019Annuel de l\u2019automobile sur annuelauto.ca.","sameAs":["https:\/\/annuelauto.ca\/"],"url":"https:\/\/news.canadamotorjobs.com\/fr\/author\/benoit-charette\/"}]}},"_links":{"self":[{"href":"https:\/\/news.canadamotorjobs.com\/fr\/wp-json\/wp\/v2\/posts\/168162"}],"collection":[{"href":"https:\/\/news.canadamotorjobs.com\/fr\/wp-json\/wp\/v2\/posts"}],"about":[{"href":"https:\/\/news.canadamotorjobs.com\/fr\/wp-json\/wp\/v2\/types\/post"}],"author":[{"embeddable":true,"href":"https:\/\/news.canadamotorjobs.com\/fr\/wp-json\/wp\/v2\/users\/8"}],"replies":[{"embeddable":true,"href":"https:\/\/news.canadamotorjobs.com\/fr\/wp-json\/wp\/v2\/comments?post=168162"}],"version-history":[{"count":2,"href":"https:\/\/news.canadamotorjobs.com\/fr\/wp-json\/wp\/v2\/posts\/168162\/revisions"}],"predecessor-version":[{"id":168166,"href":"https:\/\/news.canadamotorjobs.com\/fr\/wp-json\/wp\/v2\/posts\/168162\/revisions\/168166"}],"wp:featuredmedia":[{"embeddable":true,"href":"https:\/\/news.canadamotorjobs.com\/fr\/wp-json\/wp\/v2\/media\/168164"}],"wp:attachment":[{"href":"https:\/\/news.canadamotorjobs.com\/fr\/wp-json\/wp\/v2\/media?parent=168162"}],"wp:term":[{"taxonomy":"category","embeddable":true,"href":"https:\/\/news.canadamotorjobs.com\/fr\/wp-json\/wp\/v2\/categories?post=168162"},{"taxonomy":"post_tag","embeddable":true,"href":"https:\/\/news.canadamotorjobs.com\/fr\/wp-json\/wp\/v2\/tags?post=168162"}],"curies":[{"name":"wp","href":"https:\/\/api.w.org\/{rel}","templated":true}]}}