{"id":168135,"date":"2024-07-02T07:43:27","date_gmt":"2024-07-02T11:43:27","guid":{"rendered":"https:\/\/news.canadamotorjobs.com\/?p=168135"},"modified":"2024-07-02T07:44:34","modified_gmt":"2024-07-02T11:44:34","slug":"mazda-celebrera-les-35-ans-de-la-mx-5-miata-avec-une-edition-speciale","status":"publish","type":"post","link":"https:\/\/news.canadamotorjobs.com\/fr\/mazda-celebrera-les-35-ans-de-la-mx-5-miata-avec-une-edition-speciale\/","title":{"rendered":"Mazda c\u00e9l\u00e8brera les 35 ans de la MX-5 Miata avec une \u00e9dition sp\u00e9ciale"},"content":{"rendered":"<\/p>\n<p>Cette ann\u00e9e marque le 35e anniversaire de la Mazda MX-5 Miata, et le constructeur pr\u00e9voit de c\u00e9l\u00e9brer cet \u00e9v\u00e9nement marquant avec une variante sp\u00e9ciale. Lors de la r\u00e9union Karuizawa 2024, fin mai, le chef de programme de la Miata, Shigeki Saito, a confirm\u00e9 que Mazda construira un mod\u00e8le \u00c9dition 35e Anniversaire.<\/p>\n<h3>Un mod\u00e8le anniversaire sans limitation de production<\/h3>\n<p>\nContrairement \u00e0 la voiture \u00c9dition 30e Anniversaire, Mazda ne limitera pas la production \u00e0 un nombre sp\u00e9cifique d&#8217;unit\u00e9s. Selon Saito, Mazda proposera le mod\u00e8le \u00c9dition 35e Anniversaire pendant une p\u00e9riode d\u00e9termin\u00e9e, et toute personne qui passera commande pendant cette p\u00e9riode pourra obtenir ce mod\u00e8le. Toutefois, il n\u2019est pas clair si cette offre sera valable pour tous les march\u00e9s ou uniquement pour le Japon.<\/p>\n<h3>Qu&#8217;attendre de cette \u00e9dition sp\u00e9ciale ?<\/h3>\n<p>\nLes clients peuvent s&#8217;attendre \u00e0 un mod\u00e8le enti\u00e8rement \u00e9quip\u00e9, avec des si\u00e8ges Recaro, des roues uniques, des freins am\u00e9lior\u00e9s, une suspension r\u00e9vis\u00e9e, et d&#8217;autres ajustements. On suppose que la voiture sera dot\u00e9e du m\u00eame moteur quatre cylindres de 2,0 litres et 181 chevaux. Elle arborera \u00e9galement une couleur sp\u00e9ciale qui pourrait \u00eatre verte, selon les indices laiss\u00e9s par Saito. Ce dernier a laiss\u00e9 entendre qu&#8217;il aurait besoin d&#8217;un stylo dor\u00e9 pour signer cette nouvelle variante, mais il faudra attendre pour le savoir avec certitude. Le mod\u00e8le \u00c9dition Anniversaire pr\u00e9c\u00e9dent arborait une teinte Racing Orange avec des accents int\u00e9rieurs orange.<\/p>\n<h3>Une comparaison avec l&#8217;\u00c9dition 30e Anniversaire<\/h3>\n<p>\nEn 2019, Mazda avait limit\u00e9 la production du mod\u00e8le \u00c9dition 30e Anniversaire \u00e0 seulement 3 000 unit\u00e9s dans le monde, dont 500 destin\u00e9es au march\u00e9 am\u00e9ricain. Ce mod\u00e8le \u00e9tait propos\u00e9 \u00e0 partir de 34 995 $, mais l&#8217;\u00c9dition 35e Anniversaire pourrait co\u00fbter plus pr\u00e8s de 40 000 $ lorsqu&#8217;elle sera mise en vente, probablement plus tard cette ann\u00e9e.<\/p>\n<p>Avec des renseignements de Motor 1<\/p>\n<p>\u00a0<\/p>\n<p>Le texte <a rel=\"nofollow\" href=\"https:\/\/annuelauto.ca\/mazda-celebrera-les-35-ans-de-la-mx-5-miata-avec-une-edition-speciale\/\">Mazda c\u00e9l\u00e8brera les 35 ans de la MX-5 Miata avec une \u00e9dition sp\u00e9ciale<\/a> provient de <a rel=\"nofollow\" href=\"https:\/\/annuelauto.ca\">L&#8217;annuel de l&#8217;automobile &#8211; Actualit\u00e9 automobile<\/a><\/p>\n<p><\/p>\n","protected":false},"excerpt":{"rendered":"<p>Cette ann\u00e9e marque le 35e anniversaire de la Mazda MX-5 Miata, et le constructeur pr\u00e9voit de c\u00e9l\u00e9brer cet \u00e9v\u00e9nement marquant avec une variante sp\u00e9ciale. Lors de la r\u00e9union Karuizawa 2024, fin mai, le chef de programme de la Miata, Shigeki Saito, a confirm\u00e9 que Mazda construira un mod\u00e8le \u00c9dition 35e Anniversaire. Un mod\u00e8le anniversaire sans [&hellip;]<\/p>\n","protected":false},"author":8,"featured_media":168137,"comment_status":"close","ping_status":"closed","sticky":false,"template":"","format":"standard","meta":{"_monsterinsights_skip_tracking":false,"_monsterinsights_sitenote_active":false,"_monsterinsights_sitenote_note":"","_monsterinsights_sitenote_category":0,"footnotes":""},"categories":[101],"tags":[],"yoast_head":"<!-- This site is optimized with the Yoast SEO plugin v23.2 - https:\/\/yoast.com\/wordpress\/plugins\/seo\/ -->\n<title>Mazda c\u00e9l\u00e8brera les 35 ans de la MX-5 Miata avec une \u00e9dition sp\u00e9ciale - CanadaMotorJobs.com<\/title>\n<meta name=\"description\" content=\"Mazda c\u00e9l\u00e8brera les 35 ans de la MX-5 Miata avec une \u00e9dition sp\u00e9ciale - Benoit Charette - Annuel automobile - CanadaMotorJobs.com.\" \/>\n<meta name=\"robots\" content=\"index, follow, max-snippet:-1, max-image-preview:large, max-video-preview:-1\" \/>\n<meta property=\"og:locale\" content=\"fr_CA\" \/>\n<meta property=\"og:type\" content=\"article\" \/>\n<meta property=\"og:title\" content=\"Mazda c\u00e9l\u00e8brera les 35 ans de la MX-5 Miata avec une \u00e9dition sp\u00e9ciale - CanadaMotorJobs.com\" \/>\n<meta property=\"og:description\" content=\"Mazda c\u00e9l\u00e8brera les 35 ans de la MX-5 Miata avec une \u00e9dition sp\u00e9ciale - Benoit Charette - Annuel automobile - CanadaMotorJobs.com.\" \/>\n<meta property=\"og:url\" content=\"https:\/\/news.canadamotorjobs.com\/fr\/mazda-celebrera-les-35-ans-de-la-mx-5-miata-avec-une-edition-speciale\/\" \/>\n<meta property=\"og:site_name\" content=\"CanadaMotorJobs.com\" \/>\n<meta property=\"article:publisher\" content=\"https:\/\/www.facebook.com\/canadamotorjobs\/\" \/>\n<meta property=\"article:published_time\" content=\"2024-07-02T11:43:27+00:00\" \/>\n<meta property=\"article:modified_time\" content=\"2024-07-02T11:44:34+00:00\" \/>\n<meta property=\"og:image\" content=\"https:\/\/news.canadamotorjobs.com\/wp-content\/uploads\/2024\/07\/2024-mx5rf-c22-hero-b-dt_new1.jpg\" \/>\n\t<meta property=\"og:image:width\" content=\"1600\" \/>\n\t<meta property=\"og:image:height\" content=\"900\" \/>\n\t<meta property=\"og:image:type\" content=\"image\/jpeg\" \/>\n<meta name=\"author\" content=\"Benoit Charette\" \/>\n<meta name=\"twitter:card\" content=\"summary_large_image\" \/>\n<meta name=\"twitter:creator\" content=\"@canadamotorjobs\" \/>\n<meta name=\"twitter:site\" content=\"@canadamotorjobs\" \/>\n<meta name=\"twitter:label1\" content=\"\u00c9crit par\" \/>\n\t<meta name=\"twitter:data1\" content=\"Benoit Charette\" \/>\n\t<meta name=\"twitter:label2\" content=\"Estimation du temps de lecture\" \/>\n\t<meta name=\"twitter:data2\" content=\"2 minutes\" \/>\n<!-- \/ Yoast SEO plugin. -->","yoast_head_json":{"title":"Mazda c\u00e9l\u00e8brera les 35 ans de la MX-5 Miata avec une \u00e9dition sp\u00e9ciale - CanadaMotorJobs.com","description":"Mazda c\u00e9l\u00e8brera les 35 ans de la MX-5 Miata avec une \u00e9dition sp\u00e9ciale - Benoit Charette - Annuel automobile - CanadaMotorJobs.com.","robots":{"index":"index","follow":"follow","max-snippet":"max-snippet:-1","max-image-preview":"max-image-preview:large","max-video-preview":"max-video-preview:-1"},"og_locale":"fr_CA","og_type":"article","og_title":"Mazda c\u00e9l\u00e8brera les 35 ans de la MX-5 Miata avec une \u00e9dition sp\u00e9ciale - CanadaMotorJobs.com","og_description":"Mazda c\u00e9l\u00e8brera les 35 ans de la MX-5 Miata avec une \u00e9dition sp\u00e9ciale - Benoit Charette - Annuel automobile - CanadaMotorJobs.com.","og_url":"https:\/\/news.canadamotorjobs.com\/fr\/mazda-celebrera-les-35-ans-de-la-mx-5-miata-avec-une-edition-speciale\/","og_site_name":"CanadaMotorJobs.com","article_publisher":"https:\/\/www.facebook.com\/canadamotorjobs\/","article_published_time":"2024-07-02T11:43:27+00:00","article_modified_time":"2024-07-02T11:44:34+00:00","og_image":[{"width":1600,"height":900,"url":"https:\/\/news.canadamotorjobs.com\/wp-content\/uploads\/2024\/07\/2024-mx5rf-c22-hero-b-dt_new1.jpg","type":"image\/jpeg"}],"author":"Benoit Charette","twitter_card":"summary_large_image","twitter_creator":"@canadamotorjobs","twitter_site":"@canadamotorjobs","twitter_misc":{"\u00c9crit par":"Benoit Charette","Estimation du temps de lecture":"2 minutes"},"schema":{"@context":"https:\/\/schema.org","@graph":[{"@type":"Article","@id":"https:\/\/news.canadamotorjobs.com\/fr\/mazda-celebrera-les-35-ans-de-la-mx-5-miata-avec-une-edition-speciale\/#article","isPartOf":{"@id":"https:\/\/news.canadamotorjobs.com\/fr\/mazda-celebrera-les-35-ans-de-la-mx-5-miata-avec-une-edition-speciale\/"},"author":{"name":"Benoit Charette","@id":"https:\/\/news.canadamotorjobs.com\/#\/schema\/person\/51793d1f87d44011d7bcc2ed99269a90"},"headline":"Mazda c\u00e9l\u00e8brera les 35 ans de la MX-5 Miata avec une \u00e9dition sp\u00e9ciale","datePublished":"2024-07-02T11:43:27+00:00","dateModified":"2024-07-02T11:44:34+00:00","mainEntityOfPage":{"@id":"https:\/\/news.canadamotorjobs.com\/fr\/mazda-celebrera-les-35-ans-de-la-mx-5-miata-avec-une-edition-speciale\/"},"wordCount":370,"publisher":{"@id":"https:\/\/news.canadamotorjobs.com\/#organization"},"image":{"@id":"https:\/\/news.canadamotorjobs.com\/fr\/mazda-celebrera-les-35-ans-de-la-mx-5-miata-avec-une-edition-speciale\/#primaryimage"},"thumbnailUrl":"https:\/\/news.canadamotorjobs.com\/wp-content\/uploads\/2024\/07\/2024-mx5rf-c22-hero-b-dt_new1.jpg","articleSection":["Annuel automobile"],"inLanguage":"fr-CA"},{"@type":"WebPage","@id":"https:\/\/news.canadamotorjobs.com\/fr\/mazda-celebrera-les-35-ans-de-la-mx-5-miata-avec-une-edition-speciale\/","url":"https:\/\/news.canadamotorjobs.com\/fr\/mazda-celebrera-les-35-ans-de-la-mx-5-miata-avec-une-edition-speciale\/","name":"Mazda c\u00e9l\u00e8brera les 35 ans de la MX-5 Miata avec une \u00e9dition sp\u00e9ciale - CanadaMotorJobs.com","isPartOf":{"@id":"https:\/\/news.canadamotorjobs.com\/#website"},"primaryImageOfPage":{"@id":"https:\/\/news.canadamotorjobs.com\/fr\/mazda-celebrera-les-35-ans-de-la-mx-5-miata-avec-une-edition-speciale\/#primaryimage"},"image":{"@id":"https:\/\/news.canadamotorjobs.com\/fr\/mazda-celebrera-les-35-ans-de-la-mx-5-miata-avec-une-edition-speciale\/#primaryimage"},"thumbnailUrl":"https:\/\/news.canadamotorjobs.com\/wp-content\/uploads\/2024\/07\/2024-mx5rf-c22-hero-b-dt_new1.jpg","datePublished":"2024-07-02T11:43:27+00:00","dateModified":"2024-07-02T11:44:34+00:00","description":"Mazda c\u00e9l\u00e8brera les 35 ans de la MX-5 Miata avec une \u00e9dition sp\u00e9ciale - Benoit Charette - Annuel automobile - CanadaMotorJobs.com.","breadcrumb":{"@id":"https:\/\/news.canadamotorjobs.com\/fr\/mazda-celebrera-les-35-ans-de-la-mx-5-miata-avec-une-edition-speciale\/#breadcrumb"},"inLanguage":"fr-CA","potentialAction":[{"@type":"ReadAction","target":["https:\/\/news.canadamotorjobs.com\/fr\/mazda-celebrera-les-35-ans-de-la-mx-5-miata-avec-une-edition-speciale\/"]}]},{"@type":"ImageObject","inLanguage":"fr-CA","@id":"https:\/\/news.canadamotorjobs.com\/fr\/mazda-celebrera-les-35-ans-de-la-mx-5-miata-avec-une-edition-speciale\/#primaryimage","url":"https:\/\/news.canadamotorjobs.com\/wp-content\/uploads\/2024\/07\/2024-mx5rf-c22-hero-b-dt_new1.jpg","contentUrl":"https:\/\/news.canadamotorjobs.com\/wp-content\/uploads\/2024\/07\/2024-mx5rf-c22-hero-b-dt_new1.jpg","width":1600,"height":900},{"@type":"BreadcrumbList","@id":"https:\/\/news.canadamotorjobs.com\/fr\/mazda-celebrera-les-35-ans-de-la-mx-5-miata-avec-une-edition-speciale\/#breadcrumb","itemListElement":[{"@type":"ListItem","position":1,"name":"Home","item":"https:\/\/news.canadamotorjobs.com\/fr\/blog\/"},{"@type":"ListItem","position":2,"name":"Mazda c\u00e9l\u00e8brera les 35 ans de la MX-5 Miata avec une \u00e9dition sp\u00e9ciale"}]},{"@type":"WebSite","@id":"https:\/\/news.canadamotorjobs.com\/#website","url":"https:\/\/news.canadamotorjobs.com\/","name":"CanadaMotorJobs.com","description":"Automotive Jobs","publisher":{"@id":"https:\/\/news.canadamotorjobs.com\/#organization"},"potentialAction":[{"@type":"SearchAction","target":{"@type":"EntryPoint","urlTemplate":"https:\/\/news.canadamotorjobs.com\/?s={search_term_string}"},"query-input":"required name=search_term_string"}],"inLanguage":"fr-CA"},{"@type":"Organization","@id":"https:\/\/news.canadamotorjobs.com\/#organization","name":"Canada Motor Jobs","url":"https:\/\/news.canadamotorjobs.com\/","logo":{"@type":"ImageObject","inLanguage":"fr-CA","@id":"https:\/\/news.canadamotorjobs.com\/#\/schema\/logo\/image\/","url":"https:\/\/news.canadamotorjobs.com\/wp-content\/uploads\/2022\/10\/logo-canada-motor-jobs-1.png","contentUrl":"https:\/\/news.canadamotorjobs.com\/wp-content\/uploads\/2022\/10\/logo-canada-motor-jobs-1.png","width":800,"height":400,"caption":"Canada Motor Jobs"},"image":{"@id":"https:\/\/news.canadamotorjobs.com\/#\/schema\/logo\/image\/"},"sameAs":["https:\/\/www.facebook.com\/canadamotorjobs\/","https:\/\/x.com\/canadamotorjobs","https:\/\/www.instagram.com\/canadamotorjobs\/","https:\/\/www.linkedin.com\/company\/canadamotorjobs"]},{"@type":"Person","@id":"https:\/\/news.canadamotorjobs.com\/#\/schema\/person\/51793d1f87d44011d7bcc2ed99269a90","name":"Benoit Charette","image":{"@type":"ImageObject","inLanguage":"fr-CA","@id":"https:\/\/news.canadamotorjobs.com\/#\/schema\/person\/image\/","url":"https:\/\/secure.gravatar.com\/avatar\/45f3d2eebcccd909668d7ce7ea7267b6?s=96&d=mm&r=g","contentUrl":"https:\/\/secure.gravatar.com\/avatar\/45f3d2eebcccd909668d7ce7ea7267b6?s=96&d=mm&r=g","caption":"Benoit Charette"},"description":"Benoit Charette \/ Propri\u00e9taire et r\u00e9dacteur en chef Benoit Charette pratique le journalisme automobile depuis bient\u00f4t 30 ans. Il a fait ses classes au c\u00f4t\u00e9 de Daniel H\u00e9raud et au Carnet de route de 1992 \u00e0 2001. Il est fondateur, copropri\u00e9taire et r\u00e9dacteur en chef de L\u2019Annuel de l\u2019automobile, qu\u2019il publie depuis 2001. Il a anim\u00e9 les \u00e9missions RPM et RPM+ sur V et les L\u00e9gendes de la route sur Historia. \u00c0 la radio depuis 1986, il reprend l\u2019antenne cette ann\u00e9e sur les ondes de Cogeco et participe pour la deuxi\u00e8me ann\u00e9e \u00e0 l\u2019\u00e9mission Passion Auto sur RDS en plus de mettre en ligne le site Web officiel de L\u2019Annuel de l\u2019automobile sur annuelauto.ca.","sameAs":["https:\/\/annuelauto.ca\/"],"url":"https:\/\/news.canadamotorjobs.com\/fr\/author\/benoit-charette\/"}]}},"_links":{"self":[{"href":"https:\/\/news.canadamotorjobs.com\/fr\/wp-json\/wp\/v2\/posts\/168135"}],"collection":[{"href":"https:\/\/news.canadamotorjobs.com\/fr\/wp-json\/wp\/v2\/posts"}],"about":[{"href":"https:\/\/news.canadamotorjobs.com\/fr\/wp-json\/wp\/v2\/types\/post"}],"author":[{"embeddable":true,"href":"https:\/\/news.canadamotorjobs.com\/fr\/wp-json\/wp\/v2\/users\/8"}],"replies":[{"embeddable":true,"href":"https:\/\/news.canadamotorjobs.com\/fr\/wp-json\/wp\/v2\/comments?post=168135"}],"version-history":[{"count":2,"href":"https:\/\/news.canadamotorjobs.com\/fr\/wp-json\/wp\/v2\/posts\/168135\/revisions"}],"predecessor-version":[{"id":168139,"href":"https:\/\/news.canadamotorjobs.com\/fr\/wp-json\/wp\/v2\/posts\/168135\/revisions\/168139"}],"wp:featuredmedia":[{"embeddable":true,"href":"https:\/\/news.canadamotorjobs.com\/fr\/wp-json\/wp\/v2\/media\/168137"}],"wp:attachment":[{"href":"https:\/\/news.canadamotorjobs.com\/fr\/wp-json\/wp\/v2\/media?parent=168135"}],"wp:term":[{"taxonomy":"category","embeddable":true,"href":"https:\/\/news.canadamotorjobs.com\/fr\/wp-json\/wp\/v2\/categories?post=168135"},{"taxonomy":"post_tag","embeddable":true,"href":"https:\/\/news.canadamotorjobs.com\/fr\/wp-json\/wp\/v2\/tags?post=168135"}],"curies":[{"name":"wp","href":"https:\/\/api.w.org\/{rel}","templated":true}]}}