{"id":168116,"date":"2024-07-02T07:28:32","date_gmt":"2024-07-02T11:28:32","guid":{"rendered":"https:\/\/news.canadamotorjobs.com\/?p=168116"},"modified":"2024-07-02T07:28:57","modified_gmt":"2024-07-02T11:28:57","slug":"linquietante-augmentation-du-poids-des-vehicules","status":"publish","type":"post","link":"https:\/\/news.canadamotorjobs.com\/fr\/linquietante-augmentation-du-poids-des-vehicules\/","title":{"rendered":"L\u2019inqui\u00e9tante augmentation du poids des v\u00e9hicules"},"content":{"rendered":"<\/p>\n<p>Le poids moyen d&#8217;une nouvelle voiture a augment\u00e9 de pr\u00e8s de 400 kg au cours des sept derni\u00e8res ann\u00e9es, selon les donn\u00e9es d&#8217;Autocar. Une analyse des chiffres de poids provenant des tests routiers d&#8217;Autocar r\u00e9v\u00e8le qu&#8217;entre 2016 et 2023, le poids moyen des nouvelles voitures est pass\u00e9 de 1553 kg \u00e0 1947 kg.<\/p>\n<h3><strong>L&#8217;influence croissante des VUS<\/strong><\/h3>\n<p>\nUne partie de cette augmentation est attribuable \u00e0 la popularit\u00e9 croissante des VUS. En 2016, Autocar avait test\u00e9 16 VUS ou multisegments, dont le poids moyen \u00e9tait de 1722 kg, soit 169 kg de plus que celui de tous les mod\u00e8les test\u00e9s cette ann\u00e9e-l\u00e0. Beaucoup de ces VUS \u00e9taient plus lourds que leurs homologues berlines Le Jaguar F-Pace \u00e9tait 180 kg plus lourd que le mod\u00e8le XF avec le m\u00eame moteur diesel 2.0 litres. En 2023, un total de 24 VUS, multisegments et pick-up ont \u00e9t\u00e9 test\u00e9s, avec un poids moyen de 1985 kg. C&#8217;est un \u00e9cart de 38 kg par rapport \u00e0 la moyenne g\u00e9n\u00e9rale, beaucoup plus petit que la diff\u00e9rence de 169 kg observ\u00e9e en 2016. Les VUS avaient un poids moyen de 1906 kg, ce qui est en dessous de la moyenne de tous les mod\u00e8les test\u00e9s en 2023. Cela sugg\u00e8re que, bien que la proportion croissante de VUS sur le march\u00e9 contribue en partie \u00e0 l&#8217;augmentation g\u00e9n\u00e9rale du poids, ce n&#8217;est pas la seule cause.<\/p>\n<h3><strong>Le r\u00f4le de l&#8217;\u00e9lectrification<\/strong><\/h3>\n<p>\nL&#8217;\u00e9lectrification a \u00e9galement jou\u00e9 un r\u00f4le dans l&#8217;alourdissement des nouvelles voitures. Les mod\u00e8les \u00e9lectriques test\u00e9s par le magasine Autocar l&#8217;ann\u00e9e derni\u00e8re avaient un poids moyen de 1991 kg. Les voitures \u00e0 moteur thermique \u00e9taient presque 100 kg plus l\u00e9g\u00e8res, \u00e0 1897 kg. En excluant les hybrides et les hybrides rechargeables, qui transportent le poids suppl\u00e9mentaire des moteurs \u00e9lectriques et des batteries de grande taille, ce chiffre tombe \u00e0 1841 kg, soit 150 kg de moins que la moyenne des v\u00e9hicules \u00e9lectriques.<\/p>\n<h3><strong>Une tendance qui s&#8217;acc\u00e9l\u00e8re<\/strong><\/h3>\n<p>\nAu tournant des ann\u00e9es 2000, la moyenne annuelle oscillait entre 1500 kg et 1650 kg jusqu&#8217;en 2018, lorsqu&#8217;elle a atteint la barre des 1700 kg pour la premi\u00e8re fois. Elle est redescendue \u00e0 1675 kg en 2019 mais n&#8217;a cess\u00e9 d&#8217;augmenter depuis, atteignant 1879 kg en 2022, puis 1947 kg l&#8217;ann\u00e9e suivante. La tendance ne montre aucun signe d&#8217;inversion, le poids moyen des voitures test\u00e9es au cours du premier trimestre 2024 \u2013 dont la majorit\u00e9 \u00e9taient soit \u00e9lectriques, soit des VUS, soit les deux \u2013 \u00e9tant de 2087 kg. La plus lourde d&#8217;entre elles \u00e9tait le GMC Hummer \u00e0 4042 kg.<\/p>\n<h3><strong>La disparition des voitures l\u00e9g\u00e8res<\/strong><\/h3>\n<p>\nIl est important de noter que l&#8217;\u00e9lectrification et la popularit\u00e9 des VUS ne sont pas les seules causes de cette augmentation continue du poids des v\u00e9hicules. La disparition des petites voitures\u00a0 joue \u00e9galement un r\u00f4le en poussant vers le haut les poids moyens, avec de moins en moins de mod\u00e8les pesant moins de 1000 kg chaque ann\u00e9e pour compenser les voitures les plus lourdes sur le march\u00e9.<\/p>\n<p>Avec des renseignements d\u2019Autocar<\/p>\n<p>Le texte <a rel=\"nofollow\" href=\"https:\/\/annuelauto.ca\/linquietante-augmentation-du-poids-des-vehicules\/\">L\u2019inqui\u00e9tante augmentation du poids des v\u00e9hicules<\/a> provient de <a rel=\"nofollow\" href=\"https:\/\/annuelauto.ca\">L&#8217;annuel de l&#8217;automobile &#8211; Actualit\u00e9 automobile<\/a><\/p>\n<p><\/p>\n","protected":false},"excerpt":{"rendered":"<p>Le poids moyen d&#8217;une nouvelle voiture a augment\u00e9 de pr\u00e8s de 400 kg au cours des sept derni\u00e8res ann\u00e9es, selon les donn\u00e9es d&#8217;Autocar. Une analyse des chiffres de poids provenant des tests routiers d&#8217;Autocar r\u00e9v\u00e8le qu&#8217;entre 2016 et 2023, le poids moyen des nouvelles voitures est pass\u00e9 de 1553 kg \u00e0 1947 kg. L&#8217;influence croissante [&hellip;]<\/p>\n","protected":false},"author":8,"featured_media":168118,"comment_status":"close","ping_status":"closed","sticky":false,"template":"","format":"standard","meta":{"_monsterinsights_skip_tracking":false,"_monsterinsights_sitenote_active":false,"_monsterinsights_sitenote_note":"","_monsterinsights_sitenote_category":0,"footnotes":""},"categories":[101],"tags":[],"yoast_head":"<!-- This site is optimized with the Yoast SEO plugin v23.2 - https:\/\/yoast.com\/wordpress\/plugins\/seo\/ -->\n<title>L\u2019inqui\u00e9tante augmentation du poids des v\u00e9hicules - CanadaMotorJobs.com<\/title>\n<meta name=\"description\" content=\"L\u2019inqui\u00e9tante augmentation du poids des v\u00e9hicules - Benoit Charette - Annuel automobile - CanadaMotorJobs.com.\" \/>\n<meta name=\"robots\" content=\"index, follow, max-snippet:-1, max-image-preview:large, max-video-preview:-1\" \/>\n<meta property=\"og:locale\" content=\"fr_CA\" \/>\n<meta property=\"og:type\" content=\"article\" \/>\n<meta property=\"og:title\" content=\"L\u2019inqui\u00e9tante augmentation du poids des v\u00e9hicules - CanadaMotorJobs.com\" \/>\n<meta property=\"og:description\" content=\"L\u2019inqui\u00e9tante augmentation du poids des v\u00e9hicules - Benoit Charette - Annuel automobile - CanadaMotorJobs.com.\" \/>\n<meta property=\"og:url\" content=\"https:\/\/news.canadamotorjobs.com\/fr\/linquietante-augmentation-du-poids-des-vehicules\/\" \/>\n<meta property=\"og:site_name\" content=\"CanadaMotorJobs.com\" \/>\n<meta property=\"article:publisher\" content=\"https:\/\/www.facebook.com\/canadamotorjobs\/\" \/>\n<meta property=\"article:published_time\" content=\"2024-07-02T11:28:32+00:00\" \/>\n<meta property=\"article:modified_time\" content=\"2024-07-02T11:28:57+00:00\" \/>\n<meta property=\"og:image\" content=\"https:\/\/news.canadamotorjobs.com\/wp-content\/uploads\/2024\/07\/2022-GMC-HUMMER-EV-318-1024x683-1.jpg\" \/>\n\t<meta property=\"og:image:width\" content=\"1024\" \/>\n\t<meta property=\"og:image:height\" content=\"683\" \/>\n\t<meta property=\"og:image:type\" content=\"image\/jpeg\" \/>\n<meta name=\"author\" content=\"Benoit Charette\" \/>\n<meta name=\"twitter:card\" content=\"summary_large_image\" \/>\n<meta name=\"twitter:creator\" content=\"@canadamotorjobs\" \/>\n<meta name=\"twitter:site\" content=\"@canadamotorjobs\" \/>\n<meta name=\"twitter:label1\" content=\"\u00c9crit par\" \/>\n\t<meta name=\"twitter:data1\" content=\"Benoit Charette\" \/>\n\t<meta name=\"twitter:label2\" content=\"Estimation du temps de lecture\" \/>\n\t<meta name=\"twitter:data2\" content=\"3 minutes\" \/>\n<!-- \/ Yoast SEO plugin. -->","yoast_head_json":{"title":"L\u2019inqui\u00e9tante augmentation du poids des v\u00e9hicules - CanadaMotorJobs.com","description":"L\u2019inqui\u00e9tante augmentation du poids des v\u00e9hicules - Benoit Charette - Annuel automobile - CanadaMotorJobs.com.","robots":{"index":"index","follow":"follow","max-snippet":"max-snippet:-1","max-image-preview":"max-image-preview:large","max-video-preview":"max-video-preview:-1"},"og_locale":"fr_CA","og_type":"article","og_title":"L\u2019inqui\u00e9tante augmentation du poids des v\u00e9hicules - CanadaMotorJobs.com","og_description":"L\u2019inqui\u00e9tante augmentation du poids des v\u00e9hicules - Benoit Charette - Annuel automobile - CanadaMotorJobs.com.","og_url":"https:\/\/news.canadamotorjobs.com\/fr\/linquietante-augmentation-du-poids-des-vehicules\/","og_site_name":"CanadaMotorJobs.com","article_publisher":"https:\/\/www.facebook.com\/canadamotorjobs\/","article_published_time":"2024-07-02T11:28:32+00:00","article_modified_time":"2024-07-02T11:28:57+00:00","og_image":[{"width":1024,"height":683,"url":"https:\/\/news.canadamotorjobs.com\/wp-content\/uploads\/2024\/07\/2022-GMC-HUMMER-EV-318-1024x683-1.jpg","type":"image\/jpeg"}],"author":"Benoit Charette","twitter_card":"summary_large_image","twitter_creator":"@canadamotorjobs","twitter_site":"@canadamotorjobs","twitter_misc":{"\u00c9crit par":"Benoit Charette","Estimation du temps de lecture":"3 minutes"},"schema":{"@context":"https:\/\/schema.org","@graph":[{"@type":"Article","@id":"https:\/\/news.canadamotorjobs.com\/fr\/linquietante-augmentation-du-poids-des-vehicules\/#article","isPartOf":{"@id":"https:\/\/news.canadamotorjobs.com\/fr\/linquietante-augmentation-du-poids-des-vehicules\/"},"author":{"name":"Benoit Charette","@id":"https:\/\/news.canadamotorjobs.com\/#\/schema\/person\/51793d1f87d44011d7bcc2ed99269a90"},"headline":"L\u2019inqui\u00e9tante augmentation du poids des v\u00e9hicules","datePublished":"2024-07-02T11:28:32+00:00","dateModified":"2024-07-02T11:28:57+00:00","mainEntityOfPage":{"@id":"https:\/\/news.canadamotorjobs.com\/fr\/linquietante-augmentation-du-poids-des-vehicules\/"},"wordCount":537,"publisher":{"@id":"https:\/\/news.canadamotorjobs.com\/#organization"},"image":{"@id":"https:\/\/news.canadamotorjobs.com\/fr\/linquietante-augmentation-du-poids-des-vehicules\/#primaryimage"},"thumbnailUrl":"https:\/\/news.canadamotorjobs.com\/wp-content\/uploads\/2024\/07\/2022-GMC-HUMMER-EV-318-1024x683-1.jpg","articleSection":["Annuel automobile"],"inLanguage":"fr-CA"},{"@type":"WebPage","@id":"https:\/\/news.canadamotorjobs.com\/fr\/linquietante-augmentation-du-poids-des-vehicules\/","url":"https:\/\/news.canadamotorjobs.com\/fr\/linquietante-augmentation-du-poids-des-vehicules\/","name":"L\u2019inqui\u00e9tante augmentation du poids des v\u00e9hicules - CanadaMotorJobs.com","isPartOf":{"@id":"https:\/\/news.canadamotorjobs.com\/#website"},"primaryImageOfPage":{"@id":"https:\/\/news.canadamotorjobs.com\/fr\/linquietante-augmentation-du-poids-des-vehicules\/#primaryimage"},"image":{"@id":"https:\/\/news.canadamotorjobs.com\/fr\/linquietante-augmentation-du-poids-des-vehicules\/#primaryimage"},"thumbnailUrl":"https:\/\/news.canadamotorjobs.com\/wp-content\/uploads\/2024\/07\/2022-GMC-HUMMER-EV-318-1024x683-1.jpg","datePublished":"2024-07-02T11:28:32+00:00","dateModified":"2024-07-02T11:28:57+00:00","description":"L\u2019inqui\u00e9tante augmentation du poids des v\u00e9hicules - Benoit Charette - Annuel automobile - CanadaMotorJobs.com.","breadcrumb":{"@id":"https:\/\/news.canadamotorjobs.com\/fr\/linquietante-augmentation-du-poids-des-vehicules\/#breadcrumb"},"inLanguage":"fr-CA","potentialAction":[{"@type":"ReadAction","target":["https:\/\/news.canadamotorjobs.com\/fr\/linquietante-augmentation-du-poids-des-vehicules\/"]}]},{"@type":"ImageObject","inLanguage":"fr-CA","@id":"https:\/\/news.canadamotorjobs.com\/fr\/linquietante-augmentation-du-poids-des-vehicules\/#primaryimage","url":"https:\/\/news.canadamotorjobs.com\/wp-content\/uploads\/2024\/07\/2022-GMC-HUMMER-EV-318-1024x683-1.jpg","contentUrl":"https:\/\/news.canadamotorjobs.com\/wp-content\/uploads\/2024\/07\/2022-GMC-HUMMER-EV-318-1024x683-1.jpg","width":1024,"height":683},{"@type":"BreadcrumbList","@id":"https:\/\/news.canadamotorjobs.com\/fr\/linquietante-augmentation-du-poids-des-vehicules\/#breadcrumb","itemListElement":[{"@type":"ListItem","position":1,"name":"Home","item":"https:\/\/news.canadamotorjobs.com\/fr\/blog\/"},{"@type":"ListItem","position":2,"name":"L\u2019inqui\u00e9tante augmentation du poids des v\u00e9hicules"}]},{"@type":"WebSite","@id":"https:\/\/news.canadamotorjobs.com\/#website","url":"https:\/\/news.canadamotorjobs.com\/","name":"CanadaMotorJobs.com","description":"Automotive Jobs","publisher":{"@id":"https:\/\/news.canadamotorjobs.com\/#organization"},"potentialAction":[{"@type":"SearchAction","target":{"@type":"EntryPoint","urlTemplate":"https:\/\/news.canadamotorjobs.com\/?s={search_term_string}"},"query-input":"required name=search_term_string"}],"inLanguage":"fr-CA"},{"@type":"Organization","@id":"https:\/\/news.canadamotorjobs.com\/#organization","name":"Canada Motor Jobs","url":"https:\/\/news.canadamotorjobs.com\/","logo":{"@type":"ImageObject","inLanguage":"fr-CA","@id":"https:\/\/news.canadamotorjobs.com\/#\/schema\/logo\/image\/","url":"https:\/\/news.canadamotorjobs.com\/wp-content\/uploads\/2022\/10\/logo-canada-motor-jobs-1.png","contentUrl":"https:\/\/news.canadamotorjobs.com\/wp-content\/uploads\/2022\/10\/logo-canada-motor-jobs-1.png","width":800,"height":400,"caption":"Canada Motor Jobs"},"image":{"@id":"https:\/\/news.canadamotorjobs.com\/#\/schema\/logo\/image\/"},"sameAs":["https:\/\/www.facebook.com\/canadamotorjobs\/","https:\/\/x.com\/canadamotorjobs","https:\/\/www.instagram.com\/canadamotorjobs\/","https:\/\/www.linkedin.com\/company\/canadamotorjobs"]},{"@type":"Person","@id":"https:\/\/news.canadamotorjobs.com\/#\/schema\/person\/51793d1f87d44011d7bcc2ed99269a90","name":"Benoit Charette","image":{"@type":"ImageObject","inLanguage":"fr-CA","@id":"https:\/\/news.canadamotorjobs.com\/#\/schema\/person\/image\/","url":"https:\/\/secure.gravatar.com\/avatar\/45f3d2eebcccd909668d7ce7ea7267b6?s=96&d=mm&r=g","contentUrl":"https:\/\/secure.gravatar.com\/avatar\/45f3d2eebcccd909668d7ce7ea7267b6?s=96&d=mm&r=g","caption":"Benoit Charette"},"description":"Benoit Charette \/ Propri\u00e9taire et r\u00e9dacteur en chef Benoit Charette pratique le journalisme automobile depuis bient\u00f4t 30 ans. Il a fait ses classes au c\u00f4t\u00e9 de Daniel H\u00e9raud et au Carnet de route de 1992 \u00e0 2001. Il est fondateur, copropri\u00e9taire et r\u00e9dacteur en chef de L\u2019Annuel de l\u2019automobile, qu\u2019il publie depuis 2001. Il a anim\u00e9 les \u00e9missions RPM et RPM+ sur V et les L\u00e9gendes de la route sur Historia. \u00c0 la radio depuis 1986, il reprend l\u2019antenne cette ann\u00e9e sur les ondes de Cogeco et participe pour la deuxi\u00e8me ann\u00e9e \u00e0 l\u2019\u00e9mission Passion Auto sur RDS en plus de mettre en ligne le site Web officiel de L\u2019Annuel de l\u2019automobile sur annuelauto.ca.","sameAs":["https:\/\/annuelauto.ca\/"],"url":"https:\/\/news.canadamotorjobs.com\/fr\/author\/benoit-charette\/"}]}},"_links":{"self":[{"href":"https:\/\/news.canadamotorjobs.com\/fr\/wp-json\/wp\/v2\/posts\/168116"}],"collection":[{"href":"https:\/\/news.canadamotorjobs.com\/fr\/wp-json\/wp\/v2\/posts"}],"about":[{"href":"https:\/\/news.canadamotorjobs.com\/fr\/wp-json\/wp\/v2\/types\/post"}],"author":[{"embeddable":true,"href":"https:\/\/news.canadamotorjobs.com\/fr\/wp-json\/wp\/v2\/users\/8"}],"replies":[{"embeddable":true,"href":"https:\/\/news.canadamotorjobs.com\/fr\/wp-json\/wp\/v2\/comments?post=168116"}],"version-history":[{"count":2,"href":"https:\/\/news.canadamotorjobs.com\/fr\/wp-json\/wp\/v2\/posts\/168116\/revisions"}],"predecessor-version":[{"id":168120,"href":"https:\/\/news.canadamotorjobs.com\/fr\/wp-json\/wp\/v2\/posts\/168116\/revisions\/168120"}],"wp:featuredmedia":[{"embeddable":true,"href":"https:\/\/news.canadamotorjobs.com\/fr\/wp-json\/wp\/v2\/media\/168118"}],"wp:attachment":[{"href":"https:\/\/news.canadamotorjobs.com\/fr\/wp-json\/wp\/v2\/media?parent=168116"}],"wp:term":[{"taxonomy":"category","embeddable":true,"href":"https:\/\/news.canadamotorjobs.com\/fr\/wp-json\/wp\/v2\/categories?post=168116"},{"taxonomy":"post_tag","embeddable":true,"href":"https:\/\/news.canadamotorjobs.com\/fr\/wp-json\/wp\/v2\/tags?post=168116"}],"curies":[{"name":"wp","href":"https:\/\/api.w.org\/{rel}","templated":true}]}}